{"id":30428,"date":"2024-06-26T08:58:31","date_gmt":"2024-06-26T06:58:31","guid":{"rendered":"https:\/\/www.link2fleet.com\/nieuwe-voorzitter-en-operationeel-directeur-voor-ev-belgium\/"},"modified":"2024-06-26T10:10:26","modified_gmt":"2024-06-26T08:10:26","slug":"nouveau-president-et-directeur-operationnel-pour-ev-belgium","status":"publish","type":"post","link":"https:\/\/www.link2fleet.com\/fr\/nouveau-president-et-directeur-operationnel-pour-ev-belgium\/","title":{"rendered":"Nouveaux pr\u00e9sident et directeur op\u00e9rationnel pour EV Belgium"},"content":{"rendered":"","protected":false},"excerpt":{"rendered":"","protected":false},"author":49,"featured_media":30421,"comment_status":"closed","ping_status":"closed","sticky":false,"template":"","format":"standard","meta":{"_acf_changed":false,"footnotes":""},"categories":[135,95],"tags":[200,155,383],"class_list":["post-30428","post","type-post","status-publish","format-standard","has-post-thumbnail","hentry","category-news-fr","category-organisations-professionnelles-federations-experts","tag-e-mobility-fr","tag-ev-fr","tag-ev-belgium-fr"],"acf":[],"yoast_head":"<!-- This site is optimized with the Yoast SEO plugin v27.3 - https:\/\/yoast.com\/product\/yoast-seo-wordpress\/ -->\n<title>Nouveaux pr\u00e9sident et directeur op\u00e9rationnel pour EV Belgium - link2fleet<\/title>\n<meta name=\"description\" content=\"Apr\u00e8s avoir \u00e9t\u00e9 vice-pr\u00e9sident pendant six ans, Bart Massin a \u00e9t\u00e9 nomm\u00e9 en tant que nouveau pr\u00e9sident de EV Belgium, la f\u00e9d\u00e9ration qui s\u2019occupe du\u2026\" \/>\n<meta name=\"robots\" content=\"index, follow, max-snippet:-1, max-image-preview:large, max-video-preview:-1\" \/>\n<meta property=\"og:locale\" content=\"fr_FR\" \/>\n<meta property=\"og:type\" content=\"article\" \/>\n<meta property=\"og:title\" content=\"Nouveaux pr\u00e9sident et directeur op\u00e9rationnel pour EV Belgium - link2fleet\" \/>\n<meta property=\"og:description\" content=\"Apr\u00e8s avoir \u00e9t\u00e9 vice-pr\u00e9sident pendant six ans, Bart Massin a \u00e9t\u00e9 nomm\u00e9 en tant que nouveau pr\u00e9sident de EV Belgium, la f\u00e9d\u00e9ration qui s\u2019occupe du\u2026\" \/>\n<meta property=\"og:url\" content=\"https:\/\/www.link2fleet.com\/nieuwe-voorzitter-en-operationeel-directeur-voor-ev-belgium\/\" \/>\n<meta property=\"og:site_name\" content=\"link2fleet\" \/>\n<meta property=\"article:published_time\" content=\"2024-06-26T06:58:31+00:00\" \/>\n<meta property=\"article:modified_time\" content=\"2024-06-26T08:10:26+00:00\" \/>\n<meta property=\"og:image\" content=\"https:\/\/static.link2fleet.com\/wp-content\/uploads\/2024\/06\/bart-massin-voorzitter.jpeg\" \/>\n\t<meta property=\"og:image:width\" content=\"1536\" \/>\n\t<meta property=\"og:image:height\" content=\"2048\" \/>\n\t<meta property=\"og:image:type\" content=\"image\/jpeg\" \/>\n<meta name=\"author\" content=\"Kevin Kersemans\" \/>\n<meta name=\"twitter:card\" content=\"summary_large_image\" \/>\n<meta name=\"twitter:description\" content=\"Apr\u00e8s avoir \u00e9t\u00e9 vice-pr\u00e9sident pendant six ans, Bart Massin a \u00e9t\u00e9 nomm\u00e9 en tant que nouveau pr\u00e9sident de EV Belgium, la f\u00e9d\u00e9ration qui s\u2019occupe du\u2026\" \/>\n<meta name=\"twitter:label1\" content=\"\u00c9crit par\" \/>\n\t<meta name=\"twitter:data1\" content=\"Kevin Kersemans\" \/>\n\t<meta name=\"twitter:label2\" content=\"Dur\u00e9e de lecture estim\u00e9e\" \/>\n\t<meta name=\"twitter:data2\" content=\"4 minutes\" \/>\n<script type=\"application\/ld+json\" class=\"yoast-schema-graph\">{\"@context\":\"https:\\\/\\\/schema.org\",\"@graph\":[{\"@type\":\"Article\",\"@id\":\"https:\\\/\\\/www.link2fleet.com\\\/nieuwe-voorzitter-en-operationeel-directeur-voor-ev-belgium\\\/#article\",\"isPartOf\":{\"@id\":\"https:\\\/\\\/www.link2fleet.com\\\/nieuwe-voorzitter-en-operationeel-directeur-voor-ev-belgium\\\/\"},\"author\":{\"name\":\"Kevin Kersemans\",\"@id\":\"https:\\\/\\\/www.link2fleet.com\\\/fr\\\/#\\\/schema\\\/person\\\/877bc89c32c65772066cb11fe1e67bbf\"},\"headline\":\"Nouveaux pr\u00e9sident et directeur op\u00e9rationnel pour EV Belgium\",\"datePublished\":\"2024-06-26T06:58:31+00:00\",\"dateModified\":\"2024-06-26T08:10:26+00:00\",\"mainEntityOfPage\":{\"@id\":\"https:\\\/\\\/www.link2fleet.com\\\/nieuwe-voorzitter-en-operationeel-directeur-voor-ev-belgium\\\/\"},\"wordCount\":10,\"publisher\":{\"@id\":\"https:\\\/\\\/www.link2fleet.com\\\/fr\\\/#organization\"},\"image\":{\"@id\":\"https:\\\/\\\/www.link2fleet.com\\\/nieuwe-voorzitter-en-operationeel-directeur-voor-ev-belgium\\\/#primaryimage\"},\"thumbnailUrl\":\"https:\\\/\\\/static.link2fleet.com\\\/wp-content\\\/uploads\\\/2024\\\/06\\\/bart-massin-voorzitter.jpeg\",\"keywords\":[\"e-mobility\",\"EV\",\"ev belgium\"],\"articleSection\":[\"Actus\",\"Expertise et f\u00e9d\u00e9rations\"],\"inLanguage\":\"fr-FR\"},{\"@type\":\"WebPage\",\"@id\":\"https:\\\/\\\/www.link2fleet.com\\\/nieuwe-voorzitter-en-operationeel-directeur-voor-ev-belgium\\\/\",\"url\":\"https:\\\/\\\/www.link2fleet.com\\\/nieuwe-voorzitter-en-operationeel-directeur-voor-ev-belgium\\\/\",\"name\":\"Nouveaux pr\u00e9sident et directeur op\u00e9rationnel pour EV Belgium - link2fleet\",\"isPartOf\":{\"@id\":\"https:\\\/\\\/www.link2fleet.com\\\/fr\\\/#website\"},\"primaryImageOfPage\":{\"@id\":\"https:\\\/\\\/www.link2fleet.com\\\/nieuwe-voorzitter-en-operationeel-directeur-voor-ev-belgium\\\/#primaryimage\"},\"image\":{\"@id\":\"https:\\\/\\\/www.link2fleet.com\\\/nieuwe-voorzitter-en-operationeel-directeur-voor-ev-belgium\\\/#primaryimage\"},\"thumbnailUrl\":\"https:\\\/\\\/static.link2fleet.com\\\/wp-content\\\/uploads\\\/2024\\\/06\\\/bart-massin-voorzitter.jpeg\",\"datePublished\":\"2024-06-26T06:58:31+00:00\",\"dateModified\":\"2024-06-26T08:10:26+00:00\",\"breadcrumb\":{\"@id\":\"https:\\\/\\\/www.link2fleet.com\\\/nieuwe-voorzitter-en-operationeel-directeur-voor-ev-belgium\\\/#breadcrumb\"},\"inLanguage\":\"fr-FR\",\"potentialAction\":[{\"@type\":\"ReadAction\",\"target\":[\"https:\\\/\\\/www.link2fleet.com\\\/nieuwe-voorzitter-en-operationeel-directeur-voor-ev-belgium\\\/\"]}]},{\"@type\":\"ImageObject\",\"inLanguage\":\"fr-FR\",\"@id\":\"https:\\\/\\\/www.link2fleet.com\\\/nieuwe-voorzitter-en-operationeel-directeur-voor-ev-belgium\\\/#primaryimage\",\"url\":\"https:\\\/\\\/static.link2fleet.com\\\/wp-content\\\/uploads\\\/2024\\\/06\\\/bart-massin-voorzitter.jpeg\",\"contentUrl\":\"https:\\\/\\\/static.link2fleet.com\\\/wp-content\\\/uploads\\\/2024\\\/06\\\/bart-massin-voorzitter.jpeg\",\"width\":1536,\"height\":2048,\"caption\":\"Bart Massin\"},{\"@type\":\"BreadcrumbList\",\"@id\":\"https:\\\/\\\/www.link2fleet.com\\\/nieuwe-voorzitter-en-operationeel-directeur-voor-ev-belgium\\\/#breadcrumb\",\"itemListElement\":[{\"@type\":\"ListItem\",\"position\":1,\"name\":\"Home\",\"item\":\"https:\\\/\\\/www.link2fleet.com\\\/fr\\\/\"},{\"@type\":\"ListItem\",\"position\":2,\"name\":\"Nouveaux pr\u00e9sident et directeur op\u00e9rationnel pour EV Belgium\"}]},{\"@type\":\"WebSite\",\"@id\":\"https:\\\/\\\/www.link2fleet.com\\\/fr\\\/#website\",\"url\":\"https:\\\/\\\/www.link2fleet.com\\\/fr\\\/\",\"name\":\"Link2fleet\",\"description\":\"\",\"publisher\":{\"@id\":\"https:\\\/\\\/www.link2fleet.com\\\/fr\\\/#organization\"},\"potentialAction\":[{\"@type\":\"SearchAction\",\"target\":{\"@type\":\"EntryPoint\",\"urlTemplate\":\"https:\\\/\\\/www.link2fleet.com\\\/fr\\\/?s={search_term_string}\"},\"query-input\":{\"@type\":\"PropertyValueSpecification\",\"valueRequired\":true,\"valueName\":\"search_term_string\"}}],\"inLanguage\":\"fr-FR\"},{\"@type\":\"Organization\",\"@id\":\"https:\\\/\\\/www.link2fleet.com\\\/fr\\\/#organization\",\"name\":\"Link2fleet\",\"url\":\"https:\\\/\\\/www.link2fleet.com\\\/fr\\\/\",\"logo\":{\"@type\":\"ImageObject\",\"inLanguage\":\"fr-FR\",\"@id\":\"https:\\\/\\\/www.link2fleet.com\\\/fr\\\/#\\\/schema\\\/logo\\\/image\\\/\",\"url\":\"https:\\\/\\\/static.link2fleet.com\\\/wp-content\\\/uploads\\\/2024\\\/03\\\/share-image.jpg\",\"contentUrl\":\"https:\\\/\\\/static.link2fleet.com\\\/wp-content\\\/uploads\\\/2024\\\/03\\\/share-image.jpg\",\"width\":1200,\"height\":630,\"caption\":\"Link2fleet\"},\"image\":{\"@id\":\"https:\\\/\\\/www.link2fleet.com\\\/fr\\\/#\\\/schema\\\/logo\\\/image\\\/\"},\"sameAs\":[\"https:\\\/\\\/www.linkedin.com\\\/company\\\/link2fleet-belgium\",\"https:\\\/\\\/www.youtube.com\\\/user\\\/MMMBMBE\"]},{\"@type\":\"Person\",\"@id\":\"https:\\\/\\\/www.link2fleet.com\\\/fr\\\/#\\\/schema\\\/person\\\/877bc89c32c65772066cb11fe1e67bbf\",\"name\":\"Kevin Kersemans\",\"image\":{\"@type\":\"ImageObject\",\"inLanguage\":\"fr-FR\",\"@id\":\"https:\\\/\\\/secure.gravatar.com\\\/avatar\\\/b12f7d0f252688f677f4c181b6df65bf86880634bfcef3be42c82efcdb33d654?s=96&d=mm&r=g\",\"url\":\"https:\\\/\\\/secure.gravatar.com\\\/avatar\\\/b12f7d0f252688f677f4c181b6df65bf86880634bfcef3be42c82efcdb33d654?s=96&d=mm&r=g\",\"contentUrl\":\"https:\\\/\\\/secure.gravatar.com\\\/avatar\\\/b12f7d0f252688f677f4c181b6df65bf86880634bfcef3be42c82efcdb33d654?s=96&d=mm&r=g\",\"caption\":\"Kevin Kersemans\"},\"description\":\"Kevin Kersemans is autojournalist met al enkele decennia ervaring op de teller. Zijn passie voor auto's en alles op wielen heeft hij al van kindsbeen af. Voor link2fleet volgt hij vooral de auto-actualiteit en test hij nieuwe modellen.\"}]}<\/script>\n<!-- \/ Yoast SEO plugin. -->","yoast_head_json":{"title":"Nouveaux pr\u00e9sident et directeur op\u00e9rationnel pour EV Belgium - link2fleet","description":"Apr\u00e8s avoir \u00e9t\u00e9 vice-pr\u00e9sident pendant six ans, Bart Massin a \u00e9t\u00e9 nomm\u00e9 en tant que nouveau pr\u00e9sident de EV Belgium, la f\u00e9d\u00e9ration qui s\u2019occupe du\u2026","robots":{"index":"index","follow":"follow","max-snippet":"max-snippet:-1","max-image-preview":"max-image-preview:large","max-video-preview":"max-video-preview:-1"},"og_locale":"fr_FR","og_type":"article","og_title":"Nouveaux pr\u00e9sident et directeur op\u00e9rationnel pour EV Belgium - link2fleet","og_description":"Apr\u00e8s avoir \u00e9t\u00e9 vice-pr\u00e9sident pendant six ans, Bart Massin a \u00e9t\u00e9 nomm\u00e9 en tant que nouveau pr\u00e9sident de EV Belgium, la f\u00e9d\u00e9ration qui s\u2019occupe du\u2026","og_url":"https:\/\/www.link2fleet.com\/nieuwe-voorzitter-en-operationeel-directeur-voor-ev-belgium\/","og_site_name":"link2fleet","article_published_time":"2024-06-26T06:58:31+00:00","article_modified_time":"2024-06-26T08:10:26+00:00","og_image":[{"width":1536,"height":2048,"url":"https:\/\/static.link2fleet.com\/wp-content\/uploads\/2024\/06\/bart-massin-voorzitter.jpeg","type":"image\/jpeg"}],"author":"Kevin Kersemans","twitter_card":"summary_large_image","twitter_description":"Apr\u00e8s avoir \u00e9t\u00e9 vice-pr\u00e9sident pendant six ans, Bart Massin a \u00e9t\u00e9 nomm\u00e9 en tant que nouveau pr\u00e9sident de EV Belgium, la f\u00e9d\u00e9ration qui s\u2019occupe du\u2026","twitter_misc":{"\u00c9crit par":"Kevin Kersemans","Dur\u00e9e de lecture estim\u00e9e":"4 minutes"},"schema":{"@context":"https:\/\/schema.org","@graph":[{"@type":"Article","@id":"https:\/\/www.link2fleet.com\/nieuwe-voorzitter-en-operationeel-directeur-voor-ev-belgium\/#article","isPartOf":{"@id":"https:\/\/www.link2fleet.com\/nieuwe-voorzitter-en-operationeel-directeur-voor-ev-belgium\/"},"author":{"name":"Kevin Kersemans","@id":"https:\/\/www.link2fleet.com\/fr\/#\/schema\/person\/877bc89c32c65772066cb11fe1e67bbf"},"headline":"Nouveaux pr\u00e9sident et directeur op\u00e9rationnel pour EV Belgium","datePublished":"2024-06-26T06:58:31+00:00","dateModified":"2024-06-26T08:10:26+00:00","mainEntityOfPage":{"@id":"https:\/\/www.link2fleet.com\/nieuwe-voorzitter-en-operationeel-directeur-voor-ev-belgium\/"},"wordCount":10,"publisher":{"@id":"https:\/\/www.link2fleet.com\/fr\/#organization"},"image":{"@id":"https:\/\/www.link2fleet.com\/nieuwe-voorzitter-en-operationeel-directeur-voor-ev-belgium\/#primaryimage"},"thumbnailUrl":"https:\/\/static.link2fleet.com\/wp-content\/uploads\/2024\/06\/bart-massin-voorzitter.jpeg","keywords":["e-mobility","EV","ev belgium"],"articleSection":["Actus","Expertise et f\u00e9d\u00e9rations"],"inLanguage":"fr-FR"},{"@type":"WebPage","@id":"https:\/\/www.link2fleet.com\/nieuwe-voorzitter-en-operationeel-directeur-voor-ev-belgium\/","url":"https:\/\/www.link2fleet.com\/nieuwe-voorzitter-en-operationeel-directeur-voor-ev-belgium\/","name":"Nouveaux pr\u00e9sident et directeur op\u00e9rationnel pour EV Belgium - link2fleet","isPartOf":{"@id":"https:\/\/www.link2fleet.com\/fr\/#website"},"primaryImageOfPage":{"@id":"https:\/\/www.link2fleet.com\/nieuwe-voorzitter-en-operationeel-directeur-voor-ev-belgium\/#primaryimage"},"image":{"@id":"https:\/\/www.link2fleet.com\/nieuwe-voorzitter-en-operationeel-directeur-voor-ev-belgium\/#primaryimage"},"thumbnailUrl":"https:\/\/static.link2fleet.com\/wp-content\/uploads\/2024\/06\/bart-massin-voorzitter.jpeg","datePublished":"2024-06-26T06:58:31+00:00","dateModified":"2024-06-26T08:10:26+00:00","breadcrumb":{"@id":"https:\/\/www.link2fleet.com\/nieuwe-voorzitter-en-operationeel-directeur-voor-ev-belgium\/#breadcrumb"},"inLanguage":"fr-FR","potentialAction":[{"@type":"ReadAction","target":["https:\/\/www.link2fleet.com\/nieuwe-voorzitter-en-operationeel-directeur-voor-ev-belgium\/"]}]},{"@type":"ImageObject","inLanguage":"fr-FR","@id":"https:\/\/www.link2fleet.com\/nieuwe-voorzitter-en-operationeel-directeur-voor-ev-belgium\/#primaryimage","url":"https:\/\/static.link2fleet.com\/wp-content\/uploads\/2024\/06\/bart-massin-voorzitter.jpeg","contentUrl":"https:\/\/static.link2fleet.com\/wp-content\/uploads\/2024\/06\/bart-massin-voorzitter.jpeg","width":1536,"height":2048,"caption":"Bart Massin"},{"@type":"BreadcrumbList","@id":"https:\/\/www.link2fleet.com\/nieuwe-voorzitter-en-operationeel-directeur-voor-ev-belgium\/#breadcrumb","itemListElement":[{"@type":"ListItem","position":1,"name":"Home","item":"https:\/\/www.link2fleet.com\/fr\/"},{"@type":"ListItem","position":2,"name":"Nouveaux pr\u00e9sident et directeur op\u00e9rationnel pour EV Belgium"}]},{"@type":"WebSite","@id":"https:\/\/www.link2fleet.com\/fr\/#website","url":"https:\/\/www.link2fleet.com\/fr\/","name":"Link2fleet","description":"","publisher":{"@id":"https:\/\/www.link2fleet.com\/fr\/#organization"},"potentialAction":[{"@type":"SearchAction","target":{"@type":"EntryPoint","urlTemplate":"https:\/\/www.link2fleet.com\/fr\/?s={search_term_string}"},"query-input":{"@type":"PropertyValueSpecification","valueRequired":true,"valueName":"search_term_string"}}],"inLanguage":"fr-FR"},{"@type":"Organization","@id":"https:\/\/www.link2fleet.com\/fr\/#organization","name":"Link2fleet","url":"https:\/\/www.link2fleet.com\/fr\/","logo":{"@type":"ImageObject","inLanguage":"fr-FR","@id":"https:\/\/www.link2fleet.com\/fr\/#\/schema\/logo\/image\/","url":"https:\/\/static.link2fleet.com\/wp-content\/uploads\/2024\/03\/share-image.jpg","contentUrl":"https:\/\/static.link2fleet.com\/wp-content\/uploads\/2024\/03\/share-image.jpg","width":1200,"height":630,"caption":"Link2fleet"},"image":{"@id":"https:\/\/www.link2fleet.com\/fr\/#\/schema\/logo\/image\/"},"sameAs":["https:\/\/www.linkedin.com\/company\/link2fleet-belgium","https:\/\/www.youtube.com\/user\/MMMBMBE"]},{"@type":"Person","@id":"https:\/\/www.link2fleet.com\/fr\/#\/schema\/person\/877bc89c32c65772066cb11fe1e67bbf","name":"Kevin Kersemans","image":{"@type":"ImageObject","inLanguage":"fr-FR","@id":"https:\/\/secure.gravatar.com\/avatar\/b12f7d0f252688f677f4c181b6df65bf86880634bfcef3be42c82efcdb33d654?s=96&d=mm&r=g","url":"https:\/\/secure.gravatar.com\/avatar\/b12f7d0f252688f677f4c181b6df65bf86880634bfcef3be42c82efcdb33d654?s=96&d=mm&r=g","contentUrl":"https:\/\/secure.gravatar.com\/avatar\/b12f7d0f252688f677f4c181b6df65bf86880634bfcef3be42c82efcdb33d654?s=96&d=mm&r=g","caption":"Kevin Kersemans"},"description":"Kevin Kersemans is autojournalist met al enkele decennia ervaring op de teller. Zijn passie voor auto's en alles op wielen heeft hij al van kindsbeen af. Voor link2fleet volgt hij vooral de auto-actualiteit en test hij nieuwe modellen."}]}},"_links":{"self":[{"href":"https:\/\/www.link2fleet.com\/fr\/wp-json\/wp\/v2\/posts\/30428","targetHints":{"allow":["GET"]}}],"collection":[{"href":"https:\/\/www.link2fleet.com\/fr\/wp-json\/wp\/v2\/posts"}],"about":[{"href":"https:\/\/www.link2fleet.com\/fr\/wp-json\/wp\/v2\/types\/post"}],"author":[{"embeddable":true,"href":"https:\/\/www.link2fleet.com\/fr\/wp-json\/wp\/v2\/users\/49"}],"replies":[{"embeddable":true,"href":"https:\/\/www.link2fleet.com\/fr\/wp-json\/wp\/v2\/comments?post=30428"}],"version-history":[{"count":0,"href":"https:\/\/www.link2fleet.com\/fr\/wp-json\/wp\/v2\/posts\/30428\/revisions"}],"wp:featuredmedia":[{"embeddable":true,"href":"https:\/\/www.link2fleet.com\/fr\/wp-json\/wp\/v2\/media\/30421"}],"wp:attachment":[{"href":"https:\/\/www.link2fleet.com\/fr\/wp-json\/wp\/v2\/media?parent=30428"}],"wp:term":[{"taxonomy":"category","embeddable":true,"href":"https:\/\/www.link2fleet.com\/fr\/wp-json\/wp\/v2\/categories?post=30428"},{"taxonomy":"post_tag","embeddable":true,"href":"https:\/\/www.link2fleet.com\/fr\/wp-json\/wp\/v2\/tags?post=30428"}],"curies":[{"name":"wp","href":"https:\/\/api.w.org\/{rel}","templated":true}]}}