{"id":30447,"date":"2024-06-25T14:03:04","date_gmt":"2024-06-25T12:03:04","guid":{"rendered":"https:\/\/www.link2fleet.com\/edi-kondigt-nieuwe-organisatiestructuur-aan-voor-strategische-groei\/"},"modified":"2024-06-26T09:49:00","modified_gmt":"2024-06-26T07:49:00","slug":"edi-kondigt-nieuwe-organisatiestructuur-aan-voor-strategische-groei","status":"publish","type":"post","link":"https:\/\/www.link2fleet.com\/fr\/edi-kondigt-nieuwe-organisatiestructuur-aan-voor-strategische-groei\/","title":{"rendered":"EDI annonce une nouvelle structure organisationnelle en vue d&rsquo;une croissance strat\u00e9gique"},"content":{"rendered":"","protected":false},"excerpt":{"rendered":"","protected":false},"author":43,"featured_media":30413,"comment_status":"closed","ping_status":"closed","sticky":false,"template":"","format":"standard","meta":{"_acf_changed":false,"footnotes":""},"categories":[135],"tags":[384],"class_list":["post-30447","post","type-post","status-publish","format-standard","has-post-thumbnail","hentry","category-news-fr","tag-edi-fr"],"acf":[],"yoast_head":"<!-- This site is optimized with the Yoast SEO plugin v27.3 - https:\/\/yoast.com\/product\/yoast-seo-wordpress\/ -->\n<title>EDI annonce une nouvelle structure organisationnelle en vue d&#039;une croissance strat\u00e9gique - link2fleet<\/title>\n<meta name=\"description\" content=\"Les d\u00e9fis du secteur de l&rsquo;\u00e9nergie et une vision strat\u00e9gique renouvel\u00e9e pour EDI s&rsquo;accompagnent d&rsquo;une nouvelle structure organisationnelle \u00e0 partir d&rsquo;aujourd&rsquo;hui, dirig\u00e9e par Tangi Merckx.\" \/>\n<meta name=\"robots\" content=\"index, follow, max-snippet:-1, max-image-preview:large, max-video-preview:-1\" \/>\n<meta property=\"og:locale\" content=\"fr_FR\" \/>\n<meta property=\"og:type\" content=\"article\" \/>\n<meta property=\"og:title\" content=\"EDI annonce une nouvelle structure organisationnelle en vue d&#039;une croissance strat\u00e9gique - link2fleet\" \/>\n<meta property=\"og:description\" content=\"Les d\u00e9fis du secteur de l&rsquo;\u00e9nergie et une vision strat\u00e9gique renouvel\u00e9e pour EDI s&rsquo;accompagnent d&rsquo;une nouvelle structure organisationnelle \u00e0 partir d&rsquo;aujourd&rsquo;hui, dirig\u00e9e par Tangi Merckx.\" \/>\n<meta property=\"og:url\" content=\"https:\/\/www.link2fleet.com\/edi-kondigt-nieuwe-organisatiestructuur-aan-voor-strategische-groei\/\" \/>\n<meta property=\"og:site_name\" content=\"link2fleet\" \/>\n<meta property=\"article:published_time\" content=\"2024-06-25T12:03:04+00:00\" \/>\n<meta property=\"article:modified_time\" content=\"2024-06-26T07:49:00+00:00\" \/>\n<meta property=\"og:image\" content=\"https:\/\/static.link2fleet.com\/wp-content\/uploads\/2024\/06\/tangi-merckx-edi.webp\" \/>\n\t<meta property=\"og:image:width\" content=\"1600\" \/>\n\t<meta property=\"og:image:height\" content=\"1066\" \/>\n\t<meta property=\"og:image:type\" content=\"image\/webp\" \/>\n<meta name=\"author\" content=\"Jeroen Evens\" \/>\n<meta name=\"twitter:card\" content=\"summary_large_image\" \/>\n<meta name=\"twitter:description\" content=\"Les d\u00e9fis du secteur de l&rsquo;\u00e9nergie et une vision strat\u00e9gique renouvel\u00e9e pour EDI s&rsquo;accompagnent d&rsquo;une nouvelle structure organisationnelle \u00e0 partir d&rsquo;aujourd&rsquo;hui, dirig\u00e9e par Tangi Merckx.\" \/>\n<meta name=\"twitter:label1\" content=\"\u00c9crit par\" \/>\n\t<meta name=\"twitter:data1\" content=\"Jeroen Evens\" \/>\n\t<meta name=\"twitter:label2\" content=\"Dur\u00e9e de lecture estim\u00e9e\" \/>\n\t<meta name=\"twitter:data2\" content=\"2 minutes\" \/>\n<script type=\"application\/ld+json\" class=\"yoast-schema-graph\">{\"@context\":\"https:\\\/\\\/schema.org\",\"@graph\":[{\"@type\":\"Article\",\"@id\":\"https:\\\/\\\/www.link2fleet.com\\\/edi-kondigt-nieuwe-organisatiestructuur-aan-voor-strategische-groei\\\/#article\",\"isPartOf\":{\"@id\":\"https:\\\/\\\/www.link2fleet.com\\\/edi-kondigt-nieuwe-organisatiestructuur-aan-voor-strategische-groei\\\/\"},\"author\":{\"name\":\"Jeroen Evens\",\"@id\":\"https:\\\/\\\/www.link2fleet.com\\\/fr\\\/#\\\/schema\\\/person\\\/3f23fa5cf039e25761156c930f6bf38f\"},\"headline\":\"EDI annonce une nouvelle structure organisationnelle en vue d&rsquo;une croissance strat\u00e9gique\",\"datePublished\":\"2024-06-25T12:03:04+00:00\",\"dateModified\":\"2024-06-26T07:49:00+00:00\",\"mainEntityOfPage\":{\"@id\":\"https:\\\/\\\/www.link2fleet.com\\\/edi-kondigt-nieuwe-organisatiestructuur-aan-voor-strategische-groei\\\/\"},\"wordCount\":13,\"publisher\":{\"@id\":\"https:\\\/\\\/www.link2fleet.com\\\/fr\\\/#organization\"},\"image\":{\"@id\":\"https:\\\/\\\/www.link2fleet.com\\\/edi-kondigt-nieuwe-organisatiestructuur-aan-voor-strategische-groei\\\/#primaryimage\"},\"thumbnailUrl\":\"https:\\\/\\\/static.link2fleet.com\\\/wp-content\\\/uploads\\\/2024\\\/06\\\/tangi-merckx-edi.webp\",\"keywords\":[\"EDI\"],\"articleSection\":[\"Actus\"],\"inLanguage\":\"fr-FR\"},{\"@type\":\"WebPage\",\"@id\":\"https:\\\/\\\/www.link2fleet.com\\\/edi-kondigt-nieuwe-organisatiestructuur-aan-voor-strategische-groei\\\/\",\"url\":\"https:\\\/\\\/www.link2fleet.com\\\/edi-kondigt-nieuwe-organisatiestructuur-aan-voor-strategische-groei\\\/\",\"name\":\"EDI annonce une nouvelle structure organisationnelle en vue d'une croissance strat\u00e9gique - link2fleet\",\"isPartOf\":{\"@id\":\"https:\\\/\\\/www.link2fleet.com\\\/fr\\\/#website\"},\"primaryImageOfPage\":{\"@id\":\"https:\\\/\\\/www.link2fleet.com\\\/edi-kondigt-nieuwe-organisatiestructuur-aan-voor-strategische-groei\\\/#primaryimage\"},\"image\":{\"@id\":\"https:\\\/\\\/www.link2fleet.com\\\/edi-kondigt-nieuwe-organisatiestructuur-aan-voor-strategische-groei\\\/#primaryimage\"},\"thumbnailUrl\":\"https:\\\/\\\/static.link2fleet.com\\\/wp-content\\\/uploads\\\/2024\\\/06\\\/tangi-merckx-edi.webp\",\"datePublished\":\"2024-06-25T12:03:04+00:00\",\"dateModified\":\"2024-06-26T07:49:00+00:00\",\"breadcrumb\":{\"@id\":\"https:\\\/\\\/www.link2fleet.com\\\/edi-kondigt-nieuwe-organisatiestructuur-aan-voor-strategische-groei\\\/#breadcrumb\"},\"inLanguage\":\"fr-FR\",\"potentialAction\":[{\"@type\":\"ReadAction\",\"target\":[\"https:\\\/\\\/www.link2fleet.com\\\/edi-kondigt-nieuwe-organisatiestructuur-aan-voor-strategische-groei\\\/\"]}]},{\"@type\":\"ImageObject\",\"inLanguage\":\"fr-FR\",\"@id\":\"https:\\\/\\\/www.link2fleet.com\\\/edi-kondigt-nieuwe-organisatiestructuur-aan-voor-strategische-groei\\\/#primaryimage\",\"url\":\"https:\\\/\\\/static.link2fleet.com\\\/wp-content\\\/uploads\\\/2024\\\/06\\\/tangi-merckx-edi.webp\",\"contentUrl\":\"https:\\\/\\\/static.link2fleet.com\\\/wp-content\\\/uploads\\\/2024\\\/06\\\/tangi-merckx-edi.webp\",\"width\":1600,\"height\":1066},{\"@type\":\"BreadcrumbList\",\"@id\":\"https:\\\/\\\/www.link2fleet.com\\\/edi-kondigt-nieuwe-organisatiestructuur-aan-voor-strategische-groei\\\/#breadcrumb\",\"itemListElement\":[{\"@type\":\"ListItem\",\"position\":1,\"name\":\"Home\",\"item\":\"https:\\\/\\\/www.link2fleet.com\\\/fr\\\/\"},{\"@type\":\"ListItem\",\"position\":2,\"name\":\"EDI annonce une nouvelle structure organisationnelle en vue d&#8217;une croissance strat\u00e9gique\"}]},{\"@type\":\"WebSite\",\"@id\":\"https:\\\/\\\/www.link2fleet.com\\\/fr\\\/#website\",\"url\":\"https:\\\/\\\/www.link2fleet.com\\\/fr\\\/\",\"name\":\"Link2fleet\",\"description\":\"\",\"publisher\":{\"@id\":\"https:\\\/\\\/www.link2fleet.com\\\/fr\\\/#organization\"},\"potentialAction\":[{\"@type\":\"SearchAction\",\"target\":{\"@type\":\"EntryPoint\",\"urlTemplate\":\"https:\\\/\\\/www.link2fleet.com\\\/fr\\\/?s={search_term_string}\"},\"query-input\":{\"@type\":\"PropertyValueSpecification\",\"valueRequired\":true,\"valueName\":\"search_term_string\"}}],\"inLanguage\":\"fr-FR\"},{\"@type\":\"Organization\",\"@id\":\"https:\\\/\\\/www.link2fleet.com\\\/fr\\\/#organization\",\"name\":\"Link2fleet\",\"url\":\"https:\\\/\\\/www.link2fleet.com\\\/fr\\\/\",\"logo\":{\"@type\":\"ImageObject\",\"inLanguage\":\"fr-FR\",\"@id\":\"https:\\\/\\\/www.link2fleet.com\\\/fr\\\/#\\\/schema\\\/logo\\\/image\\\/\",\"url\":\"https:\\\/\\\/static.link2fleet.com\\\/wp-content\\\/uploads\\\/2024\\\/03\\\/share-image.jpg\",\"contentUrl\":\"https:\\\/\\\/static.link2fleet.com\\\/wp-content\\\/uploads\\\/2024\\\/03\\\/share-image.jpg\",\"width\":1200,\"height\":630,\"caption\":\"Link2fleet\"},\"image\":{\"@id\":\"https:\\\/\\\/www.link2fleet.com\\\/fr\\\/#\\\/schema\\\/logo\\\/image\\\/\"},\"sameAs\":[\"https:\\\/\\\/www.linkedin.com\\\/company\\\/link2fleet-belgium\",\"https:\\\/\\\/www.youtube.com\\\/user\\\/MMMBMBE\"]},{\"@type\":\"Person\",\"@id\":\"https:\\\/\\\/www.link2fleet.com\\\/fr\\\/#\\\/schema\\\/person\\\/3f23fa5cf039e25761156c930f6bf38f\",\"name\":\"Jeroen Evens\",\"image\":{\"@type\":\"ImageObject\",\"inLanguage\":\"fr-FR\",\"@id\":\"https:\\\/\\\/secure.gravatar.com\\\/avatar\\\/6e059523a84fbec54e5ec5d0f3fb4322b7b077be22b323085f823d1d7f00f32e?s=96&d=mm&r=g\",\"url\":\"https:\\\/\\\/secure.gravatar.com\\\/avatar\\\/6e059523a84fbec54e5ec5d0f3fb4322b7b077be22b323085f823d1d7f00f32e?s=96&d=mm&r=g\",\"contentUrl\":\"https:\\\/\\\/secure.gravatar.com\\\/avatar\\\/6e059523a84fbec54e5ec5d0f3fb4322b7b077be22b323085f823d1d7f00f32e?s=96&d=mm&r=g\",\"caption\":\"Jeroen Evens\"},\"description\":\"Jeroen Evens is opgeleid in de Communicatiewetenschappen (KULeuven) en is een enthousiaste volger van alles wat met mobiliteit en bedrijfswagens te maken heeft. Als freelance journalist gespecialiseerd in de fleetsector houdt hij al drie jaar lang de vinger aan de pols van de laatste ontwikkelingen in onze sector.\"}]}<\/script>\n<!-- \/ Yoast SEO plugin. -->","yoast_head_json":{"title":"EDI annonce une nouvelle structure organisationnelle en vue d'une croissance strat\u00e9gique - link2fleet","description":"Les d\u00e9fis du secteur de l&rsquo;\u00e9nergie et une vision strat\u00e9gique renouvel\u00e9e pour EDI s&rsquo;accompagnent d&rsquo;une nouvelle structure organisationnelle \u00e0 partir d&rsquo;aujourd&rsquo;hui, dirig\u00e9e par Tangi Merckx.","robots":{"index":"index","follow":"follow","max-snippet":"max-snippet:-1","max-image-preview":"max-image-preview:large","max-video-preview":"max-video-preview:-1"},"og_locale":"fr_FR","og_type":"article","og_title":"EDI annonce une nouvelle structure organisationnelle en vue d'une croissance strat\u00e9gique - link2fleet","og_description":"Les d\u00e9fis du secteur de l&rsquo;\u00e9nergie et une vision strat\u00e9gique renouvel\u00e9e pour EDI s&rsquo;accompagnent d&rsquo;une nouvelle structure organisationnelle \u00e0 partir d&rsquo;aujourd&rsquo;hui, dirig\u00e9e par Tangi Merckx.","og_url":"https:\/\/www.link2fleet.com\/edi-kondigt-nieuwe-organisatiestructuur-aan-voor-strategische-groei\/","og_site_name":"link2fleet","article_published_time":"2024-06-25T12:03:04+00:00","article_modified_time":"2024-06-26T07:49:00+00:00","og_image":[{"width":1600,"height":1066,"url":"https:\/\/static.link2fleet.com\/wp-content\/uploads\/2024\/06\/tangi-merckx-edi.webp","type":"image\/webp"}],"author":"Jeroen Evens","twitter_card":"summary_large_image","twitter_description":"Les d\u00e9fis du secteur de l&rsquo;\u00e9nergie et une vision strat\u00e9gique renouvel\u00e9e pour EDI s&rsquo;accompagnent d&rsquo;une nouvelle structure organisationnelle \u00e0 partir d&rsquo;aujourd&rsquo;hui, dirig\u00e9e par Tangi Merckx.","twitter_misc":{"\u00c9crit par":"Jeroen Evens","Dur\u00e9e de lecture estim\u00e9e":"2 minutes"},"schema":{"@context":"https:\/\/schema.org","@graph":[{"@type":"Article","@id":"https:\/\/www.link2fleet.com\/edi-kondigt-nieuwe-organisatiestructuur-aan-voor-strategische-groei\/#article","isPartOf":{"@id":"https:\/\/www.link2fleet.com\/edi-kondigt-nieuwe-organisatiestructuur-aan-voor-strategische-groei\/"},"author":{"name":"Jeroen Evens","@id":"https:\/\/www.link2fleet.com\/fr\/#\/schema\/person\/3f23fa5cf039e25761156c930f6bf38f"},"headline":"EDI annonce une nouvelle structure organisationnelle en vue d&rsquo;une croissance strat\u00e9gique","datePublished":"2024-06-25T12:03:04+00:00","dateModified":"2024-06-26T07:49:00+00:00","mainEntityOfPage":{"@id":"https:\/\/www.link2fleet.com\/edi-kondigt-nieuwe-organisatiestructuur-aan-voor-strategische-groei\/"},"wordCount":13,"publisher":{"@id":"https:\/\/www.link2fleet.com\/fr\/#organization"},"image":{"@id":"https:\/\/www.link2fleet.com\/edi-kondigt-nieuwe-organisatiestructuur-aan-voor-strategische-groei\/#primaryimage"},"thumbnailUrl":"https:\/\/static.link2fleet.com\/wp-content\/uploads\/2024\/06\/tangi-merckx-edi.webp","keywords":["EDI"],"articleSection":["Actus"],"inLanguage":"fr-FR"},{"@type":"WebPage","@id":"https:\/\/www.link2fleet.com\/edi-kondigt-nieuwe-organisatiestructuur-aan-voor-strategische-groei\/","url":"https:\/\/www.link2fleet.com\/edi-kondigt-nieuwe-organisatiestructuur-aan-voor-strategische-groei\/","name":"EDI annonce une nouvelle structure organisationnelle en vue d'une croissance strat\u00e9gique - link2fleet","isPartOf":{"@id":"https:\/\/www.link2fleet.com\/fr\/#website"},"primaryImageOfPage":{"@id":"https:\/\/www.link2fleet.com\/edi-kondigt-nieuwe-organisatiestructuur-aan-voor-strategische-groei\/#primaryimage"},"image":{"@id":"https:\/\/www.link2fleet.com\/edi-kondigt-nieuwe-organisatiestructuur-aan-voor-strategische-groei\/#primaryimage"},"thumbnailUrl":"https:\/\/static.link2fleet.com\/wp-content\/uploads\/2024\/06\/tangi-merckx-edi.webp","datePublished":"2024-06-25T12:03:04+00:00","dateModified":"2024-06-26T07:49:00+00:00","breadcrumb":{"@id":"https:\/\/www.link2fleet.com\/edi-kondigt-nieuwe-organisatiestructuur-aan-voor-strategische-groei\/#breadcrumb"},"inLanguage":"fr-FR","potentialAction":[{"@type":"ReadAction","target":["https:\/\/www.link2fleet.com\/edi-kondigt-nieuwe-organisatiestructuur-aan-voor-strategische-groei\/"]}]},{"@type":"ImageObject","inLanguage":"fr-FR","@id":"https:\/\/www.link2fleet.com\/edi-kondigt-nieuwe-organisatiestructuur-aan-voor-strategische-groei\/#primaryimage","url":"https:\/\/static.link2fleet.com\/wp-content\/uploads\/2024\/06\/tangi-merckx-edi.webp","contentUrl":"https:\/\/static.link2fleet.com\/wp-content\/uploads\/2024\/06\/tangi-merckx-edi.webp","width":1600,"height":1066},{"@type":"BreadcrumbList","@id":"https:\/\/www.link2fleet.com\/edi-kondigt-nieuwe-organisatiestructuur-aan-voor-strategische-groei\/#breadcrumb","itemListElement":[{"@type":"ListItem","position":1,"name":"Home","item":"https:\/\/www.link2fleet.com\/fr\/"},{"@type":"ListItem","position":2,"name":"EDI annonce une nouvelle structure organisationnelle en vue d&#8217;une croissance strat\u00e9gique"}]},{"@type":"WebSite","@id":"https:\/\/www.link2fleet.com\/fr\/#website","url":"https:\/\/www.link2fleet.com\/fr\/","name":"Link2fleet","description":"","publisher":{"@id":"https:\/\/www.link2fleet.com\/fr\/#organization"},"potentialAction":[{"@type":"SearchAction","target":{"@type":"EntryPoint","urlTemplate":"https:\/\/www.link2fleet.com\/fr\/?s={search_term_string}"},"query-input":{"@type":"PropertyValueSpecification","valueRequired":true,"valueName":"search_term_string"}}],"inLanguage":"fr-FR"},{"@type":"Organization","@id":"https:\/\/www.link2fleet.com\/fr\/#organization","name":"Link2fleet","url":"https:\/\/www.link2fleet.com\/fr\/","logo":{"@type":"ImageObject","inLanguage":"fr-FR","@id":"https:\/\/www.link2fleet.com\/fr\/#\/schema\/logo\/image\/","url":"https:\/\/static.link2fleet.com\/wp-content\/uploads\/2024\/03\/share-image.jpg","contentUrl":"https:\/\/static.link2fleet.com\/wp-content\/uploads\/2024\/03\/share-image.jpg","width":1200,"height":630,"caption":"Link2fleet"},"image":{"@id":"https:\/\/www.link2fleet.com\/fr\/#\/schema\/logo\/image\/"},"sameAs":["https:\/\/www.linkedin.com\/company\/link2fleet-belgium","https:\/\/www.youtube.com\/user\/MMMBMBE"]},{"@type":"Person","@id":"https:\/\/www.link2fleet.com\/fr\/#\/schema\/person\/3f23fa5cf039e25761156c930f6bf38f","name":"Jeroen Evens","image":{"@type":"ImageObject","inLanguage":"fr-FR","@id":"https:\/\/secure.gravatar.com\/avatar\/6e059523a84fbec54e5ec5d0f3fb4322b7b077be22b323085f823d1d7f00f32e?s=96&d=mm&r=g","url":"https:\/\/secure.gravatar.com\/avatar\/6e059523a84fbec54e5ec5d0f3fb4322b7b077be22b323085f823d1d7f00f32e?s=96&d=mm&r=g","contentUrl":"https:\/\/secure.gravatar.com\/avatar\/6e059523a84fbec54e5ec5d0f3fb4322b7b077be22b323085f823d1d7f00f32e?s=96&d=mm&r=g","caption":"Jeroen Evens"},"description":"Jeroen Evens is opgeleid in de Communicatiewetenschappen (KULeuven) en is een enthousiaste volger van alles wat met mobiliteit en bedrijfswagens te maken heeft. Als freelance journalist gespecialiseerd in de fleetsector houdt hij al drie jaar lang de vinger aan de pols van de laatste ontwikkelingen in onze sector."}]}},"_links":{"self":[{"href":"https:\/\/www.link2fleet.com\/fr\/wp-json\/wp\/v2\/posts\/30447","targetHints":{"allow":["GET"]}}],"collection":[{"href":"https:\/\/www.link2fleet.com\/fr\/wp-json\/wp\/v2\/posts"}],"about":[{"href":"https:\/\/www.link2fleet.com\/fr\/wp-json\/wp\/v2\/types\/post"}],"author":[{"embeddable":true,"href":"https:\/\/www.link2fleet.com\/fr\/wp-json\/wp\/v2\/users\/43"}],"replies":[{"embeddable":true,"href":"https:\/\/www.link2fleet.com\/fr\/wp-json\/wp\/v2\/comments?post=30447"}],"version-history":[{"count":0,"href":"https:\/\/www.link2fleet.com\/fr\/wp-json\/wp\/v2\/posts\/30447\/revisions"}],"wp:featuredmedia":[{"embeddable":true,"href":"https:\/\/www.link2fleet.com\/fr\/wp-json\/wp\/v2\/media\/30413"}],"wp:attachment":[{"href":"https:\/\/www.link2fleet.com\/fr\/wp-json\/wp\/v2\/media?parent=30447"}],"wp:term":[{"taxonomy":"category","embeddable":true,"href":"https:\/\/www.link2fleet.com\/fr\/wp-json\/wp\/v2\/categories?post=30447"},{"taxonomy":"post_tag","embeddable":true,"href":"https:\/\/www.link2fleet.com\/fr\/wp-json\/wp\/v2\/tags?post=30447"}],"curies":[{"name":"wp","href":"https:\/\/api.w.org\/{rel}","templated":true}]}}