{"id":3075,"date":"2020-12-03T16:50:21","date_gmt":"2020-12-03T15:50:21","guid":{"rendered":"https:\/\/www.link2fleet.com\/taxe-kilometrique-a-bruxelles-que-le-bras-de-fer-commence\/"},"modified":"2024-04-17T16:51:54","modified_gmt":"2024-04-17T14:51:54","slug":"taxe-kilometrique-a-bruxelles-que-le-bras-de-fer-commence","status":"publish","type":"post","link":"https:\/\/www.link2fleet.com\/fr\/taxe-kilometrique-a-bruxelles-que-le-bras-de-fer-commence\/","title":{"rendered":"Taxe kilom\u00e9trique \u00e0 Bruxelles : que le bras de fer commence !"},"content":{"rendered":"\n<p>L&rsquo;objectif de la R\u00e9gion bruxelloise est clair : diminuer de 25% le trafic automobile dans ses art\u00e8res \u00e0 l&rsquo;horizon 2030. Parmi les grands leviers utilis\u00e9s, l&rsquo;installation de parkings de d\u00e9lestage \u00e0 la p\u00e9riph\u00e9rie de la ville, la limitation de la vitesse \u00e0 30km\/h dans l&rsquo;ultra centre d\u00e8s le 1er janvier et l&rsquo;entr\u00e9e en vigueur de la fameuse taxe kilom\u00e9trique. Et c&rsquo;est un euph\u00e9misme de dire que cette derni\u00e8re fait couler beaucoup d&rsquo;encre.<\/p>\n<p>Bas\u00e9e sur plusieurs param\u00e8tres (heure de circulation, nombre de kilom\u00e8tres et puissance du v\u00e9hicule), cette taxe pourrait s&rsquo;\u00e9lever \u00e0 environ 800\u20ac an pour une voiture compacte entrant dans Bruxelles quotidiennement. Et selon la m\u00eame simulation utilis\u00e9e par la R\u00e9gion, ce montant pourrait m\u00eame grimper au-del\u00e0 des 4 chiffres pour une voiture de puissance plus importante.\u00a0<\/p>\n<p><strong>Et pour les v\u00e9hicules en leasing ?<\/strong><\/p>\n<p>Aujourd&rsquo;hui, les v\u00e9hicules immatricul\u00e9s au nom d&rsquo;une soci\u00e9t\u00e9 de leasing suivent les r\u00e8gles de Bruxelles en mati\u00e8re de TMC et de taxe routi\u00e8re. La question se pose de savoir comment cela sera int\u00e9gr\u00e9 dans le nouveau syst\u00e8me sans devenir trop complexe. On attend toujours une formule d\u00e9finitive \u00e0 ce sujet.<\/p>\n<p>Programm\u00e9 pour entrer en vigueur d\u00e8s 2022, SmartMove est vivement contest\u00e9 de toutes parts. Les acteurs socio-\u00e9conomiques, le f\u00e9d\u00e9ral, les deux autres r\u00e9gions et les f\u00e9d\u00e9rations de l&rsquo;automobile (Febiac, Renta et Traxio) pointent du doigt cette mesure unilat\u00e9rale et discriminatoire. Comment expliquer en effet qu&rsquo;un navetteur en provenance d&rsquo;une autre r\u00e9gion doivent \u00e0 la fois s&rsquo;acquitter de cette indemnit\u00e9 kilom\u00e9trique tout en payant les taxes dans sa propre r\u00e9gion ? Notre petit doigt nous dit que cette mesure va encore faire couler beaucoup d&rsquo;encre&#8230;<\/p>\n<p>\u00a0<\/p>\n","protected":false},"excerpt":{"rendered":"","protected":false},"author":19,"featured_media":3076,"comment_status":"closed","ping_status":"closed","sticky":false,"template":"","format":"standard","meta":{"_acf_changed":false,"footnotes":""},"categories":[91,101],"tags":[],"class_list":["post-3075","post","type-post","status-publish","format-standard","has-post-thumbnail","hentry","category-expertise-et-management","category-tax-legal"],"acf":[],"yoast_head":"<!-- This site is optimized with the Yoast SEO plugin v27.3 - https:\/\/yoast.com\/product\/yoast-seo-wordpress\/ -->\n<title>Taxe kilom\u00e9trique \u00e0 Bruxelles : que le bras de fer commence ! - link2fleet<\/title>\n<meta name=\"description\" content=\"La R\u00e9gion Bruxelloise a convoqu\u00e9 ce jour la presse pour pr\u00e9senter son plan SmartMove. Incluant notamment le payement de la fameuse taxe kilom\u00e9trique, le projet\u2026\" \/>\n<meta name=\"robots\" content=\"index, follow, max-snippet:-1, max-image-preview:large, max-video-preview:-1\" \/>\n<meta property=\"og:locale\" content=\"fr_FR\" \/>\n<meta property=\"og:type\" content=\"article\" \/>\n<meta property=\"og:title\" content=\"Taxe kilom\u00e9trique \u00e0 Bruxelles : que le bras de fer commence ! - link2fleet\" \/>\n<meta property=\"og:description\" content=\"La R\u00e9gion Bruxelloise a convoqu\u00e9 ce jour la presse pour pr\u00e9senter son plan SmartMove. Incluant notamment le payement de la fameuse taxe kilom\u00e9trique, le projet\u2026\" \/>\n<meta property=\"og:url\" content=\"https:\/\/www.link2fleet.com\/fr\/taxe-kilometrique-a-bruxelles-que-le-bras-de-fer-commence\/\" \/>\n<meta property=\"og:site_name\" content=\"link2fleet\" \/>\n<meta property=\"article:published_time\" content=\"2020-12-03T15:50:21+00:00\" \/>\n<meta property=\"article:modified_time\" content=\"2024-04-17T14:51:54+00:00\" \/>\n<meta property=\"og:image\" content=\"https:\/\/static.link2fleet.com\/wp-content\/uploads\/2024\/03\/trafic-bruxelles.jpg\" \/>\n\t<meta property=\"og:image:width\" content=\"1190\" \/>\n\t<meta property=\"og:image:height\" content=\"669\" \/>\n\t<meta property=\"og:image:type\" content=\"image\/jpeg\" \/>\n<meta name=\"author\" content=\"Marc Demoulin\" \/>\n<meta name=\"twitter:card\" content=\"summary_large_image\" \/>\n<meta name=\"twitter:description\" content=\"La R\u00e9gion Bruxelloise a convoqu\u00e9 ce jour la presse pour pr\u00e9senter son plan SmartMove. Incluant notamment le payement de la fameuse taxe kilom\u00e9trique, le projet\u2026\" \/>\n<meta name=\"twitter:label1\" content=\"\u00c9crit par\" \/>\n\t<meta name=\"twitter:data1\" content=\"Marc Demoulin\" \/>\n\t<meta name=\"twitter:label2\" content=\"Dur\u00e9e de lecture estim\u00e9e\" \/>\n\t<meta name=\"twitter:data2\" content=\"1 minute\" \/>\n<script type=\"application\/ld+json\" class=\"yoast-schema-graph\">{\"@context\":\"https:\\\/\\\/schema.org\",\"@graph\":[{\"@type\":\"Article\",\"@id\":\"https:\\\/\\\/www.link2fleet.com\\\/fr\\\/taxe-kilometrique-a-bruxelles-que-le-bras-de-fer-commence\\\/#article\",\"isPartOf\":{\"@id\":\"https:\\\/\\\/www.link2fleet.com\\\/fr\\\/taxe-kilometrique-a-bruxelles-que-le-bras-de-fer-commence\\\/\"},\"author\":{\"name\":\"Marc Demoulin\",\"@id\":\"https:\\\/\\\/www.link2fleet.com\\\/fr\\\/#\\\/schema\\\/person\\\/be5c57fc3d8ec765f7f536ffa2d67457\"},\"headline\":\"Taxe kilom\u00e9trique \u00e0 Bruxelles : que le bras de fer commence !\",\"datePublished\":\"2020-12-03T15:50:21+00:00\",\"dateModified\":\"2024-04-17T14:51:54+00:00\",\"mainEntityOfPage\":{\"@id\":\"https:\\\/\\\/www.link2fleet.com\\\/fr\\\/taxe-kilometrique-a-bruxelles-que-le-bras-de-fer-commence\\\/\"},\"wordCount\":320,\"publisher\":{\"@id\":\"https:\\\/\\\/www.link2fleet.com\\\/fr\\\/#organization\"},\"image\":{\"@id\":\"https:\\\/\\\/www.link2fleet.com\\\/fr\\\/taxe-kilometrique-a-bruxelles-que-le-bras-de-fer-commence\\\/#primaryimage\"},\"thumbnailUrl\":\"https:\\\/\\\/static.link2fleet.com\\\/wp-content\\\/uploads\\\/2024\\\/03\\\/trafic-bruxelles.jpg\",\"articleSection\":[\"Gestion de flotte\",\"Tax &amp; legal\"],\"inLanguage\":\"fr-FR\"},{\"@type\":\"WebPage\",\"@id\":\"https:\\\/\\\/www.link2fleet.com\\\/fr\\\/taxe-kilometrique-a-bruxelles-que-le-bras-de-fer-commence\\\/\",\"url\":\"https:\\\/\\\/www.link2fleet.com\\\/fr\\\/taxe-kilometrique-a-bruxelles-que-le-bras-de-fer-commence\\\/\",\"name\":\"Taxe kilom\u00e9trique \u00e0 Bruxelles : que le bras de fer commence ! - link2fleet\",\"isPartOf\":{\"@id\":\"https:\\\/\\\/www.link2fleet.com\\\/fr\\\/#website\"},\"primaryImageOfPage\":{\"@id\":\"https:\\\/\\\/www.link2fleet.com\\\/fr\\\/taxe-kilometrique-a-bruxelles-que-le-bras-de-fer-commence\\\/#primaryimage\"},\"image\":{\"@id\":\"https:\\\/\\\/www.link2fleet.com\\\/fr\\\/taxe-kilometrique-a-bruxelles-que-le-bras-de-fer-commence\\\/#primaryimage\"},\"thumbnailUrl\":\"https:\\\/\\\/static.link2fleet.com\\\/wp-content\\\/uploads\\\/2024\\\/03\\\/trafic-bruxelles.jpg\",\"datePublished\":\"2020-12-03T15:50:21+00:00\",\"dateModified\":\"2024-04-17T14:51:54+00:00\",\"breadcrumb\":{\"@id\":\"https:\\\/\\\/www.link2fleet.com\\\/fr\\\/taxe-kilometrique-a-bruxelles-que-le-bras-de-fer-commence\\\/#breadcrumb\"},\"inLanguage\":\"fr-FR\",\"potentialAction\":[{\"@type\":\"ReadAction\",\"target\":[\"https:\\\/\\\/www.link2fleet.com\\\/fr\\\/taxe-kilometrique-a-bruxelles-que-le-bras-de-fer-commence\\\/\"]}]},{\"@type\":\"ImageObject\",\"inLanguage\":\"fr-FR\",\"@id\":\"https:\\\/\\\/www.link2fleet.com\\\/fr\\\/taxe-kilometrique-a-bruxelles-que-le-bras-de-fer-commence\\\/#primaryimage\",\"url\":\"https:\\\/\\\/static.link2fleet.com\\\/wp-content\\\/uploads\\\/2024\\\/03\\\/trafic-bruxelles.jpg\",\"contentUrl\":\"https:\\\/\\\/static.link2fleet.com\\\/wp-content\\\/uploads\\\/2024\\\/03\\\/trafic-bruxelles.jpg\",\"width\":1190,\"height\":669},{\"@type\":\"BreadcrumbList\",\"@id\":\"https:\\\/\\\/www.link2fleet.com\\\/fr\\\/taxe-kilometrique-a-bruxelles-que-le-bras-de-fer-commence\\\/#breadcrumb\",\"itemListElement\":[{\"@type\":\"ListItem\",\"position\":1,\"name\":\"Home\",\"item\":\"https:\\\/\\\/www.link2fleet.com\\\/fr\\\/\"},{\"@type\":\"ListItem\",\"position\":2,\"name\":\"Taxe kilom\u00e9trique \u00e0 Bruxelles : que le bras de fer commence !\"}]},{\"@type\":\"WebSite\",\"@id\":\"https:\\\/\\\/www.link2fleet.com\\\/fr\\\/#website\",\"url\":\"https:\\\/\\\/www.link2fleet.com\\\/fr\\\/\",\"name\":\"Link2fleet\",\"description\":\"\",\"publisher\":{\"@id\":\"https:\\\/\\\/www.link2fleet.com\\\/fr\\\/#organization\"},\"potentialAction\":[{\"@type\":\"SearchAction\",\"target\":{\"@type\":\"EntryPoint\",\"urlTemplate\":\"https:\\\/\\\/www.link2fleet.com\\\/fr\\\/?s={search_term_string}\"},\"query-input\":{\"@type\":\"PropertyValueSpecification\",\"valueRequired\":true,\"valueName\":\"search_term_string\"}}],\"inLanguage\":\"fr-FR\"},{\"@type\":\"Organization\",\"@id\":\"https:\\\/\\\/www.link2fleet.com\\\/fr\\\/#organization\",\"name\":\"Link2fleet\",\"url\":\"https:\\\/\\\/www.link2fleet.com\\\/fr\\\/\",\"logo\":{\"@type\":\"ImageObject\",\"inLanguage\":\"fr-FR\",\"@id\":\"https:\\\/\\\/www.link2fleet.com\\\/fr\\\/#\\\/schema\\\/logo\\\/image\\\/\",\"url\":\"https:\\\/\\\/static.link2fleet.com\\\/wp-content\\\/uploads\\\/2024\\\/03\\\/share-image.jpg\",\"contentUrl\":\"https:\\\/\\\/static.link2fleet.com\\\/wp-content\\\/uploads\\\/2024\\\/03\\\/share-image.jpg\",\"width\":1200,\"height\":630,\"caption\":\"Link2fleet\"},\"image\":{\"@id\":\"https:\\\/\\\/www.link2fleet.com\\\/fr\\\/#\\\/schema\\\/logo\\\/image\\\/\"},\"sameAs\":[\"https:\\\/\\\/www.linkedin.com\\\/company\\\/link2fleet-belgium\",\"https:\\\/\\\/www.youtube.com\\\/user\\\/MMMBMBE\"]},{\"@type\":\"Person\",\"@id\":\"https:\\\/\\\/www.link2fleet.com\\\/fr\\\/#\\\/schema\\\/person\\\/be5c57fc3d8ec765f7f536ffa2d67457\",\"name\":\"Marc Demoulin\",\"image\":{\"@type\":\"ImageObject\",\"inLanguage\":\"fr-FR\",\"@id\":\"https:\\\/\\\/secure.gravatar.com\\\/avatar\\\/a87df2253d2615844817d0a7f244258741572a74e0c35a309fca2badab9f30e7?s=96&d=mm&r=g\",\"url\":\"https:\\\/\\\/secure.gravatar.com\\\/avatar\\\/a87df2253d2615844817d0a7f244258741572a74e0c35a309fca2badab9f30e7?s=96&d=mm&r=g\",\"contentUrl\":\"https:\\\/\\\/secure.gravatar.com\\\/avatar\\\/a87df2253d2615844817d0a7f244258741572a74e0c35a309fca2badab9f30e7?s=96&d=mm&r=g\",\"caption\":\"Marc Demoulin\"}}]}<\/script>\n<!-- \/ Yoast SEO plugin. -->","yoast_head_json":{"title":"Taxe kilom\u00e9trique \u00e0 Bruxelles : que le bras de fer commence ! - link2fleet","description":"La R\u00e9gion Bruxelloise a convoqu\u00e9 ce jour la presse pour pr\u00e9senter son plan SmartMove. Incluant notamment le payement de la fameuse taxe kilom\u00e9trique, le projet\u2026","robots":{"index":"index","follow":"follow","max-snippet":"max-snippet:-1","max-image-preview":"max-image-preview:large","max-video-preview":"max-video-preview:-1"},"og_locale":"fr_FR","og_type":"article","og_title":"Taxe kilom\u00e9trique \u00e0 Bruxelles : que le bras de fer commence ! - link2fleet","og_description":"La R\u00e9gion Bruxelloise a convoqu\u00e9 ce jour la presse pour pr\u00e9senter son plan SmartMove. Incluant notamment le payement de la fameuse taxe kilom\u00e9trique, le projet\u2026","og_url":"https:\/\/www.link2fleet.com\/fr\/taxe-kilometrique-a-bruxelles-que-le-bras-de-fer-commence\/","og_site_name":"link2fleet","article_published_time":"2020-12-03T15:50:21+00:00","article_modified_time":"2024-04-17T14:51:54+00:00","og_image":[{"width":1190,"height":669,"url":"https:\/\/static.link2fleet.com\/wp-content\/uploads\/2024\/03\/trafic-bruxelles.jpg","type":"image\/jpeg"}],"author":"Marc Demoulin","twitter_card":"summary_large_image","twitter_description":"La R\u00e9gion Bruxelloise a convoqu\u00e9 ce jour la presse pour pr\u00e9senter son plan SmartMove. Incluant notamment le payement de la fameuse taxe kilom\u00e9trique, le projet\u2026","twitter_misc":{"\u00c9crit par":"Marc Demoulin","Dur\u00e9e de lecture estim\u00e9e":"1 minute"},"schema":{"@context":"https:\/\/schema.org","@graph":[{"@type":"Article","@id":"https:\/\/www.link2fleet.com\/fr\/taxe-kilometrique-a-bruxelles-que-le-bras-de-fer-commence\/#article","isPartOf":{"@id":"https:\/\/www.link2fleet.com\/fr\/taxe-kilometrique-a-bruxelles-que-le-bras-de-fer-commence\/"},"author":{"name":"Marc Demoulin","@id":"https:\/\/www.link2fleet.com\/fr\/#\/schema\/person\/be5c57fc3d8ec765f7f536ffa2d67457"},"headline":"Taxe kilom\u00e9trique \u00e0 Bruxelles : que le bras de fer commence !","datePublished":"2020-12-03T15:50:21+00:00","dateModified":"2024-04-17T14:51:54+00:00","mainEntityOfPage":{"@id":"https:\/\/www.link2fleet.com\/fr\/taxe-kilometrique-a-bruxelles-que-le-bras-de-fer-commence\/"},"wordCount":320,"publisher":{"@id":"https:\/\/www.link2fleet.com\/fr\/#organization"},"image":{"@id":"https:\/\/www.link2fleet.com\/fr\/taxe-kilometrique-a-bruxelles-que-le-bras-de-fer-commence\/#primaryimage"},"thumbnailUrl":"https:\/\/static.link2fleet.com\/wp-content\/uploads\/2024\/03\/trafic-bruxelles.jpg","articleSection":["Gestion de flotte","Tax &amp; legal"],"inLanguage":"fr-FR"},{"@type":"WebPage","@id":"https:\/\/www.link2fleet.com\/fr\/taxe-kilometrique-a-bruxelles-que-le-bras-de-fer-commence\/","url":"https:\/\/www.link2fleet.com\/fr\/taxe-kilometrique-a-bruxelles-que-le-bras-de-fer-commence\/","name":"Taxe kilom\u00e9trique \u00e0 Bruxelles : que le bras de fer commence ! - link2fleet","isPartOf":{"@id":"https:\/\/www.link2fleet.com\/fr\/#website"},"primaryImageOfPage":{"@id":"https:\/\/www.link2fleet.com\/fr\/taxe-kilometrique-a-bruxelles-que-le-bras-de-fer-commence\/#primaryimage"},"image":{"@id":"https:\/\/www.link2fleet.com\/fr\/taxe-kilometrique-a-bruxelles-que-le-bras-de-fer-commence\/#primaryimage"},"thumbnailUrl":"https:\/\/static.link2fleet.com\/wp-content\/uploads\/2024\/03\/trafic-bruxelles.jpg","datePublished":"2020-12-03T15:50:21+00:00","dateModified":"2024-04-17T14:51:54+00:00","breadcrumb":{"@id":"https:\/\/www.link2fleet.com\/fr\/taxe-kilometrique-a-bruxelles-que-le-bras-de-fer-commence\/#breadcrumb"},"inLanguage":"fr-FR","potentialAction":[{"@type":"ReadAction","target":["https:\/\/www.link2fleet.com\/fr\/taxe-kilometrique-a-bruxelles-que-le-bras-de-fer-commence\/"]}]},{"@type":"ImageObject","inLanguage":"fr-FR","@id":"https:\/\/www.link2fleet.com\/fr\/taxe-kilometrique-a-bruxelles-que-le-bras-de-fer-commence\/#primaryimage","url":"https:\/\/static.link2fleet.com\/wp-content\/uploads\/2024\/03\/trafic-bruxelles.jpg","contentUrl":"https:\/\/static.link2fleet.com\/wp-content\/uploads\/2024\/03\/trafic-bruxelles.jpg","width":1190,"height":669},{"@type":"BreadcrumbList","@id":"https:\/\/www.link2fleet.com\/fr\/taxe-kilometrique-a-bruxelles-que-le-bras-de-fer-commence\/#breadcrumb","itemListElement":[{"@type":"ListItem","position":1,"name":"Home","item":"https:\/\/www.link2fleet.com\/fr\/"},{"@type":"ListItem","position":2,"name":"Taxe kilom\u00e9trique \u00e0 Bruxelles : que le bras de fer commence !"}]},{"@type":"WebSite","@id":"https:\/\/www.link2fleet.com\/fr\/#website","url":"https:\/\/www.link2fleet.com\/fr\/","name":"Link2fleet","description":"","publisher":{"@id":"https:\/\/www.link2fleet.com\/fr\/#organization"},"potentialAction":[{"@type":"SearchAction","target":{"@type":"EntryPoint","urlTemplate":"https:\/\/www.link2fleet.com\/fr\/?s={search_term_string}"},"query-input":{"@type":"PropertyValueSpecification","valueRequired":true,"valueName":"search_term_string"}}],"inLanguage":"fr-FR"},{"@type":"Organization","@id":"https:\/\/www.link2fleet.com\/fr\/#organization","name":"Link2fleet","url":"https:\/\/www.link2fleet.com\/fr\/","logo":{"@type":"ImageObject","inLanguage":"fr-FR","@id":"https:\/\/www.link2fleet.com\/fr\/#\/schema\/logo\/image\/","url":"https:\/\/static.link2fleet.com\/wp-content\/uploads\/2024\/03\/share-image.jpg","contentUrl":"https:\/\/static.link2fleet.com\/wp-content\/uploads\/2024\/03\/share-image.jpg","width":1200,"height":630,"caption":"Link2fleet"},"image":{"@id":"https:\/\/www.link2fleet.com\/fr\/#\/schema\/logo\/image\/"},"sameAs":["https:\/\/www.linkedin.com\/company\/link2fleet-belgium","https:\/\/www.youtube.com\/user\/MMMBMBE"]},{"@type":"Person","@id":"https:\/\/www.link2fleet.com\/fr\/#\/schema\/person\/be5c57fc3d8ec765f7f536ffa2d67457","name":"Marc Demoulin","image":{"@type":"ImageObject","inLanguage":"fr-FR","@id":"https:\/\/secure.gravatar.com\/avatar\/a87df2253d2615844817d0a7f244258741572a74e0c35a309fca2badab9f30e7?s=96&d=mm&r=g","url":"https:\/\/secure.gravatar.com\/avatar\/a87df2253d2615844817d0a7f244258741572a74e0c35a309fca2badab9f30e7?s=96&d=mm&r=g","contentUrl":"https:\/\/secure.gravatar.com\/avatar\/a87df2253d2615844817d0a7f244258741572a74e0c35a309fca2badab9f30e7?s=96&d=mm&r=g","caption":"Marc Demoulin"}}]}},"_links":{"self":[{"href":"https:\/\/www.link2fleet.com\/fr\/wp-json\/wp\/v2\/posts\/3075","targetHints":{"allow":["GET"]}}],"collection":[{"href":"https:\/\/www.link2fleet.com\/fr\/wp-json\/wp\/v2\/posts"}],"about":[{"href":"https:\/\/www.link2fleet.com\/fr\/wp-json\/wp\/v2\/types\/post"}],"author":[{"embeddable":true,"href":"https:\/\/www.link2fleet.com\/fr\/wp-json\/wp\/v2\/users\/19"}],"replies":[{"embeddable":true,"href":"https:\/\/www.link2fleet.com\/fr\/wp-json\/wp\/v2\/comments?post=3075"}],"version-history":[{"count":0,"href":"https:\/\/www.link2fleet.com\/fr\/wp-json\/wp\/v2\/posts\/3075\/revisions"}],"wp:featuredmedia":[{"embeddable":true,"href":"https:\/\/www.link2fleet.com\/fr\/wp-json\/wp\/v2\/media\/3076"}],"wp:attachment":[{"href":"https:\/\/www.link2fleet.com\/fr\/wp-json\/wp\/v2\/media?parent=3075"}],"wp:term":[{"taxonomy":"category","embeddable":true,"href":"https:\/\/www.link2fleet.com\/fr\/wp-json\/wp\/v2\/categories?post=3075"},{"taxonomy":"post_tag","embeddable":true,"href":"https:\/\/www.link2fleet.com\/fr\/wp-json\/wp\/v2\/tags?post=3075"}],"curies":[{"name":"wp","href":"https:\/\/api.w.org\/{rel}","templated":true}]}}