{"id":3078,"date":"2020-12-04T09:39:38","date_gmt":"2020-12-04T08:39:38","guid":{"rendered":"https:\/\/www.link2fleet.com\/erik-swerts-managing-director-alphabet-belgique-luxembourg-nos-clients-meritent-un-minimum-de-coherence\/"},"modified":"2024-04-17T16:51:54","modified_gmt":"2024-04-17T14:51:54","slug":"erik-swerts-managing-director-alphabet-belgique-luxembourg-nos-clients-meritent-un-minimum-de-coherence","status":"publish","type":"post","link":"https:\/\/www.link2fleet.com\/fr\/erik-swerts-managing-director-alphabet-belgique-luxembourg-nos-clients-meritent-un-minimum-de-coherence\/","title":{"rendered":"Erik Swerts, Managing Director Alphabet Belgique &amp; Luxembourg : \u00ab Nos clients m\u00e9ritent un minimum de coh\u00e9rence \u00bb"},"content":{"rendered":"\n<p><strong>link2fleet<\/strong>\u00a0: Doit-on voir cette sortie m\u00e9diatique comme une annonce pour faire parler d\u2019Alphabet\u00a0?<\/p>\n<p><strong>Erik Swerts<\/strong>\u00a0: Absolument pas. Il s\u2019agit d\u2019un choix totalement assum\u00e9. Nous ne nous sentions pas \u00e0 l\u2019aise avec le flou artistique qui r\u00e8gne actuellement. La cohabitation entre le NEDC 2.0, amen\u00e9 \u00e0 rapidement dispara\u00eetre mais toujours la r\u00e9f\u00e9rence fiscale officielle, et l\u2019arriv\u00e9e imminente, mais pas encore d\u00e9termin\u00e9e, du WLTP cr\u00e9ent une confusion indescriptible dans l\u2019esprit des clients. Avec la transformation en profondeur que vit notre secteur, je pense que les entreprises n\u2019ont pas besoin de tracas suppl\u00e9mentaires.<\/p>\n<p><strong>En solo<\/strong><\/p>\n<p><strong>l2f<\/strong>\u00a0: S\u2019agit-il d\u2019une initiative strictement personnelle d\u2019Alphabet ou vous-\u00eates vous concert\u00e9s avec vos coll\u00e8gues au travers de la f\u00e9d\u00e9ration Renta par exemple\u00a0?<\/p>\n<p><strong>E.S.<\/strong>\u00a0: Non, il n\u2019y a eu aucune concertation. Nous plaidons pour la plus grande transparence par rapport \u00e0 nos clients. Continuer \u00e0 baser sa politique fleet sur des bases de calcul qui vont \u00eatre prochainement modifi\u00e9es n\u2019est pas constructif. Cela retarde \u00e9galement le processus d\u2019\u00e9cologisation des flottes. Nous souhaitons par cette initiative envoyer un message clair aux entreprises\u00a0: n\u2019attendez pas, anticipez et revoyez votre car policy d\u00e8s maintenant en fonction des nouvelles normes WLTP au risque de vivre de mauvaises surprises. Le conducteur est \u00e9galement pris en compte dans notre raisonnement vu qu\u2019il pourrait subir un changement brutal de son ATN en cas de modification du r\u00e8glement.<\/p>\n<p><img loading=\"lazy\" decoding=\"async\" class=\"alignnone size-medium wp-image-1262082\" src=\"https:\/\/www.link2fleet.com\/wp-content\/uploads\/2020\/12\/20200303_Utopix_Aphabet_Erik-Swerts-7-300x200.jpg\" alt=\"\" width=\"300\" height=\"200\" \/><\/p>\n<blockquote>\n<p>Erik Swerts : Continuer \u00e0 baser sa politique fleet sur des bases de calcul qui vont \u00eatre prochainement modifi\u00e9es n\u2019est pas constructif.<\/p>\n<\/blockquote>\n<p>\u00a0<\/p>\n<p><strong>l2f\u00a0<\/strong>: Sur un plan plus g\u00e9n\u00e9ral, satisfait par la note du gouvernement annon\u00e7ant le \u2018z\u00e9ro \u00e9mission\u2019 \u00e0 partir de 2026\u00a0?<\/p>\n<p><strong>E.S.<\/strong>\u00a0: Cette annonce va certainement dans la bonne direction. Je pense que l\u2019objectif 2026 est r\u00e9alisable pour autant que trois param\u00e8tres essentiels soient r\u00e9unis. Premi\u00e8rement, une offre des constructeurs plus large mais aussi plus d\u00e9mocratique. Deuxi\u00e8mement, une infrastructure publique et priv\u00e9e digne de ce nom. A ce sujet, l\u2019investissement pour installer 30.000 bornes de recharge suppl\u00e9mentaires en Flandre t\u00e9moigne d\u2019une r\u00e9elle volont\u00e9 des toutes les parties concern\u00e9es. Et troisi\u00e8mement, et il s\u2019agit sans doute de l\u2019obstacle le plus difficile \u00e0 franchir, un changement du comportement humain. Pour aider les entreprises et les employ\u00e9s \u00e0 r\u00e9ussir cette transition vers la durabilit\u00e9 et la multimodalit\u00e9, une vision fiscale \u00e0 long terme est absolument indispensable.<\/p>\n<p><strong>Et sur le long terme\u00a0?<\/strong><\/p>\n<p><strong>l2f\u00a0: <\/strong>Etes-vous d\u2019accord de dire qu\u2019\u00e9tant donn\u00e9 la nature de vos activit\u00e9s, les soci\u00e9t\u00e9s de location longue dur\u00e9e ont finalement \u00e9t\u00e9 tr\u00e8s peu impact\u00e9es par la crise Covid-19\u00a0?<\/p>\n<p><strong>E.S.<\/strong>\u00a0: C\u2019est peut-\u00eatre vrai aujourd\u2019hui car notre revenu est r\u00e9alis\u00e9 sur la flotte roulante mais c\u2019est probablement demain que nous risquons de ressentir les effets. Les d\u00e9g\u00e2ts r\u00e9els dans les entreprises sont toujours difficiles \u00e0 \u00e9valuer \u00e0 l\u2019heure d\u2019aujourd\u2019hui mais cela risque d\u2019avoir des cons\u00e9quences importantes sur les commandes futures.<\/p>\n<p><strong>l2f\u00a0<\/strong>: Comment voyez-vous le r\u00f4le des soci\u00e9t\u00e9s de leasing \u00e9voluer\u00a0?<\/p>\n<p><strong>E.S.<\/strong>\u00a0: Ca a d\u00e9j\u00e0 pas mal boug\u00e9 ces cinq derni\u00e8res ann\u00e9es, ne croyez-vous pas (rires\u2026)\u00a0? De \u2018simple\u2019 loueur de voitures, nous arrivons aujourd\u2019hui \u00e0 maturit\u00e9 dans notre r\u00f4le de fournisseur de mobilit\u00e9. Avec la transformation extr\u00eamement rapide que vit notre industrie, la mission de conseiller au chevet de nos clients prend aujourd\u2019hui toute son importance. En tant que fournisseur de mobilit\u00e9, nous vivons ces changements avec beaucoup de satisfaction mais aussi d\u2019excitation. Nous essayons de nous pr\u00e9parer le mieux possible aux nouveaux challenges mais sans toutefois avoir la boule de cristal. A quoi ressemblera notre mobilit\u00e9 dans 10 ans\u00a0? Quelle y sera encore la place de la voiture\u00a0? Difficile d\u2019y r\u00e9pondre. Raison pour laquelle notre secteur doit sans cesse se r\u00e9inventer et continuer \u00e0 faire preuve d\u2019agilit\u00e9 afin de r\u00e9pondre aux d\u00e9fis de la mobilit\u00e9 de demain.<\/p>\n","protected":false},"excerpt":{"rendered":"","protected":false},"author":19,"featured_media":3079,"comment_status":"closed","ping_status":"closed","sticky":false,"template":"","format":"standard","meta":{"_acf_changed":false,"footnotes":""},"categories":[91,79],"tags":[],"class_list":["post-3078","post","type-post","status-publish","format-standard","has-post-thumbnail","hentry","category-expertise-et-management","category-societes-de-leasing"],"acf":[],"yoast_head":"<!-- This site is optimized with the Yoast SEO plugin v27.3 - https:\/\/yoast.com\/product\/yoast-seo-wordpress\/ -->\n<title>Erik Swerts, Managing Director Alphabet Belgique &amp; Luxembourg : \u00ab Nos clients m\u00e9ritent un minimum de coh\u00e9rence \u00bb - link2fleet<\/title>\n<meta name=\"description\" content=\"Nous vous l\u2019annoncions dans le courant de la semaine derni\u00e8re, Alphabet a pris la d\u00e9cision de d\u2019ores et d\u00e9j\u00e0 utiliser les valeurs WLTP pour chaque\u2026\" \/>\n<meta name=\"robots\" content=\"index, follow, max-snippet:-1, max-image-preview:large, max-video-preview:-1\" \/>\n<meta property=\"og:locale\" content=\"fr_FR\" \/>\n<meta property=\"og:type\" content=\"article\" \/>\n<meta property=\"og:title\" content=\"Erik Swerts, Managing Director Alphabet Belgique &amp; Luxembourg : \u00ab Nos clients m\u00e9ritent un minimum de coh\u00e9rence \u00bb - link2fleet\" \/>\n<meta property=\"og:description\" content=\"Nous vous l\u2019annoncions dans le courant de la semaine derni\u00e8re, Alphabet a pris la d\u00e9cision de d\u2019ores et d\u00e9j\u00e0 utiliser les valeurs WLTP pour chaque\u2026\" \/>\n<meta property=\"og:url\" content=\"https:\/\/www.link2fleet.com\/fr\/erik-swerts-managing-director-alphabet-belgique-luxembourg-nos-clients-meritent-un-minimum-de-coherence\/\" \/>\n<meta property=\"og:site_name\" content=\"link2fleet\" \/>\n<meta property=\"article:published_time\" content=\"2020-12-04T08:39:38+00:00\" \/>\n<meta property=\"article:modified_time\" content=\"2024-04-17T14:51:54+00:00\" \/>\n<meta property=\"og:image\" content=\"https:\/\/static.link2fleet.com\/wp-content\/uploads\/2024\/03\/20200303-utopix-aphabet-erik-swerts-3.jpg\" \/>\n\t<meta property=\"og:image:width\" content=\"1024\" \/>\n\t<meta property=\"og:image:height\" content=\"683\" \/>\n\t<meta property=\"og:image:type\" content=\"image\/jpeg\" \/>\n<meta name=\"author\" content=\"Marc Demoulin\" \/>\n<meta name=\"twitter:card\" content=\"summary_large_image\" \/>\n<meta name=\"twitter:description\" content=\"Nous vous l\u2019annoncions dans le courant de la semaine derni\u00e8re, Alphabet a pris la d\u00e9cision de d\u2019ores et d\u00e9j\u00e0 utiliser les valeurs WLTP pour chaque\u2026\" \/>\n<meta name=\"twitter:label1\" content=\"\u00c9crit par\" \/>\n\t<meta name=\"twitter:data1\" content=\"Marc Demoulin\" \/>\n\t<meta name=\"twitter:label2\" content=\"Dur\u00e9e de lecture estim\u00e9e\" \/>\n\t<meta name=\"twitter:data2\" content=\"3 minutes\" \/>\n<script type=\"application\/ld+json\" class=\"yoast-schema-graph\">{\"@context\":\"https:\\\/\\\/schema.org\",\"@graph\":[{\"@type\":\"Article\",\"@id\":\"https:\\\/\\\/www.link2fleet.com\\\/fr\\\/erik-swerts-managing-director-alphabet-belgique-luxembourg-nos-clients-meritent-un-minimum-de-coherence\\\/#article\",\"isPartOf\":{\"@id\":\"https:\\\/\\\/www.link2fleet.com\\\/fr\\\/erik-swerts-managing-director-alphabet-belgique-luxembourg-nos-clients-meritent-un-minimum-de-coherence\\\/\"},\"author\":{\"name\":\"Marc Demoulin\",\"@id\":\"https:\\\/\\\/www.link2fleet.com\\\/fr\\\/#\\\/schema\\\/person\\\/be5c57fc3d8ec765f7f536ffa2d67457\"},\"headline\":\"Erik Swerts, Managing Director Alphabet Belgique &amp; Luxembourg : \u00ab Nos clients m\u00e9ritent un minimum de coh\u00e9rence \u00bb\",\"datePublished\":\"2020-12-04T08:39:38+00:00\",\"dateModified\":\"2024-04-17T14:51:54+00:00\",\"mainEntityOfPage\":{\"@id\":\"https:\\\/\\\/www.link2fleet.com\\\/fr\\\/erik-swerts-managing-director-alphabet-belgique-luxembourg-nos-clients-meritent-un-minimum-de-coherence\\\/\"},\"wordCount\":709,\"publisher\":{\"@id\":\"https:\\\/\\\/www.link2fleet.com\\\/fr\\\/#organization\"},\"image\":{\"@id\":\"https:\\\/\\\/www.link2fleet.com\\\/fr\\\/erik-swerts-managing-director-alphabet-belgique-luxembourg-nos-clients-meritent-un-minimum-de-coherence\\\/#primaryimage\"},\"thumbnailUrl\":\"https:\\\/\\\/static.link2fleet.com\\\/wp-content\\\/uploads\\\/2024\\\/03\\\/20200303-utopix-aphabet-erik-swerts-3.jpg\",\"articleSection\":[\"Gestion de flotte\",\"Location long-terme\"],\"inLanguage\":\"fr-FR\"},{\"@type\":\"WebPage\",\"@id\":\"https:\\\/\\\/www.link2fleet.com\\\/fr\\\/erik-swerts-managing-director-alphabet-belgique-luxembourg-nos-clients-meritent-un-minimum-de-coherence\\\/\",\"url\":\"https:\\\/\\\/www.link2fleet.com\\\/fr\\\/erik-swerts-managing-director-alphabet-belgique-luxembourg-nos-clients-meritent-un-minimum-de-coherence\\\/\",\"name\":\"Erik Swerts, Managing Director Alphabet Belgique &amp; Luxembourg : \u00ab Nos clients m\u00e9ritent un minimum de coh\u00e9rence \u00bb - link2fleet\",\"isPartOf\":{\"@id\":\"https:\\\/\\\/www.link2fleet.com\\\/fr\\\/#website\"},\"primaryImageOfPage\":{\"@id\":\"https:\\\/\\\/www.link2fleet.com\\\/fr\\\/erik-swerts-managing-director-alphabet-belgique-luxembourg-nos-clients-meritent-un-minimum-de-coherence\\\/#primaryimage\"},\"image\":{\"@id\":\"https:\\\/\\\/www.link2fleet.com\\\/fr\\\/erik-swerts-managing-director-alphabet-belgique-luxembourg-nos-clients-meritent-un-minimum-de-coherence\\\/#primaryimage\"},\"thumbnailUrl\":\"https:\\\/\\\/static.link2fleet.com\\\/wp-content\\\/uploads\\\/2024\\\/03\\\/20200303-utopix-aphabet-erik-swerts-3.jpg\",\"datePublished\":\"2020-12-04T08:39:38+00:00\",\"dateModified\":\"2024-04-17T14:51:54+00:00\",\"breadcrumb\":{\"@id\":\"https:\\\/\\\/www.link2fleet.com\\\/fr\\\/erik-swerts-managing-director-alphabet-belgique-luxembourg-nos-clients-meritent-un-minimum-de-coherence\\\/#breadcrumb\"},\"inLanguage\":\"fr-FR\",\"potentialAction\":[{\"@type\":\"ReadAction\",\"target\":[\"https:\\\/\\\/www.link2fleet.com\\\/fr\\\/erik-swerts-managing-director-alphabet-belgique-luxembourg-nos-clients-meritent-un-minimum-de-coherence\\\/\"]}]},{\"@type\":\"ImageObject\",\"inLanguage\":\"fr-FR\",\"@id\":\"https:\\\/\\\/www.link2fleet.com\\\/fr\\\/erik-swerts-managing-director-alphabet-belgique-luxembourg-nos-clients-meritent-un-minimum-de-coherence\\\/#primaryimage\",\"url\":\"https:\\\/\\\/static.link2fleet.com\\\/wp-content\\\/uploads\\\/2024\\\/03\\\/20200303-utopix-aphabet-erik-swerts-3.jpg\",\"contentUrl\":\"https:\\\/\\\/static.link2fleet.com\\\/wp-content\\\/uploads\\\/2024\\\/03\\\/20200303-utopix-aphabet-erik-swerts-3.jpg\",\"width\":3200,\"height\":2133,\"caption\":\"|\"},{\"@type\":\"BreadcrumbList\",\"@id\":\"https:\\\/\\\/www.link2fleet.com\\\/fr\\\/erik-swerts-managing-director-alphabet-belgique-luxembourg-nos-clients-meritent-un-minimum-de-coherence\\\/#breadcrumb\",\"itemListElement\":[{\"@type\":\"ListItem\",\"position\":1,\"name\":\"Home\",\"item\":\"https:\\\/\\\/www.link2fleet.com\\\/fr\\\/\"},{\"@type\":\"ListItem\",\"position\":2,\"name\":\"Erik Swerts, Managing Director Alphabet Belgique &amp; Luxembourg : \u00ab Nos clients m\u00e9ritent un minimum de coh\u00e9rence \u00bb\"}]},{\"@type\":\"WebSite\",\"@id\":\"https:\\\/\\\/www.link2fleet.com\\\/fr\\\/#website\",\"url\":\"https:\\\/\\\/www.link2fleet.com\\\/fr\\\/\",\"name\":\"Link2fleet\",\"description\":\"\",\"publisher\":{\"@id\":\"https:\\\/\\\/www.link2fleet.com\\\/fr\\\/#organization\"},\"potentialAction\":[{\"@type\":\"SearchAction\",\"target\":{\"@type\":\"EntryPoint\",\"urlTemplate\":\"https:\\\/\\\/www.link2fleet.com\\\/fr\\\/?s={search_term_string}\"},\"query-input\":{\"@type\":\"PropertyValueSpecification\",\"valueRequired\":true,\"valueName\":\"search_term_string\"}}],\"inLanguage\":\"fr-FR\"},{\"@type\":\"Organization\",\"@id\":\"https:\\\/\\\/www.link2fleet.com\\\/fr\\\/#organization\",\"name\":\"Link2fleet\",\"url\":\"https:\\\/\\\/www.link2fleet.com\\\/fr\\\/\",\"logo\":{\"@type\":\"ImageObject\",\"inLanguage\":\"fr-FR\",\"@id\":\"https:\\\/\\\/www.link2fleet.com\\\/fr\\\/#\\\/schema\\\/logo\\\/image\\\/\",\"url\":\"https:\\\/\\\/static.link2fleet.com\\\/wp-content\\\/uploads\\\/2024\\\/03\\\/share-image.jpg\",\"contentUrl\":\"https:\\\/\\\/static.link2fleet.com\\\/wp-content\\\/uploads\\\/2024\\\/03\\\/share-image.jpg\",\"width\":1200,\"height\":630,\"caption\":\"Link2fleet\"},\"image\":{\"@id\":\"https:\\\/\\\/www.link2fleet.com\\\/fr\\\/#\\\/schema\\\/logo\\\/image\\\/\"},\"sameAs\":[\"https:\\\/\\\/www.linkedin.com\\\/company\\\/link2fleet-belgium\",\"https:\\\/\\\/www.youtube.com\\\/user\\\/MMMBMBE\"]},{\"@type\":\"Person\",\"@id\":\"https:\\\/\\\/www.link2fleet.com\\\/fr\\\/#\\\/schema\\\/person\\\/be5c57fc3d8ec765f7f536ffa2d67457\",\"name\":\"Marc Demoulin\",\"image\":{\"@type\":\"ImageObject\",\"inLanguage\":\"fr-FR\",\"@id\":\"https:\\\/\\\/secure.gravatar.com\\\/avatar\\\/a87df2253d2615844817d0a7f244258741572a74e0c35a309fca2badab9f30e7?s=96&d=mm&r=g\",\"url\":\"https:\\\/\\\/secure.gravatar.com\\\/avatar\\\/a87df2253d2615844817d0a7f244258741572a74e0c35a309fca2badab9f30e7?s=96&d=mm&r=g\",\"contentUrl\":\"https:\\\/\\\/secure.gravatar.com\\\/avatar\\\/a87df2253d2615844817d0a7f244258741572a74e0c35a309fca2badab9f30e7?s=96&d=mm&r=g\",\"caption\":\"Marc Demoulin\"}}]}<\/script>\n<!-- \/ Yoast SEO plugin. -->","yoast_head_json":{"title":"Erik Swerts, Managing Director Alphabet Belgique &amp; Luxembourg : \u00ab Nos clients m\u00e9ritent un minimum de coh\u00e9rence \u00bb - link2fleet","description":"Nous vous l\u2019annoncions dans le courant de la semaine derni\u00e8re, Alphabet a pris la d\u00e9cision de d\u2019ores et d\u00e9j\u00e0 utiliser les valeurs WLTP pour chaque\u2026","robots":{"index":"index","follow":"follow","max-snippet":"max-snippet:-1","max-image-preview":"max-image-preview:large","max-video-preview":"max-video-preview:-1"},"og_locale":"fr_FR","og_type":"article","og_title":"Erik Swerts, Managing Director Alphabet Belgique &amp; Luxembourg : \u00ab Nos clients m\u00e9ritent un minimum de coh\u00e9rence \u00bb - link2fleet","og_description":"Nous vous l\u2019annoncions dans le courant de la semaine derni\u00e8re, Alphabet a pris la d\u00e9cision de d\u2019ores et d\u00e9j\u00e0 utiliser les valeurs WLTP pour chaque\u2026","og_url":"https:\/\/www.link2fleet.com\/fr\/erik-swerts-managing-director-alphabet-belgique-luxembourg-nos-clients-meritent-un-minimum-de-coherence\/","og_site_name":"link2fleet","article_published_time":"2020-12-04T08:39:38+00:00","article_modified_time":"2024-04-17T14:51:54+00:00","og_image":[{"url":"https:\/\/static.link2fleet.com\/wp-content\/uploads\/2024\/03\/20200303-utopix-aphabet-erik-swerts-3.jpg","width":1024,"height":683,"type":"image\/jpeg"}],"author":"Marc Demoulin","twitter_card":"summary_large_image","twitter_description":"Nous vous l\u2019annoncions dans le courant de la semaine derni\u00e8re, Alphabet a pris la d\u00e9cision de d\u2019ores et d\u00e9j\u00e0 utiliser les valeurs WLTP pour chaque\u2026","twitter_misc":{"\u00c9crit par":"Marc Demoulin","Dur\u00e9e de lecture estim\u00e9e":"3 minutes"},"schema":{"@context":"https:\/\/schema.org","@graph":[{"@type":"Article","@id":"https:\/\/www.link2fleet.com\/fr\/erik-swerts-managing-director-alphabet-belgique-luxembourg-nos-clients-meritent-un-minimum-de-coherence\/#article","isPartOf":{"@id":"https:\/\/www.link2fleet.com\/fr\/erik-swerts-managing-director-alphabet-belgique-luxembourg-nos-clients-meritent-un-minimum-de-coherence\/"},"author":{"name":"Marc Demoulin","@id":"https:\/\/www.link2fleet.com\/fr\/#\/schema\/person\/be5c57fc3d8ec765f7f536ffa2d67457"},"headline":"Erik Swerts, Managing Director Alphabet Belgique &amp; Luxembourg : \u00ab Nos clients m\u00e9ritent un minimum de coh\u00e9rence \u00bb","datePublished":"2020-12-04T08:39:38+00:00","dateModified":"2024-04-17T14:51:54+00:00","mainEntityOfPage":{"@id":"https:\/\/www.link2fleet.com\/fr\/erik-swerts-managing-director-alphabet-belgique-luxembourg-nos-clients-meritent-un-minimum-de-coherence\/"},"wordCount":709,"publisher":{"@id":"https:\/\/www.link2fleet.com\/fr\/#organization"},"image":{"@id":"https:\/\/www.link2fleet.com\/fr\/erik-swerts-managing-director-alphabet-belgique-luxembourg-nos-clients-meritent-un-minimum-de-coherence\/#primaryimage"},"thumbnailUrl":"https:\/\/static.link2fleet.com\/wp-content\/uploads\/2024\/03\/20200303-utopix-aphabet-erik-swerts-3.jpg","articleSection":["Gestion de flotte","Location long-terme"],"inLanguage":"fr-FR"},{"@type":"WebPage","@id":"https:\/\/www.link2fleet.com\/fr\/erik-swerts-managing-director-alphabet-belgique-luxembourg-nos-clients-meritent-un-minimum-de-coherence\/","url":"https:\/\/www.link2fleet.com\/fr\/erik-swerts-managing-director-alphabet-belgique-luxembourg-nos-clients-meritent-un-minimum-de-coherence\/","name":"Erik Swerts, Managing Director Alphabet Belgique &amp; Luxembourg : \u00ab Nos clients m\u00e9ritent un minimum de coh\u00e9rence \u00bb - link2fleet","isPartOf":{"@id":"https:\/\/www.link2fleet.com\/fr\/#website"},"primaryImageOfPage":{"@id":"https:\/\/www.link2fleet.com\/fr\/erik-swerts-managing-director-alphabet-belgique-luxembourg-nos-clients-meritent-un-minimum-de-coherence\/#primaryimage"},"image":{"@id":"https:\/\/www.link2fleet.com\/fr\/erik-swerts-managing-director-alphabet-belgique-luxembourg-nos-clients-meritent-un-minimum-de-coherence\/#primaryimage"},"thumbnailUrl":"https:\/\/static.link2fleet.com\/wp-content\/uploads\/2024\/03\/20200303-utopix-aphabet-erik-swerts-3.jpg","datePublished":"2020-12-04T08:39:38+00:00","dateModified":"2024-04-17T14:51:54+00:00","breadcrumb":{"@id":"https:\/\/www.link2fleet.com\/fr\/erik-swerts-managing-director-alphabet-belgique-luxembourg-nos-clients-meritent-un-minimum-de-coherence\/#breadcrumb"},"inLanguage":"fr-FR","potentialAction":[{"@type":"ReadAction","target":["https:\/\/www.link2fleet.com\/fr\/erik-swerts-managing-director-alphabet-belgique-luxembourg-nos-clients-meritent-un-minimum-de-coherence\/"]}]},{"@type":"ImageObject","inLanguage":"fr-FR","@id":"https:\/\/www.link2fleet.com\/fr\/erik-swerts-managing-director-alphabet-belgique-luxembourg-nos-clients-meritent-un-minimum-de-coherence\/#primaryimage","url":"https:\/\/static.link2fleet.com\/wp-content\/uploads\/2024\/03\/20200303-utopix-aphabet-erik-swerts-3.jpg","contentUrl":"https:\/\/static.link2fleet.com\/wp-content\/uploads\/2024\/03\/20200303-utopix-aphabet-erik-swerts-3.jpg","width":3200,"height":2133,"caption":"|"},{"@type":"BreadcrumbList","@id":"https:\/\/www.link2fleet.com\/fr\/erik-swerts-managing-director-alphabet-belgique-luxembourg-nos-clients-meritent-un-minimum-de-coherence\/#breadcrumb","itemListElement":[{"@type":"ListItem","position":1,"name":"Home","item":"https:\/\/www.link2fleet.com\/fr\/"},{"@type":"ListItem","position":2,"name":"Erik Swerts, Managing Director Alphabet Belgique &amp; Luxembourg : \u00ab Nos clients m\u00e9ritent un minimum de coh\u00e9rence \u00bb"}]},{"@type":"WebSite","@id":"https:\/\/www.link2fleet.com\/fr\/#website","url":"https:\/\/www.link2fleet.com\/fr\/","name":"Link2fleet","description":"","publisher":{"@id":"https:\/\/www.link2fleet.com\/fr\/#organization"},"potentialAction":[{"@type":"SearchAction","target":{"@type":"EntryPoint","urlTemplate":"https:\/\/www.link2fleet.com\/fr\/?s={search_term_string}"},"query-input":{"@type":"PropertyValueSpecification","valueRequired":true,"valueName":"search_term_string"}}],"inLanguage":"fr-FR"},{"@type":"Organization","@id":"https:\/\/www.link2fleet.com\/fr\/#organization","name":"Link2fleet","url":"https:\/\/www.link2fleet.com\/fr\/","logo":{"@type":"ImageObject","inLanguage":"fr-FR","@id":"https:\/\/www.link2fleet.com\/fr\/#\/schema\/logo\/image\/","url":"https:\/\/static.link2fleet.com\/wp-content\/uploads\/2024\/03\/share-image.jpg","contentUrl":"https:\/\/static.link2fleet.com\/wp-content\/uploads\/2024\/03\/share-image.jpg","width":1200,"height":630,"caption":"Link2fleet"},"image":{"@id":"https:\/\/www.link2fleet.com\/fr\/#\/schema\/logo\/image\/"},"sameAs":["https:\/\/www.linkedin.com\/company\/link2fleet-belgium","https:\/\/www.youtube.com\/user\/MMMBMBE"]},{"@type":"Person","@id":"https:\/\/www.link2fleet.com\/fr\/#\/schema\/person\/be5c57fc3d8ec765f7f536ffa2d67457","name":"Marc Demoulin","image":{"@type":"ImageObject","inLanguage":"fr-FR","@id":"https:\/\/secure.gravatar.com\/avatar\/a87df2253d2615844817d0a7f244258741572a74e0c35a309fca2badab9f30e7?s=96&d=mm&r=g","url":"https:\/\/secure.gravatar.com\/avatar\/a87df2253d2615844817d0a7f244258741572a74e0c35a309fca2badab9f30e7?s=96&d=mm&r=g","contentUrl":"https:\/\/secure.gravatar.com\/avatar\/a87df2253d2615844817d0a7f244258741572a74e0c35a309fca2badab9f30e7?s=96&d=mm&r=g","caption":"Marc Demoulin"}}]}},"_links":{"self":[{"href":"https:\/\/www.link2fleet.com\/fr\/wp-json\/wp\/v2\/posts\/3078","targetHints":{"allow":["GET"]}}],"collection":[{"href":"https:\/\/www.link2fleet.com\/fr\/wp-json\/wp\/v2\/posts"}],"about":[{"href":"https:\/\/www.link2fleet.com\/fr\/wp-json\/wp\/v2\/types\/post"}],"author":[{"embeddable":true,"href":"https:\/\/www.link2fleet.com\/fr\/wp-json\/wp\/v2\/users\/19"}],"replies":[{"embeddable":true,"href":"https:\/\/www.link2fleet.com\/fr\/wp-json\/wp\/v2\/comments?post=3078"}],"version-history":[{"count":0,"href":"https:\/\/www.link2fleet.com\/fr\/wp-json\/wp\/v2\/posts\/3078\/revisions"}],"wp:featuredmedia":[{"embeddable":true,"href":"https:\/\/www.link2fleet.com\/fr\/wp-json\/wp\/v2\/media\/3079"}],"wp:attachment":[{"href":"https:\/\/www.link2fleet.com\/fr\/wp-json\/wp\/v2\/media?parent=3078"}],"wp:term":[{"taxonomy":"category","embeddable":true,"href":"https:\/\/www.link2fleet.com\/fr\/wp-json\/wp\/v2\/categories?post=3078"},{"taxonomy":"post_tag","embeddable":true,"href":"https:\/\/www.link2fleet.com\/fr\/wp-json\/wp\/v2\/tags?post=3078"}],"curies":[{"name":"wp","href":"https:\/\/api.w.org\/{rel}","templated":true}]}}