{"id":3085,"date":"2020-12-07T17:05:27","date_gmt":"2020-12-07T16:05:27","guid":{"rendered":"https:\/\/www.link2fleet.com\/luminus-et-bmw-rendent-la-mobilite-electrique-encore-plus-verte-et-plus-simple-2\/"},"modified":"2024-04-17T16:51:52","modified_gmt":"2024-04-17T14:51:52","slug":"luminus-et-bmw-rendent-la-mobilite-electrique-encore-plus-verte-et-plus-simple-2","status":"publish","type":"post","link":"https:\/\/www.link2fleet.com\/fr\/luminus-et-bmw-rendent-la-mobilite-electrique-encore-plus-verte-et-plus-simple-2\/","title":{"rendered":"Luminus et BMW rendent la mobilit\u00e9 \u00e9lectrique encore plus verte et plus simple"},"content":{"rendered":"\n<p><strong>Luminus et BMW, une collaboration pour un avenir neutre en CO<sub>2<\/sub><\/strong><\/p>\n<p>Le caract\u00e8re \u00e9cologique d\u2019une voiture \u00e9lectrique ou hybride plug-in augmente au cours de sa vie puisque l\u2019\u00e9lectricit\u00e9, n\u00e9cessaire pour recharger la batterie, est produite de plus en plus durablement. Et c\u2019est pr\u00e9cis\u00e9ment sur cette \u00e9volution que Luminus et BMW souhaitent capitaliser pour acc\u00e9l\u00e9rer la transition vers un avenir neutre en CO<sub>2<\/sub>. Dor\u00e9navant, \u00e0 l&rsquo;achat d&rsquo;un v\u00e9hicule \u00e9lectrique ou hybride plug-in, le concessionnaire BMW ou MINI pourra proposer imm\u00e9diatement l&rsquo;infrastructure de recharge Luminus, accompagn\u00e9e d\u2019un contrat de fourniture d&rsquo;\u00e9nergie verte qui garantit une \u00e9lectricit\u00e9 produite en Belgique, voire m\u00eame une installation photovolta\u00efque permettant au client d&rsquo;alimenter son v\u00e9hicule \u00e9lectrique avec sa propre \u00e9lectricit\u00e9 verte. Enfin, gr\u00e2ce \u00e0 la carte Luminus, les clients auront acc\u00e8s au r\u00e9seau de recharge public, soit 150.000 bornes en Europe dont 1.300 en Belgique.<\/p>\n<p>\u00a0<\/p>\n<p><strong>Un guichet unique pour les entreprises <\/strong><\/p>\n<p>Luminus et BMW offrent \u00e9galement une solution globale aux entreprises qui souhaitent \u00e9lectrifier leur flotte automobile. Luminus peut notamment les aider \u00e0 installer le nombre de bornes de recharge (rapide) n\u00e9cessaires et propose en outre une plateforme intelligente permettant \u00e0 un employeur de suivre la consommation \u00e9nerg\u00e9tique de sa flotte automobile. Luminus propose \u00e9galement un outil pour calculer la compensation \u00e0 laquelle un employ\u00e9 a droit s\u2019il recharge sa voiture de soci\u00e9t\u00e9 \u00e0 domicile. De quoi garantir une offre int\u00e9gr\u00e9e avec un niveau \u00e9lev\u00e9 de transparence en ce qui concerne le co\u00fbt total de propri\u00e9t\u00e9 (total cost of ownership) sur toute la dur\u00e9e de vie du v\u00e9hicule.<\/p>\n<p>Eddy Haesendonck, Pr\u00e9sident et CEO de BMW Group Belux\u00a0: \u00ab\u00a0D\u00e9sign\u00e9 comme constructeur automobile le plus durable au monde, BMW Group doit sa position de leader dans l\u2019indice de durabilit\u00e9 Dow Jones \u00e0 son approche globale. D\u2019une part, nous proposerons d\u2019ici \u00e0 2023 pas moins de 25 mod\u00e8les totalement ou partiellement \u00e9lectriques, dont 13 totalement \u00e9lectriques. D\u2019autre part, nous nous pr\u00e9occupons \u00e9galement de la consommation des v\u00e9hicules durant leur cycle de vie. Nos concessionnaires, en leur qualit\u00e9 de mobility advisors, orientent nos clients (particuliers et professionnels) vers des solutions de recharge durables en \u00e9lectricit\u00e9 verte, ce qui fait partie int\u00e9grante de cette approche. L\u2019absence de solution de recharge durable ad\u00e9quate \u00e0 domicile \u2013 avec scission des co\u00fbts professionnels et priv\u00e9s \u2013 constitue actuellement une pierre d\u2019achoppement pour de nombreux automobilistes. Gr\u00e2ce \u00e0 notre partenariat avec Luminus, nous sommes en train d\u2019\u00e9liminer cet obstacle.\u00a0\u00bb<\/p>\n<p>Gr\u00e9goire Dallemagne, CEO de Luminus\u00a0: \u00ab\u00a0Ce partenariat avec BMW Belux s\u2019inscrit pleinement dans notre strat\u00e9gie visant \u00e0 aider les Belges \u00e0 r\u00e9duire leur empreinte carbone. Les clients BMW et MINI disposent d\u00e9sormais d\u2019un seul point de contact, \u00e0 savoir Luminus, qui est en mesure de r\u00e9pondre \u00e0 tous leurs besoins en mati\u00e8re de mobilit\u00e9 \u00e9lectrique\u00a0: installation d\u2019une borne de recharge, contrat d&rsquo;\u00e9lectricit\u00e9 verte ou installation de panneaux solaires, carte de recharge donnant acc\u00e8s au r\u00e9seau de recharge public et prestation de services compl\u00e9mentaires. C\u2019est ainsi que nous construisons ensemble un avenir neutre en CO<sub>2<\/sub>.\u00a0\u00bb<\/p>\n","protected":false},"excerpt":{"rendered":"","protected":false},"author":4,"featured_media":3086,"comment_status":"closed","ping_status":"closed","sticky":false,"template":"","format":"standard","meta":{"_acf_changed":false,"footnotes":""},"categories":[81,91,77,76],"tags":[],"class_list":["post-3085","post","type-post","status-publish","format-standard","has-post-thumbnail","hentry","category-gestion-de-carburant-et-energie","category-expertise-et-management","category-importateurs-et-constructeurs-automobiles-vp","category-car"],"acf":[],"yoast_head":"<!-- This site is optimized with the Yoast SEO plugin v27.3 - https:\/\/yoast.com\/product\/yoast-seo-wordpress\/ -->\n<title>Luminus et BMW rendent la mobilit\u00e9 \u00e9lectrique encore plus verte et plus simple - link2fleet<\/title>\n<meta name=\"description\" content=\"BMW Group Belux et Luminus annoncent le lancement d\u2019une collaboration strat\u00e9gique permettant aux propri\u00e9taires de voitures \u00e9lectriques et hybrides plug-in de recharger facilement leur v\u00e9hicule\u2026\" \/>\n<meta name=\"robots\" content=\"index, follow, max-snippet:-1, max-image-preview:large, max-video-preview:-1\" \/>\n<meta property=\"og:locale\" content=\"fr_FR\" \/>\n<meta property=\"og:type\" content=\"article\" \/>\n<meta property=\"og:title\" content=\"Luminus et BMW rendent la mobilit\u00e9 \u00e9lectrique encore plus verte et plus simple - link2fleet\" \/>\n<meta property=\"og:description\" content=\"BMW Group Belux et Luminus annoncent le lancement d\u2019une collaboration strat\u00e9gique permettant aux propri\u00e9taires de voitures \u00e9lectriques et hybrides plug-in de recharger facilement leur v\u00e9hicule\u2026\" \/>\n<meta property=\"og:url\" content=\"https:\/\/www.link2fleet.com\/fr\/luminus-et-bmw-rendent-la-mobilite-electrique-encore-plus-verte-et-plus-simple-2\/\" \/>\n<meta property=\"og:site_name\" content=\"link2fleet\" \/>\n<meta property=\"article:published_time\" content=\"2020-12-07T16:05:27+00:00\" \/>\n<meta property=\"article:modified_time\" content=\"2024-04-17T14:51:52+00:00\" \/>\n<meta property=\"og:image\" content=\"https:\/\/static.link2fleet.com\/wp-content\/uploads\/2024\/03\/bmw-545e-xdrive-059.jpg\" \/>\n\t<meta property=\"og:image:width\" content=\"3360\" \/>\n\t<meta property=\"og:image:height\" content=\"2239\" \/>\n\t<meta property=\"og:image:type\" content=\"image\/jpeg\" \/>\n<meta name=\"author\" content=\"Damien Malvetti\" \/>\n<meta name=\"twitter:card\" content=\"summary_large_image\" \/>\n<meta name=\"twitter:description\" content=\"BMW Group Belux et Luminus annoncent le lancement d\u2019une collaboration strat\u00e9gique permettant aux propri\u00e9taires de voitures \u00e9lectriques et hybrides plug-in de recharger facilement leur v\u00e9hicule\u2026\" \/>\n<meta name=\"twitter:label1\" content=\"\u00c9crit par\" \/>\n\t<meta name=\"twitter:data1\" content=\"Damien Malvetti\" \/>\n\t<meta name=\"twitter:label2\" content=\"Dur\u00e9e de lecture estim\u00e9e\" \/>\n\t<meta name=\"twitter:data2\" content=\"3 minutes\" \/>\n<script type=\"application\/ld+json\" class=\"yoast-schema-graph\">{\"@context\":\"https:\\\/\\\/schema.org\",\"@graph\":[{\"@type\":\"Article\",\"@id\":\"https:\\\/\\\/www.link2fleet.com\\\/fr\\\/luminus-et-bmw-rendent-la-mobilite-electrique-encore-plus-verte-et-plus-simple-2\\\/#article\",\"isPartOf\":{\"@id\":\"https:\\\/\\\/www.link2fleet.com\\\/fr\\\/luminus-et-bmw-rendent-la-mobilite-electrique-encore-plus-verte-et-plus-simple-2\\\/\"},\"author\":{\"name\":\"Damien Malvetti\",\"@id\":\"https:\\\/\\\/www.link2fleet.com\\\/fr\\\/#\\\/schema\\\/person\\\/027cd46113c78036b3809c9a054049da\"},\"headline\":\"Luminus et BMW rendent la mobilit\u00e9 \u00e9lectrique encore plus verte et plus simple\",\"datePublished\":\"2020-12-07T16:05:27+00:00\",\"dateModified\":\"2024-04-17T14:51:52+00:00\",\"mainEntityOfPage\":{\"@id\":\"https:\\\/\\\/www.link2fleet.com\\\/fr\\\/luminus-et-bmw-rendent-la-mobilite-electrique-encore-plus-verte-et-plus-simple-2\\\/\"},\"wordCount\":545,\"publisher\":{\"@id\":\"https:\\\/\\\/www.link2fleet.com\\\/fr\\\/#organization\"},\"image\":{\"@id\":\"https:\\\/\\\/www.link2fleet.com\\\/fr\\\/luminus-et-bmw-rendent-la-mobilite-electrique-encore-plus-verte-et-plus-simple-2\\\/#primaryimage\"},\"thumbnailUrl\":\"https:\\\/\\\/static.link2fleet.com\\\/wp-content\\\/uploads\\\/2024\\\/03\\\/bmw-545e-xdrive-059.jpg\",\"articleSection\":[\"Gestion carburant et de l'\u00e9nergie\",\"Gestion de flotte\",\"Importateurs et constructeurs\",\"V\u00e9hicules\"],\"inLanguage\":\"fr-FR\"},{\"@type\":\"WebPage\",\"@id\":\"https:\\\/\\\/www.link2fleet.com\\\/fr\\\/luminus-et-bmw-rendent-la-mobilite-electrique-encore-plus-verte-et-plus-simple-2\\\/\",\"url\":\"https:\\\/\\\/www.link2fleet.com\\\/fr\\\/luminus-et-bmw-rendent-la-mobilite-electrique-encore-plus-verte-et-plus-simple-2\\\/\",\"name\":\"Luminus et BMW rendent la mobilit\u00e9 \u00e9lectrique encore plus verte et plus simple - link2fleet\",\"isPartOf\":{\"@id\":\"https:\\\/\\\/www.link2fleet.com\\\/fr\\\/#website\"},\"primaryImageOfPage\":{\"@id\":\"https:\\\/\\\/www.link2fleet.com\\\/fr\\\/luminus-et-bmw-rendent-la-mobilite-electrique-encore-plus-verte-et-plus-simple-2\\\/#primaryimage\"},\"image\":{\"@id\":\"https:\\\/\\\/www.link2fleet.com\\\/fr\\\/luminus-et-bmw-rendent-la-mobilite-electrique-encore-plus-verte-et-plus-simple-2\\\/#primaryimage\"},\"thumbnailUrl\":\"https:\\\/\\\/static.link2fleet.com\\\/wp-content\\\/uploads\\\/2024\\\/03\\\/bmw-545e-xdrive-059.jpg\",\"datePublished\":\"2020-12-07T16:05:27+00:00\",\"dateModified\":\"2024-04-17T14:51:52+00:00\",\"breadcrumb\":{\"@id\":\"https:\\\/\\\/www.link2fleet.com\\\/fr\\\/luminus-et-bmw-rendent-la-mobilite-electrique-encore-plus-verte-et-plus-simple-2\\\/#breadcrumb\"},\"inLanguage\":\"fr-FR\",\"potentialAction\":[{\"@type\":\"ReadAction\",\"target\":[\"https:\\\/\\\/www.link2fleet.com\\\/fr\\\/luminus-et-bmw-rendent-la-mobilite-electrique-encore-plus-verte-et-plus-simple-2\\\/\"]}]},{\"@type\":\"ImageObject\",\"inLanguage\":\"fr-FR\",\"@id\":\"https:\\\/\\\/www.link2fleet.com\\\/fr\\\/luminus-et-bmw-rendent-la-mobilite-electrique-encore-plus-verte-et-plus-simple-2\\\/#primaryimage\",\"url\":\"https:\\\/\\\/static.link2fleet.com\\\/wp-content\\\/uploads\\\/2024\\\/03\\\/bmw-545e-xdrive-059.jpg\",\"contentUrl\":\"https:\\\/\\\/static.link2fleet.com\\\/wp-content\\\/uploads\\\/2024\\\/03\\\/bmw-545e-xdrive-059.jpg\",\"width\":3360,\"height\":2239},{\"@type\":\"BreadcrumbList\",\"@id\":\"https:\\\/\\\/www.link2fleet.com\\\/fr\\\/luminus-et-bmw-rendent-la-mobilite-electrique-encore-plus-verte-et-plus-simple-2\\\/#breadcrumb\",\"itemListElement\":[{\"@type\":\"ListItem\",\"position\":1,\"name\":\"Home\",\"item\":\"https:\\\/\\\/www.link2fleet.com\\\/fr\\\/\"},{\"@type\":\"ListItem\",\"position\":2,\"name\":\"Luminus et BMW rendent la mobilit\u00e9 \u00e9lectrique encore plus verte et plus simple\"}]},{\"@type\":\"WebSite\",\"@id\":\"https:\\\/\\\/www.link2fleet.com\\\/fr\\\/#website\",\"url\":\"https:\\\/\\\/www.link2fleet.com\\\/fr\\\/\",\"name\":\"Link2fleet\",\"description\":\"\",\"publisher\":{\"@id\":\"https:\\\/\\\/www.link2fleet.com\\\/fr\\\/#organization\"},\"potentialAction\":[{\"@type\":\"SearchAction\",\"target\":{\"@type\":\"EntryPoint\",\"urlTemplate\":\"https:\\\/\\\/www.link2fleet.com\\\/fr\\\/?s={search_term_string}\"},\"query-input\":{\"@type\":\"PropertyValueSpecification\",\"valueRequired\":true,\"valueName\":\"search_term_string\"}}],\"inLanguage\":\"fr-FR\"},{\"@type\":\"Organization\",\"@id\":\"https:\\\/\\\/www.link2fleet.com\\\/fr\\\/#organization\",\"name\":\"Link2fleet\",\"url\":\"https:\\\/\\\/www.link2fleet.com\\\/fr\\\/\",\"logo\":{\"@type\":\"ImageObject\",\"inLanguage\":\"fr-FR\",\"@id\":\"https:\\\/\\\/www.link2fleet.com\\\/fr\\\/#\\\/schema\\\/logo\\\/image\\\/\",\"url\":\"https:\\\/\\\/static.link2fleet.com\\\/wp-content\\\/uploads\\\/2024\\\/03\\\/share-image.jpg\",\"contentUrl\":\"https:\\\/\\\/static.link2fleet.com\\\/wp-content\\\/uploads\\\/2024\\\/03\\\/share-image.jpg\",\"width\":1200,\"height\":630,\"caption\":\"Link2fleet\"},\"image\":{\"@id\":\"https:\\\/\\\/www.link2fleet.com\\\/fr\\\/#\\\/schema\\\/logo\\\/image\\\/\"},\"sameAs\":[\"https:\\\/\\\/www.linkedin.com\\\/company\\\/link2fleet-belgium\",\"https:\\\/\\\/www.youtube.com\\\/user\\\/MMMBMBE\"]},{\"@type\":\"Person\",\"@id\":\"https:\\\/\\\/www.link2fleet.com\\\/fr\\\/#\\\/schema\\\/person\\\/027cd46113c78036b3809c9a054049da\",\"name\":\"Damien Malvetti\",\"image\":{\"@type\":\"ImageObject\",\"inLanguage\":\"fr-FR\",\"@id\":\"https:\\\/\\\/secure.gravatar.com\\\/avatar\\\/dd8cc03b49466c735f753ac37f8caa371af16dfed347456ed61f02883255eebb?s=96&d=mm&r=g\",\"url\":\"https:\\\/\\\/secure.gravatar.com\\\/avatar\\\/dd8cc03b49466c735f753ac37f8caa371af16dfed347456ed61f02883255eebb?s=96&d=mm&r=g\",\"contentUrl\":\"https:\\\/\\\/secure.gravatar.com\\\/avatar\\\/dd8cc03b49466c735f753ac37f8caa371af16dfed347456ed61f02883255eebb?s=96&d=mm&r=g\",\"caption\":\"Damien Malvetti\"},\"description\":\"Damien Malvetti is opgeleid als journalist en gepassioneerd door wagens, technologie en mobiliteit. Hij is verantwoordelijk voor de redactionele inhoud van link2fleet en beschikt over een uitgebreide kennis van de fleet-sector en elektrische mobiliteit.\",\"sameAs\":[\"https:\\\/\\\/www.linkedin.com\\\/in\\\/damien-malvetti-56601142\\\/\"]}]}<\/script>\n<!-- \/ Yoast SEO plugin. -->","yoast_head_json":{"title":"Luminus et BMW rendent la mobilit\u00e9 \u00e9lectrique encore plus verte et plus simple - link2fleet","description":"BMW Group Belux et Luminus annoncent le lancement d\u2019une collaboration strat\u00e9gique permettant aux propri\u00e9taires de voitures \u00e9lectriques et hybrides plug-in de recharger facilement leur v\u00e9hicule\u2026","robots":{"index":"index","follow":"follow","max-snippet":"max-snippet:-1","max-image-preview":"max-image-preview:large","max-video-preview":"max-video-preview:-1"},"og_locale":"fr_FR","og_type":"article","og_title":"Luminus et BMW rendent la mobilit\u00e9 \u00e9lectrique encore plus verte et plus simple - link2fleet","og_description":"BMW Group Belux et Luminus annoncent le lancement d\u2019une collaboration strat\u00e9gique permettant aux propri\u00e9taires de voitures \u00e9lectriques et hybrides plug-in de recharger facilement leur v\u00e9hicule\u2026","og_url":"https:\/\/www.link2fleet.com\/fr\/luminus-et-bmw-rendent-la-mobilite-electrique-encore-plus-verte-et-plus-simple-2\/","og_site_name":"link2fleet","article_published_time":"2020-12-07T16:05:27+00:00","article_modified_time":"2024-04-17T14:51:52+00:00","og_image":[{"width":3360,"height":2239,"url":"https:\/\/static.link2fleet.com\/wp-content\/uploads\/2024\/03\/bmw-545e-xdrive-059.jpg","type":"image\/jpeg"}],"author":"Damien Malvetti","twitter_card":"summary_large_image","twitter_description":"BMW Group Belux et Luminus annoncent le lancement d\u2019une collaboration strat\u00e9gique permettant aux propri\u00e9taires de voitures \u00e9lectriques et hybrides plug-in de recharger facilement leur v\u00e9hicule\u2026","twitter_misc":{"\u00c9crit par":"Damien Malvetti","Dur\u00e9e de lecture estim\u00e9e":"3 minutes"},"schema":{"@context":"https:\/\/schema.org","@graph":[{"@type":"Article","@id":"https:\/\/www.link2fleet.com\/fr\/luminus-et-bmw-rendent-la-mobilite-electrique-encore-plus-verte-et-plus-simple-2\/#article","isPartOf":{"@id":"https:\/\/www.link2fleet.com\/fr\/luminus-et-bmw-rendent-la-mobilite-electrique-encore-plus-verte-et-plus-simple-2\/"},"author":{"name":"Damien Malvetti","@id":"https:\/\/www.link2fleet.com\/fr\/#\/schema\/person\/027cd46113c78036b3809c9a054049da"},"headline":"Luminus et BMW rendent la mobilit\u00e9 \u00e9lectrique encore plus verte et plus simple","datePublished":"2020-12-07T16:05:27+00:00","dateModified":"2024-04-17T14:51:52+00:00","mainEntityOfPage":{"@id":"https:\/\/www.link2fleet.com\/fr\/luminus-et-bmw-rendent-la-mobilite-electrique-encore-plus-verte-et-plus-simple-2\/"},"wordCount":545,"publisher":{"@id":"https:\/\/www.link2fleet.com\/fr\/#organization"},"image":{"@id":"https:\/\/www.link2fleet.com\/fr\/luminus-et-bmw-rendent-la-mobilite-electrique-encore-plus-verte-et-plus-simple-2\/#primaryimage"},"thumbnailUrl":"https:\/\/static.link2fleet.com\/wp-content\/uploads\/2024\/03\/bmw-545e-xdrive-059.jpg","articleSection":["Gestion carburant et de l'\u00e9nergie","Gestion de flotte","Importateurs et constructeurs","V\u00e9hicules"],"inLanguage":"fr-FR"},{"@type":"WebPage","@id":"https:\/\/www.link2fleet.com\/fr\/luminus-et-bmw-rendent-la-mobilite-electrique-encore-plus-verte-et-plus-simple-2\/","url":"https:\/\/www.link2fleet.com\/fr\/luminus-et-bmw-rendent-la-mobilite-electrique-encore-plus-verte-et-plus-simple-2\/","name":"Luminus et BMW rendent la mobilit\u00e9 \u00e9lectrique encore plus verte et plus simple - link2fleet","isPartOf":{"@id":"https:\/\/www.link2fleet.com\/fr\/#website"},"primaryImageOfPage":{"@id":"https:\/\/www.link2fleet.com\/fr\/luminus-et-bmw-rendent-la-mobilite-electrique-encore-plus-verte-et-plus-simple-2\/#primaryimage"},"image":{"@id":"https:\/\/www.link2fleet.com\/fr\/luminus-et-bmw-rendent-la-mobilite-electrique-encore-plus-verte-et-plus-simple-2\/#primaryimage"},"thumbnailUrl":"https:\/\/static.link2fleet.com\/wp-content\/uploads\/2024\/03\/bmw-545e-xdrive-059.jpg","datePublished":"2020-12-07T16:05:27+00:00","dateModified":"2024-04-17T14:51:52+00:00","breadcrumb":{"@id":"https:\/\/www.link2fleet.com\/fr\/luminus-et-bmw-rendent-la-mobilite-electrique-encore-plus-verte-et-plus-simple-2\/#breadcrumb"},"inLanguage":"fr-FR","potentialAction":[{"@type":"ReadAction","target":["https:\/\/www.link2fleet.com\/fr\/luminus-et-bmw-rendent-la-mobilite-electrique-encore-plus-verte-et-plus-simple-2\/"]}]},{"@type":"ImageObject","inLanguage":"fr-FR","@id":"https:\/\/www.link2fleet.com\/fr\/luminus-et-bmw-rendent-la-mobilite-electrique-encore-plus-verte-et-plus-simple-2\/#primaryimage","url":"https:\/\/static.link2fleet.com\/wp-content\/uploads\/2024\/03\/bmw-545e-xdrive-059.jpg","contentUrl":"https:\/\/static.link2fleet.com\/wp-content\/uploads\/2024\/03\/bmw-545e-xdrive-059.jpg","width":3360,"height":2239},{"@type":"BreadcrumbList","@id":"https:\/\/www.link2fleet.com\/fr\/luminus-et-bmw-rendent-la-mobilite-electrique-encore-plus-verte-et-plus-simple-2\/#breadcrumb","itemListElement":[{"@type":"ListItem","position":1,"name":"Home","item":"https:\/\/www.link2fleet.com\/fr\/"},{"@type":"ListItem","position":2,"name":"Luminus et BMW rendent la mobilit\u00e9 \u00e9lectrique encore plus verte et plus simple"}]},{"@type":"WebSite","@id":"https:\/\/www.link2fleet.com\/fr\/#website","url":"https:\/\/www.link2fleet.com\/fr\/","name":"Link2fleet","description":"","publisher":{"@id":"https:\/\/www.link2fleet.com\/fr\/#organization"},"potentialAction":[{"@type":"SearchAction","target":{"@type":"EntryPoint","urlTemplate":"https:\/\/www.link2fleet.com\/fr\/?s={search_term_string}"},"query-input":{"@type":"PropertyValueSpecification","valueRequired":true,"valueName":"search_term_string"}}],"inLanguage":"fr-FR"},{"@type":"Organization","@id":"https:\/\/www.link2fleet.com\/fr\/#organization","name":"Link2fleet","url":"https:\/\/www.link2fleet.com\/fr\/","logo":{"@type":"ImageObject","inLanguage":"fr-FR","@id":"https:\/\/www.link2fleet.com\/fr\/#\/schema\/logo\/image\/","url":"https:\/\/static.link2fleet.com\/wp-content\/uploads\/2024\/03\/share-image.jpg","contentUrl":"https:\/\/static.link2fleet.com\/wp-content\/uploads\/2024\/03\/share-image.jpg","width":1200,"height":630,"caption":"Link2fleet"},"image":{"@id":"https:\/\/www.link2fleet.com\/fr\/#\/schema\/logo\/image\/"},"sameAs":["https:\/\/www.linkedin.com\/company\/link2fleet-belgium","https:\/\/www.youtube.com\/user\/MMMBMBE"]},{"@type":"Person","@id":"https:\/\/www.link2fleet.com\/fr\/#\/schema\/person\/027cd46113c78036b3809c9a054049da","name":"Damien Malvetti","image":{"@type":"ImageObject","inLanguage":"fr-FR","@id":"https:\/\/secure.gravatar.com\/avatar\/dd8cc03b49466c735f753ac37f8caa371af16dfed347456ed61f02883255eebb?s=96&d=mm&r=g","url":"https:\/\/secure.gravatar.com\/avatar\/dd8cc03b49466c735f753ac37f8caa371af16dfed347456ed61f02883255eebb?s=96&d=mm&r=g","contentUrl":"https:\/\/secure.gravatar.com\/avatar\/dd8cc03b49466c735f753ac37f8caa371af16dfed347456ed61f02883255eebb?s=96&d=mm&r=g","caption":"Damien Malvetti"},"description":"Damien Malvetti is opgeleid als journalist en gepassioneerd door wagens, technologie en mobiliteit. Hij is verantwoordelijk voor de redactionele inhoud van link2fleet en beschikt over een uitgebreide kennis van de fleet-sector en elektrische mobiliteit.","sameAs":["https:\/\/www.linkedin.com\/in\/damien-malvetti-56601142\/"]}]}},"_links":{"self":[{"href":"https:\/\/www.link2fleet.com\/fr\/wp-json\/wp\/v2\/posts\/3085","targetHints":{"allow":["GET"]}}],"collection":[{"href":"https:\/\/www.link2fleet.com\/fr\/wp-json\/wp\/v2\/posts"}],"about":[{"href":"https:\/\/www.link2fleet.com\/fr\/wp-json\/wp\/v2\/types\/post"}],"author":[{"embeddable":true,"href":"https:\/\/www.link2fleet.com\/fr\/wp-json\/wp\/v2\/users\/4"}],"replies":[{"embeddable":true,"href":"https:\/\/www.link2fleet.com\/fr\/wp-json\/wp\/v2\/comments?post=3085"}],"version-history":[{"count":0,"href":"https:\/\/www.link2fleet.com\/fr\/wp-json\/wp\/v2\/posts\/3085\/revisions"}],"wp:featuredmedia":[{"embeddable":true,"href":"https:\/\/www.link2fleet.com\/fr\/wp-json\/wp\/v2\/media\/3086"}],"wp:attachment":[{"href":"https:\/\/www.link2fleet.com\/fr\/wp-json\/wp\/v2\/media?parent=3085"}],"wp:term":[{"taxonomy":"category","embeddable":true,"href":"https:\/\/www.link2fleet.com\/fr\/wp-json\/wp\/v2\/categories?post=3085"},{"taxonomy":"post_tag","embeddable":true,"href":"https:\/\/www.link2fleet.com\/fr\/wp-json\/wp\/v2\/tags?post=3085"}],"curies":[{"name":"wp","href":"https:\/\/api.w.org\/{rel}","templated":true}]}}