{"id":3088,"date":"2020-12-09T13:08:30","date_gmt":"2020-12-09T12:08:30","guid":{"rendered":"https:\/\/www.link2fleet.com\/michiel-alferink-managing-director-athlon-belux-cest-le-moment-de-changer-de-mindset\/"},"modified":"2020-12-09T13:08:30","modified_gmt":"2020-12-09T12:08:30","slug":"michiel-alferink-managing-director-athlon-belux-cest-le-moment-de-changer-de-mindset","status":"publish","type":"post","link":"https:\/\/www.link2fleet.com\/fr\/michiel-alferink-managing-director-athlon-belux-cest-le-moment-de-changer-de-mindset\/","title":{"rendered":"Michiel Alferink, Managing Director Athlon Belux : \u00ab\u00a0C\u2019est le moment de changer de \u2018mindset\u2019\u00a0\u00bb."},"content":{"rendered":"<p><strong>link2fleet<\/strong>\u00a0: Plut\u00f4t insolite et sans doute compliqu\u00e9 votre d\u00e9but de parcours \u00e0 la t\u00eate d\u2019Athlon Belux\u00a0?<\/p>\n<p><strong>Michiel Alferink<\/strong>\u00a0: Insolite certainement puisqu\u2019avec les r\u00e8gles de confinement en vigueur \u00e0 ce moment j\u2019ai \u00e9t\u00e9 coinc\u00e9 en Espagne jusqu\u2019au mois d\u2019ao\u00fbt, moment o\u00f9 j\u2019ai enfin pu rejoindre la Belgique pour m\u2019y installer. Pour le reste, le travail avait d\u00e9j\u00e0 \u00e9t\u00e9 soigneusement pr\u00e9par\u00e9 par mon pr\u00e9d\u00e9cesseur Erwin Ollivier qui avait d\u00e9j\u00e0 plac\u00e9 la soci\u00e9t\u00e9 sur de bons rails. N\u2019emp\u00eache qu\u2019il a fallu prendre des d\u00e9cisions rapides afin d\u2019aider nos clients les plus impact\u00e9s \u00e0 traverser cette premi\u00e8re phase de \u2018lockdown\u2019. Il a \u00e9galement fallu v\u00e9rifier que l\u2019entreprise \u00e9tait en parfait ordre de marche pour fonctionner en 100% t\u00e9l\u00e9travail, ce qui \u00e9tait totalement le cas. Bref, un d\u00e9marrage bien sportif\u2026<\/p>\n<p><strong>Il existe clairement un momentum<\/strong><\/p>\n<p><strong>l2f\u00a0<\/strong>: Avez-vous d\u00e9j\u00e0 pu vous habituer \u00e0 la fiscalit\u00e9 qui r\u00e9git les voitures de soci\u00e9t\u00e9 en Belgique\u00a0?<\/p>\n<p><strong>M.A.<\/strong>\u00a0: Je suis en train d\u2019apprendre et je pense que je ne suis pas encore au bout de mes peines (rires\u2026). Le march\u00e9 belge est \u00e9videmment tr\u00e8s complexe avec ces diff\u00e9rents niveaux de d\u00e9cision qui rendent les r\u00e8gles tr\u00e8s compliqu\u00e9es. On se met \u00e9videmment \u00e0 la place des pauvres clients qui doivent int\u00e9grer tous ces param\u00e8tres dans leur gestion.<\/p>\n<p><strong>l2f\u00a0: <\/strong>Comment accueillez-vous la d\u00e9cision du nouveau gouvernement de basculer vers le z\u00e9ro \u00e9mission de CO2 \u00e0 partir de 2026\u00a0?<\/p>\n<p><strong>M.A.<\/strong>\u00a0: C\u2019est plut\u00f4t encourageant que les autorit\u00e9s de ce pays donnent une direction claire. Le chemin \u00e0 parcourir d\u2019ici 2026 rec\u00e8le cependant bon nombre de d\u00e9fis. Ce que je constate c\u2019est que tous les indicateurs sont en train de s\u2019aligner. On voit que l\u2019offre \u00e9lectrifi\u00e9e des constructeurs continue \u00e0 s\u2019\u00e9toffer rapidement tandis que parall\u00e8lement le r\u00e9seau de recharge se met en place. L\u2019installation en Flandre de 30.000 points de recharge suppl\u00e9mentaires en est une concr\u00e8te d\u00e9monstration. De notre c\u00f4t\u00e9, en tant que fournisseur de mobilit\u00e9, nous sommes aujourd\u2019hui pr\u00eats \u00e0 fournir une offre \u2018\u00e9lectrique\u2019 tout compris totalement compr\u00e9hensible pour le client. Athlon s\u2019est montr\u00e9 pionnier en investissant consid\u00e9rablement dans la mobilit\u00e9 \u00e9lectrique depuis 2011. C\u2019est super de constater que le gouvernement f\u00e9d\u00e9rale a choisi d\u2019emprunter cette voie.<\/p>\n<p><img loading=\"lazy\" decoding=\"async\" class=\"alignnone size-medium wp-image-1262331\" src=\"https:\/\/www.link2fleet.com\/wp-content\/uploads\/2020\/12\/fc_20201013_MichielAlferink_2423-200x300.jpg\" alt=\"\" width=\"200\" height=\"300\" \/><\/p>\n<blockquote><p>Michiel Alferink : \u00ab\u00a0<em>Athlon se profile comme le facilitateur qui aide les soci\u00e9t\u00e9s \u00e0 faire le premier pas vers la nouvelle mobilit\u00e9.<\/em>\u00ab\u00a0<\/p><\/blockquote>\n<p>&nbsp;<\/p>\n<p><strong>l2f<\/strong>\u00a0: Si, selon vous, tous les ingr\u00e9dients sont en place, il ne reste plus qu\u2019\u00e0 convaincre les entreprises\u00a0?<\/p>\n<p><strong>M.A.<\/strong>\u00a0: Il existe clairement un momentum qui a \u00e9t\u00e9 acc\u00e9l\u00e9r\u00e9 et accentu\u00e9 par la crise du Coronavirus. Tout comme les fournisseurs, les entreprises commencent \u00e0 se forger une nouvelle image de la mobilit\u00e9. Une mobilit\u00e9 plus durable, plus flexible, plus s\u00e9curisante mais aussi plus individuelle. Une mobilit\u00e9 qui se d\u00e9tache de plus en plus fr\u00e9quemment de l\u2019usage unique de la voiture pour int\u00e9grer d\u2019autres solutions de d\u00e9placement. C\u2019est pourquoi Athlon entend se profiler comme l\u2019accompagnateur privil\u00e9gi\u00e9 qui aide les soci\u00e9t\u00e9s \u00e0 faire le premier pas.<\/p>\n<p><strong>l2f\u00a0: <\/strong>C\u2019est donc dans ce sens qu\u2019il faut interpr\u00e9ter votre d\u00e9marche de \u2018livre blanc\u2019\u00a0?<\/p>\n<p><strong>M.A.<\/strong>\u00a0: Absolument. Notre livre blanc \u2018<em>Vivre, travailler et se d\u00e9placer en 2030\u2019 <\/em>passe en revue les besoins de mobilit\u00e9 des 10 prochaines ann\u00e9es en s\u2019attardant sur le r\u00f4le du budget de mobilit\u00e9. Ce budget de mobilit\u00e9 constitue une opportunit\u00e9 unique pour les entreprises belges mais il reste complexe \u00e0 mettre en place. Un accompagnement professionnel est absolument n\u00e9cessaire.<\/p>\n<p><strong>La mobilit\u00e9 au-del\u00e0 de la voiture<\/strong><\/p>\n<p><strong>l2f\u00a0: <\/strong>Pourquoi Athlon pr\u00f4ne-t-il la mobilit\u00e9 multimodale alors que l\u2019on sait pertinemment bien qu\u2019un contrat leasing voiture pur est plus r\u00e9mun\u00e9rateur\u00a0?<\/p>\n<p><strong>M.A.<\/strong>\u00a0: Dans un monde qui \u00e9volue, chaque entreprise a le devoir de faire \u00e9voluer sa responsabilit\u00e9 soci\u00e9tale. Nous souhaitons servir d\u2019exemple. Promouvoir le \u2018modal shift\u2019 c\u2019est en quelque sorte \u00a0accompagner les entreprises dans la transition durable et les aider \u00e0 changer leur \u2018mindset\u2019. Maintenant, soyons clairs, nous restons une soci\u00e9t\u00e9 \u00e0 vocation commerciale et nos initiatives demeurent coh\u00e9rentes sur le plan de la rentabilit\u00e9. C\u2019est aussi le cas pour les autres formes de mobilit\u00e9 que nous proposons. Notre ambition est d&rsquo;aider le client en fonction d\u2019une complexit\u00e9 accrue et c&rsquo;est l\u00e0 que nous prouverons notre valeur ajout\u00e9e.<\/p>\n<p><img loading=\"lazy\" decoding=\"async\" class=\"alignnone size-medium wp-image-1262333\" src=\"https:\/\/www.link2fleet.com\/wp-content\/uploads\/2020\/12\/Foto24-09-2020retravaillee23-248x300.jpg\" alt=\"\" width=\"248\" height=\"300\" \/><\/p>\n<blockquote><p>Michiel Alferink : \u00ab\u00a0<em>Le budget de mobilit\u00e9 constitue une opportunit\u00e9 unique pour les soci\u00e9t\u00e9s belges\u00a0\u00bb<\/em>.<\/p><\/blockquote>\n<p>&nbsp;<\/p>\n<p><strong>l2f\u00a0: <\/strong>Alors que pas mal de vos confr\u00e8res ont profit\u00e9 de la crise pour promouvoir un service de leasing de v\u00e9hicules d\u2019occasion, Athlon reste relativement discret sur ce sujet. Pouvez-vous en dire plus\u00a0?<\/p>\n<p><strong>M.A.\u00a0<\/strong>: Nous ne proposons tout simplement pas ce service en Belgique. Il y a beaucoup de bruit sur ce sujet mais j&rsquo;ose douter qu\u2019il s\u2019agisse d\u2019un grand march\u00e9 ici en Belgique. Nous avons de bonnes solutions de location qui sont au moins aussi rapides, mais avec des voitures plus r\u00e9centes.<\/p>\n","protected":false},"excerpt":{"rendered":"<p>link2fleet\u00a0: Plut\u00f4t insolite et sans doute compliqu\u00e9 votre d\u00e9but de parcours \u00e0 la t\u00eate d\u2019Athlon Belux\u00a0? Michiel Alferink\u00a0: Insolite certainement puisqu\u2019avec les r\u00e8gles de confinement en vigueur \u00e0 ce moment j\u2019ai \u00e9t\u00e9 coinc\u00e9 en Espagne jusqu\u2019au mois d\u2019ao\u00fbt, moment o\u00f9 j\u2019ai enfin pu rejoindre la Belgique pour m\u2019y installer. Pour le reste, le travail avait [&hellip;]<\/p>\n","protected":false},"author":19,"featured_media":3089,"comment_status":"closed","ping_status":"closed","sticky":false,"template":"","format":"standard","meta":{"_acf_changed":false,"footnotes":""},"categories":[91,79],"tags":[],"class_list":["post-3088","post","type-post","status-publish","format-standard","has-post-thumbnail","hentry","category-expertise-et-management","category-societes-de-leasing"],"acf":[],"yoast_head":"<!-- This site is optimized with the Yoast SEO plugin v27.3 - https:\/\/yoast.com\/product\/yoast-seo-wordpress\/ -->\n<title>Michiel Alferink, Managing Director Athlon Belux : &quot;C\u2019est le moment de changer de \u2018mindset\u2019&quot;. - link2fleet<\/title>\n<meta name=\"description\" content=\"Arriv\u00e9 fin mars \u00e0 la t\u00eate d\u2019Athlon Belgique &amp; Luxembourg en pleine p\u00e9riode de premier \u2018lockdown\u2019, Michiel Alferink, majoritairement \u00e0 distance, prend ses marques dans\u2026\" \/>\n<meta name=\"robots\" content=\"index, follow, max-snippet:-1, max-image-preview:large, max-video-preview:-1\" \/>\n<meta property=\"og:locale\" content=\"fr_FR\" \/>\n<meta property=\"og:type\" content=\"article\" \/>\n<meta property=\"og:title\" content=\"Michiel Alferink, Managing Director Athlon Belux : &quot;C\u2019est le moment de changer de \u2018mindset\u2019&quot;. - link2fleet\" \/>\n<meta property=\"og:description\" content=\"Arriv\u00e9 fin mars \u00e0 la t\u00eate d\u2019Athlon Belgique &amp; Luxembourg en pleine p\u00e9riode de premier \u2018lockdown\u2019, Michiel Alferink, majoritairement \u00e0 distance, prend ses marques dans\u2026\" \/>\n<meta property=\"og:url\" content=\"https:\/\/www.link2fleet.com\/fr\/michiel-alferink-managing-director-athlon-belux-cest-le-moment-de-changer-de-mindset\/\" \/>\n<meta property=\"og:site_name\" content=\"link2fleet\" \/>\n<meta property=\"article:published_time\" content=\"2020-12-09T12:08:30+00:00\" \/>\n<meta property=\"og:image\" content=\"https:\/\/static.link2fleet.com\/wp-content\/uploads\/2024\/03\/fc-20201013-michielalferink-2384.jpg\" \/>\n\t<meta property=\"og:image:width\" content=\"682\" \/>\n\t<meta property=\"og:image:height\" content=\"1024\" \/>\n\t<meta property=\"og:image:type\" content=\"image\/jpeg\" \/>\n<meta name=\"author\" content=\"Marc Demoulin\" \/>\n<meta name=\"twitter:card\" content=\"summary_large_image\" \/>\n<meta name=\"twitter:description\" content=\"Arriv\u00e9 fin mars \u00e0 la t\u00eate d\u2019Athlon Belgique &amp; Luxembourg en pleine p\u00e9riode de premier \u2018lockdown\u2019, Michiel Alferink, majoritairement \u00e0 distance, prend ses marques dans\u2026\" \/>\n<meta name=\"twitter:label1\" content=\"\u00c9crit par\" \/>\n\t<meta name=\"twitter:data1\" content=\"Marc Demoulin\" \/>\n\t<meta name=\"twitter:label2\" content=\"Dur\u00e9e de lecture estim\u00e9e\" \/>\n\t<meta name=\"twitter:data2\" content=\"4 minutes\" \/>\n<script type=\"application\/ld+json\" class=\"yoast-schema-graph\">{\"@context\":\"https:\\\/\\\/schema.org\",\"@graph\":[{\"@type\":\"Article\",\"@id\":\"https:\\\/\\\/www.link2fleet.com\\\/fr\\\/michiel-alferink-managing-director-athlon-belux-cest-le-moment-de-changer-de-mindset\\\/#article\",\"isPartOf\":{\"@id\":\"https:\\\/\\\/www.link2fleet.com\\\/fr\\\/michiel-alferink-managing-director-athlon-belux-cest-le-moment-de-changer-de-mindset\\\/\"},\"author\":{\"name\":\"Marc Demoulin\",\"@id\":\"https:\\\/\\\/www.link2fleet.com\\\/fr\\\/#\\\/schema\\\/person\\\/be5c57fc3d8ec765f7f536ffa2d67457\"},\"headline\":\"Michiel Alferink, Managing Director Athlon Belux : \u00ab\u00a0C\u2019est le moment de changer de \u2018mindset\u2019\u00a0\u00bb.\",\"datePublished\":\"2020-12-09T12:08:30+00:00\",\"mainEntityOfPage\":{\"@id\":\"https:\\\/\\\/www.link2fleet.com\\\/fr\\\/michiel-alferink-managing-director-athlon-belux-cest-le-moment-de-changer-de-mindset\\\/\"},\"wordCount\":899,\"publisher\":{\"@id\":\"https:\\\/\\\/www.link2fleet.com\\\/fr\\\/#organization\"},\"image\":{\"@id\":\"https:\\\/\\\/www.link2fleet.com\\\/fr\\\/michiel-alferink-managing-director-athlon-belux-cest-le-moment-de-changer-de-mindset\\\/#primaryimage\"},\"thumbnailUrl\":\"https:\\\/\\\/static.link2fleet.com\\\/wp-content\\\/uploads\\\/2024\\\/03\\\/fc-20201013-michielalferink-2384.jpg\",\"articleSection\":[\"Gestion de flotte\",\"Location long-terme\"],\"inLanguage\":\"fr-FR\"},{\"@type\":\"WebPage\",\"@id\":\"https:\\\/\\\/www.link2fleet.com\\\/fr\\\/michiel-alferink-managing-director-athlon-belux-cest-le-moment-de-changer-de-mindset\\\/\",\"url\":\"https:\\\/\\\/www.link2fleet.com\\\/fr\\\/michiel-alferink-managing-director-athlon-belux-cest-le-moment-de-changer-de-mindset\\\/\",\"name\":\"Michiel Alferink, Managing Director Athlon Belux : \\\"C\u2019est le moment de changer de \u2018mindset\u2019\\\". - link2fleet\",\"isPartOf\":{\"@id\":\"https:\\\/\\\/www.link2fleet.com\\\/fr\\\/#website\"},\"primaryImageOfPage\":{\"@id\":\"https:\\\/\\\/www.link2fleet.com\\\/fr\\\/michiel-alferink-managing-director-athlon-belux-cest-le-moment-de-changer-de-mindset\\\/#primaryimage\"},\"image\":{\"@id\":\"https:\\\/\\\/www.link2fleet.com\\\/fr\\\/michiel-alferink-managing-director-athlon-belux-cest-le-moment-de-changer-de-mindset\\\/#primaryimage\"},\"thumbnailUrl\":\"https:\\\/\\\/static.link2fleet.com\\\/wp-content\\\/uploads\\\/2024\\\/03\\\/fc-20201013-michielalferink-2384.jpg\",\"datePublished\":\"2020-12-09T12:08:30+00:00\",\"breadcrumb\":{\"@id\":\"https:\\\/\\\/www.link2fleet.com\\\/fr\\\/michiel-alferink-managing-director-athlon-belux-cest-le-moment-de-changer-de-mindset\\\/#breadcrumb\"},\"inLanguage\":\"fr-FR\",\"potentialAction\":[{\"@type\":\"ReadAction\",\"target\":[\"https:\\\/\\\/www.link2fleet.com\\\/fr\\\/michiel-alferink-managing-director-athlon-belux-cest-le-moment-de-changer-de-mindset\\\/\"]}]},{\"@type\":\"ImageObject\",\"inLanguage\":\"fr-FR\",\"@id\":\"https:\\\/\\\/www.link2fleet.com\\\/fr\\\/michiel-alferink-managing-director-athlon-belux-cest-le-moment-de-changer-de-mindset\\\/#primaryimage\",\"url\":\"https:\\\/\\\/static.link2fleet.com\\\/wp-content\\\/uploads\\\/2024\\\/03\\\/fc-20201013-michielalferink-2384.jpg\",\"contentUrl\":\"https:\\\/\\\/static.link2fleet.com\\\/wp-content\\\/uploads\\\/2024\\\/03\\\/fc-20201013-michielalferink-2384.jpg\",\"width\":3280,\"height\":4928,\"caption\":\"||||\"},{\"@type\":\"BreadcrumbList\",\"@id\":\"https:\\\/\\\/www.link2fleet.com\\\/fr\\\/michiel-alferink-managing-director-athlon-belux-cest-le-moment-de-changer-de-mindset\\\/#breadcrumb\",\"itemListElement\":[{\"@type\":\"ListItem\",\"position\":1,\"name\":\"Home\",\"item\":\"https:\\\/\\\/www.link2fleet.com\\\/fr\\\/\"},{\"@type\":\"ListItem\",\"position\":2,\"name\":\"Michiel Alferink, Managing Director Athlon Belux : &#8220;C\u2019est le moment de changer de \u2018mindset\u2019&#8221;.\"}]},{\"@type\":\"WebSite\",\"@id\":\"https:\\\/\\\/www.link2fleet.com\\\/fr\\\/#website\",\"url\":\"https:\\\/\\\/www.link2fleet.com\\\/fr\\\/\",\"name\":\"Link2fleet\",\"description\":\"\",\"publisher\":{\"@id\":\"https:\\\/\\\/www.link2fleet.com\\\/fr\\\/#organization\"},\"potentialAction\":[{\"@type\":\"SearchAction\",\"target\":{\"@type\":\"EntryPoint\",\"urlTemplate\":\"https:\\\/\\\/www.link2fleet.com\\\/fr\\\/?s={search_term_string}\"},\"query-input\":{\"@type\":\"PropertyValueSpecification\",\"valueRequired\":true,\"valueName\":\"search_term_string\"}}],\"inLanguage\":\"fr-FR\"},{\"@type\":\"Organization\",\"@id\":\"https:\\\/\\\/www.link2fleet.com\\\/fr\\\/#organization\",\"name\":\"Link2fleet\",\"url\":\"https:\\\/\\\/www.link2fleet.com\\\/fr\\\/\",\"logo\":{\"@type\":\"ImageObject\",\"inLanguage\":\"fr-FR\",\"@id\":\"https:\\\/\\\/www.link2fleet.com\\\/fr\\\/#\\\/schema\\\/logo\\\/image\\\/\",\"url\":\"https:\\\/\\\/static.link2fleet.com\\\/wp-content\\\/uploads\\\/2024\\\/03\\\/share-image.jpg\",\"contentUrl\":\"https:\\\/\\\/static.link2fleet.com\\\/wp-content\\\/uploads\\\/2024\\\/03\\\/share-image.jpg\",\"width\":1200,\"height\":630,\"caption\":\"Link2fleet\"},\"image\":{\"@id\":\"https:\\\/\\\/www.link2fleet.com\\\/fr\\\/#\\\/schema\\\/logo\\\/image\\\/\"},\"sameAs\":[\"https:\\\/\\\/www.linkedin.com\\\/company\\\/link2fleet-belgium\",\"https:\\\/\\\/www.youtube.com\\\/user\\\/MMMBMBE\"]},{\"@type\":\"Person\",\"@id\":\"https:\\\/\\\/www.link2fleet.com\\\/fr\\\/#\\\/schema\\\/person\\\/be5c57fc3d8ec765f7f536ffa2d67457\",\"name\":\"Marc Demoulin\",\"image\":{\"@type\":\"ImageObject\",\"inLanguage\":\"fr-FR\",\"@id\":\"https:\\\/\\\/secure.gravatar.com\\\/avatar\\\/a87df2253d2615844817d0a7f244258741572a74e0c35a309fca2badab9f30e7?s=96&d=mm&r=g\",\"url\":\"https:\\\/\\\/secure.gravatar.com\\\/avatar\\\/a87df2253d2615844817d0a7f244258741572a74e0c35a309fca2badab9f30e7?s=96&d=mm&r=g\",\"contentUrl\":\"https:\\\/\\\/secure.gravatar.com\\\/avatar\\\/a87df2253d2615844817d0a7f244258741572a74e0c35a309fca2badab9f30e7?s=96&d=mm&r=g\",\"caption\":\"Marc Demoulin\"}}]}<\/script>\n<!-- \/ Yoast SEO plugin. -->","yoast_head_json":{"title":"Michiel Alferink, Managing Director Athlon Belux : \"C\u2019est le moment de changer de \u2018mindset\u2019\". - link2fleet","description":"Arriv\u00e9 fin mars \u00e0 la t\u00eate d\u2019Athlon Belgique &amp; Luxembourg en pleine p\u00e9riode de premier \u2018lockdown\u2019, Michiel Alferink, majoritairement \u00e0 distance, prend ses marques dans\u2026","robots":{"index":"index","follow":"follow","max-snippet":"max-snippet:-1","max-image-preview":"max-image-preview:large","max-video-preview":"max-video-preview:-1"},"og_locale":"fr_FR","og_type":"article","og_title":"Michiel Alferink, Managing Director Athlon Belux : \"C\u2019est le moment de changer de \u2018mindset\u2019\". - link2fleet","og_description":"Arriv\u00e9 fin mars \u00e0 la t\u00eate d\u2019Athlon Belgique &amp; Luxembourg en pleine p\u00e9riode de premier \u2018lockdown\u2019, Michiel Alferink, majoritairement \u00e0 distance, prend ses marques dans\u2026","og_url":"https:\/\/www.link2fleet.com\/fr\/michiel-alferink-managing-director-athlon-belux-cest-le-moment-de-changer-de-mindset\/","og_site_name":"link2fleet","article_published_time":"2020-12-09T12:08:30+00:00","og_image":[{"url":"https:\/\/static.link2fleet.com\/wp-content\/uploads\/2024\/03\/fc-20201013-michielalferink-2384.jpg","width":682,"height":1024,"type":"image\/jpeg"}],"author":"Marc Demoulin","twitter_card":"summary_large_image","twitter_description":"Arriv\u00e9 fin mars \u00e0 la t\u00eate d\u2019Athlon Belgique &amp; Luxembourg en pleine p\u00e9riode de premier \u2018lockdown\u2019, Michiel Alferink, majoritairement \u00e0 distance, prend ses marques dans\u2026","twitter_misc":{"\u00c9crit par":"Marc Demoulin","Dur\u00e9e de lecture estim\u00e9e":"4 minutes"},"schema":{"@context":"https:\/\/schema.org","@graph":[{"@type":"Article","@id":"https:\/\/www.link2fleet.com\/fr\/michiel-alferink-managing-director-athlon-belux-cest-le-moment-de-changer-de-mindset\/#article","isPartOf":{"@id":"https:\/\/www.link2fleet.com\/fr\/michiel-alferink-managing-director-athlon-belux-cest-le-moment-de-changer-de-mindset\/"},"author":{"name":"Marc Demoulin","@id":"https:\/\/www.link2fleet.com\/fr\/#\/schema\/person\/be5c57fc3d8ec765f7f536ffa2d67457"},"headline":"Michiel Alferink, Managing Director Athlon Belux : \u00ab\u00a0C\u2019est le moment de changer de \u2018mindset\u2019\u00a0\u00bb.","datePublished":"2020-12-09T12:08:30+00:00","mainEntityOfPage":{"@id":"https:\/\/www.link2fleet.com\/fr\/michiel-alferink-managing-director-athlon-belux-cest-le-moment-de-changer-de-mindset\/"},"wordCount":899,"publisher":{"@id":"https:\/\/www.link2fleet.com\/fr\/#organization"},"image":{"@id":"https:\/\/www.link2fleet.com\/fr\/michiel-alferink-managing-director-athlon-belux-cest-le-moment-de-changer-de-mindset\/#primaryimage"},"thumbnailUrl":"https:\/\/static.link2fleet.com\/wp-content\/uploads\/2024\/03\/fc-20201013-michielalferink-2384.jpg","articleSection":["Gestion de flotte","Location long-terme"],"inLanguage":"fr-FR"},{"@type":"WebPage","@id":"https:\/\/www.link2fleet.com\/fr\/michiel-alferink-managing-director-athlon-belux-cest-le-moment-de-changer-de-mindset\/","url":"https:\/\/www.link2fleet.com\/fr\/michiel-alferink-managing-director-athlon-belux-cest-le-moment-de-changer-de-mindset\/","name":"Michiel Alferink, Managing Director Athlon Belux : \"C\u2019est le moment de changer de \u2018mindset\u2019\". - link2fleet","isPartOf":{"@id":"https:\/\/www.link2fleet.com\/fr\/#website"},"primaryImageOfPage":{"@id":"https:\/\/www.link2fleet.com\/fr\/michiel-alferink-managing-director-athlon-belux-cest-le-moment-de-changer-de-mindset\/#primaryimage"},"image":{"@id":"https:\/\/www.link2fleet.com\/fr\/michiel-alferink-managing-director-athlon-belux-cest-le-moment-de-changer-de-mindset\/#primaryimage"},"thumbnailUrl":"https:\/\/static.link2fleet.com\/wp-content\/uploads\/2024\/03\/fc-20201013-michielalferink-2384.jpg","datePublished":"2020-12-09T12:08:30+00:00","breadcrumb":{"@id":"https:\/\/www.link2fleet.com\/fr\/michiel-alferink-managing-director-athlon-belux-cest-le-moment-de-changer-de-mindset\/#breadcrumb"},"inLanguage":"fr-FR","potentialAction":[{"@type":"ReadAction","target":["https:\/\/www.link2fleet.com\/fr\/michiel-alferink-managing-director-athlon-belux-cest-le-moment-de-changer-de-mindset\/"]}]},{"@type":"ImageObject","inLanguage":"fr-FR","@id":"https:\/\/www.link2fleet.com\/fr\/michiel-alferink-managing-director-athlon-belux-cest-le-moment-de-changer-de-mindset\/#primaryimage","url":"https:\/\/static.link2fleet.com\/wp-content\/uploads\/2024\/03\/fc-20201013-michielalferink-2384.jpg","contentUrl":"https:\/\/static.link2fleet.com\/wp-content\/uploads\/2024\/03\/fc-20201013-michielalferink-2384.jpg","width":3280,"height":4928,"caption":"||||"},{"@type":"BreadcrumbList","@id":"https:\/\/www.link2fleet.com\/fr\/michiel-alferink-managing-director-athlon-belux-cest-le-moment-de-changer-de-mindset\/#breadcrumb","itemListElement":[{"@type":"ListItem","position":1,"name":"Home","item":"https:\/\/www.link2fleet.com\/fr\/"},{"@type":"ListItem","position":2,"name":"Michiel Alferink, Managing Director Athlon Belux : &#8220;C\u2019est le moment de changer de \u2018mindset\u2019&#8221;."}]},{"@type":"WebSite","@id":"https:\/\/www.link2fleet.com\/fr\/#website","url":"https:\/\/www.link2fleet.com\/fr\/","name":"Link2fleet","description":"","publisher":{"@id":"https:\/\/www.link2fleet.com\/fr\/#organization"},"potentialAction":[{"@type":"SearchAction","target":{"@type":"EntryPoint","urlTemplate":"https:\/\/www.link2fleet.com\/fr\/?s={search_term_string}"},"query-input":{"@type":"PropertyValueSpecification","valueRequired":true,"valueName":"search_term_string"}}],"inLanguage":"fr-FR"},{"@type":"Organization","@id":"https:\/\/www.link2fleet.com\/fr\/#organization","name":"Link2fleet","url":"https:\/\/www.link2fleet.com\/fr\/","logo":{"@type":"ImageObject","inLanguage":"fr-FR","@id":"https:\/\/www.link2fleet.com\/fr\/#\/schema\/logo\/image\/","url":"https:\/\/static.link2fleet.com\/wp-content\/uploads\/2024\/03\/share-image.jpg","contentUrl":"https:\/\/static.link2fleet.com\/wp-content\/uploads\/2024\/03\/share-image.jpg","width":1200,"height":630,"caption":"Link2fleet"},"image":{"@id":"https:\/\/www.link2fleet.com\/fr\/#\/schema\/logo\/image\/"},"sameAs":["https:\/\/www.linkedin.com\/company\/link2fleet-belgium","https:\/\/www.youtube.com\/user\/MMMBMBE"]},{"@type":"Person","@id":"https:\/\/www.link2fleet.com\/fr\/#\/schema\/person\/be5c57fc3d8ec765f7f536ffa2d67457","name":"Marc Demoulin","image":{"@type":"ImageObject","inLanguage":"fr-FR","@id":"https:\/\/secure.gravatar.com\/avatar\/a87df2253d2615844817d0a7f244258741572a74e0c35a309fca2badab9f30e7?s=96&d=mm&r=g","url":"https:\/\/secure.gravatar.com\/avatar\/a87df2253d2615844817d0a7f244258741572a74e0c35a309fca2badab9f30e7?s=96&d=mm&r=g","contentUrl":"https:\/\/secure.gravatar.com\/avatar\/a87df2253d2615844817d0a7f244258741572a74e0c35a309fca2badab9f30e7?s=96&d=mm&r=g","caption":"Marc Demoulin"}}]}},"_links":{"self":[{"href":"https:\/\/www.link2fleet.com\/fr\/wp-json\/wp\/v2\/posts\/3088","targetHints":{"allow":["GET"]}}],"collection":[{"href":"https:\/\/www.link2fleet.com\/fr\/wp-json\/wp\/v2\/posts"}],"about":[{"href":"https:\/\/www.link2fleet.com\/fr\/wp-json\/wp\/v2\/types\/post"}],"author":[{"embeddable":true,"href":"https:\/\/www.link2fleet.com\/fr\/wp-json\/wp\/v2\/users\/19"}],"replies":[{"embeddable":true,"href":"https:\/\/www.link2fleet.com\/fr\/wp-json\/wp\/v2\/comments?post=3088"}],"version-history":[{"count":0,"href":"https:\/\/www.link2fleet.com\/fr\/wp-json\/wp\/v2\/posts\/3088\/revisions"}],"wp:featuredmedia":[{"embeddable":true,"href":"https:\/\/www.link2fleet.com\/fr\/wp-json\/wp\/v2\/media\/3089"}],"wp:attachment":[{"href":"https:\/\/www.link2fleet.com\/fr\/wp-json\/wp\/v2\/media?parent=3088"}],"wp:term":[{"taxonomy":"category","embeddable":true,"href":"https:\/\/www.link2fleet.com\/fr\/wp-json\/wp\/v2\/categories?post=3088"},{"taxonomy":"post_tag","embeddable":true,"href":"https:\/\/www.link2fleet.com\/fr\/wp-json\/wp\/v2\/tags?post=3088"}],"curies":[{"name":"wp","href":"https:\/\/api.w.org\/{rel}","templated":true}]}}