{"id":3095,"date":"2020-12-10T16:38:13","date_gmt":"2020-12-10T15:38:13","guid":{"rendered":"https:\/\/www.link2fleet.com\/les-entreprises-peuvent-desormais-facilement-louer-un-systeme-de-velos-partages\/"},"modified":"2024-04-17T16:51:52","modified_gmt":"2024-04-17T14:51:52","slug":"les-entreprises-peuvent-desormais-facilement-louer-un-systeme-de-velos-partages","status":"publish","type":"post","link":"https:\/\/www.link2fleet.com\/fr\/les-entreprises-peuvent-desormais-facilement-louer-un-systeme-de-velos-partages\/","title":{"rendered":"Les entreprises peuvent d\u00e9sormais facilement louer un syst\u00e8me de v\u00e9los partag\u00e9s"},"content":{"rendered":"<h2>Avantages d&rsquo;un syst\u00e8me de v\u00e9los partag\u00e9s<\/h2>\n<p>De plus en plus de travailleurs se rendent au travail \u00e0 v\u00e9lo. Mais qu&rsquo;en est-il de ceux qui ne peuvent pas en raison de la distance ou pour toute autre raison? Pour ceux-l\u00e0, l&rsquo;entreprise peut pr\u00e9voir des v\u00e9los partag\u00e9s qu&rsquo;ils peuvent utiliser durant la journ\u00e9e pour des d\u00e9placement dans et autour du site de la soci\u00e9t\u00e9. Les derniers kilom\u00e8tres entre la gare et le travail, aller chercher un sandwich \u00e0 midi, se rendre rapidement chez un partenaire ou un client \u00e0 proximit\u00e9 ou tout simplement prendre un bon bol d&rsquo;air&#8230; Toutes ces choses peuvent \u00eatre effectu\u00e9es avec un v\u00e9lo partag\u00e9. L&rsquo;entreprise choisit elle-m\u00eame le nombre de v\u00e9los partag\u00e9s et a le choix entre des e-bikes ou des v\u00e9los de ville de qualit\u00e9.<\/p>\n<p><i>\u201cChez Zingi, prendre soin de nos clients est une priorit\u00e9\u00a0\u00bb, expose Alexander De Bi\u00e8vre, co-fondateur de Zingi. \u00ab\u00a0Le point de d\u00e9part est que nos v\u00e9los partag\u00e9s sont \u00e9quip\u00e9s d&rsquo;un verrou intelligent, qui num\u00e9rise les v\u00e9los. En tant que client, vous avez alors acc\u00e8s \u00e0 une serie de features qui vous font \u00e9pargner du temps et de l&rsquo;argent. On peut\u00a0d\u00e9verrouiller son v\u00e9lo avec son smartphone ou son badge d&rsquo;entreprise: Plus personne ne doit donc se\u00a0charger des cl\u00e9s de v\u00e9los ni de savoir qui circule avec quel v\u00e9lo \u00e0 quel moment. Cela gr\u00e2ce \u00e0 la fonction de track-and trace. En un seul clic, vous acc\u00e9dez \u00e0 toutes les informations\u00a0concernant votre flotte de v\u00e9los\u00a0\u00bb.<\/i><\/p>\n<p>&nbsp;<\/p>\n<h2>Pourquoi louer des v\u00e9los?<\/h2>\n<p>Toutes les entreprises n&rsquo;ont pas les moyens d&rsquo;acheter des v\u00e9los. Mais le plus important, c&rsquo;est le travail qui l&rsquo;accompagne. Quid si le v\u00e9lo est v\u00e9lo ou tombe en panne? Quid des entretiens? Cyclis s&rsquo;assure que votre entreprise n&rsquo;ait \u00e0 s&rsquo;occuper de rien. Les v\u00e9los partag\u00e9s pr\u00e9voient une assurance omnium, un entretien annuel et une assistance, tout cela dans un co\u00fbt pr\u00e9vu sur 3 ans.<\/p>\n<p><i>\u2018\u2019Entre-temps, nous avons plus de 14.000 v\u00e9los en leasing en circulation. Ce sont principalement des v\u00e9los personnels qui ne sont donc pas\u00a0partag\u00e9s au sein des entreprises. Le\u00a0syst\u00e8me de v\u00e9los partag\u00e9s est un excellent compl\u00e9ment \u00e0 l&rsquo;offre de\u00a0mobilit\u00e9 des entreprises. Ainsi, l&rsquo;entreprise peut fournir des v\u00e9los de qualit\u00e9 \u00e0 tous ses employ\u00e9s, y compris \u00e0 ceux qui ne peuvent pas se rendre au travail \u00e0 v\u00e9lo\u00a0\u00bb,\u00a0<\/i>pr\u00e9cise Joep Kempen, CEO de Cyclis Bike Lease.<\/p>\n<h2>Case-study au garage Volvo Celis<\/h2>\n<p><i>\u201cNous pr\u00e9voyons des v\u00e9los partag\u00e9s pour nos clients.\u00a0Ainsi, ils ne doivent plus attendre lorsqu&rsquo;ils am\u00e8nent leur voiture pour un entretien et peuvent se rendre au travail avec un e-bike. Le v\u00e9lo est accessible\u00a0facilement avec la carte. Il n&rsquo;y a donc plus de souci avec les cl\u00e9s\u00a0\u00bb<\/i>, raconte Roel Vanden Boer de <a href=\"https:\/\/partner.volvocars.be\/nl\/celis-hasselt?gclid=CjwKCAiAq8f-BRBtEiwAGr3DgQZ5pBL2oBZkJ_tw0vlzClQfHx5PQY3HLiocBk2zX5XPggKBylIpAhoCtJYQAvD_BwE\" target=\"_blank\" rel=\"noopener noreferrer\"><strong>Volvo Celis<\/strong><\/a>.<\/p>\n","protected":false},"excerpt":{"rendered":"<p>Avantages d&rsquo;un syst\u00e8me de v\u00e9los partag\u00e9s De plus en plus de travailleurs se rendent au travail \u00e0 v\u00e9lo. Mais qu&rsquo;en est-il de ceux qui ne peuvent pas en raison de la distance ou pour toute autre raison? Pour ceux-l\u00e0, l&rsquo;entreprise peut pr\u00e9voir des v\u00e9los partag\u00e9s qu&rsquo;ils peuvent utiliser durant la journ\u00e9e pour des d\u00e9placement dans [&hellip;]<\/p>\n","protected":false},"author":4,"featured_media":3096,"comment_status":"closed","ping_status":"closed","sticky":false,"template":"","format":"standard","meta":{"_acf_changed":false,"footnotes":""},"categories":[89,87,96],"tags":[],"class_list":["post-3095","post","type-post","status-publish","format-standard","has-post-thumbnail","hentry","category-modes-de-transports-alternatifs-flex-offices-parkings","category-mobility-2","category-velos-location"],"acf":[],"yoast_head":"<!-- This site is optimized with the Yoast SEO plugin v27.3 - https:\/\/yoast.com\/product\/yoast-seo-wordpress\/ -->\n<title>Les entreprises peuvent d\u00e9sormais facilement louer un syst\u00e8me de v\u00e9los partag\u00e9s - link2fleet<\/title>\n<meta name=\"description\" content=\"Cyclis Bike lease et Zingi collaborent pour r\u00e9pondre \u00e0 la demande croissante de solutions de mobilit\u00e9. La start-up Zingi propose des solutions de v\u00e9los partag\u00e9s\u2026\" \/>\n<meta name=\"robots\" content=\"index, follow, max-snippet:-1, max-image-preview:large, max-video-preview:-1\" \/>\n<meta property=\"og:locale\" content=\"fr_FR\" \/>\n<meta property=\"og:type\" content=\"article\" \/>\n<meta property=\"og:title\" content=\"Les entreprises peuvent d\u00e9sormais facilement louer un syst\u00e8me de v\u00e9los partag\u00e9s - link2fleet\" \/>\n<meta property=\"og:description\" content=\"Cyclis Bike lease et Zingi collaborent pour r\u00e9pondre \u00e0 la demande croissante de solutions de mobilit\u00e9. La start-up Zingi propose des solutions de v\u00e9los partag\u00e9s\u2026\" \/>\n<meta property=\"og:url\" content=\"https:\/\/www.link2fleet.com\/fr\/les-entreprises-peuvent-desormais-facilement-louer-un-systeme-de-velos-partages\/\" \/>\n<meta property=\"og:site_name\" content=\"link2fleet\" \/>\n<meta property=\"article:published_time\" content=\"2020-12-10T15:38:13+00:00\" \/>\n<meta property=\"article:modified_time\" content=\"2024-04-17T14:51:52+00:00\" \/>\n<meta property=\"og:image\" content=\"https:\/\/static.link2fleet.com\/wp-content\/uploads\/2024\/03\/cyclis-zingi.png\" \/>\n\t<meta property=\"og:image:width\" content=\"1024\" \/>\n\t<meta property=\"og:image:height\" content=\"524\" \/>\n\t<meta property=\"og:image:type\" content=\"image\/png\" \/>\n<meta name=\"author\" content=\"Damien Malvetti\" \/>\n<meta name=\"twitter:card\" content=\"summary_large_image\" \/>\n<meta name=\"twitter:description\" content=\"Cyclis Bike lease et Zingi collaborent pour r\u00e9pondre \u00e0 la demande croissante de solutions de mobilit\u00e9. La start-up Zingi propose des solutions de v\u00e9los partag\u00e9s\u2026\" \/>\n<meta name=\"twitter:label1\" content=\"\u00c9crit par\" \/>\n\t<meta name=\"twitter:data1\" content=\"Damien Malvetti\" \/>\n\t<meta name=\"twitter:label2\" content=\"Dur\u00e9e de lecture estim\u00e9e\" \/>\n\t<meta name=\"twitter:data2\" content=\"2 minutes\" \/>\n<script type=\"application\/ld+json\" class=\"yoast-schema-graph\">{\"@context\":\"https:\\\/\\\/schema.org\",\"@graph\":[{\"@type\":\"Article\",\"@id\":\"https:\\\/\\\/www.link2fleet.com\\\/fr\\\/les-entreprises-peuvent-desormais-facilement-louer-un-systeme-de-velos-partages\\\/#article\",\"isPartOf\":{\"@id\":\"https:\\\/\\\/www.link2fleet.com\\\/fr\\\/les-entreprises-peuvent-desormais-facilement-louer-un-systeme-de-velos-partages\\\/\"},\"author\":{\"name\":\"Damien Malvetti\",\"@id\":\"https:\\\/\\\/www.link2fleet.com\\\/fr\\\/#\\\/schema\\\/person\\\/027cd46113c78036b3809c9a054049da\"},\"headline\":\"Les entreprises peuvent d\u00e9sormais facilement louer un syst\u00e8me de v\u00e9los partag\u00e9s\",\"datePublished\":\"2020-12-10T15:38:13+00:00\",\"dateModified\":\"2024-04-17T14:51:52+00:00\",\"mainEntityOfPage\":{\"@id\":\"https:\\\/\\\/www.link2fleet.com\\\/fr\\\/les-entreprises-peuvent-desormais-facilement-louer-un-systeme-de-velos-partages\\\/\"},\"wordCount\":527,\"publisher\":{\"@id\":\"https:\\\/\\\/www.link2fleet.com\\\/fr\\\/#organization\"},\"image\":{\"@id\":\"https:\\\/\\\/www.link2fleet.com\\\/fr\\\/les-entreprises-peuvent-desormais-facilement-louer-un-systeme-de-velos-partages\\\/#primaryimage\"},\"thumbnailUrl\":\"https:\\\/\\\/static.link2fleet.com\\\/wp-content\\\/uploads\\\/2024\\\/03\\\/cyclis-zingi.png\",\"articleSection\":[\"Flex-offices\",\"Mobilit\u00e9\",\"V\u00e9los (location)\"],\"inLanguage\":\"fr-FR\"},{\"@type\":\"WebPage\",\"@id\":\"https:\\\/\\\/www.link2fleet.com\\\/fr\\\/les-entreprises-peuvent-desormais-facilement-louer-un-systeme-de-velos-partages\\\/\",\"url\":\"https:\\\/\\\/www.link2fleet.com\\\/fr\\\/les-entreprises-peuvent-desormais-facilement-louer-un-systeme-de-velos-partages\\\/\",\"name\":\"Les entreprises peuvent d\u00e9sormais facilement louer un syst\u00e8me de v\u00e9los partag\u00e9s - link2fleet\",\"isPartOf\":{\"@id\":\"https:\\\/\\\/www.link2fleet.com\\\/fr\\\/#website\"},\"primaryImageOfPage\":{\"@id\":\"https:\\\/\\\/www.link2fleet.com\\\/fr\\\/les-entreprises-peuvent-desormais-facilement-louer-un-systeme-de-velos-partages\\\/#primaryimage\"},\"image\":{\"@id\":\"https:\\\/\\\/www.link2fleet.com\\\/fr\\\/les-entreprises-peuvent-desormais-facilement-louer-un-systeme-de-velos-partages\\\/#primaryimage\"},\"thumbnailUrl\":\"https:\\\/\\\/static.link2fleet.com\\\/wp-content\\\/uploads\\\/2024\\\/03\\\/cyclis-zingi.png\",\"datePublished\":\"2020-12-10T15:38:13+00:00\",\"dateModified\":\"2024-04-17T14:51:52+00:00\",\"breadcrumb\":{\"@id\":\"https:\\\/\\\/www.link2fleet.com\\\/fr\\\/les-entreprises-peuvent-desormais-facilement-louer-un-systeme-de-velos-partages\\\/#breadcrumb\"},\"inLanguage\":\"fr-FR\",\"potentialAction\":[{\"@type\":\"ReadAction\",\"target\":[\"https:\\\/\\\/www.link2fleet.com\\\/fr\\\/les-entreprises-peuvent-desormais-facilement-louer-un-systeme-de-velos-partages\\\/\"]}]},{\"@type\":\"ImageObject\",\"inLanguage\":\"fr-FR\",\"@id\":\"https:\\\/\\\/www.link2fleet.com\\\/fr\\\/les-entreprises-peuvent-desormais-facilement-louer-un-systeme-de-velos-partages\\\/#primaryimage\",\"url\":\"https:\\\/\\\/static.link2fleet.com\\\/wp-content\\\/uploads\\\/2024\\\/03\\\/cyclis-zingi.png\",\"contentUrl\":\"https:\\\/\\\/static.link2fleet.com\\\/wp-content\\\/uploads\\\/2024\\\/03\\\/cyclis-zingi.png\",\"width\":2344,\"height\":1200},{\"@type\":\"BreadcrumbList\",\"@id\":\"https:\\\/\\\/www.link2fleet.com\\\/fr\\\/les-entreprises-peuvent-desormais-facilement-louer-un-systeme-de-velos-partages\\\/#breadcrumb\",\"itemListElement\":[{\"@type\":\"ListItem\",\"position\":1,\"name\":\"Home\",\"item\":\"https:\\\/\\\/www.link2fleet.com\\\/fr\\\/\"},{\"@type\":\"ListItem\",\"position\":2,\"name\":\"Les entreprises peuvent d\u00e9sormais facilement louer un syst\u00e8me de v\u00e9los partag\u00e9s\"}]},{\"@type\":\"WebSite\",\"@id\":\"https:\\\/\\\/www.link2fleet.com\\\/fr\\\/#website\",\"url\":\"https:\\\/\\\/www.link2fleet.com\\\/fr\\\/\",\"name\":\"Link2fleet\",\"description\":\"\",\"publisher\":{\"@id\":\"https:\\\/\\\/www.link2fleet.com\\\/fr\\\/#organization\"},\"potentialAction\":[{\"@type\":\"SearchAction\",\"target\":{\"@type\":\"EntryPoint\",\"urlTemplate\":\"https:\\\/\\\/www.link2fleet.com\\\/fr\\\/?s={search_term_string}\"},\"query-input\":{\"@type\":\"PropertyValueSpecification\",\"valueRequired\":true,\"valueName\":\"search_term_string\"}}],\"inLanguage\":\"fr-FR\"},{\"@type\":\"Organization\",\"@id\":\"https:\\\/\\\/www.link2fleet.com\\\/fr\\\/#organization\",\"name\":\"Link2fleet\",\"url\":\"https:\\\/\\\/www.link2fleet.com\\\/fr\\\/\",\"logo\":{\"@type\":\"ImageObject\",\"inLanguage\":\"fr-FR\",\"@id\":\"https:\\\/\\\/www.link2fleet.com\\\/fr\\\/#\\\/schema\\\/logo\\\/image\\\/\",\"url\":\"https:\\\/\\\/static.link2fleet.com\\\/wp-content\\\/uploads\\\/2024\\\/03\\\/share-image.jpg\",\"contentUrl\":\"https:\\\/\\\/static.link2fleet.com\\\/wp-content\\\/uploads\\\/2024\\\/03\\\/share-image.jpg\",\"width\":1200,\"height\":630,\"caption\":\"Link2fleet\"},\"image\":{\"@id\":\"https:\\\/\\\/www.link2fleet.com\\\/fr\\\/#\\\/schema\\\/logo\\\/image\\\/\"},\"sameAs\":[\"https:\\\/\\\/www.linkedin.com\\\/company\\\/link2fleet-belgium\",\"https:\\\/\\\/www.youtube.com\\\/user\\\/MMMBMBE\"]},{\"@type\":\"Person\",\"@id\":\"https:\\\/\\\/www.link2fleet.com\\\/fr\\\/#\\\/schema\\\/person\\\/027cd46113c78036b3809c9a054049da\",\"name\":\"Damien Malvetti\",\"image\":{\"@type\":\"ImageObject\",\"inLanguage\":\"fr-FR\",\"@id\":\"https:\\\/\\\/secure.gravatar.com\\\/avatar\\\/dd8cc03b49466c735f753ac37f8caa371af16dfed347456ed61f02883255eebb?s=96&d=mm&r=g\",\"url\":\"https:\\\/\\\/secure.gravatar.com\\\/avatar\\\/dd8cc03b49466c735f753ac37f8caa371af16dfed347456ed61f02883255eebb?s=96&d=mm&r=g\",\"contentUrl\":\"https:\\\/\\\/secure.gravatar.com\\\/avatar\\\/dd8cc03b49466c735f753ac37f8caa371af16dfed347456ed61f02883255eebb?s=96&d=mm&r=g\",\"caption\":\"Damien Malvetti\"},\"description\":\"Damien Malvetti is opgeleid als journalist en gepassioneerd door wagens, technologie en mobiliteit. Hij is verantwoordelijk voor de redactionele inhoud van link2fleet en beschikt over een uitgebreide kennis van de fleet-sector en elektrische mobiliteit.\",\"sameAs\":[\"https:\\\/\\\/www.linkedin.com\\\/in\\\/damien-malvetti-56601142\\\/\"]}]}<\/script>\n<!-- \/ Yoast SEO plugin. -->","yoast_head_json":{"title":"Les entreprises peuvent d\u00e9sormais facilement louer un syst\u00e8me de v\u00e9los partag\u00e9s - link2fleet","description":"Cyclis Bike lease et Zingi collaborent pour r\u00e9pondre \u00e0 la demande croissante de solutions de mobilit\u00e9. La start-up Zingi propose des solutions de v\u00e9los partag\u00e9s\u2026","robots":{"index":"index","follow":"follow","max-snippet":"max-snippet:-1","max-image-preview":"max-image-preview:large","max-video-preview":"max-video-preview:-1"},"og_locale":"fr_FR","og_type":"article","og_title":"Les entreprises peuvent d\u00e9sormais facilement louer un syst\u00e8me de v\u00e9los partag\u00e9s - link2fleet","og_description":"Cyclis Bike lease et Zingi collaborent pour r\u00e9pondre \u00e0 la demande croissante de solutions de mobilit\u00e9. La start-up Zingi propose des solutions de v\u00e9los partag\u00e9s\u2026","og_url":"https:\/\/www.link2fleet.com\/fr\/les-entreprises-peuvent-desormais-facilement-louer-un-systeme-de-velos-partages\/","og_site_name":"link2fleet","article_published_time":"2020-12-10T15:38:13+00:00","article_modified_time":"2024-04-17T14:51:52+00:00","og_image":[{"url":"https:\/\/static.link2fleet.com\/wp-content\/uploads\/2024\/03\/cyclis-zingi.png","width":1024,"height":524,"type":"image\/png"}],"author":"Damien Malvetti","twitter_card":"summary_large_image","twitter_description":"Cyclis Bike lease et Zingi collaborent pour r\u00e9pondre \u00e0 la demande croissante de solutions de mobilit\u00e9. La start-up Zingi propose des solutions de v\u00e9los partag\u00e9s\u2026","twitter_misc":{"\u00c9crit par":"Damien Malvetti","Dur\u00e9e de lecture estim\u00e9e":"2 minutes"},"schema":{"@context":"https:\/\/schema.org","@graph":[{"@type":"Article","@id":"https:\/\/www.link2fleet.com\/fr\/les-entreprises-peuvent-desormais-facilement-louer-un-systeme-de-velos-partages\/#article","isPartOf":{"@id":"https:\/\/www.link2fleet.com\/fr\/les-entreprises-peuvent-desormais-facilement-louer-un-systeme-de-velos-partages\/"},"author":{"name":"Damien Malvetti","@id":"https:\/\/www.link2fleet.com\/fr\/#\/schema\/person\/027cd46113c78036b3809c9a054049da"},"headline":"Les entreprises peuvent d\u00e9sormais facilement louer un syst\u00e8me de v\u00e9los partag\u00e9s","datePublished":"2020-12-10T15:38:13+00:00","dateModified":"2024-04-17T14:51:52+00:00","mainEntityOfPage":{"@id":"https:\/\/www.link2fleet.com\/fr\/les-entreprises-peuvent-desormais-facilement-louer-un-systeme-de-velos-partages\/"},"wordCount":527,"publisher":{"@id":"https:\/\/www.link2fleet.com\/fr\/#organization"},"image":{"@id":"https:\/\/www.link2fleet.com\/fr\/les-entreprises-peuvent-desormais-facilement-louer-un-systeme-de-velos-partages\/#primaryimage"},"thumbnailUrl":"https:\/\/static.link2fleet.com\/wp-content\/uploads\/2024\/03\/cyclis-zingi.png","articleSection":["Flex-offices","Mobilit\u00e9","V\u00e9los (location)"],"inLanguage":"fr-FR"},{"@type":"WebPage","@id":"https:\/\/www.link2fleet.com\/fr\/les-entreprises-peuvent-desormais-facilement-louer-un-systeme-de-velos-partages\/","url":"https:\/\/www.link2fleet.com\/fr\/les-entreprises-peuvent-desormais-facilement-louer-un-systeme-de-velos-partages\/","name":"Les entreprises peuvent d\u00e9sormais facilement louer un syst\u00e8me de v\u00e9los partag\u00e9s - link2fleet","isPartOf":{"@id":"https:\/\/www.link2fleet.com\/fr\/#website"},"primaryImageOfPage":{"@id":"https:\/\/www.link2fleet.com\/fr\/les-entreprises-peuvent-desormais-facilement-louer-un-systeme-de-velos-partages\/#primaryimage"},"image":{"@id":"https:\/\/www.link2fleet.com\/fr\/les-entreprises-peuvent-desormais-facilement-louer-un-systeme-de-velos-partages\/#primaryimage"},"thumbnailUrl":"https:\/\/static.link2fleet.com\/wp-content\/uploads\/2024\/03\/cyclis-zingi.png","datePublished":"2020-12-10T15:38:13+00:00","dateModified":"2024-04-17T14:51:52+00:00","breadcrumb":{"@id":"https:\/\/www.link2fleet.com\/fr\/les-entreprises-peuvent-desormais-facilement-louer-un-systeme-de-velos-partages\/#breadcrumb"},"inLanguage":"fr-FR","potentialAction":[{"@type":"ReadAction","target":["https:\/\/www.link2fleet.com\/fr\/les-entreprises-peuvent-desormais-facilement-louer-un-systeme-de-velos-partages\/"]}]},{"@type":"ImageObject","inLanguage":"fr-FR","@id":"https:\/\/www.link2fleet.com\/fr\/les-entreprises-peuvent-desormais-facilement-louer-un-systeme-de-velos-partages\/#primaryimage","url":"https:\/\/static.link2fleet.com\/wp-content\/uploads\/2024\/03\/cyclis-zingi.png","contentUrl":"https:\/\/static.link2fleet.com\/wp-content\/uploads\/2024\/03\/cyclis-zingi.png","width":2344,"height":1200},{"@type":"BreadcrumbList","@id":"https:\/\/www.link2fleet.com\/fr\/les-entreprises-peuvent-desormais-facilement-louer-un-systeme-de-velos-partages\/#breadcrumb","itemListElement":[{"@type":"ListItem","position":1,"name":"Home","item":"https:\/\/www.link2fleet.com\/fr\/"},{"@type":"ListItem","position":2,"name":"Les entreprises peuvent d\u00e9sormais facilement louer un syst\u00e8me de v\u00e9los partag\u00e9s"}]},{"@type":"WebSite","@id":"https:\/\/www.link2fleet.com\/fr\/#website","url":"https:\/\/www.link2fleet.com\/fr\/","name":"Link2fleet","description":"","publisher":{"@id":"https:\/\/www.link2fleet.com\/fr\/#organization"},"potentialAction":[{"@type":"SearchAction","target":{"@type":"EntryPoint","urlTemplate":"https:\/\/www.link2fleet.com\/fr\/?s={search_term_string}"},"query-input":{"@type":"PropertyValueSpecification","valueRequired":true,"valueName":"search_term_string"}}],"inLanguage":"fr-FR"},{"@type":"Organization","@id":"https:\/\/www.link2fleet.com\/fr\/#organization","name":"Link2fleet","url":"https:\/\/www.link2fleet.com\/fr\/","logo":{"@type":"ImageObject","inLanguage":"fr-FR","@id":"https:\/\/www.link2fleet.com\/fr\/#\/schema\/logo\/image\/","url":"https:\/\/static.link2fleet.com\/wp-content\/uploads\/2024\/03\/share-image.jpg","contentUrl":"https:\/\/static.link2fleet.com\/wp-content\/uploads\/2024\/03\/share-image.jpg","width":1200,"height":630,"caption":"Link2fleet"},"image":{"@id":"https:\/\/www.link2fleet.com\/fr\/#\/schema\/logo\/image\/"},"sameAs":["https:\/\/www.linkedin.com\/company\/link2fleet-belgium","https:\/\/www.youtube.com\/user\/MMMBMBE"]},{"@type":"Person","@id":"https:\/\/www.link2fleet.com\/fr\/#\/schema\/person\/027cd46113c78036b3809c9a054049da","name":"Damien Malvetti","image":{"@type":"ImageObject","inLanguage":"fr-FR","@id":"https:\/\/secure.gravatar.com\/avatar\/dd8cc03b49466c735f753ac37f8caa371af16dfed347456ed61f02883255eebb?s=96&d=mm&r=g","url":"https:\/\/secure.gravatar.com\/avatar\/dd8cc03b49466c735f753ac37f8caa371af16dfed347456ed61f02883255eebb?s=96&d=mm&r=g","contentUrl":"https:\/\/secure.gravatar.com\/avatar\/dd8cc03b49466c735f753ac37f8caa371af16dfed347456ed61f02883255eebb?s=96&d=mm&r=g","caption":"Damien Malvetti"},"description":"Damien Malvetti is opgeleid als journalist en gepassioneerd door wagens, technologie en mobiliteit. Hij is verantwoordelijk voor de redactionele inhoud van link2fleet en beschikt over een uitgebreide kennis van de fleet-sector en elektrische mobiliteit.","sameAs":["https:\/\/www.linkedin.com\/in\/damien-malvetti-56601142\/"]}]}},"_links":{"self":[{"href":"https:\/\/www.link2fleet.com\/fr\/wp-json\/wp\/v2\/posts\/3095","targetHints":{"allow":["GET"]}}],"collection":[{"href":"https:\/\/www.link2fleet.com\/fr\/wp-json\/wp\/v2\/posts"}],"about":[{"href":"https:\/\/www.link2fleet.com\/fr\/wp-json\/wp\/v2\/types\/post"}],"author":[{"embeddable":true,"href":"https:\/\/www.link2fleet.com\/fr\/wp-json\/wp\/v2\/users\/4"}],"replies":[{"embeddable":true,"href":"https:\/\/www.link2fleet.com\/fr\/wp-json\/wp\/v2\/comments?post=3095"}],"version-history":[{"count":0,"href":"https:\/\/www.link2fleet.com\/fr\/wp-json\/wp\/v2\/posts\/3095\/revisions"}],"wp:featuredmedia":[{"embeddable":true,"href":"https:\/\/www.link2fleet.com\/fr\/wp-json\/wp\/v2\/media\/3096"}],"wp:attachment":[{"href":"https:\/\/www.link2fleet.com\/fr\/wp-json\/wp\/v2\/media?parent=3095"}],"wp:term":[{"taxonomy":"category","embeddable":true,"href":"https:\/\/www.link2fleet.com\/fr\/wp-json\/wp\/v2\/categories?post=3095"},{"taxonomy":"post_tag","embeddable":true,"href":"https:\/\/www.link2fleet.com\/fr\/wp-json\/wp\/v2\/tags?post=3095"}],"curies":[{"name":"wp","href":"https:\/\/api.w.org\/{rel}","templated":true}]}}