{"id":3107,"date":"2020-12-14T08:41:39","date_gmt":"2020-12-14T07:41:39","guid":{"rendered":"https:\/\/www.link2fleet.com\/skipr-facilite-la-mise-en-place-du-budget-de-mobilite\/"},"modified":"2020-12-14T08:41:39","modified_gmt":"2020-12-14T07:41:39","slug":"skipr-facilite-la-mise-en-place-du-budget-de-mobilite","status":"publish","type":"post","link":"https:\/\/www.link2fleet.com\/fr\/skipr-facilite-la-mise-en-place-du-budget-de-mobilite\/","title":{"rendered":"Mathieu de Lophem (Skipr) sur la taxe kilom\u00e9trique : \u00ab Agiter la carotte et non le b\u00e2ton \u00bb"},"content":{"rendered":"<p><strong>link2fleet<\/strong>\u00a0: Moins de voitures dans Bruxelles, c\u2019est plut\u00f4t une opportunit\u00e9 pour Skipr, non\u00a0? Alors plut\u00f4t satisfait de cette mesure\u00a0?<\/p>\n<p><strong>Mathieu de Lophem<\/strong>\u00a0: Bruxelles fait partie des capitales les plus embouteill\u00e9es d\u2019Europe donc il est en effet temps d\u2019agir. Je ne suis, par contre, pas certain que la m\u00e9thode employ\u00e9e soit la plus judicieuse. Pour sensibiliser les conducteurs \u00e0 moins utiliser leur voiture pour se rendre \u00e0 Bruxelles, il faut plut\u00f4t les r\u00e9compenser et non brandir la menace d\u2019une punition. Et puis, le pr\u00e9alable est un accord au niveau des r\u00e9gions car pour l\u2019instant, il s\u2019agit d\u2019une double peine pour les navetteurs en provenance de Flandre et de Wallonie. Cette annonce ressemble \u00e0 une \u00e9norme maladresse de communication.<\/p>\n<p><strong>link2fleet<\/strong>\u00a0: Que pr\u00e9conisez-vous\u00a0?<\/p>\n<p><strong>Mathieu de Lophem<\/strong>\u00a0: J\u2019aime \u00e0 rappeler que Skipr ne fait pas la chasse \u00e0 la voiture. Nous nous battons contre l\u2019autosolisme et le fait de prendre sa voiture par d\u00e9faut. La voiture reste essentielle \u2013 et souvent indispensable \u2013 dans l\u2019\u00e9quation de mobilit\u00e9. Nous pr\u00f4nons l\u2019utilisation de ch\u00e8ques mobilit\u00e9 fiscalement attractifs qui inciteraient les gens \u00e0 utiliser plus r\u00e9guli\u00e8rement d\u2019autres solutions de mobilit\u00e9. Bruxelles doit devenir un p\u00f4le multimodal.<\/p>\n<p><strong>link2fleet<\/strong>\u00a0: Malgr\u00e9 l\u2019incitation au t\u00e9l\u00e9travail, on a l\u2019impression de rencontrer encore pas mal de congestion \u00e0 Bruxelles, comment l\u2019expliquez-vous\u00a0?<\/p>\n<p><strong>Mathieu de Lophem<\/strong>\u00a0: D\u2019une part, la capacit\u00e9 du r\u00e9seau pour les voitures se r\u00e9duit avec l\u2019arriv\u00e9e de nouveaux espaces routiers d\u00e9di\u00e9s aux cyclistes. D\u2019autre part, les gens h\u00e9sitent toujours aujourd\u2019hui \u00e0 monter dans un bus, un tram ou un m\u00e9tro vu la circulation du virus. Ils privil\u00e9gient d\u00e8s lors leur voiture personnelle. Je suis toutefois tr\u00e8s enthousiaste de voir de nombreuses entreprises pr\u00e9parer des alternatives multimodales pour leurs collaborateurs. Un d\u00e9clic est ind\u00e9niablement en train de s\u2019op\u00e9rer au niveau du monde professionnel.<\/p>\n<p>&nbsp;<\/p>\n<p>Plus d&rsquo;infos:<a href=\"https:\/\/fr.skipr.co\/\"> https:\/\/fr.skipr.co\/<\/a><\/p>\n<p>&nbsp;<\/p>\n","protected":false},"excerpt":{"rendered":"<p>link2fleet\u00a0: Moins de voitures dans Bruxelles, c\u2019est plut\u00f4t une opportunit\u00e9 pour Skipr, non\u00a0? Alors plut\u00f4t satisfait de cette mesure\u00a0? Mathieu de Lophem\u00a0: Bruxelles fait partie des capitales les plus embouteill\u00e9es d\u2019Europe donc il est en effet temps d\u2019agir. Je ne suis, par contre, pas certain que la m\u00e9thode employ\u00e9e soit la plus judicieuse. Pour sensibiliser [&hellip;]<\/p>\n","protected":false},"author":19,"featured_media":3108,"comment_status":"closed","ping_status":"closed","sticky":false,"template":"","format":"standard","meta":{"_acf_changed":false,"footnotes":""},"categories":[95,91],"tags":[],"class_list":["post-3107","post","type-post","status-publish","format-standard","has-post-thumbnail","hentry","category-organisations-professionnelles-federations-experts","category-expertise-et-management"],"acf":[],"yoast_head":"<!-- This site is optimized with the Yoast SEO plugin v27.3 - https:\/\/yoast.com\/product\/yoast-seo-wordpress\/ -->\n<title>Mathieu de Lophem (Skipr) sur la taxe kilom\u00e9trique : \u00ab Agiter la carotte et non le b\u00e2ton \u00bb - link2fleet<\/title>\n<meta name=\"description\" content=\"L\u2019introduction d\u2019une taxe kilom\u00e9trique pr\u00f4n\u00e9e par le gouvernement bruxellois n\u2019en finit pas de faire couler de l\u2019encre. R\u00e9gions flamande et wallonne, organisations professionnelles, f\u00e9d\u00e9rations patronales\u2026\" \/>\n<meta name=\"robots\" content=\"index, follow, max-snippet:-1, max-image-preview:large, max-video-preview:-1\" \/>\n<meta property=\"og:locale\" content=\"fr_FR\" \/>\n<meta property=\"og:type\" content=\"article\" \/>\n<meta property=\"og:title\" content=\"Mathieu de Lophem (Skipr) sur la taxe kilom\u00e9trique : \u00ab Agiter la carotte et non le b\u00e2ton \u00bb - link2fleet\" \/>\n<meta property=\"og:description\" content=\"L\u2019introduction d\u2019une taxe kilom\u00e9trique pr\u00f4n\u00e9e par le gouvernement bruxellois n\u2019en finit pas de faire couler de l\u2019encre. R\u00e9gions flamande et wallonne, organisations professionnelles, f\u00e9d\u00e9rations patronales\u2026\" \/>\n<meta property=\"og:url\" content=\"https:\/\/www.link2fleet.com\/fr\/skipr-facilite-la-mise-en-place-du-budget-de-mobilite\/\" \/>\n<meta property=\"og:site_name\" content=\"link2fleet\" \/>\n<meta property=\"article:published_time\" content=\"2020-12-14T07:41:39+00:00\" \/>\n<meta property=\"og:image\" content=\"https:\/\/static.link2fleet.com\/wp-content\/uploads\/2024\/03\/skipr-mathieu-horizontal-scaled-1.jpg\" \/>\n\t<meta property=\"og:image:width\" content=\"2560\" \/>\n\t<meta property=\"og:image:height\" content=\"1707\" \/>\n\t<meta property=\"og:image:type\" content=\"image\/jpeg\" \/>\n<meta name=\"author\" content=\"Marc Demoulin\" \/>\n<meta name=\"twitter:card\" content=\"summary_large_image\" \/>\n<meta name=\"twitter:description\" content=\"L\u2019introduction d\u2019une taxe kilom\u00e9trique pr\u00f4n\u00e9e par le gouvernement bruxellois n\u2019en finit pas de faire couler de l\u2019encre. R\u00e9gions flamande et wallonne, organisations professionnelles, f\u00e9d\u00e9rations patronales\u2026\" \/>\n<meta name=\"twitter:label1\" content=\"\u00c9crit par\" \/>\n\t<meta name=\"twitter:data1\" content=\"Marc Demoulin\" \/>\n\t<meta name=\"twitter:label2\" content=\"Dur\u00e9e de lecture estim\u00e9e\" \/>\n\t<meta name=\"twitter:data2\" content=\"2 minutes\" \/>\n<script type=\"application\/ld+json\" class=\"yoast-schema-graph\">{\"@context\":\"https:\\\/\\\/schema.org\",\"@graph\":[{\"@type\":\"Article\",\"@id\":\"https:\\\/\\\/www.link2fleet.com\\\/fr\\\/skipr-facilite-la-mise-en-place-du-budget-de-mobilite\\\/#article\",\"isPartOf\":{\"@id\":\"https:\\\/\\\/www.link2fleet.com\\\/fr\\\/skipr-facilite-la-mise-en-place-du-budget-de-mobilite\\\/\"},\"author\":{\"name\":\"Marc Demoulin\",\"@id\":\"https:\\\/\\\/www.link2fleet.com\\\/fr\\\/#\\\/schema\\\/person\\\/be5c57fc3d8ec765f7f536ffa2d67457\"},\"headline\":\"Mathieu de Lophem (Skipr) sur la taxe kilom\u00e9trique : \u00ab Agiter la carotte et non le b\u00e2ton \u00bb\",\"datePublished\":\"2020-12-14T07:41:39+00:00\",\"mainEntityOfPage\":{\"@id\":\"https:\\\/\\\/www.link2fleet.com\\\/fr\\\/skipr-facilite-la-mise-en-place-du-budget-de-mobilite\\\/\"},\"wordCount\":361,\"publisher\":{\"@id\":\"https:\\\/\\\/www.link2fleet.com\\\/fr\\\/#organization\"},\"image\":{\"@id\":\"https:\\\/\\\/www.link2fleet.com\\\/fr\\\/skipr-facilite-la-mise-en-place-du-budget-de-mobilite\\\/#primaryimage\"},\"thumbnailUrl\":\"https:\\\/\\\/static.link2fleet.com\\\/wp-content\\\/uploads\\\/2024\\\/03\\\/skipr-mathieu-horizontal-scaled-1.jpg\",\"articleSection\":[\"Expertise et f\u00e9d\u00e9rations\",\"Gestion de flotte\"],\"inLanguage\":\"fr-FR\"},{\"@type\":\"WebPage\",\"@id\":\"https:\\\/\\\/www.link2fleet.com\\\/fr\\\/skipr-facilite-la-mise-en-place-du-budget-de-mobilite\\\/\",\"url\":\"https:\\\/\\\/www.link2fleet.com\\\/fr\\\/skipr-facilite-la-mise-en-place-du-budget-de-mobilite\\\/\",\"name\":\"Mathieu de Lophem (Skipr) sur la taxe kilom\u00e9trique : \u00ab Agiter la carotte et non le b\u00e2ton \u00bb - link2fleet\",\"isPartOf\":{\"@id\":\"https:\\\/\\\/www.link2fleet.com\\\/fr\\\/#website\"},\"primaryImageOfPage\":{\"@id\":\"https:\\\/\\\/www.link2fleet.com\\\/fr\\\/skipr-facilite-la-mise-en-place-du-budget-de-mobilite\\\/#primaryimage\"},\"image\":{\"@id\":\"https:\\\/\\\/www.link2fleet.com\\\/fr\\\/skipr-facilite-la-mise-en-place-du-budget-de-mobilite\\\/#primaryimage\"},\"thumbnailUrl\":\"https:\\\/\\\/static.link2fleet.com\\\/wp-content\\\/uploads\\\/2024\\\/03\\\/skipr-mathieu-horizontal-scaled-1.jpg\",\"datePublished\":\"2020-12-14T07:41:39+00:00\",\"breadcrumb\":{\"@id\":\"https:\\\/\\\/www.link2fleet.com\\\/fr\\\/skipr-facilite-la-mise-en-place-du-budget-de-mobilite\\\/#breadcrumb\"},\"inLanguage\":\"fr-FR\",\"potentialAction\":[{\"@type\":\"ReadAction\",\"target\":[\"https:\\\/\\\/www.link2fleet.com\\\/fr\\\/skipr-facilite-la-mise-en-place-du-budget-de-mobilite\\\/\"]}]},{\"@type\":\"ImageObject\",\"inLanguage\":\"fr-FR\",\"@id\":\"https:\\\/\\\/www.link2fleet.com\\\/fr\\\/skipr-facilite-la-mise-en-place-du-budget-de-mobilite\\\/#primaryimage\",\"url\":\"https:\\\/\\\/static.link2fleet.com\\\/wp-content\\\/uploads\\\/2024\\\/03\\\/skipr-mathieu-horizontal-scaled-1.jpg\",\"contentUrl\":\"https:\\\/\\\/static.link2fleet.com\\\/wp-content\\\/uploads\\\/2024\\\/03\\\/skipr-mathieu-horizontal-scaled-1.jpg\",\"width\":2560,\"height\":1707,\"caption\":\"|\"},{\"@type\":\"BreadcrumbList\",\"@id\":\"https:\\\/\\\/www.link2fleet.com\\\/fr\\\/skipr-facilite-la-mise-en-place-du-budget-de-mobilite\\\/#breadcrumb\",\"itemListElement\":[{\"@type\":\"ListItem\",\"position\":1,\"name\":\"Home\",\"item\":\"https:\\\/\\\/www.link2fleet.com\\\/fr\\\/\"},{\"@type\":\"ListItem\",\"position\":2,\"name\":\"Mathieu de Lophem (Skipr) sur la taxe kilom\u00e9trique : \u00ab Agiter la carotte et non le b\u00e2ton \u00bb\"}]},{\"@type\":\"WebSite\",\"@id\":\"https:\\\/\\\/www.link2fleet.com\\\/fr\\\/#website\",\"url\":\"https:\\\/\\\/www.link2fleet.com\\\/fr\\\/\",\"name\":\"Link2fleet\",\"description\":\"\",\"publisher\":{\"@id\":\"https:\\\/\\\/www.link2fleet.com\\\/fr\\\/#organization\"},\"potentialAction\":[{\"@type\":\"SearchAction\",\"target\":{\"@type\":\"EntryPoint\",\"urlTemplate\":\"https:\\\/\\\/www.link2fleet.com\\\/fr\\\/?s={search_term_string}\"},\"query-input\":{\"@type\":\"PropertyValueSpecification\",\"valueRequired\":true,\"valueName\":\"search_term_string\"}}],\"inLanguage\":\"fr-FR\"},{\"@type\":\"Organization\",\"@id\":\"https:\\\/\\\/www.link2fleet.com\\\/fr\\\/#organization\",\"name\":\"Link2fleet\",\"url\":\"https:\\\/\\\/www.link2fleet.com\\\/fr\\\/\",\"logo\":{\"@type\":\"ImageObject\",\"inLanguage\":\"fr-FR\",\"@id\":\"https:\\\/\\\/www.link2fleet.com\\\/fr\\\/#\\\/schema\\\/logo\\\/image\\\/\",\"url\":\"https:\\\/\\\/static.link2fleet.com\\\/wp-content\\\/uploads\\\/2024\\\/03\\\/share-image.jpg\",\"contentUrl\":\"https:\\\/\\\/static.link2fleet.com\\\/wp-content\\\/uploads\\\/2024\\\/03\\\/share-image.jpg\",\"width\":1200,\"height\":630,\"caption\":\"Link2fleet\"},\"image\":{\"@id\":\"https:\\\/\\\/www.link2fleet.com\\\/fr\\\/#\\\/schema\\\/logo\\\/image\\\/\"},\"sameAs\":[\"https:\\\/\\\/www.linkedin.com\\\/company\\\/link2fleet-belgium\",\"https:\\\/\\\/www.youtube.com\\\/user\\\/MMMBMBE\"]},{\"@type\":\"Person\",\"@id\":\"https:\\\/\\\/www.link2fleet.com\\\/fr\\\/#\\\/schema\\\/person\\\/be5c57fc3d8ec765f7f536ffa2d67457\",\"name\":\"Marc Demoulin\",\"image\":{\"@type\":\"ImageObject\",\"inLanguage\":\"fr-FR\",\"@id\":\"https:\\\/\\\/secure.gravatar.com\\\/avatar\\\/a87df2253d2615844817d0a7f244258741572a74e0c35a309fca2badab9f30e7?s=96&d=mm&r=g\",\"url\":\"https:\\\/\\\/secure.gravatar.com\\\/avatar\\\/a87df2253d2615844817d0a7f244258741572a74e0c35a309fca2badab9f30e7?s=96&d=mm&r=g\",\"contentUrl\":\"https:\\\/\\\/secure.gravatar.com\\\/avatar\\\/a87df2253d2615844817d0a7f244258741572a74e0c35a309fca2badab9f30e7?s=96&d=mm&r=g\",\"caption\":\"Marc Demoulin\"}}]}<\/script>\n<!-- \/ Yoast SEO plugin. -->","yoast_head_json":{"title":"Mathieu de Lophem (Skipr) sur la taxe kilom\u00e9trique : \u00ab Agiter la carotte et non le b\u00e2ton \u00bb - link2fleet","description":"L\u2019introduction d\u2019une taxe kilom\u00e9trique pr\u00f4n\u00e9e par le gouvernement bruxellois n\u2019en finit pas de faire couler de l\u2019encre. R\u00e9gions flamande et wallonne, organisations professionnelles, f\u00e9d\u00e9rations patronales\u2026","robots":{"index":"index","follow":"follow","max-snippet":"max-snippet:-1","max-image-preview":"max-image-preview:large","max-video-preview":"max-video-preview:-1"},"og_locale":"fr_FR","og_type":"article","og_title":"Mathieu de Lophem (Skipr) sur la taxe kilom\u00e9trique : \u00ab Agiter la carotte et non le b\u00e2ton \u00bb - link2fleet","og_description":"L\u2019introduction d\u2019une taxe kilom\u00e9trique pr\u00f4n\u00e9e par le gouvernement bruxellois n\u2019en finit pas de faire couler de l\u2019encre. R\u00e9gions flamande et wallonne, organisations professionnelles, f\u00e9d\u00e9rations patronales\u2026","og_url":"https:\/\/www.link2fleet.com\/fr\/skipr-facilite-la-mise-en-place-du-budget-de-mobilite\/","og_site_name":"link2fleet","article_published_time":"2020-12-14T07:41:39+00:00","og_image":[{"width":2560,"height":1707,"url":"https:\/\/static.link2fleet.com\/wp-content\/uploads\/2024\/03\/skipr-mathieu-horizontal-scaled-1.jpg","type":"image\/jpeg"}],"author":"Marc Demoulin","twitter_card":"summary_large_image","twitter_description":"L\u2019introduction d\u2019une taxe kilom\u00e9trique pr\u00f4n\u00e9e par le gouvernement bruxellois n\u2019en finit pas de faire couler de l\u2019encre. R\u00e9gions flamande et wallonne, organisations professionnelles, f\u00e9d\u00e9rations patronales\u2026","twitter_misc":{"\u00c9crit par":"Marc Demoulin","Dur\u00e9e de lecture estim\u00e9e":"2 minutes"},"schema":{"@context":"https:\/\/schema.org","@graph":[{"@type":"Article","@id":"https:\/\/www.link2fleet.com\/fr\/skipr-facilite-la-mise-en-place-du-budget-de-mobilite\/#article","isPartOf":{"@id":"https:\/\/www.link2fleet.com\/fr\/skipr-facilite-la-mise-en-place-du-budget-de-mobilite\/"},"author":{"name":"Marc Demoulin","@id":"https:\/\/www.link2fleet.com\/fr\/#\/schema\/person\/be5c57fc3d8ec765f7f536ffa2d67457"},"headline":"Mathieu de Lophem (Skipr) sur la taxe kilom\u00e9trique : \u00ab Agiter la carotte et non le b\u00e2ton \u00bb","datePublished":"2020-12-14T07:41:39+00:00","mainEntityOfPage":{"@id":"https:\/\/www.link2fleet.com\/fr\/skipr-facilite-la-mise-en-place-du-budget-de-mobilite\/"},"wordCount":361,"publisher":{"@id":"https:\/\/www.link2fleet.com\/fr\/#organization"},"image":{"@id":"https:\/\/www.link2fleet.com\/fr\/skipr-facilite-la-mise-en-place-du-budget-de-mobilite\/#primaryimage"},"thumbnailUrl":"https:\/\/static.link2fleet.com\/wp-content\/uploads\/2024\/03\/skipr-mathieu-horizontal-scaled-1.jpg","articleSection":["Expertise et f\u00e9d\u00e9rations","Gestion de flotte"],"inLanguage":"fr-FR"},{"@type":"WebPage","@id":"https:\/\/www.link2fleet.com\/fr\/skipr-facilite-la-mise-en-place-du-budget-de-mobilite\/","url":"https:\/\/www.link2fleet.com\/fr\/skipr-facilite-la-mise-en-place-du-budget-de-mobilite\/","name":"Mathieu de Lophem (Skipr) sur la taxe kilom\u00e9trique : \u00ab Agiter la carotte et non le b\u00e2ton \u00bb - link2fleet","isPartOf":{"@id":"https:\/\/www.link2fleet.com\/fr\/#website"},"primaryImageOfPage":{"@id":"https:\/\/www.link2fleet.com\/fr\/skipr-facilite-la-mise-en-place-du-budget-de-mobilite\/#primaryimage"},"image":{"@id":"https:\/\/www.link2fleet.com\/fr\/skipr-facilite-la-mise-en-place-du-budget-de-mobilite\/#primaryimage"},"thumbnailUrl":"https:\/\/static.link2fleet.com\/wp-content\/uploads\/2024\/03\/skipr-mathieu-horizontal-scaled-1.jpg","datePublished":"2020-12-14T07:41:39+00:00","breadcrumb":{"@id":"https:\/\/www.link2fleet.com\/fr\/skipr-facilite-la-mise-en-place-du-budget-de-mobilite\/#breadcrumb"},"inLanguage":"fr-FR","potentialAction":[{"@type":"ReadAction","target":["https:\/\/www.link2fleet.com\/fr\/skipr-facilite-la-mise-en-place-du-budget-de-mobilite\/"]}]},{"@type":"ImageObject","inLanguage":"fr-FR","@id":"https:\/\/www.link2fleet.com\/fr\/skipr-facilite-la-mise-en-place-du-budget-de-mobilite\/#primaryimage","url":"https:\/\/static.link2fleet.com\/wp-content\/uploads\/2024\/03\/skipr-mathieu-horizontal-scaled-1.jpg","contentUrl":"https:\/\/static.link2fleet.com\/wp-content\/uploads\/2024\/03\/skipr-mathieu-horizontal-scaled-1.jpg","width":2560,"height":1707,"caption":"|"},{"@type":"BreadcrumbList","@id":"https:\/\/www.link2fleet.com\/fr\/skipr-facilite-la-mise-en-place-du-budget-de-mobilite\/#breadcrumb","itemListElement":[{"@type":"ListItem","position":1,"name":"Home","item":"https:\/\/www.link2fleet.com\/fr\/"},{"@type":"ListItem","position":2,"name":"Mathieu de Lophem (Skipr) sur la taxe kilom\u00e9trique : \u00ab Agiter la carotte et non le b\u00e2ton \u00bb"}]},{"@type":"WebSite","@id":"https:\/\/www.link2fleet.com\/fr\/#website","url":"https:\/\/www.link2fleet.com\/fr\/","name":"Link2fleet","description":"","publisher":{"@id":"https:\/\/www.link2fleet.com\/fr\/#organization"},"potentialAction":[{"@type":"SearchAction","target":{"@type":"EntryPoint","urlTemplate":"https:\/\/www.link2fleet.com\/fr\/?s={search_term_string}"},"query-input":{"@type":"PropertyValueSpecification","valueRequired":true,"valueName":"search_term_string"}}],"inLanguage":"fr-FR"},{"@type":"Organization","@id":"https:\/\/www.link2fleet.com\/fr\/#organization","name":"Link2fleet","url":"https:\/\/www.link2fleet.com\/fr\/","logo":{"@type":"ImageObject","inLanguage":"fr-FR","@id":"https:\/\/www.link2fleet.com\/fr\/#\/schema\/logo\/image\/","url":"https:\/\/static.link2fleet.com\/wp-content\/uploads\/2024\/03\/share-image.jpg","contentUrl":"https:\/\/static.link2fleet.com\/wp-content\/uploads\/2024\/03\/share-image.jpg","width":1200,"height":630,"caption":"Link2fleet"},"image":{"@id":"https:\/\/www.link2fleet.com\/fr\/#\/schema\/logo\/image\/"},"sameAs":["https:\/\/www.linkedin.com\/company\/link2fleet-belgium","https:\/\/www.youtube.com\/user\/MMMBMBE"]},{"@type":"Person","@id":"https:\/\/www.link2fleet.com\/fr\/#\/schema\/person\/be5c57fc3d8ec765f7f536ffa2d67457","name":"Marc Demoulin","image":{"@type":"ImageObject","inLanguage":"fr-FR","@id":"https:\/\/secure.gravatar.com\/avatar\/a87df2253d2615844817d0a7f244258741572a74e0c35a309fca2badab9f30e7?s=96&d=mm&r=g","url":"https:\/\/secure.gravatar.com\/avatar\/a87df2253d2615844817d0a7f244258741572a74e0c35a309fca2badab9f30e7?s=96&d=mm&r=g","contentUrl":"https:\/\/secure.gravatar.com\/avatar\/a87df2253d2615844817d0a7f244258741572a74e0c35a309fca2badab9f30e7?s=96&d=mm&r=g","caption":"Marc Demoulin"}}]}},"_links":{"self":[{"href":"https:\/\/www.link2fleet.com\/fr\/wp-json\/wp\/v2\/posts\/3107","targetHints":{"allow":["GET"]}}],"collection":[{"href":"https:\/\/www.link2fleet.com\/fr\/wp-json\/wp\/v2\/posts"}],"about":[{"href":"https:\/\/www.link2fleet.com\/fr\/wp-json\/wp\/v2\/types\/post"}],"author":[{"embeddable":true,"href":"https:\/\/www.link2fleet.com\/fr\/wp-json\/wp\/v2\/users\/19"}],"replies":[{"embeddable":true,"href":"https:\/\/www.link2fleet.com\/fr\/wp-json\/wp\/v2\/comments?post=3107"}],"version-history":[{"count":0,"href":"https:\/\/www.link2fleet.com\/fr\/wp-json\/wp\/v2\/posts\/3107\/revisions"}],"wp:featuredmedia":[{"embeddable":true,"href":"https:\/\/www.link2fleet.com\/fr\/wp-json\/wp\/v2\/media\/3108"}],"wp:attachment":[{"href":"https:\/\/www.link2fleet.com\/fr\/wp-json\/wp\/v2\/media?parent=3107"}],"wp:term":[{"taxonomy":"category","embeddable":true,"href":"https:\/\/www.link2fleet.com\/fr\/wp-json\/wp\/v2\/categories?post=3107"},{"taxonomy":"post_tag","embeddable":true,"href":"https:\/\/www.link2fleet.com\/fr\/wp-json\/wp\/v2\/tags?post=3107"}],"curies":[{"name":"wp","href":"https:\/\/api.w.org\/{rel}","templated":true}]}}