{"id":31572,"date":"2024-08-01T09:22:12","date_gmt":"2024-08-01T07:22:12","guid":{"rendered":"https:\/\/www.link2fleet.com\/ruim-1-op-10-autos-niet-klaar-voor-vakantie\/"},"modified":"2024-08-01T09:24:02","modified_gmt":"2024-08-01T07:24:02","slug":"ruim-1-op-10-autos-niet-klaar-voor-vakantie","status":"publish","type":"post","link":"https:\/\/www.link2fleet.com\/fr\/ruim-1-op-10-autos-niet-klaar-voor-vakantie\/","title":{"rendered":"Plus d\u2019une voiture sur dix n\u2019est pas pr\u00eate pour les vacances"},"content":{"rendered":"","protected":false},"excerpt":{"rendered":"","protected":false},"author":4,"featured_media":31568,"comment_status":"closed","ping_status":"closed","sticky":false,"template":"","format":"standard","meta":{"_acf_changed":false,"footnotes":""},"categories":[135],"tags":[],"class_list":["post-31572","post","type-post","status-publish","format-standard","has-post-thumbnail","hentry","category-news-fr"],"acf":[],"yoast_head":"<!-- This site is optimized with the Yoast SEO plugin v27.3 - https:\/\/yoast.com\/product\/yoast-seo-wordpress\/ -->\n<title>Plus d\u2019une voiture sur dix n\u2019est pas pr\u00eate pour les vacances - link2fleet<\/title>\n<meta name=\"description\" content=\"De nombreux automobilistes sous-estiment l\u2019impact qu\u2019a le long trajet vers le sud sur leur voiture. Du jour au lendemain, le v\u00e9hicule est en effet souvent\u2026\" \/>\n<meta name=\"robots\" content=\"index, follow, max-snippet:-1, max-image-preview:large, max-video-preview:-1\" \/>\n<meta property=\"og:locale\" content=\"fr_FR\" \/>\n<meta property=\"og:type\" content=\"article\" \/>\n<meta property=\"og:title\" content=\"Plus d\u2019une voiture sur dix n\u2019est pas pr\u00eate pour les vacances - link2fleet\" \/>\n<meta property=\"og:description\" content=\"De nombreux automobilistes sous-estiment l\u2019impact qu\u2019a le long trajet vers le sud sur leur voiture. Du jour au lendemain, le v\u00e9hicule est en effet souvent\u2026\" \/>\n<meta property=\"og:url\" content=\"https:\/\/www.link2fleet.com\/ruim-1-op-10-autos-niet-klaar-voor-vakantie\/\" \/>\n<meta property=\"og:site_name\" content=\"link2fleet\" \/>\n<meta property=\"article:published_time\" content=\"2024-08-01T07:22:12+00:00\" \/>\n<meta property=\"article:modified_time\" content=\"2024-08-01T07:24:02+00:00\" \/>\n<meta property=\"og:image\" content=\"https:\/\/static.link2fleet.com\/wp-content\/uploads\/2024\/08\/norauto18999-scaled.jpeg\" \/>\n\t<meta property=\"og:image:width\" content=\"2560\" \/>\n\t<meta property=\"og:image:height\" content=\"1715\" \/>\n\t<meta property=\"og:image:type\" content=\"image\/jpeg\" \/>\n<meta name=\"author\" content=\"Damien Malvetti\" \/>\n<meta name=\"twitter:card\" content=\"summary_large_image\" \/>\n<meta name=\"twitter:description\" content=\"De nombreux automobilistes sous-estiment l\u2019impact qu\u2019a le long trajet vers le sud sur leur voiture. Du jour au lendemain, le v\u00e9hicule est en effet souvent\u2026\" \/>\n<meta name=\"twitter:label1\" content=\"\u00c9crit par\" \/>\n\t<meta name=\"twitter:data1\" content=\"Damien Malvetti\" \/>\n\t<meta name=\"twitter:label2\" content=\"Dur\u00e9e de lecture estim\u00e9e\" \/>\n\t<meta name=\"twitter:data2\" content=\"5 minutes\" \/>\n<script type=\"application\/ld+json\" class=\"yoast-schema-graph\">{\"@context\":\"https:\\\/\\\/schema.org\",\"@graph\":[{\"@type\":\"Article\",\"@id\":\"https:\\\/\\\/www.link2fleet.com\\\/ruim-1-op-10-autos-niet-klaar-voor-vakantie\\\/#article\",\"isPartOf\":{\"@id\":\"https:\\\/\\\/www.link2fleet.com\\\/ruim-1-op-10-autos-niet-klaar-voor-vakantie\\\/\"},\"author\":{\"name\":\"Damien Malvetti\",\"@id\":\"https:\\\/\\\/www.link2fleet.com\\\/fr\\\/#\\\/schema\\\/person\\\/027cd46113c78036b3809c9a054049da\"},\"headline\":\"Plus d\u2019une voiture sur dix n\u2019est pas pr\u00eate pour les vacances\",\"datePublished\":\"2024-08-01T07:22:12+00:00\",\"dateModified\":\"2024-08-01T07:24:02+00:00\",\"mainEntityOfPage\":{\"@id\":\"https:\\\/\\\/www.link2fleet.com\\\/ruim-1-op-10-autos-niet-klaar-voor-vakantie\\\/\"},\"wordCount\":14,\"publisher\":{\"@id\":\"https:\\\/\\\/www.link2fleet.com\\\/fr\\\/#organization\"},\"image\":{\"@id\":\"https:\\\/\\\/www.link2fleet.com\\\/ruim-1-op-10-autos-niet-klaar-voor-vakantie\\\/#primaryimage\"},\"thumbnailUrl\":\"https:\\\/\\\/static.link2fleet.com\\\/wp-content\\\/uploads\\\/2024\\\/08\\\/norauto18999-scaled.jpeg\",\"articleSection\":[\"Actus\"],\"inLanguage\":\"fr-FR\"},{\"@type\":\"WebPage\",\"@id\":\"https:\\\/\\\/www.link2fleet.com\\\/ruim-1-op-10-autos-niet-klaar-voor-vakantie\\\/\",\"url\":\"https:\\\/\\\/www.link2fleet.com\\\/ruim-1-op-10-autos-niet-klaar-voor-vakantie\\\/\",\"name\":\"Plus d\u2019une voiture sur dix n\u2019est pas pr\u00eate pour les vacances - link2fleet\",\"isPartOf\":{\"@id\":\"https:\\\/\\\/www.link2fleet.com\\\/fr\\\/#website\"},\"primaryImageOfPage\":{\"@id\":\"https:\\\/\\\/www.link2fleet.com\\\/ruim-1-op-10-autos-niet-klaar-voor-vakantie\\\/#primaryimage\"},\"image\":{\"@id\":\"https:\\\/\\\/www.link2fleet.com\\\/ruim-1-op-10-autos-niet-klaar-voor-vakantie\\\/#primaryimage\"},\"thumbnailUrl\":\"https:\\\/\\\/static.link2fleet.com\\\/wp-content\\\/uploads\\\/2024\\\/08\\\/norauto18999-scaled.jpeg\",\"datePublished\":\"2024-08-01T07:22:12+00:00\",\"dateModified\":\"2024-08-01T07:24:02+00:00\",\"description\":\"De nombreux automobilistes sous-estiment l\u2019impact qu\u2019a le long trajet vers le sud sur leur voiture. Du jour au lendemain, le v\u00e9hicule est en effet souvent sollicit\u00e9 pour parcourir plus de mille kilom\u00e8tres dans des conditions m\u00e9t\u00e9orologiques tr\u00e8s diff\u00e9rentes de celles de notre pays.\",\"breadcrumb\":{\"@id\":\"https:\\\/\\\/www.link2fleet.com\\\/ruim-1-op-10-autos-niet-klaar-voor-vakantie\\\/#breadcrumb\"},\"inLanguage\":\"fr-FR\",\"potentialAction\":[{\"@type\":\"ReadAction\",\"target\":[\"https:\\\/\\\/www.link2fleet.com\\\/ruim-1-op-10-autos-niet-klaar-voor-vakantie\\\/\"]}]},{\"@type\":\"ImageObject\",\"inLanguage\":\"fr-FR\",\"@id\":\"https:\\\/\\\/www.link2fleet.com\\\/ruim-1-op-10-autos-niet-klaar-voor-vakantie\\\/#primaryimage\",\"url\":\"https:\\\/\\\/static.link2fleet.com\\\/wp-content\\\/uploads\\\/2024\\\/08\\\/norauto18999-scaled.jpeg\",\"contentUrl\":\"https:\\\/\\\/static.link2fleet.com\\\/wp-content\\\/uploads\\\/2024\\\/08\\\/norauto18999-scaled.jpeg\",\"width\":2560,\"height\":1715},{\"@type\":\"BreadcrumbList\",\"@id\":\"https:\\\/\\\/www.link2fleet.com\\\/ruim-1-op-10-autos-niet-klaar-voor-vakantie\\\/#breadcrumb\",\"itemListElement\":[{\"@type\":\"ListItem\",\"position\":1,\"name\":\"Home\",\"item\":\"https:\\\/\\\/www.link2fleet.com\\\/fr\\\/\"},{\"@type\":\"ListItem\",\"position\":2,\"name\":\"Plus d\u2019une voiture sur dix n\u2019est pas pr\u00eate pour les vacances\"}]},{\"@type\":\"WebSite\",\"@id\":\"https:\\\/\\\/www.link2fleet.com\\\/fr\\\/#website\",\"url\":\"https:\\\/\\\/www.link2fleet.com\\\/fr\\\/\",\"name\":\"Link2fleet\",\"description\":\"\",\"publisher\":{\"@id\":\"https:\\\/\\\/www.link2fleet.com\\\/fr\\\/#organization\"},\"potentialAction\":[{\"@type\":\"SearchAction\",\"target\":{\"@type\":\"EntryPoint\",\"urlTemplate\":\"https:\\\/\\\/www.link2fleet.com\\\/fr\\\/?s={search_term_string}\"},\"query-input\":{\"@type\":\"PropertyValueSpecification\",\"valueRequired\":true,\"valueName\":\"search_term_string\"}}],\"inLanguage\":\"fr-FR\"},{\"@type\":\"Organization\",\"@id\":\"https:\\\/\\\/www.link2fleet.com\\\/fr\\\/#organization\",\"name\":\"Link2fleet\",\"url\":\"https:\\\/\\\/www.link2fleet.com\\\/fr\\\/\",\"logo\":{\"@type\":\"ImageObject\",\"inLanguage\":\"fr-FR\",\"@id\":\"https:\\\/\\\/www.link2fleet.com\\\/fr\\\/#\\\/schema\\\/logo\\\/image\\\/\",\"url\":\"https:\\\/\\\/static.link2fleet.com\\\/wp-content\\\/uploads\\\/2024\\\/03\\\/share-image.jpg\",\"contentUrl\":\"https:\\\/\\\/static.link2fleet.com\\\/wp-content\\\/uploads\\\/2024\\\/03\\\/share-image.jpg\",\"width\":1200,\"height\":630,\"caption\":\"Link2fleet\"},\"image\":{\"@id\":\"https:\\\/\\\/www.link2fleet.com\\\/fr\\\/#\\\/schema\\\/logo\\\/image\\\/\"},\"sameAs\":[\"https:\\\/\\\/www.linkedin.com\\\/company\\\/link2fleet-belgium\",\"https:\\\/\\\/www.youtube.com\\\/user\\\/MMMBMBE\"]},{\"@type\":\"Person\",\"@id\":\"https:\\\/\\\/www.link2fleet.com\\\/fr\\\/#\\\/schema\\\/person\\\/027cd46113c78036b3809c9a054049da\",\"name\":\"Damien Malvetti\",\"image\":{\"@type\":\"ImageObject\",\"inLanguage\":\"fr-FR\",\"@id\":\"https:\\\/\\\/secure.gravatar.com\\\/avatar\\\/dd8cc03b49466c735f753ac37f8caa371af16dfed347456ed61f02883255eebb?s=96&d=mm&r=g\",\"url\":\"https:\\\/\\\/secure.gravatar.com\\\/avatar\\\/dd8cc03b49466c735f753ac37f8caa371af16dfed347456ed61f02883255eebb?s=96&d=mm&r=g\",\"contentUrl\":\"https:\\\/\\\/secure.gravatar.com\\\/avatar\\\/dd8cc03b49466c735f753ac37f8caa371af16dfed347456ed61f02883255eebb?s=96&d=mm&r=g\",\"caption\":\"Damien Malvetti\"},\"description\":\"Damien Malvetti is opgeleid als journalist en gepassioneerd door wagens, technologie en mobiliteit. Hij is verantwoordelijk voor de redactionele inhoud van link2fleet en beschikt over een uitgebreide kennis van de fleet-sector en elektrische mobiliteit.\",\"sameAs\":[\"https:\\\/\\\/www.linkedin.com\\\/in\\\/damien-malvetti-56601142\\\/\"]}]}<\/script>\n<!-- \/ Yoast SEO plugin. -->","yoast_head_json":{"title":"Plus d\u2019une voiture sur dix n\u2019est pas pr\u00eate pour les vacances - link2fleet","description":"De nombreux automobilistes sous-estiment l\u2019impact qu\u2019a le long trajet vers le sud sur leur voiture. Du jour au lendemain, le v\u00e9hicule est en effet souvent\u2026","robots":{"index":"index","follow":"follow","max-snippet":"max-snippet:-1","max-image-preview":"max-image-preview:large","max-video-preview":"max-video-preview:-1"},"og_locale":"fr_FR","og_type":"article","og_title":"Plus d\u2019une voiture sur dix n\u2019est pas pr\u00eate pour les vacances - link2fleet","og_description":"De nombreux automobilistes sous-estiment l\u2019impact qu\u2019a le long trajet vers le sud sur leur voiture. Du jour au lendemain, le v\u00e9hicule est en effet souvent\u2026","og_url":"https:\/\/www.link2fleet.com\/ruim-1-op-10-autos-niet-klaar-voor-vakantie\/","og_site_name":"link2fleet","article_published_time":"2024-08-01T07:22:12+00:00","article_modified_time":"2024-08-01T07:24:02+00:00","og_image":[{"width":2560,"height":1715,"url":"https:\/\/static.link2fleet.com\/wp-content\/uploads\/2024\/08\/norauto18999-scaled.jpeg","type":"image\/jpeg"}],"author":"Damien Malvetti","twitter_card":"summary_large_image","twitter_description":"De nombreux automobilistes sous-estiment l\u2019impact qu\u2019a le long trajet vers le sud sur leur voiture. Du jour au lendemain, le v\u00e9hicule est en effet souvent\u2026","twitter_misc":{"\u00c9crit par":"Damien Malvetti","Dur\u00e9e de lecture estim\u00e9e":"5 minutes"},"schema":{"@context":"https:\/\/schema.org","@graph":[{"@type":"Article","@id":"https:\/\/www.link2fleet.com\/ruim-1-op-10-autos-niet-klaar-voor-vakantie\/#article","isPartOf":{"@id":"https:\/\/www.link2fleet.com\/ruim-1-op-10-autos-niet-klaar-voor-vakantie\/"},"author":{"name":"Damien Malvetti","@id":"https:\/\/www.link2fleet.com\/fr\/#\/schema\/person\/027cd46113c78036b3809c9a054049da"},"headline":"Plus d\u2019une voiture sur dix n\u2019est pas pr\u00eate pour les vacances","datePublished":"2024-08-01T07:22:12+00:00","dateModified":"2024-08-01T07:24:02+00:00","mainEntityOfPage":{"@id":"https:\/\/www.link2fleet.com\/ruim-1-op-10-autos-niet-klaar-voor-vakantie\/"},"wordCount":14,"publisher":{"@id":"https:\/\/www.link2fleet.com\/fr\/#organization"},"image":{"@id":"https:\/\/www.link2fleet.com\/ruim-1-op-10-autos-niet-klaar-voor-vakantie\/#primaryimage"},"thumbnailUrl":"https:\/\/static.link2fleet.com\/wp-content\/uploads\/2024\/08\/norauto18999-scaled.jpeg","articleSection":["Actus"],"inLanguage":"fr-FR"},{"@type":"WebPage","@id":"https:\/\/www.link2fleet.com\/ruim-1-op-10-autos-niet-klaar-voor-vakantie\/","url":"https:\/\/www.link2fleet.com\/ruim-1-op-10-autos-niet-klaar-voor-vakantie\/","name":"Plus d\u2019une voiture sur dix n\u2019est pas pr\u00eate pour les vacances - link2fleet","isPartOf":{"@id":"https:\/\/www.link2fleet.com\/fr\/#website"},"primaryImageOfPage":{"@id":"https:\/\/www.link2fleet.com\/ruim-1-op-10-autos-niet-klaar-voor-vakantie\/#primaryimage"},"image":{"@id":"https:\/\/www.link2fleet.com\/ruim-1-op-10-autos-niet-klaar-voor-vakantie\/#primaryimage"},"thumbnailUrl":"https:\/\/static.link2fleet.com\/wp-content\/uploads\/2024\/08\/norauto18999-scaled.jpeg","datePublished":"2024-08-01T07:22:12+00:00","dateModified":"2024-08-01T07:24:02+00:00","description":"De nombreux automobilistes sous-estiment l\u2019impact qu\u2019a le long trajet vers le sud sur leur voiture. Du jour au lendemain, le v\u00e9hicule est en effet souvent sollicit\u00e9 pour parcourir plus de mille kilom\u00e8tres dans des conditions m\u00e9t\u00e9orologiques tr\u00e8s diff\u00e9rentes de celles de notre pays.","breadcrumb":{"@id":"https:\/\/www.link2fleet.com\/ruim-1-op-10-autos-niet-klaar-voor-vakantie\/#breadcrumb"},"inLanguage":"fr-FR","potentialAction":[{"@type":"ReadAction","target":["https:\/\/www.link2fleet.com\/ruim-1-op-10-autos-niet-klaar-voor-vakantie\/"]}]},{"@type":"ImageObject","inLanguage":"fr-FR","@id":"https:\/\/www.link2fleet.com\/ruim-1-op-10-autos-niet-klaar-voor-vakantie\/#primaryimage","url":"https:\/\/static.link2fleet.com\/wp-content\/uploads\/2024\/08\/norauto18999-scaled.jpeg","contentUrl":"https:\/\/static.link2fleet.com\/wp-content\/uploads\/2024\/08\/norauto18999-scaled.jpeg","width":2560,"height":1715},{"@type":"BreadcrumbList","@id":"https:\/\/www.link2fleet.com\/ruim-1-op-10-autos-niet-klaar-voor-vakantie\/#breadcrumb","itemListElement":[{"@type":"ListItem","position":1,"name":"Home","item":"https:\/\/www.link2fleet.com\/fr\/"},{"@type":"ListItem","position":2,"name":"Plus d\u2019une voiture sur dix n\u2019est pas pr\u00eate pour les vacances"}]},{"@type":"WebSite","@id":"https:\/\/www.link2fleet.com\/fr\/#website","url":"https:\/\/www.link2fleet.com\/fr\/","name":"Link2fleet","description":"","publisher":{"@id":"https:\/\/www.link2fleet.com\/fr\/#organization"},"potentialAction":[{"@type":"SearchAction","target":{"@type":"EntryPoint","urlTemplate":"https:\/\/www.link2fleet.com\/fr\/?s={search_term_string}"},"query-input":{"@type":"PropertyValueSpecification","valueRequired":true,"valueName":"search_term_string"}}],"inLanguage":"fr-FR"},{"@type":"Organization","@id":"https:\/\/www.link2fleet.com\/fr\/#organization","name":"Link2fleet","url":"https:\/\/www.link2fleet.com\/fr\/","logo":{"@type":"ImageObject","inLanguage":"fr-FR","@id":"https:\/\/www.link2fleet.com\/fr\/#\/schema\/logo\/image\/","url":"https:\/\/static.link2fleet.com\/wp-content\/uploads\/2024\/03\/share-image.jpg","contentUrl":"https:\/\/static.link2fleet.com\/wp-content\/uploads\/2024\/03\/share-image.jpg","width":1200,"height":630,"caption":"Link2fleet"},"image":{"@id":"https:\/\/www.link2fleet.com\/fr\/#\/schema\/logo\/image\/"},"sameAs":["https:\/\/www.linkedin.com\/company\/link2fleet-belgium","https:\/\/www.youtube.com\/user\/MMMBMBE"]},{"@type":"Person","@id":"https:\/\/www.link2fleet.com\/fr\/#\/schema\/person\/027cd46113c78036b3809c9a054049da","name":"Damien Malvetti","image":{"@type":"ImageObject","inLanguage":"fr-FR","@id":"https:\/\/secure.gravatar.com\/avatar\/dd8cc03b49466c735f753ac37f8caa371af16dfed347456ed61f02883255eebb?s=96&d=mm&r=g","url":"https:\/\/secure.gravatar.com\/avatar\/dd8cc03b49466c735f753ac37f8caa371af16dfed347456ed61f02883255eebb?s=96&d=mm&r=g","contentUrl":"https:\/\/secure.gravatar.com\/avatar\/dd8cc03b49466c735f753ac37f8caa371af16dfed347456ed61f02883255eebb?s=96&d=mm&r=g","caption":"Damien Malvetti"},"description":"Damien Malvetti is opgeleid als journalist en gepassioneerd door wagens, technologie en mobiliteit. Hij is verantwoordelijk voor de redactionele inhoud van link2fleet en beschikt over een uitgebreide kennis van de fleet-sector en elektrische mobiliteit.","sameAs":["https:\/\/www.linkedin.com\/in\/damien-malvetti-56601142\/"]}]}},"_links":{"self":[{"href":"https:\/\/www.link2fleet.com\/fr\/wp-json\/wp\/v2\/posts\/31572","targetHints":{"allow":["GET"]}}],"collection":[{"href":"https:\/\/www.link2fleet.com\/fr\/wp-json\/wp\/v2\/posts"}],"about":[{"href":"https:\/\/www.link2fleet.com\/fr\/wp-json\/wp\/v2\/types\/post"}],"author":[{"embeddable":true,"href":"https:\/\/www.link2fleet.com\/fr\/wp-json\/wp\/v2\/users\/4"}],"replies":[{"embeddable":true,"href":"https:\/\/www.link2fleet.com\/fr\/wp-json\/wp\/v2\/comments?post=31572"}],"version-history":[{"count":0,"href":"https:\/\/www.link2fleet.com\/fr\/wp-json\/wp\/v2\/posts\/31572\/revisions"}],"wp:featuredmedia":[{"embeddable":true,"href":"https:\/\/www.link2fleet.com\/fr\/wp-json\/wp\/v2\/media\/31568"}],"wp:attachment":[{"href":"https:\/\/www.link2fleet.com\/fr\/wp-json\/wp\/v2\/media?parent=31572"}],"wp:term":[{"taxonomy":"category","embeddable":true,"href":"https:\/\/www.link2fleet.com\/fr\/wp-json\/wp\/v2\/categories?post=31572"},{"taxonomy":"post_tag","embeddable":true,"href":"https:\/\/www.link2fleet.com\/fr\/wp-json\/wp\/v2\/tags?post=31572"}],"curies":[{"name":"wp","href":"https:\/\/api.w.org\/{rel}","templated":true}]}}