{"id":31841,"date":"2024-08-16T13:35:24","date_gmt":"2024-08-16T11:35:24","guid":{"rendered":"https:\/\/www.link2fleet.com\/?p=31841"},"modified":"2024-08-16T13:49:37","modified_gmt":"2024-08-16T11:49:37","slug":"eenvoud-en-duurzaamheid-veltiums-ambitieuze-plannen-voor-de-benelux","status":"publish","type":"post","link":"https:\/\/www.link2fleet.com\/fr\/eenvoud-en-duurzaamheid-veltiums-ambitieuze-plannen-voor-de-benelux\/","title":{"rendered":"Simplicit\u00e9 et durabilit\u00e9 : Les plans ambitieux de Veltium pour le Benelux"},"content":{"rendered":"","protected":false},"excerpt":{"rendered":"","protected":false},"author":43,"featured_media":31821,"comment_status":"closed","ping_status":"closed","sticky":false,"template":"","format":"standard","meta":{"_acf_changed":false,"footnotes":""},"categories":[81,91],"tags":[503],"class_list":["post-31841","post","type-post","status-publish","format-standard","has-post-thumbnail","hentry","category-gestion-de-carburant-et-energie","category-expertise-et-management","tag-veltium-fr"],"acf":[],"yoast_head":"<!-- This site is optimized with the Yoast SEO plugin v27.3 - https:\/\/yoast.com\/product\/yoast-seo-wordpress\/ -->\n<title>Simplicit\u00e9 et durabilit\u00e9 : Les plans ambitieux de Veltium pour le Benelux - link2fleet<\/title>\n<meta name=\"description\" content=\"Veltium, leader espagnol des solutions de mobilit\u00e9 durable, a fait son entr\u00e9e sur le march\u00e9 du Benelux. L&rsquo;entreprise, connue pour ses solutions de recharge faciles\u2026\" \/>\n<meta name=\"robots\" content=\"index, follow, max-snippet:-1, max-image-preview:large, max-video-preview:-1\" \/>\n<meta property=\"og:locale\" content=\"fr_FR\" \/>\n<meta property=\"og:type\" content=\"article\" \/>\n<meta property=\"og:title\" content=\"Simplicit\u00e9 et durabilit\u00e9 : Les plans ambitieux de Veltium pour le Benelux - link2fleet\" \/>\n<meta property=\"og:description\" content=\"Veltium, leader espagnol des solutions de mobilit\u00e9 durable, a fait son entr\u00e9e sur le march\u00e9 du Benelux. L&rsquo;entreprise, connue pour ses solutions de recharge faciles\u2026\" \/>\n<meta property=\"og:url\" content=\"https:\/\/www.link2fleet.com\/eenvoud-en-duurzaamheid-veltiums-ambitieuze-plannen-voor-de-benelux\/\" \/>\n<meta property=\"og:site_name\" content=\"link2fleet\" \/>\n<meta property=\"article:published_time\" content=\"2024-08-16T11:35:24+00:00\" \/>\n<meta property=\"article:modified_time\" content=\"2024-08-16T11:49:37+00:00\" \/>\n<meta property=\"og:image\" content=\"https:\/\/static.link2fleet.com\/wp-content\/uploads\/2024\/08\/naamloos-scaled.jpg\" \/>\n\t<meta property=\"og:image:width\" content=\"2560\" \/>\n\t<meta property=\"og:image:height\" content=\"1743\" \/>\n\t<meta property=\"og:image:type\" content=\"image\/jpeg\" \/>\n<meta name=\"author\" content=\"Jeroen Evens\" \/>\n<meta name=\"twitter:card\" content=\"summary_large_image\" \/>\n<meta name=\"twitter:description\" content=\"Veltium, leader espagnol des solutions de mobilit\u00e9 durable, a fait son entr\u00e9e sur le march\u00e9 du Benelux. L&rsquo;entreprise, connue pour ses solutions de recharge faciles\u2026\" \/>\n<meta name=\"twitter:label1\" content=\"\u00c9crit par\" \/>\n\t<meta name=\"twitter:data1\" content=\"Jeroen Evens\" \/>\n\t<meta name=\"twitter:label2\" content=\"Dur\u00e9e de lecture estim\u00e9e\" \/>\n\t<meta name=\"twitter:data2\" content=\"5 minutes\" \/>\n<script type=\"application\/ld+json\" class=\"yoast-schema-graph\">{\"@context\":\"https:\\\/\\\/schema.org\",\"@graph\":[{\"@type\":\"Article\",\"@id\":\"https:\\\/\\\/www.link2fleet.com\\\/eenvoud-en-duurzaamheid-veltiums-ambitieuze-plannen-voor-de-benelux\\\/#article\",\"isPartOf\":{\"@id\":\"https:\\\/\\\/www.link2fleet.com\\\/eenvoud-en-duurzaamheid-veltiums-ambitieuze-plannen-voor-de-benelux\\\/\"},\"author\":{\"name\":\"Jeroen Evens\",\"@id\":\"https:\\\/\\\/www.link2fleet.com\\\/fr\\\/#\\\/schema\\\/person\\\/3f23fa5cf039e25761156c930f6bf38f\"},\"headline\":\"Simplicit\u00e9 et durabilit\u00e9 : Les plans ambitieux de Veltium pour le Benelux\",\"datePublished\":\"2024-08-16T11:35:24+00:00\",\"dateModified\":\"2024-08-16T11:49:37+00:00\",\"mainEntityOfPage\":{\"@id\":\"https:\\\/\\\/www.link2fleet.com\\\/eenvoud-en-duurzaamheid-veltiums-ambitieuze-plannen-voor-de-benelux\\\/\"},\"wordCount\":11,\"publisher\":{\"@id\":\"https:\\\/\\\/www.link2fleet.com\\\/fr\\\/#organization\"},\"image\":{\"@id\":\"https:\\\/\\\/www.link2fleet.com\\\/eenvoud-en-duurzaamheid-veltiums-ambitieuze-plannen-voor-de-benelux\\\/#primaryimage\"},\"thumbnailUrl\":\"https:\\\/\\\/static.link2fleet.com\\\/wp-content\\\/uploads\\\/2024\\\/08\\\/naamloos-scaled.jpg\",\"keywords\":[\"Veltium\"],\"articleSection\":[\"Gestion carburant et de l'\u00e9nergie\",\"Gestion de flotte\"],\"inLanguage\":\"fr-FR\"},{\"@type\":\"WebPage\",\"@id\":\"https:\\\/\\\/www.link2fleet.com\\\/eenvoud-en-duurzaamheid-veltiums-ambitieuze-plannen-voor-de-benelux\\\/\",\"url\":\"https:\\\/\\\/www.link2fleet.com\\\/eenvoud-en-duurzaamheid-veltiums-ambitieuze-plannen-voor-de-benelux\\\/\",\"name\":\"Simplicit\u00e9 et durabilit\u00e9 : Les plans ambitieux de Veltium pour le Benelux - link2fleet\",\"isPartOf\":{\"@id\":\"https:\\\/\\\/www.link2fleet.com\\\/fr\\\/#website\"},\"primaryImageOfPage\":{\"@id\":\"https:\\\/\\\/www.link2fleet.com\\\/eenvoud-en-duurzaamheid-veltiums-ambitieuze-plannen-voor-de-benelux\\\/#primaryimage\"},\"image\":{\"@id\":\"https:\\\/\\\/www.link2fleet.com\\\/eenvoud-en-duurzaamheid-veltiums-ambitieuze-plannen-voor-de-benelux\\\/#primaryimage\"},\"thumbnailUrl\":\"https:\\\/\\\/static.link2fleet.com\\\/wp-content\\\/uploads\\\/2024\\\/08\\\/naamloos-scaled.jpg\",\"datePublished\":\"2024-08-16T11:35:24+00:00\",\"dateModified\":\"2024-08-16T11:49:37+00:00\",\"breadcrumb\":{\"@id\":\"https:\\\/\\\/www.link2fleet.com\\\/eenvoud-en-duurzaamheid-veltiums-ambitieuze-plannen-voor-de-benelux\\\/#breadcrumb\"},\"inLanguage\":\"fr-FR\",\"potentialAction\":[{\"@type\":\"ReadAction\",\"target\":[\"https:\\\/\\\/www.link2fleet.com\\\/eenvoud-en-duurzaamheid-veltiums-ambitieuze-plannen-voor-de-benelux\\\/\"]}]},{\"@type\":\"ImageObject\",\"inLanguage\":\"fr-FR\",\"@id\":\"https:\\\/\\\/www.link2fleet.com\\\/eenvoud-en-duurzaamheid-veltiums-ambitieuze-plannen-voor-de-benelux\\\/#primaryimage\",\"url\":\"https:\\\/\\\/static.link2fleet.com\\\/wp-content\\\/uploads\\\/2024\\\/08\\\/naamloos-scaled.jpg\",\"contentUrl\":\"https:\\\/\\\/static.link2fleet.com\\\/wp-content\\\/uploads\\\/2024\\\/08\\\/naamloos-scaled.jpg\",\"width\":2560,\"height\":1743},{\"@type\":\"BreadcrumbList\",\"@id\":\"https:\\\/\\\/www.link2fleet.com\\\/eenvoud-en-duurzaamheid-veltiums-ambitieuze-plannen-voor-de-benelux\\\/#breadcrumb\",\"itemListElement\":[{\"@type\":\"ListItem\",\"position\":1,\"name\":\"Home\",\"item\":\"https:\\\/\\\/www.link2fleet.com\\\/fr\\\/\"},{\"@type\":\"ListItem\",\"position\":2,\"name\":\"Simplicit\u00e9 et durabilit\u00e9 : Les plans ambitieux de Veltium pour le Benelux\"}]},{\"@type\":\"WebSite\",\"@id\":\"https:\\\/\\\/www.link2fleet.com\\\/fr\\\/#website\",\"url\":\"https:\\\/\\\/www.link2fleet.com\\\/fr\\\/\",\"name\":\"Link2fleet\",\"description\":\"\",\"publisher\":{\"@id\":\"https:\\\/\\\/www.link2fleet.com\\\/fr\\\/#organization\"},\"potentialAction\":[{\"@type\":\"SearchAction\",\"target\":{\"@type\":\"EntryPoint\",\"urlTemplate\":\"https:\\\/\\\/www.link2fleet.com\\\/fr\\\/?s={search_term_string}\"},\"query-input\":{\"@type\":\"PropertyValueSpecification\",\"valueRequired\":true,\"valueName\":\"search_term_string\"}}],\"inLanguage\":\"fr-FR\"},{\"@type\":\"Organization\",\"@id\":\"https:\\\/\\\/www.link2fleet.com\\\/fr\\\/#organization\",\"name\":\"Link2fleet\",\"url\":\"https:\\\/\\\/www.link2fleet.com\\\/fr\\\/\",\"logo\":{\"@type\":\"ImageObject\",\"inLanguage\":\"fr-FR\",\"@id\":\"https:\\\/\\\/www.link2fleet.com\\\/fr\\\/#\\\/schema\\\/logo\\\/image\\\/\",\"url\":\"https:\\\/\\\/static.link2fleet.com\\\/wp-content\\\/uploads\\\/2024\\\/03\\\/share-image.jpg\",\"contentUrl\":\"https:\\\/\\\/static.link2fleet.com\\\/wp-content\\\/uploads\\\/2024\\\/03\\\/share-image.jpg\",\"width\":1200,\"height\":630,\"caption\":\"Link2fleet\"},\"image\":{\"@id\":\"https:\\\/\\\/www.link2fleet.com\\\/fr\\\/#\\\/schema\\\/logo\\\/image\\\/\"},\"sameAs\":[\"https:\\\/\\\/www.linkedin.com\\\/company\\\/link2fleet-belgium\",\"https:\\\/\\\/www.youtube.com\\\/user\\\/MMMBMBE\"]},{\"@type\":\"Person\",\"@id\":\"https:\\\/\\\/www.link2fleet.com\\\/fr\\\/#\\\/schema\\\/person\\\/3f23fa5cf039e25761156c930f6bf38f\",\"name\":\"Jeroen Evens\",\"image\":{\"@type\":\"ImageObject\",\"inLanguage\":\"fr-FR\",\"@id\":\"https:\\\/\\\/secure.gravatar.com\\\/avatar\\\/6e059523a84fbec54e5ec5d0f3fb4322b7b077be22b323085f823d1d7f00f32e?s=96&d=mm&r=g\",\"url\":\"https:\\\/\\\/secure.gravatar.com\\\/avatar\\\/6e059523a84fbec54e5ec5d0f3fb4322b7b077be22b323085f823d1d7f00f32e?s=96&d=mm&r=g\",\"contentUrl\":\"https:\\\/\\\/secure.gravatar.com\\\/avatar\\\/6e059523a84fbec54e5ec5d0f3fb4322b7b077be22b323085f823d1d7f00f32e?s=96&d=mm&r=g\",\"caption\":\"Jeroen Evens\"},\"description\":\"Jeroen Evens is opgeleid in de Communicatiewetenschappen (KULeuven) en is een enthousiaste volger van alles wat met mobiliteit en bedrijfswagens te maken heeft. Als freelance journalist gespecialiseerd in de fleetsector houdt hij al drie jaar lang de vinger aan de pols van de laatste ontwikkelingen in onze sector.\"}]}<\/script>\n<!-- \/ Yoast SEO plugin. -->","yoast_head_json":{"title":"Simplicit\u00e9 et durabilit\u00e9 : Les plans ambitieux de Veltium pour le Benelux - link2fleet","description":"Veltium, leader espagnol des solutions de mobilit\u00e9 durable, a fait son entr\u00e9e sur le march\u00e9 du Benelux. L&rsquo;entreprise, connue pour ses solutions de recharge faciles\u2026","robots":{"index":"index","follow":"follow","max-snippet":"max-snippet:-1","max-image-preview":"max-image-preview:large","max-video-preview":"max-video-preview:-1"},"og_locale":"fr_FR","og_type":"article","og_title":"Simplicit\u00e9 et durabilit\u00e9 : Les plans ambitieux de Veltium pour le Benelux - link2fleet","og_description":"Veltium, leader espagnol des solutions de mobilit\u00e9 durable, a fait son entr\u00e9e sur le march\u00e9 du Benelux. L&rsquo;entreprise, connue pour ses solutions de recharge faciles\u2026","og_url":"https:\/\/www.link2fleet.com\/eenvoud-en-duurzaamheid-veltiums-ambitieuze-plannen-voor-de-benelux\/","og_site_name":"link2fleet","article_published_time":"2024-08-16T11:35:24+00:00","article_modified_time":"2024-08-16T11:49:37+00:00","og_image":[{"width":2560,"height":1743,"url":"https:\/\/static.link2fleet.com\/wp-content\/uploads\/2024\/08\/naamloos-scaled.jpg","type":"image\/jpeg"}],"author":"Jeroen Evens","twitter_card":"summary_large_image","twitter_description":"Veltium, leader espagnol des solutions de mobilit\u00e9 durable, a fait son entr\u00e9e sur le march\u00e9 du Benelux. L&rsquo;entreprise, connue pour ses solutions de recharge faciles\u2026","twitter_misc":{"\u00c9crit par":"Jeroen Evens","Dur\u00e9e de lecture estim\u00e9e":"5 minutes"},"schema":{"@context":"https:\/\/schema.org","@graph":[{"@type":"Article","@id":"https:\/\/www.link2fleet.com\/eenvoud-en-duurzaamheid-veltiums-ambitieuze-plannen-voor-de-benelux\/#article","isPartOf":{"@id":"https:\/\/www.link2fleet.com\/eenvoud-en-duurzaamheid-veltiums-ambitieuze-plannen-voor-de-benelux\/"},"author":{"name":"Jeroen Evens","@id":"https:\/\/www.link2fleet.com\/fr\/#\/schema\/person\/3f23fa5cf039e25761156c930f6bf38f"},"headline":"Simplicit\u00e9 et durabilit\u00e9 : Les plans ambitieux de Veltium pour le Benelux","datePublished":"2024-08-16T11:35:24+00:00","dateModified":"2024-08-16T11:49:37+00:00","mainEntityOfPage":{"@id":"https:\/\/www.link2fleet.com\/eenvoud-en-duurzaamheid-veltiums-ambitieuze-plannen-voor-de-benelux\/"},"wordCount":11,"publisher":{"@id":"https:\/\/www.link2fleet.com\/fr\/#organization"},"image":{"@id":"https:\/\/www.link2fleet.com\/eenvoud-en-duurzaamheid-veltiums-ambitieuze-plannen-voor-de-benelux\/#primaryimage"},"thumbnailUrl":"https:\/\/static.link2fleet.com\/wp-content\/uploads\/2024\/08\/naamloos-scaled.jpg","keywords":["Veltium"],"articleSection":["Gestion carburant et de l'\u00e9nergie","Gestion de flotte"],"inLanguage":"fr-FR"},{"@type":"WebPage","@id":"https:\/\/www.link2fleet.com\/eenvoud-en-duurzaamheid-veltiums-ambitieuze-plannen-voor-de-benelux\/","url":"https:\/\/www.link2fleet.com\/eenvoud-en-duurzaamheid-veltiums-ambitieuze-plannen-voor-de-benelux\/","name":"Simplicit\u00e9 et durabilit\u00e9 : Les plans ambitieux de Veltium pour le Benelux - link2fleet","isPartOf":{"@id":"https:\/\/www.link2fleet.com\/fr\/#website"},"primaryImageOfPage":{"@id":"https:\/\/www.link2fleet.com\/eenvoud-en-duurzaamheid-veltiums-ambitieuze-plannen-voor-de-benelux\/#primaryimage"},"image":{"@id":"https:\/\/www.link2fleet.com\/eenvoud-en-duurzaamheid-veltiums-ambitieuze-plannen-voor-de-benelux\/#primaryimage"},"thumbnailUrl":"https:\/\/static.link2fleet.com\/wp-content\/uploads\/2024\/08\/naamloos-scaled.jpg","datePublished":"2024-08-16T11:35:24+00:00","dateModified":"2024-08-16T11:49:37+00:00","breadcrumb":{"@id":"https:\/\/www.link2fleet.com\/eenvoud-en-duurzaamheid-veltiums-ambitieuze-plannen-voor-de-benelux\/#breadcrumb"},"inLanguage":"fr-FR","potentialAction":[{"@type":"ReadAction","target":["https:\/\/www.link2fleet.com\/eenvoud-en-duurzaamheid-veltiums-ambitieuze-plannen-voor-de-benelux\/"]}]},{"@type":"ImageObject","inLanguage":"fr-FR","@id":"https:\/\/www.link2fleet.com\/eenvoud-en-duurzaamheid-veltiums-ambitieuze-plannen-voor-de-benelux\/#primaryimage","url":"https:\/\/static.link2fleet.com\/wp-content\/uploads\/2024\/08\/naamloos-scaled.jpg","contentUrl":"https:\/\/static.link2fleet.com\/wp-content\/uploads\/2024\/08\/naamloos-scaled.jpg","width":2560,"height":1743},{"@type":"BreadcrumbList","@id":"https:\/\/www.link2fleet.com\/eenvoud-en-duurzaamheid-veltiums-ambitieuze-plannen-voor-de-benelux\/#breadcrumb","itemListElement":[{"@type":"ListItem","position":1,"name":"Home","item":"https:\/\/www.link2fleet.com\/fr\/"},{"@type":"ListItem","position":2,"name":"Simplicit\u00e9 et durabilit\u00e9 : Les plans ambitieux de Veltium pour le Benelux"}]},{"@type":"WebSite","@id":"https:\/\/www.link2fleet.com\/fr\/#website","url":"https:\/\/www.link2fleet.com\/fr\/","name":"Link2fleet","description":"","publisher":{"@id":"https:\/\/www.link2fleet.com\/fr\/#organization"},"potentialAction":[{"@type":"SearchAction","target":{"@type":"EntryPoint","urlTemplate":"https:\/\/www.link2fleet.com\/fr\/?s={search_term_string}"},"query-input":{"@type":"PropertyValueSpecification","valueRequired":true,"valueName":"search_term_string"}}],"inLanguage":"fr-FR"},{"@type":"Organization","@id":"https:\/\/www.link2fleet.com\/fr\/#organization","name":"Link2fleet","url":"https:\/\/www.link2fleet.com\/fr\/","logo":{"@type":"ImageObject","inLanguage":"fr-FR","@id":"https:\/\/www.link2fleet.com\/fr\/#\/schema\/logo\/image\/","url":"https:\/\/static.link2fleet.com\/wp-content\/uploads\/2024\/03\/share-image.jpg","contentUrl":"https:\/\/static.link2fleet.com\/wp-content\/uploads\/2024\/03\/share-image.jpg","width":1200,"height":630,"caption":"Link2fleet"},"image":{"@id":"https:\/\/www.link2fleet.com\/fr\/#\/schema\/logo\/image\/"},"sameAs":["https:\/\/www.linkedin.com\/company\/link2fleet-belgium","https:\/\/www.youtube.com\/user\/MMMBMBE"]},{"@type":"Person","@id":"https:\/\/www.link2fleet.com\/fr\/#\/schema\/person\/3f23fa5cf039e25761156c930f6bf38f","name":"Jeroen Evens","image":{"@type":"ImageObject","inLanguage":"fr-FR","@id":"https:\/\/secure.gravatar.com\/avatar\/6e059523a84fbec54e5ec5d0f3fb4322b7b077be22b323085f823d1d7f00f32e?s=96&d=mm&r=g","url":"https:\/\/secure.gravatar.com\/avatar\/6e059523a84fbec54e5ec5d0f3fb4322b7b077be22b323085f823d1d7f00f32e?s=96&d=mm&r=g","contentUrl":"https:\/\/secure.gravatar.com\/avatar\/6e059523a84fbec54e5ec5d0f3fb4322b7b077be22b323085f823d1d7f00f32e?s=96&d=mm&r=g","caption":"Jeroen Evens"},"description":"Jeroen Evens is opgeleid in de Communicatiewetenschappen (KULeuven) en is een enthousiaste volger van alles wat met mobiliteit en bedrijfswagens te maken heeft. Als freelance journalist gespecialiseerd in de fleetsector houdt hij al drie jaar lang de vinger aan de pols van de laatste ontwikkelingen in onze sector."}]}},"_links":{"self":[{"href":"https:\/\/www.link2fleet.com\/fr\/wp-json\/wp\/v2\/posts\/31841","targetHints":{"allow":["GET"]}}],"collection":[{"href":"https:\/\/www.link2fleet.com\/fr\/wp-json\/wp\/v2\/posts"}],"about":[{"href":"https:\/\/www.link2fleet.com\/fr\/wp-json\/wp\/v2\/types\/post"}],"author":[{"embeddable":true,"href":"https:\/\/www.link2fleet.com\/fr\/wp-json\/wp\/v2\/users\/43"}],"replies":[{"embeddable":true,"href":"https:\/\/www.link2fleet.com\/fr\/wp-json\/wp\/v2\/comments?post=31841"}],"version-history":[{"count":0,"href":"https:\/\/www.link2fleet.com\/fr\/wp-json\/wp\/v2\/posts\/31841\/revisions"}],"wp:featuredmedia":[{"embeddable":true,"href":"https:\/\/www.link2fleet.com\/fr\/wp-json\/wp\/v2\/media\/31821"}],"wp:attachment":[{"href":"https:\/\/www.link2fleet.com\/fr\/wp-json\/wp\/v2\/media?parent=31841"}],"wp:term":[{"taxonomy":"category","embeddable":true,"href":"https:\/\/www.link2fleet.com\/fr\/wp-json\/wp\/v2\/categories?post=31841"},{"taxonomy":"post_tag","embeddable":true,"href":"https:\/\/www.link2fleet.com\/fr\/wp-json\/wp\/v2\/tags?post=31841"}],"curies":[{"name":"wp","href":"https:\/\/api.w.org\/{rel}","templated":true}]}}