{"id":3196,"date":"2021-01-05T08:40:05","date_gmt":"2021-01-05T07:40:05","guid":{"rendered":"https:\/\/www.link2fleet.com\/nouvelle-organisation-interne-chez-volkswagen-dieteren-finance\/"},"modified":"2021-01-05T08:40:05","modified_gmt":"2021-01-05T07:40:05","slug":"nouvelle-organisation-interne-chez-volkswagen-dieteren-finance","status":"publish","type":"post","link":"https:\/\/www.link2fleet.com\/fr\/nouvelle-organisation-interne-chez-volkswagen-dieteren-finance\/","title":{"rendered":"Nouvelle organisation interne chez Volkswagen D&rsquo;Ieteren Finance"},"content":{"rendered":"<p>Didier Willems (COO) et Alan Ruperto (CFO) d\u00e9velopperont cette nouvelle structure organisationnelle de fa\u00e7on progressive. Celle-ci visera l\u2019excellence op\u00e9rationnelle et permettra \u00e0 Volkswagen D\u2019Ieteren Finance de s\u2019inscrire plus que jamais comme le partenaire privil\u00e9gi\u00e9 de mobilit\u00e9 multimodale pour ses clients.<\/p>\n<p><strong>4 p\u00f4les<\/strong><\/p>\n<p>Le premier p\u00f4le, \u00ab Create the business \u00bb, rassemble toutes les fonctions de vente et de marketing. Philippe Vandersteen, apr\u00e8s avoir occup\u00e9 diff\u00e9rentes fonctions dans les d\u00e9partements commerciaux de la Maison D\u2019Ieteren, en prend la direction avec le titre de \u00ab Head of Sales &amp; Marketing \u00bb.<\/p>\n<p>Dans le deuxi\u00e8me p\u00f4le, \u00ab\u00a0Serve the business\u00a0\u00bb, se retrouvent toutes les fonctions dont la finalit\u00e9 est d\u2019op\u00e9rer les services auxquels les clients ont directement recours. La responsabilit\u00e9 de ce p\u00f4le est endoss\u00e9e par Peterjan Eycken en tant que Head of Operations. Peterjan a rejoint Volkswagen D\u2019Ieteren Finance apr\u00e8s avoir \u00e9t\u00e9 Operations Director chez Athlon en Belgique de 2011 \u00e0 2017. Ensuite, Peterjan fut responsable de la gestion de projets, de l&rsquo;exp\u00e9rience client et de la num\u00e9risation pour Athlon International. Avant cela, il occupa plusieurs postes au niveau operations chez GE Capital Fleet Services, tant pour la Belgique qu&rsquo;au niveau europ\u00e9en.<\/p>\n<p>Le troisi\u00e8me p\u00f4le\u00a0d\u00e9nomm\u00e9 \u00ab\u00a0Empower the business\u00a0\u00bb regroupe toutes les fonctions de support\u00a0: IT (Hajo Van Dieken), Risk &amp; Controlling (Laurence Willems), Internal Control Services (Laurent Dalemans), HR &amp; Talent (Maarten Wastiau) et Accounting &amp; Collections (Frederik Puttemans).<\/p>\n<p>Enfin, le quatri\u00e8me p\u00f4le \u00ab\u00a0Transform the business\u00a0\u00bb. On y retrouve le d\u00e9partement Business Transformation Office qui rassemble toutes les fonctions de coordination des projets de transformation tant strat\u00e9gique qu\u2019op\u00e9rationnel visant \u00e0 l\u2019am\u00e9lioration et le d\u00e9veloppement continu de nos m\u00e9tiers et services. C\u2019est Michel van der Straten qui en en a la responsabilit\u00e9.<\/p>\n","protected":false},"excerpt":{"rendered":"<p>Didier Willems (COO) et Alan Ruperto (CFO) d\u00e9velopperont cette nouvelle structure organisationnelle de fa\u00e7on progressive. Celle-ci visera l\u2019excellence op\u00e9rationnelle et permettra \u00e0 Volkswagen D\u2019Ieteren Finance de s\u2019inscrire plus que jamais comme le partenaire privil\u00e9gi\u00e9 de mobilit\u00e9 multimodale pour ses clients. 4 p\u00f4les Le premier p\u00f4le, \u00ab Create the business \u00bb, rassemble toutes les fonctions de [&hellip;]<\/p>\n","protected":false},"author":19,"featured_media":3197,"comment_status":"closed","ping_status":"closed","sticky":false,"template":"","format":"standard","meta":{"_acf_changed":false,"footnotes":""},"categories":[91,79],"tags":[],"class_list":["post-3196","post","type-post","status-publish","format-standard","has-post-thumbnail","hentry","category-expertise-et-management","category-societes-de-leasing"],"acf":[],"yoast_head":"<!-- This site is optimized with the Yoast SEO plugin v27.3 - https:\/\/yoast.com\/product\/yoast-seo-wordpress\/ -->\n<title>Nouvelle organisation interne chez Volkswagen D&#039;Ieteren Finance - link2fleet<\/title>\n<meta name=\"description\" content=\"Dans le cadre de son plan strat\u00e9gique de transformation, baptis\u00e9 DIAMOND, Volkswagen D\u2019Ieteren Finance met en place une nouvelle structure interne qui a pour objectif\u2026\" \/>\n<meta name=\"robots\" content=\"index, follow, max-snippet:-1, max-image-preview:large, max-video-preview:-1\" \/>\n<meta property=\"og:locale\" content=\"fr_FR\" \/>\n<meta property=\"og:type\" content=\"article\" \/>\n<meta property=\"og:title\" content=\"Nouvelle organisation interne chez Volkswagen D&#039;Ieteren Finance - link2fleet\" \/>\n<meta property=\"og:description\" content=\"Dans le cadre de son plan strat\u00e9gique de transformation, baptis\u00e9 DIAMOND, Volkswagen D\u2019Ieteren Finance met en place une nouvelle structure interne qui a pour objectif\u2026\" \/>\n<meta property=\"og:url\" content=\"https:\/\/www.link2fleet.com\/fr\/nouvelle-organisation-interne-chez-volkswagen-dieteren-finance\/\" \/>\n<meta property=\"og:site_name\" content=\"link2fleet\" \/>\n<meta property=\"article:published_time\" content=\"2021-01-05T07:40:05+00:00\" \/>\n<meta property=\"og:image\" content=\"https:\/\/static.link2fleet.com\/wp-content\/uploads\/2024\/03\/db2019au00390-small.jpg\" \/>\n\t<meta property=\"og:image:width\" content=\"1024\" \/>\n\t<meta property=\"og:image:height\" content=\"683\" \/>\n\t<meta property=\"og:image:type\" content=\"image\/jpeg\" \/>\n<meta name=\"author\" content=\"Marc Demoulin\" \/>\n<meta name=\"twitter:card\" content=\"summary_large_image\" \/>\n<meta name=\"twitter:description\" content=\"Dans le cadre de son plan strat\u00e9gique de transformation, baptis\u00e9 DIAMOND, Volkswagen D\u2019Ieteren Finance met en place une nouvelle structure interne qui a pour objectif\u2026\" \/>\n<meta name=\"twitter:label1\" content=\"\u00c9crit par\" \/>\n\t<meta name=\"twitter:data1\" content=\"Marc Demoulin\" \/>\n\t<meta name=\"twitter:label2\" content=\"Dur\u00e9e de lecture estim\u00e9e\" \/>\n\t<meta name=\"twitter:data2\" content=\"2 minutes\" \/>\n<script type=\"application\/ld+json\" class=\"yoast-schema-graph\">{\"@context\":\"https:\\\/\\\/schema.org\",\"@graph\":[{\"@type\":\"Article\",\"@id\":\"https:\\\/\\\/www.link2fleet.com\\\/fr\\\/nouvelle-organisation-interne-chez-volkswagen-dieteren-finance\\\/#article\",\"isPartOf\":{\"@id\":\"https:\\\/\\\/www.link2fleet.com\\\/fr\\\/nouvelle-organisation-interne-chez-volkswagen-dieteren-finance\\\/\"},\"author\":{\"name\":\"Marc Demoulin\",\"@id\":\"https:\\\/\\\/www.link2fleet.com\\\/fr\\\/#\\\/schema\\\/person\\\/be5c57fc3d8ec765f7f536ffa2d67457\"},\"headline\":\"Nouvelle organisation interne chez Volkswagen D&rsquo;Ieteren Finance\",\"datePublished\":\"2021-01-05T07:40:05+00:00\",\"mainEntityOfPage\":{\"@id\":\"https:\\\/\\\/www.link2fleet.com\\\/fr\\\/nouvelle-organisation-interne-chez-volkswagen-dieteren-finance\\\/\"},\"wordCount\":317,\"publisher\":{\"@id\":\"https:\\\/\\\/www.link2fleet.com\\\/fr\\\/#organization\"},\"image\":{\"@id\":\"https:\\\/\\\/www.link2fleet.com\\\/fr\\\/nouvelle-organisation-interne-chez-volkswagen-dieteren-finance\\\/#primaryimage\"},\"thumbnailUrl\":\"https:\\\/\\\/static.link2fleet.com\\\/wp-content\\\/uploads\\\/2024\\\/03\\\/db2019au00390-small.jpg\",\"articleSection\":[\"Gestion de flotte\",\"Location long-terme\"],\"inLanguage\":\"fr-FR\"},{\"@type\":\"WebPage\",\"@id\":\"https:\\\/\\\/www.link2fleet.com\\\/fr\\\/nouvelle-organisation-interne-chez-volkswagen-dieteren-finance\\\/\",\"url\":\"https:\\\/\\\/www.link2fleet.com\\\/fr\\\/nouvelle-organisation-interne-chez-volkswagen-dieteren-finance\\\/\",\"name\":\"Nouvelle organisation interne chez Volkswagen D'Ieteren Finance - link2fleet\",\"isPartOf\":{\"@id\":\"https:\\\/\\\/www.link2fleet.com\\\/fr\\\/#website\"},\"primaryImageOfPage\":{\"@id\":\"https:\\\/\\\/www.link2fleet.com\\\/fr\\\/nouvelle-organisation-interne-chez-volkswagen-dieteren-finance\\\/#primaryimage\"},\"image\":{\"@id\":\"https:\\\/\\\/www.link2fleet.com\\\/fr\\\/nouvelle-organisation-interne-chez-volkswagen-dieteren-finance\\\/#primaryimage\"},\"thumbnailUrl\":\"https:\\\/\\\/static.link2fleet.com\\\/wp-content\\\/uploads\\\/2024\\\/03\\\/db2019au00390-small.jpg\",\"datePublished\":\"2021-01-05T07:40:05+00:00\",\"breadcrumb\":{\"@id\":\"https:\\\/\\\/www.link2fleet.com\\\/fr\\\/nouvelle-organisation-interne-chez-volkswagen-dieteren-finance\\\/#breadcrumb\"},\"inLanguage\":\"fr-FR\",\"potentialAction\":[{\"@type\":\"ReadAction\",\"target\":[\"https:\\\/\\\/www.link2fleet.com\\\/fr\\\/nouvelle-organisation-interne-chez-volkswagen-dieteren-finance\\\/\"]}]},{\"@type\":\"ImageObject\",\"inLanguage\":\"fr-FR\",\"@id\":\"https:\\\/\\\/www.link2fleet.com\\\/fr\\\/nouvelle-organisation-interne-chez-volkswagen-dieteren-finance\\\/#primaryimage\",\"url\":\"https:\\\/\\\/static.link2fleet.com\\\/wp-content\\\/uploads\\\/2024\\\/03\\\/db2019au00390-small.jpg\",\"contentUrl\":\"https:\\\/\\\/static.link2fleet.com\\\/wp-content\\\/uploads\\\/2024\\\/03\\\/db2019au00390-small.jpg\",\"width\":1024,\"height\":683,\"caption\":\"|\"},{\"@type\":\"BreadcrumbList\",\"@id\":\"https:\\\/\\\/www.link2fleet.com\\\/fr\\\/nouvelle-organisation-interne-chez-volkswagen-dieteren-finance\\\/#breadcrumb\",\"itemListElement\":[{\"@type\":\"ListItem\",\"position\":1,\"name\":\"Home\",\"item\":\"https:\\\/\\\/www.link2fleet.com\\\/fr\\\/\"},{\"@type\":\"ListItem\",\"position\":2,\"name\":\"Nouvelle organisation interne chez Volkswagen D&#8217;Ieteren Finance\"}]},{\"@type\":\"WebSite\",\"@id\":\"https:\\\/\\\/www.link2fleet.com\\\/fr\\\/#website\",\"url\":\"https:\\\/\\\/www.link2fleet.com\\\/fr\\\/\",\"name\":\"Link2fleet\",\"description\":\"\",\"publisher\":{\"@id\":\"https:\\\/\\\/www.link2fleet.com\\\/fr\\\/#organization\"},\"potentialAction\":[{\"@type\":\"SearchAction\",\"target\":{\"@type\":\"EntryPoint\",\"urlTemplate\":\"https:\\\/\\\/www.link2fleet.com\\\/fr\\\/?s={search_term_string}\"},\"query-input\":{\"@type\":\"PropertyValueSpecification\",\"valueRequired\":true,\"valueName\":\"search_term_string\"}}],\"inLanguage\":\"fr-FR\"},{\"@type\":\"Organization\",\"@id\":\"https:\\\/\\\/www.link2fleet.com\\\/fr\\\/#organization\",\"name\":\"Link2fleet\",\"url\":\"https:\\\/\\\/www.link2fleet.com\\\/fr\\\/\",\"logo\":{\"@type\":\"ImageObject\",\"inLanguage\":\"fr-FR\",\"@id\":\"https:\\\/\\\/www.link2fleet.com\\\/fr\\\/#\\\/schema\\\/logo\\\/image\\\/\",\"url\":\"https:\\\/\\\/static.link2fleet.com\\\/wp-content\\\/uploads\\\/2024\\\/03\\\/share-image.jpg\",\"contentUrl\":\"https:\\\/\\\/static.link2fleet.com\\\/wp-content\\\/uploads\\\/2024\\\/03\\\/share-image.jpg\",\"width\":1200,\"height\":630,\"caption\":\"Link2fleet\"},\"image\":{\"@id\":\"https:\\\/\\\/www.link2fleet.com\\\/fr\\\/#\\\/schema\\\/logo\\\/image\\\/\"},\"sameAs\":[\"https:\\\/\\\/www.linkedin.com\\\/company\\\/link2fleet-belgium\",\"https:\\\/\\\/www.youtube.com\\\/user\\\/MMMBMBE\"]},{\"@type\":\"Person\",\"@id\":\"https:\\\/\\\/www.link2fleet.com\\\/fr\\\/#\\\/schema\\\/person\\\/be5c57fc3d8ec765f7f536ffa2d67457\",\"name\":\"Marc Demoulin\",\"image\":{\"@type\":\"ImageObject\",\"inLanguage\":\"fr-FR\",\"@id\":\"https:\\\/\\\/secure.gravatar.com\\\/avatar\\\/a87df2253d2615844817d0a7f244258741572a74e0c35a309fca2badab9f30e7?s=96&d=mm&r=g\",\"url\":\"https:\\\/\\\/secure.gravatar.com\\\/avatar\\\/a87df2253d2615844817d0a7f244258741572a74e0c35a309fca2badab9f30e7?s=96&d=mm&r=g\",\"contentUrl\":\"https:\\\/\\\/secure.gravatar.com\\\/avatar\\\/a87df2253d2615844817d0a7f244258741572a74e0c35a309fca2badab9f30e7?s=96&d=mm&r=g\",\"caption\":\"Marc Demoulin\"}}]}<\/script>\n<!-- \/ Yoast SEO plugin. -->","yoast_head_json":{"title":"Nouvelle organisation interne chez Volkswagen D'Ieteren Finance - link2fleet","description":"Dans le cadre de son plan strat\u00e9gique de transformation, baptis\u00e9 DIAMOND, Volkswagen D\u2019Ieteren Finance met en place une nouvelle structure interne qui a pour objectif\u2026","robots":{"index":"index","follow":"follow","max-snippet":"max-snippet:-1","max-image-preview":"max-image-preview:large","max-video-preview":"max-video-preview:-1"},"og_locale":"fr_FR","og_type":"article","og_title":"Nouvelle organisation interne chez Volkswagen D'Ieteren Finance - link2fleet","og_description":"Dans le cadre de son plan strat\u00e9gique de transformation, baptis\u00e9 DIAMOND, Volkswagen D\u2019Ieteren Finance met en place une nouvelle structure interne qui a pour objectif\u2026","og_url":"https:\/\/www.link2fleet.com\/fr\/nouvelle-organisation-interne-chez-volkswagen-dieteren-finance\/","og_site_name":"link2fleet","article_published_time":"2021-01-05T07:40:05+00:00","og_image":[{"width":1024,"height":683,"url":"https:\/\/static.link2fleet.com\/wp-content\/uploads\/2024\/03\/db2019au00390-small.jpg","type":"image\/jpeg"}],"author":"Marc Demoulin","twitter_card":"summary_large_image","twitter_description":"Dans le cadre de son plan strat\u00e9gique de transformation, baptis\u00e9 DIAMOND, Volkswagen D\u2019Ieteren Finance met en place une nouvelle structure interne qui a pour objectif\u2026","twitter_misc":{"\u00c9crit par":"Marc Demoulin","Dur\u00e9e de lecture estim\u00e9e":"2 minutes"},"schema":{"@context":"https:\/\/schema.org","@graph":[{"@type":"Article","@id":"https:\/\/www.link2fleet.com\/fr\/nouvelle-organisation-interne-chez-volkswagen-dieteren-finance\/#article","isPartOf":{"@id":"https:\/\/www.link2fleet.com\/fr\/nouvelle-organisation-interne-chez-volkswagen-dieteren-finance\/"},"author":{"name":"Marc Demoulin","@id":"https:\/\/www.link2fleet.com\/fr\/#\/schema\/person\/be5c57fc3d8ec765f7f536ffa2d67457"},"headline":"Nouvelle organisation interne chez Volkswagen D&rsquo;Ieteren Finance","datePublished":"2021-01-05T07:40:05+00:00","mainEntityOfPage":{"@id":"https:\/\/www.link2fleet.com\/fr\/nouvelle-organisation-interne-chez-volkswagen-dieteren-finance\/"},"wordCount":317,"publisher":{"@id":"https:\/\/www.link2fleet.com\/fr\/#organization"},"image":{"@id":"https:\/\/www.link2fleet.com\/fr\/nouvelle-organisation-interne-chez-volkswagen-dieteren-finance\/#primaryimage"},"thumbnailUrl":"https:\/\/static.link2fleet.com\/wp-content\/uploads\/2024\/03\/db2019au00390-small.jpg","articleSection":["Gestion de flotte","Location long-terme"],"inLanguage":"fr-FR"},{"@type":"WebPage","@id":"https:\/\/www.link2fleet.com\/fr\/nouvelle-organisation-interne-chez-volkswagen-dieteren-finance\/","url":"https:\/\/www.link2fleet.com\/fr\/nouvelle-organisation-interne-chez-volkswagen-dieteren-finance\/","name":"Nouvelle organisation interne chez Volkswagen D'Ieteren Finance - link2fleet","isPartOf":{"@id":"https:\/\/www.link2fleet.com\/fr\/#website"},"primaryImageOfPage":{"@id":"https:\/\/www.link2fleet.com\/fr\/nouvelle-organisation-interne-chez-volkswagen-dieteren-finance\/#primaryimage"},"image":{"@id":"https:\/\/www.link2fleet.com\/fr\/nouvelle-organisation-interne-chez-volkswagen-dieteren-finance\/#primaryimage"},"thumbnailUrl":"https:\/\/static.link2fleet.com\/wp-content\/uploads\/2024\/03\/db2019au00390-small.jpg","datePublished":"2021-01-05T07:40:05+00:00","breadcrumb":{"@id":"https:\/\/www.link2fleet.com\/fr\/nouvelle-organisation-interne-chez-volkswagen-dieteren-finance\/#breadcrumb"},"inLanguage":"fr-FR","potentialAction":[{"@type":"ReadAction","target":["https:\/\/www.link2fleet.com\/fr\/nouvelle-organisation-interne-chez-volkswagen-dieteren-finance\/"]}]},{"@type":"ImageObject","inLanguage":"fr-FR","@id":"https:\/\/www.link2fleet.com\/fr\/nouvelle-organisation-interne-chez-volkswagen-dieteren-finance\/#primaryimage","url":"https:\/\/static.link2fleet.com\/wp-content\/uploads\/2024\/03\/db2019au00390-small.jpg","contentUrl":"https:\/\/static.link2fleet.com\/wp-content\/uploads\/2024\/03\/db2019au00390-small.jpg","width":1024,"height":683,"caption":"|"},{"@type":"BreadcrumbList","@id":"https:\/\/www.link2fleet.com\/fr\/nouvelle-organisation-interne-chez-volkswagen-dieteren-finance\/#breadcrumb","itemListElement":[{"@type":"ListItem","position":1,"name":"Home","item":"https:\/\/www.link2fleet.com\/fr\/"},{"@type":"ListItem","position":2,"name":"Nouvelle organisation interne chez Volkswagen D&#8217;Ieteren Finance"}]},{"@type":"WebSite","@id":"https:\/\/www.link2fleet.com\/fr\/#website","url":"https:\/\/www.link2fleet.com\/fr\/","name":"Link2fleet","description":"","publisher":{"@id":"https:\/\/www.link2fleet.com\/fr\/#organization"},"potentialAction":[{"@type":"SearchAction","target":{"@type":"EntryPoint","urlTemplate":"https:\/\/www.link2fleet.com\/fr\/?s={search_term_string}"},"query-input":{"@type":"PropertyValueSpecification","valueRequired":true,"valueName":"search_term_string"}}],"inLanguage":"fr-FR"},{"@type":"Organization","@id":"https:\/\/www.link2fleet.com\/fr\/#organization","name":"Link2fleet","url":"https:\/\/www.link2fleet.com\/fr\/","logo":{"@type":"ImageObject","inLanguage":"fr-FR","@id":"https:\/\/www.link2fleet.com\/fr\/#\/schema\/logo\/image\/","url":"https:\/\/static.link2fleet.com\/wp-content\/uploads\/2024\/03\/share-image.jpg","contentUrl":"https:\/\/static.link2fleet.com\/wp-content\/uploads\/2024\/03\/share-image.jpg","width":1200,"height":630,"caption":"Link2fleet"},"image":{"@id":"https:\/\/www.link2fleet.com\/fr\/#\/schema\/logo\/image\/"},"sameAs":["https:\/\/www.linkedin.com\/company\/link2fleet-belgium","https:\/\/www.youtube.com\/user\/MMMBMBE"]},{"@type":"Person","@id":"https:\/\/www.link2fleet.com\/fr\/#\/schema\/person\/be5c57fc3d8ec765f7f536ffa2d67457","name":"Marc Demoulin","image":{"@type":"ImageObject","inLanguage":"fr-FR","@id":"https:\/\/secure.gravatar.com\/avatar\/a87df2253d2615844817d0a7f244258741572a74e0c35a309fca2badab9f30e7?s=96&d=mm&r=g","url":"https:\/\/secure.gravatar.com\/avatar\/a87df2253d2615844817d0a7f244258741572a74e0c35a309fca2badab9f30e7?s=96&d=mm&r=g","contentUrl":"https:\/\/secure.gravatar.com\/avatar\/a87df2253d2615844817d0a7f244258741572a74e0c35a309fca2badab9f30e7?s=96&d=mm&r=g","caption":"Marc Demoulin"}}]}},"_links":{"self":[{"href":"https:\/\/www.link2fleet.com\/fr\/wp-json\/wp\/v2\/posts\/3196","targetHints":{"allow":["GET"]}}],"collection":[{"href":"https:\/\/www.link2fleet.com\/fr\/wp-json\/wp\/v2\/posts"}],"about":[{"href":"https:\/\/www.link2fleet.com\/fr\/wp-json\/wp\/v2\/types\/post"}],"author":[{"embeddable":true,"href":"https:\/\/www.link2fleet.com\/fr\/wp-json\/wp\/v2\/users\/19"}],"replies":[{"embeddable":true,"href":"https:\/\/www.link2fleet.com\/fr\/wp-json\/wp\/v2\/comments?post=3196"}],"version-history":[{"count":0,"href":"https:\/\/www.link2fleet.com\/fr\/wp-json\/wp\/v2\/posts\/3196\/revisions"}],"wp:featuredmedia":[{"embeddable":true,"href":"https:\/\/www.link2fleet.com\/fr\/wp-json\/wp\/v2\/media\/3197"}],"wp:attachment":[{"href":"https:\/\/www.link2fleet.com\/fr\/wp-json\/wp\/v2\/media?parent=3196"}],"wp:term":[{"taxonomy":"category","embeddable":true,"href":"https:\/\/www.link2fleet.com\/fr\/wp-json\/wp\/v2\/categories?post=3196"},{"taxonomy":"post_tag","embeddable":true,"href":"https:\/\/www.link2fleet.com\/fr\/wp-json\/wp\/v2\/tags?post=3196"}],"curies":[{"name":"wp","href":"https:\/\/api.w.org\/{rel}","templated":true}]}}