{"id":32204,"date":"2024-08-30T08:37:42","date_gmt":"2024-08-30T06:37:42","guid":{"rendered":"https:\/\/www.link2fleet.com\/?p=32204"},"modified":"2024-08-30T15:46:51","modified_gmt":"2024-08-30T13:46:51","slug":"chez-arval-8-commandes-de-voiture-sur-10-concernent-des-vehicules-100-electriques","status":"publish","type":"post","link":"https:\/\/www.link2fleet.com\/fr\/chez-arval-8-commandes-de-voiture-sur-10-concernent-des-vehicules-100-electriques\/","title":{"rendered":"Chez Arval, 8 commandes de voiture sur 10 concernent des v\u00e9hicules 100 % \u00e9lectriques"},"content":{"rendered":"","protected":false},"excerpt":{"rendered":"","protected":false},"author":4,"featured_media":10160,"comment_status":"closed","ping_status":"closed","sticky":false,"template":"","format":"standard","meta":{"_acf_changed":false,"footnotes":""},"categories":[91,79],"tags":[],"class_list":["post-32204","post","type-post","status-publish","format-standard","has-post-thumbnail","hentry","category-expertise-et-management","category-societes-de-leasing"],"acf":[],"yoast_head":"<!-- This site is optimized with the Yoast SEO plugin v27.3 - https:\/\/yoast.com\/product\/yoast-seo-wordpress\/ -->\n<title>Chez Arval, 8 commandes de voiture sur 10 concernent des v\u00e9hicules 100 % \u00e9lectriques - link2fleet<\/title>\n<meta name=\"description\" content=\"Pr\u00e8s de huit voitures de soci\u00e9t\u00e9 sur dix command\u00e9es chez Arval Belgique, au cours du premier semestre 2024, \u00e9taient 100 % \u00e9lectriques. Mais plus la\u2026\" \/>\n<meta name=\"robots\" content=\"index, follow, max-snippet:-1, max-image-preview:large, max-video-preview:-1\" \/>\n<meta property=\"og:locale\" content=\"fr_FR\" \/>\n<meta property=\"og:type\" content=\"article\" \/>\n<meta property=\"og:title\" content=\"Chez Arval, 8 commandes de voiture sur 10 concernent des v\u00e9hicules 100 % \u00e9lectriques - link2fleet\" \/>\n<meta property=\"og:description\" content=\"Pr\u00e8s de huit voitures de soci\u00e9t\u00e9 sur dix command\u00e9es chez Arval Belgique, au cours du premier semestre 2024, \u00e9taient 100 % \u00e9lectriques. Mais plus la\u2026\" \/>\n<meta property=\"og:url\" content=\"https:\/\/www.link2fleet.com\/chez-arval-8-commandes-de-voiture-sur-10-concernent-des-vehicules-100-electriques\/\" \/>\n<meta property=\"og:site_name\" content=\"link2fleet\" \/>\n<meta property=\"article:published_time\" content=\"2024-08-30T06:37:42+00:00\" \/>\n<meta property=\"article:modified_time\" content=\"2024-08-30T13:46:51+00:00\" \/>\n<meta property=\"og:image\" content=\"https:\/\/static.link2fleet.com\/wp-content\/uploads\/2024\/03\/313309-volvo-ex30-exterior-edited-205048.jpg\" \/>\n\t<meta property=\"og:image:width\" content=\"2313\" \/>\n\t<meta property=\"og:image:height\" content=\"1540\" \/>\n\t<meta property=\"og:image:type\" content=\"image\/jpeg\" \/>\n<meta name=\"author\" content=\"Damien Malvetti\" \/>\n<meta name=\"twitter:card\" content=\"summary_large_image\" \/>\n<meta name=\"twitter:description\" content=\"Pr\u00e8s de huit voitures de soci\u00e9t\u00e9 sur dix command\u00e9es chez Arval Belgique, au cours du premier semestre 2024, \u00e9taient 100 % \u00e9lectriques. Mais plus la\u2026\" \/>\n<meta name=\"twitter:label1\" content=\"\u00c9crit par\" \/>\n\t<meta name=\"twitter:data1\" content=\"Damien Malvetti\" \/>\n\t<meta name=\"twitter:label2\" content=\"Dur\u00e9e de lecture estim\u00e9e\" \/>\n\t<meta name=\"twitter:data2\" content=\"6 minutes\" \/>\n<script type=\"application\/ld+json\" class=\"yoast-schema-graph\">{\"@context\":\"https:\\\/\\\/schema.org\",\"@graph\":[{\"@type\":\"Article\",\"@id\":\"https:\\\/\\\/www.link2fleet.com\\\/chez-arval-8-commandes-de-voiture-sur-10-concernent-des-vehicules-100-electriques\\\/#article\",\"isPartOf\":{\"@id\":\"https:\\\/\\\/www.link2fleet.com\\\/chez-arval-8-commandes-de-voiture-sur-10-concernent-des-vehicules-100-electriques\\\/\"},\"author\":{\"name\":\"Damien Malvetti\",\"@id\":\"https:\\\/\\\/www.link2fleet.com\\\/fr\\\/#\\\/schema\\\/person\\\/027cd46113c78036b3809c9a054049da\"},\"headline\":\"Chez Arval, 8 commandes de voiture sur 10 concernent des v\u00e9hicules 100 % \u00e9lectriques\",\"datePublished\":\"2024-08-30T06:37:42+00:00\",\"dateModified\":\"2024-08-30T13:46:51+00:00\",\"mainEntityOfPage\":{\"@id\":\"https:\\\/\\\/www.link2fleet.com\\\/chez-arval-8-commandes-de-voiture-sur-10-concernent-des-vehicules-100-electriques\\\/\"},\"wordCount\":11,\"publisher\":{\"@id\":\"https:\\\/\\\/www.link2fleet.com\\\/fr\\\/#organization\"},\"image\":{\"@id\":\"https:\\\/\\\/www.link2fleet.com\\\/chez-arval-8-commandes-de-voiture-sur-10-concernent-des-vehicules-100-electriques\\\/#primaryimage\"},\"thumbnailUrl\":\"https:\\\/\\\/static.link2fleet.com\\\/wp-content\\\/uploads\\\/2024\\\/03\\\/313309-volvo-ex30-exterior-edited-205048.jpg\",\"articleSection\":[\"Gestion de flotte\",\"Location long-terme\"],\"inLanguage\":\"fr-FR\"},{\"@type\":\"WebPage\",\"@id\":\"https:\\\/\\\/www.link2fleet.com\\\/chez-arval-8-commandes-de-voiture-sur-10-concernent-des-vehicules-100-electriques\\\/\",\"url\":\"https:\\\/\\\/www.link2fleet.com\\\/chez-arval-8-commandes-de-voiture-sur-10-concernent-des-vehicules-100-electriques\\\/\",\"name\":\"Chez Arval, 8 commandes de voiture sur 10 concernent des v\u00e9hicules 100 % \u00e9lectriques - link2fleet\",\"isPartOf\":{\"@id\":\"https:\\\/\\\/www.link2fleet.com\\\/fr\\\/#website\"},\"primaryImageOfPage\":{\"@id\":\"https:\\\/\\\/www.link2fleet.com\\\/chez-arval-8-commandes-de-voiture-sur-10-concernent-des-vehicules-100-electriques\\\/#primaryimage\"},\"image\":{\"@id\":\"https:\\\/\\\/www.link2fleet.com\\\/chez-arval-8-commandes-de-voiture-sur-10-concernent-des-vehicules-100-electriques\\\/#primaryimage\"},\"thumbnailUrl\":\"https:\\\/\\\/static.link2fleet.com\\\/wp-content\\\/uploads\\\/2024\\\/03\\\/313309-volvo-ex30-exterior-edited-205048.jpg\",\"datePublished\":\"2024-08-30T06:37:42+00:00\",\"dateModified\":\"2024-08-30T13:46:51+00:00\",\"breadcrumb\":{\"@id\":\"https:\\\/\\\/www.link2fleet.com\\\/chez-arval-8-commandes-de-voiture-sur-10-concernent-des-vehicules-100-electriques\\\/#breadcrumb\"},\"inLanguage\":\"fr-FR\",\"potentialAction\":[{\"@type\":\"ReadAction\",\"target\":[\"https:\\\/\\\/www.link2fleet.com\\\/chez-arval-8-commandes-de-voiture-sur-10-concernent-des-vehicules-100-electriques\\\/\"]}]},{\"@type\":\"ImageObject\",\"inLanguage\":\"fr-FR\",\"@id\":\"https:\\\/\\\/www.link2fleet.com\\\/chez-arval-8-commandes-de-voiture-sur-10-concernent-des-vehicules-100-electriques\\\/#primaryimage\",\"url\":\"https:\\\/\\\/static.link2fleet.com\\\/wp-content\\\/uploads\\\/2024\\\/03\\\/313309-volvo-ex30-exterior-edited-205048.jpg\",\"contentUrl\":\"https:\\\/\\\/static.link2fleet.com\\\/wp-content\\\/uploads\\\/2024\\\/03\\\/313309-volvo-ex30-exterior-edited-205048.jpg\",\"width\":2313,\"height\":1540,\"caption\":\"Joakim Hermansson\"},{\"@type\":\"BreadcrumbList\",\"@id\":\"https:\\\/\\\/www.link2fleet.com\\\/chez-arval-8-commandes-de-voiture-sur-10-concernent-des-vehicules-100-electriques\\\/#breadcrumb\",\"itemListElement\":[{\"@type\":\"ListItem\",\"position\":1,\"name\":\"Home\",\"item\":\"https:\\\/\\\/www.link2fleet.com\\\/fr\\\/\"},{\"@type\":\"ListItem\",\"position\":2,\"name\":\"Chez Arval, 8 commandes de voiture sur 10 concernent des v\u00e9hicules 100 % \u00e9lectriques\"}]},{\"@type\":\"WebSite\",\"@id\":\"https:\\\/\\\/www.link2fleet.com\\\/fr\\\/#website\",\"url\":\"https:\\\/\\\/www.link2fleet.com\\\/fr\\\/\",\"name\":\"Link2fleet\",\"description\":\"\",\"publisher\":{\"@id\":\"https:\\\/\\\/www.link2fleet.com\\\/fr\\\/#organization\"},\"potentialAction\":[{\"@type\":\"SearchAction\",\"target\":{\"@type\":\"EntryPoint\",\"urlTemplate\":\"https:\\\/\\\/www.link2fleet.com\\\/fr\\\/?s={search_term_string}\"},\"query-input\":{\"@type\":\"PropertyValueSpecification\",\"valueRequired\":true,\"valueName\":\"search_term_string\"}}],\"inLanguage\":\"fr-FR\"},{\"@type\":\"Organization\",\"@id\":\"https:\\\/\\\/www.link2fleet.com\\\/fr\\\/#organization\",\"name\":\"Link2fleet\",\"url\":\"https:\\\/\\\/www.link2fleet.com\\\/fr\\\/\",\"logo\":{\"@type\":\"ImageObject\",\"inLanguage\":\"fr-FR\",\"@id\":\"https:\\\/\\\/www.link2fleet.com\\\/fr\\\/#\\\/schema\\\/logo\\\/image\\\/\",\"url\":\"https:\\\/\\\/static.link2fleet.com\\\/wp-content\\\/uploads\\\/2024\\\/03\\\/share-image.jpg\",\"contentUrl\":\"https:\\\/\\\/static.link2fleet.com\\\/wp-content\\\/uploads\\\/2024\\\/03\\\/share-image.jpg\",\"width\":1200,\"height\":630,\"caption\":\"Link2fleet\"},\"image\":{\"@id\":\"https:\\\/\\\/www.link2fleet.com\\\/fr\\\/#\\\/schema\\\/logo\\\/image\\\/\"},\"sameAs\":[\"https:\\\/\\\/www.linkedin.com\\\/company\\\/link2fleet-belgium\",\"https:\\\/\\\/www.youtube.com\\\/user\\\/MMMBMBE\"]},{\"@type\":\"Person\",\"@id\":\"https:\\\/\\\/www.link2fleet.com\\\/fr\\\/#\\\/schema\\\/person\\\/027cd46113c78036b3809c9a054049da\",\"name\":\"Damien Malvetti\",\"image\":{\"@type\":\"ImageObject\",\"inLanguage\":\"fr-FR\",\"@id\":\"https:\\\/\\\/secure.gravatar.com\\\/avatar\\\/dd8cc03b49466c735f753ac37f8caa371af16dfed347456ed61f02883255eebb?s=96&d=mm&r=g\",\"url\":\"https:\\\/\\\/secure.gravatar.com\\\/avatar\\\/dd8cc03b49466c735f753ac37f8caa371af16dfed347456ed61f02883255eebb?s=96&d=mm&r=g\",\"contentUrl\":\"https:\\\/\\\/secure.gravatar.com\\\/avatar\\\/dd8cc03b49466c735f753ac37f8caa371af16dfed347456ed61f02883255eebb?s=96&d=mm&r=g\",\"caption\":\"Damien Malvetti\"},\"description\":\"Damien Malvetti is opgeleid als journalist en gepassioneerd door wagens, technologie en mobiliteit. Hij is verantwoordelijk voor de redactionele inhoud van link2fleet en beschikt over een uitgebreide kennis van de fleet-sector en elektrische mobiliteit.\",\"sameAs\":[\"https:\\\/\\\/www.linkedin.com\\\/in\\\/damien-malvetti-56601142\\\/\"]}]}<\/script>\n<!-- \/ Yoast SEO plugin. -->","yoast_head_json":{"title":"Chez Arval, 8 commandes de voiture sur 10 concernent des v\u00e9hicules 100 % \u00e9lectriques - link2fleet","description":"Pr\u00e8s de huit voitures de soci\u00e9t\u00e9 sur dix command\u00e9es chez Arval Belgique, au cours du premier semestre 2024, \u00e9taient 100 % \u00e9lectriques. Mais plus la\u2026","robots":{"index":"index","follow":"follow","max-snippet":"max-snippet:-1","max-image-preview":"max-image-preview:large","max-video-preview":"max-video-preview:-1"},"og_locale":"fr_FR","og_type":"article","og_title":"Chez Arval, 8 commandes de voiture sur 10 concernent des v\u00e9hicules 100 % \u00e9lectriques - link2fleet","og_description":"Pr\u00e8s de huit voitures de soci\u00e9t\u00e9 sur dix command\u00e9es chez Arval Belgique, au cours du premier semestre 2024, \u00e9taient 100 % \u00e9lectriques. Mais plus la\u2026","og_url":"https:\/\/www.link2fleet.com\/chez-arval-8-commandes-de-voiture-sur-10-concernent-des-vehicules-100-electriques\/","og_site_name":"link2fleet","article_published_time":"2024-08-30T06:37:42+00:00","article_modified_time":"2024-08-30T13:46:51+00:00","og_image":[{"width":2313,"height":1540,"url":"https:\/\/static.link2fleet.com\/wp-content\/uploads\/2024\/03\/313309-volvo-ex30-exterior-edited-205048.jpg","type":"image\/jpeg"}],"author":"Damien Malvetti","twitter_card":"summary_large_image","twitter_description":"Pr\u00e8s de huit voitures de soci\u00e9t\u00e9 sur dix command\u00e9es chez Arval Belgique, au cours du premier semestre 2024, \u00e9taient 100 % \u00e9lectriques. Mais plus la\u2026","twitter_misc":{"\u00c9crit par":"Damien Malvetti","Dur\u00e9e de lecture estim\u00e9e":"6 minutes"},"schema":{"@context":"https:\/\/schema.org","@graph":[{"@type":"Article","@id":"https:\/\/www.link2fleet.com\/chez-arval-8-commandes-de-voiture-sur-10-concernent-des-vehicules-100-electriques\/#article","isPartOf":{"@id":"https:\/\/www.link2fleet.com\/chez-arval-8-commandes-de-voiture-sur-10-concernent-des-vehicules-100-electriques\/"},"author":{"name":"Damien Malvetti","@id":"https:\/\/www.link2fleet.com\/fr\/#\/schema\/person\/027cd46113c78036b3809c9a054049da"},"headline":"Chez Arval, 8 commandes de voiture sur 10 concernent des v\u00e9hicules 100 % \u00e9lectriques","datePublished":"2024-08-30T06:37:42+00:00","dateModified":"2024-08-30T13:46:51+00:00","mainEntityOfPage":{"@id":"https:\/\/www.link2fleet.com\/chez-arval-8-commandes-de-voiture-sur-10-concernent-des-vehicules-100-electriques\/"},"wordCount":11,"publisher":{"@id":"https:\/\/www.link2fleet.com\/fr\/#organization"},"image":{"@id":"https:\/\/www.link2fleet.com\/chez-arval-8-commandes-de-voiture-sur-10-concernent-des-vehicules-100-electriques\/#primaryimage"},"thumbnailUrl":"https:\/\/static.link2fleet.com\/wp-content\/uploads\/2024\/03\/313309-volvo-ex30-exterior-edited-205048.jpg","articleSection":["Gestion de flotte","Location long-terme"],"inLanguage":"fr-FR"},{"@type":"WebPage","@id":"https:\/\/www.link2fleet.com\/chez-arval-8-commandes-de-voiture-sur-10-concernent-des-vehicules-100-electriques\/","url":"https:\/\/www.link2fleet.com\/chez-arval-8-commandes-de-voiture-sur-10-concernent-des-vehicules-100-electriques\/","name":"Chez Arval, 8 commandes de voiture sur 10 concernent des v\u00e9hicules 100 % \u00e9lectriques - link2fleet","isPartOf":{"@id":"https:\/\/www.link2fleet.com\/fr\/#website"},"primaryImageOfPage":{"@id":"https:\/\/www.link2fleet.com\/chez-arval-8-commandes-de-voiture-sur-10-concernent-des-vehicules-100-electriques\/#primaryimage"},"image":{"@id":"https:\/\/www.link2fleet.com\/chez-arval-8-commandes-de-voiture-sur-10-concernent-des-vehicules-100-electriques\/#primaryimage"},"thumbnailUrl":"https:\/\/static.link2fleet.com\/wp-content\/uploads\/2024\/03\/313309-volvo-ex30-exterior-edited-205048.jpg","datePublished":"2024-08-30T06:37:42+00:00","dateModified":"2024-08-30T13:46:51+00:00","breadcrumb":{"@id":"https:\/\/www.link2fleet.com\/chez-arval-8-commandes-de-voiture-sur-10-concernent-des-vehicules-100-electriques\/#breadcrumb"},"inLanguage":"fr-FR","potentialAction":[{"@type":"ReadAction","target":["https:\/\/www.link2fleet.com\/chez-arval-8-commandes-de-voiture-sur-10-concernent-des-vehicules-100-electriques\/"]}]},{"@type":"ImageObject","inLanguage":"fr-FR","@id":"https:\/\/www.link2fleet.com\/chez-arval-8-commandes-de-voiture-sur-10-concernent-des-vehicules-100-electriques\/#primaryimage","url":"https:\/\/static.link2fleet.com\/wp-content\/uploads\/2024\/03\/313309-volvo-ex30-exterior-edited-205048.jpg","contentUrl":"https:\/\/static.link2fleet.com\/wp-content\/uploads\/2024\/03\/313309-volvo-ex30-exterior-edited-205048.jpg","width":2313,"height":1540,"caption":"Joakim Hermansson"},{"@type":"BreadcrumbList","@id":"https:\/\/www.link2fleet.com\/chez-arval-8-commandes-de-voiture-sur-10-concernent-des-vehicules-100-electriques\/#breadcrumb","itemListElement":[{"@type":"ListItem","position":1,"name":"Home","item":"https:\/\/www.link2fleet.com\/fr\/"},{"@type":"ListItem","position":2,"name":"Chez Arval, 8 commandes de voiture sur 10 concernent des v\u00e9hicules 100 % \u00e9lectriques"}]},{"@type":"WebSite","@id":"https:\/\/www.link2fleet.com\/fr\/#website","url":"https:\/\/www.link2fleet.com\/fr\/","name":"Link2fleet","description":"","publisher":{"@id":"https:\/\/www.link2fleet.com\/fr\/#organization"},"potentialAction":[{"@type":"SearchAction","target":{"@type":"EntryPoint","urlTemplate":"https:\/\/www.link2fleet.com\/fr\/?s={search_term_string}"},"query-input":{"@type":"PropertyValueSpecification","valueRequired":true,"valueName":"search_term_string"}}],"inLanguage":"fr-FR"},{"@type":"Organization","@id":"https:\/\/www.link2fleet.com\/fr\/#organization","name":"Link2fleet","url":"https:\/\/www.link2fleet.com\/fr\/","logo":{"@type":"ImageObject","inLanguage":"fr-FR","@id":"https:\/\/www.link2fleet.com\/fr\/#\/schema\/logo\/image\/","url":"https:\/\/static.link2fleet.com\/wp-content\/uploads\/2024\/03\/share-image.jpg","contentUrl":"https:\/\/static.link2fleet.com\/wp-content\/uploads\/2024\/03\/share-image.jpg","width":1200,"height":630,"caption":"Link2fleet"},"image":{"@id":"https:\/\/www.link2fleet.com\/fr\/#\/schema\/logo\/image\/"},"sameAs":["https:\/\/www.linkedin.com\/company\/link2fleet-belgium","https:\/\/www.youtube.com\/user\/MMMBMBE"]},{"@type":"Person","@id":"https:\/\/www.link2fleet.com\/fr\/#\/schema\/person\/027cd46113c78036b3809c9a054049da","name":"Damien Malvetti","image":{"@type":"ImageObject","inLanguage":"fr-FR","@id":"https:\/\/secure.gravatar.com\/avatar\/dd8cc03b49466c735f753ac37f8caa371af16dfed347456ed61f02883255eebb?s=96&d=mm&r=g","url":"https:\/\/secure.gravatar.com\/avatar\/dd8cc03b49466c735f753ac37f8caa371af16dfed347456ed61f02883255eebb?s=96&d=mm&r=g","contentUrl":"https:\/\/secure.gravatar.com\/avatar\/dd8cc03b49466c735f753ac37f8caa371af16dfed347456ed61f02883255eebb?s=96&d=mm&r=g","caption":"Damien Malvetti"},"description":"Damien Malvetti is opgeleid als journalist en gepassioneerd door wagens, technologie en mobiliteit. Hij is verantwoordelijk voor de redactionele inhoud van link2fleet en beschikt over een uitgebreide kennis van de fleet-sector en elektrische mobiliteit.","sameAs":["https:\/\/www.linkedin.com\/in\/damien-malvetti-56601142\/"]}]}},"_links":{"self":[{"href":"https:\/\/www.link2fleet.com\/fr\/wp-json\/wp\/v2\/posts\/32204","targetHints":{"allow":["GET"]}}],"collection":[{"href":"https:\/\/www.link2fleet.com\/fr\/wp-json\/wp\/v2\/posts"}],"about":[{"href":"https:\/\/www.link2fleet.com\/fr\/wp-json\/wp\/v2\/types\/post"}],"author":[{"embeddable":true,"href":"https:\/\/www.link2fleet.com\/fr\/wp-json\/wp\/v2\/users\/4"}],"replies":[{"embeddable":true,"href":"https:\/\/www.link2fleet.com\/fr\/wp-json\/wp\/v2\/comments?post=32204"}],"version-history":[{"count":0,"href":"https:\/\/www.link2fleet.com\/fr\/wp-json\/wp\/v2\/posts\/32204\/revisions"}],"wp:featuredmedia":[{"embeddable":true,"href":"https:\/\/www.link2fleet.com\/fr\/wp-json\/wp\/v2\/media\/10160"}],"wp:attachment":[{"href":"https:\/\/www.link2fleet.com\/fr\/wp-json\/wp\/v2\/media?parent=32204"}],"wp:term":[{"taxonomy":"category","embeddable":true,"href":"https:\/\/www.link2fleet.com\/fr\/wp-json\/wp\/v2\/categories?post=32204"},{"taxonomy":"post_tag","embeddable":true,"href":"https:\/\/www.link2fleet.com\/fr\/wp-json\/wp\/v2\/tags?post=32204"}],"curies":[{"name":"wp","href":"https:\/\/api.w.org\/{rel}","templated":true}]}}