{"id":32251,"date":"2024-09-02T09:44:18","date_gmt":"2024-09-02T07:44:18","guid":{"rendered":"https:\/\/www.link2fleet.com\/lage-emissiezone-brussel-mogelijk-uitstel-euro-5-diesel-tot-2027\/"},"modified":"2024-09-02T09:51:21","modified_gmt":"2024-09-02T07:51:21","slug":"lage-emissiezone-brussel-mogelijk-uitstel-euro-5-diesel-tot-2027","status":"publish","type":"post","link":"https:\/\/www.link2fleet.com\/fr\/lage-emissiezone-brussel-mogelijk-uitstel-euro-5-diesel-tot-2027\/","title":{"rendered":"Zone \u00e0 faible \u00e9mission \u00e0 Bruxelles: Report possible de l&rsquo;entr\u00e9e en vigueur pour les diesel EURO 5 jusqu&rsquo;en 2027"},"content":{"rendered":"","protected":false},"excerpt":{"rendered":"","protected":false},"author":11,"featured_media":23786,"comment_status":"closed","ping_status":"closed","sticky":false,"template":"","format":"standard","meta":{"_acf_changed":false,"footnotes":""},"categories":[135,91,101],"tags":[],"class_list":["post-32251","post","type-post","status-publish","format-standard","has-post-thumbnail","hentry","category-news-fr","category-expertise-et-management","category-tax-legal"],"acf":[],"yoast_head":"<!-- This site is optimized with the Yoast SEO plugin v27.3 - https:\/\/yoast.com\/product\/yoast-seo-wordpress\/ -->\n<title>Zone \u00e0 faible \u00e9mission \u00e0 Bruxelles: Report possible de l&#039;entr\u00e9e en vigueur pour les diesel EURO 5 jusqu&#039;en 2027 - link2fleet<\/title>\n<meta name=\"description\" content=\"Les trois partis qui discutent actuellement du cot\u00e9 francophone pour la formation du nouveau gouvernement bruxellois, envisagent de reporter l&rsquo;interdiction des diesels Euro 5 de\u2026\" \/>\n<meta name=\"robots\" content=\"index, follow, max-snippet:-1, max-image-preview:large, max-video-preview:-1\" \/>\n<meta property=\"og:locale\" content=\"fr_FR\" \/>\n<meta property=\"og:type\" content=\"article\" \/>\n<meta property=\"og:title\" content=\"Zone \u00e0 faible \u00e9mission \u00e0 Bruxelles: Report possible de l&#039;entr\u00e9e en vigueur pour les diesel EURO 5 jusqu&#039;en 2027 - link2fleet\" \/>\n<meta property=\"og:description\" content=\"Les trois partis qui discutent actuellement du cot\u00e9 francophone pour la formation du nouveau gouvernement bruxellois, envisagent de reporter l&rsquo;interdiction des diesels Euro 5 de\u2026\" \/>\n<meta property=\"og:url\" content=\"https:\/\/www.link2fleet.com\/lage-emissiezone-brussel-mogelijk-uitstel-euro-5-diesel-tot-2027\/\" \/>\n<meta property=\"og:site_name\" content=\"link2fleet\" \/>\n<meta property=\"article:published_time\" content=\"2024-09-02T07:44:18+00:00\" \/>\n<meta property=\"article:modified_time\" content=\"2024-09-02T07:51:21+00:00\" \/>\n<meta property=\"og:image\" content=\"https:\/\/static.link2fleet.com\/wp-content\/uploads\/2024\/04\/low-emission-zone.jpeg\" \/>\n\t<meta property=\"og:image:width\" content=\"1024\" \/>\n\t<meta property=\"og:image:height\" content=\"1024\" \/>\n\t<meta property=\"og:image:type\" content=\"image\/jpeg\" \/>\n<meta name=\"author\" content=\"Michel Willems - Mobilitas\" \/>\n<meta name=\"twitter:card\" content=\"summary_large_image\" \/>\n<meta name=\"twitter:description\" content=\"Les trois partis qui discutent actuellement du cot\u00e9 francophone pour la formation du nouveau gouvernement bruxellois, envisagent de reporter l&rsquo;interdiction des diesels Euro 5 de\u2026\" \/>\n<meta name=\"twitter:label1\" content=\"\u00c9crit par\" \/>\n\t<meta name=\"twitter:data1\" content=\"Michel Willems - Mobilitas\" \/>\n\t<meta name=\"twitter:label2\" content=\"Dur\u00e9e de lecture estim\u00e9e\" \/>\n\t<meta name=\"twitter:data2\" content=\"3 minutes\" \/>\n<script type=\"application\/ld+json\" class=\"yoast-schema-graph\">{\"@context\":\"https:\\\/\\\/schema.org\",\"@graph\":[{\"@type\":\"Article\",\"@id\":\"https:\\\/\\\/www.link2fleet.com\\\/lage-emissiezone-brussel-mogelijk-uitstel-euro-5-diesel-tot-2027\\\/#article\",\"isPartOf\":{\"@id\":\"https:\\\/\\\/www.link2fleet.com\\\/lage-emissiezone-brussel-mogelijk-uitstel-euro-5-diesel-tot-2027\\\/\"},\"author\":{\"name\":\"Michel Willems - Mobilitas\",\"@id\":\"https:\\\/\\\/www.link2fleet.com\\\/fr\\\/#\\\/schema\\\/person\\\/bd29f6a2c2427e85a70d3acf17303486\"},\"headline\":\"Zone \u00e0 faible \u00e9mission \u00e0 Bruxelles: Report possible de l&rsquo;entr\u00e9e en vigueur pour les diesel EURO 5 jusqu&rsquo;en 2027\",\"datePublished\":\"2024-09-02T07:44:18+00:00\",\"dateModified\":\"2024-09-02T07:51:21+00:00\",\"mainEntityOfPage\":{\"@id\":\"https:\\\/\\\/www.link2fleet.com\\\/lage-emissiezone-brussel-mogelijk-uitstel-euro-5-diesel-tot-2027\\\/\"},\"wordCount\":18,\"publisher\":{\"@id\":\"https:\\\/\\\/www.link2fleet.com\\\/fr\\\/#organization\"},\"image\":{\"@id\":\"https:\\\/\\\/www.link2fleet.com\\\/lage-emissiezone-brussel-mogelijk-uitstel-euro-5-diesel-tot-2027\\\/#primaryimage\"},\"thumbnailUrl\":\"https:\\\/\\\/static.link2fleet.com\\\/wp-content\\\/uploads\\\/2024\\\/04\\\/low-emission-zone.jpeg\",\"articleSection\":[\"Actus\",\"Gestion de flotte\",\"Tax &amp; legal\"],\"inLanguage\":\"fr-FR\"},{\"@type\":\"WebPage\",\"@id\":\"https:\\\/\\\/www.link2fleet.com\\\/lage-emissiezone-brussel-mogelijk-uitstel-euro-5-diesel-tot-2027\\\/\",\"url\":\"https:\\\/\\\/www.link2fleet.com\\\/lage-emissiezone-brussel-mogelijk-uitstel-euro-5-diesel-tot-2027\\\/\",\"name\":\"Zone \u00e0 faible \u00e9mission \u00e0 Bruxelles: Report possible de l'entr\u00e9e en vigueur pour les diesel EURO 5 jusqu'en 2027 - link2fleet\",\"isPartOf\":{\"@id\":\"https:\\\/\\\/www.link2fleet.com\\\/fr\\\/#website\"},\"primaryImageOfPage\":{\"@id\":\"https:\\\/\\\/www.link2fleet.com\\\/lage-emissiezone-brussel-mogelijk-uitstel-euro-5-diesel-tot-2027\\\/#primaryimage\"},\"image\":{\"@id\":\"https:\\\/\\\/www.link2fleet.com\\\/lage-emissiezone-brussel-mogelijk-uitstel-euro-5-diesel-tot-2027\\\/#primaryimage\"},\"thumbnailUrl\":\"https:\\\/\\\/static.link2fleet.com\\\/wp-content\\\/uploads\\\/2024\\\/04\\\/low-emission-zone.jpeg\",\"datePublished\":\"2024-09-02T07:44:18+00:00\",\"dateModified\":\"2024-09-02T07:51:21+00:00\",\"description\":\"De huidige drie partijen MR, PS en les Engag\u00e9s overwegen om het verbod voor Euro 5 diesels met twee jaar uit te stellen tot 1 januari 2027.\",\"breadcrumb\":{\"@id\":\"https:\\\/\\\/www.link2fleet.com\\\/lage-emissiezone-brussel-mogelijk-uitstel-euro-5-diesel-tot-2027\\\/#breadcrumb\"},\"inLanguage\":\"fr-FR\",\"potentialAction\":[{\"@type\":\"ReadAction\",\"target\":[\"https:\\\/\\\/www.link2fleet.com\\\/lage-emissiezone-brussel-mogelijk-uitstel-euro-5-diesel-tot-2027\\\/\"]}]},{\"@type\":\"ImageObject\",\"inLanguage\":\"fr-FR\",\"@id\":\"https:\\\/\\\/www.link2fleet.com\\\/lage-emissiezone-brussel-mogelijk-uitstel-euro-5-diesel-tot-2027\\\/#primaryimage\",\"url\":\"https:\\\/\\\/static.link2fleet.com\\\/wp-content\\\/uploads\\\/2024\\\/04\\\/low-emission-zone.jpeg\",\"contentUrl\":\"https:\\\/\\\/static.link2fleet.com\\\/wp-content\\\/uploads\\\/2024\\\/04\\\/low-emission-zone.jpeg\",\"width\":1024,\"height\":1024},{\"@type\":\"BreadcrumbList\",\"@id\":\"https:\\\/\\\/www.link2fleet.com\\\/lage-emissiezone-brussel-mogelijk-uitstel-euro-5-diesel-tot-2027\\\/#breadcrumb\",\"itemListElement\":[{\"@type\":\"ListItem\",\"position\":1,\"name\":\"Home\",\"item\":\"https:\\\/\\\/www.link2fleet.com\\\/fr\\\/\"},{\"@type\":\"ListItem\",\"position\":2,\"name\":\"Zone \u00e0 faible \u00e9mission \u00e0 Bruxelles: Report possible de l&#8217;entr\u00e9e en vigueur pour les diesel EURO 5 jusqu&#8217;en 2027\"}]},{\"@type\":\"WebSite\",\"@id\":\"https:\\\/\\\/www.link2fleet.com\\\/fr\\\/#website\",\"url\":\"https:\\\/\\\/www.link2fleet.com\\\/fr\\\/\",\"name\":\"Link2fleet\",\"description\":\"\",\"publisher\":{\"@id\":\"https:\\\/\\\/www.link2fleet.com\\\/fr\\\/#organization\"},\"potentialAction\":[{\"@type\":\"SearchAction\",\"target\":{\"@type\":\"EntryPoint\",\"urlTemplate\":\"https:\\\/\\\/www.link2fleet.com\\\/fr\\\/?s={search_term_string}\"},\"query-input\":{\"@type\":\"PropertyValueSpecification\",\"valueRequired\":true,\"valueName\":\"search_term_string\"}}],\"inLanguage\":\"fr-FR\"},{\"@type\":\"Organization\",\"@id\":\"https:\\\/\\\/www.link2fleet.com\\\/fr\\\/#organization\",\"name\":\"Link2fleet\",\"url\":\"https:\\\/\\\/www.link2fleet.com\\\/fr\\\/\",\"logo\":{\"@type\":\"ImageObject\",\"inLanguage\":\"fr-FR\",\"@id\":\"https:\\\/\\\/www.link2fleet.com\\\/fr\\\/#\\\/schema\\\/logo\\\/image\\\/\",\"url\":\"https:\\\/\\\/static.link2fleet.com\\\/wp-content\\\/uploads\\\/2024\\\/03\\\/share-image.jpg\",\"contentUrl\":\"https:\\\/\\\/static.link2fleet.com\\\/wp-content\\\/uploads\\\/2024\\\/03\\\/share-image.jpg\",\"width\":1200,\"height\":630,\"caption\":\"Link2fleet\"},\"image\":{\"@id\":\"https:\\\/\\\/www.link2fleet.com\\\/fr\\\/#\\\/schema\\\/logo\\\/image\\\/\"},\"sameAs\":[\"https:\\\/\\\/www.linkedin.com\\\/company\\\/link2fleet-belgium\",\"https:\\\/\\\/www.youtube.com\\\/user\\\/MMMBMBE\"]},{\"@type\":\"Person\",\"@id\":\"https:\\\/\\\/www.link2fleet.com\\\/fr\\\/#\\\/schema\\\/person\\\/bd29f6a2c2427e85a70d3acf17303486\",\"name\":\"Michel Willems - Mobilitas\",\"image\":{\"@type\":\"ImageObject\",\"inLanguage\":\"fr-FR\",\"@id\":\"https:\\\/\\\/secure.gravatar.com\\\/avatar\\\/c937de514893d5b69b3b52ee88664fd4879b786925b6742dc7891d347f167414?s=96&d=mm&r=g\",\"url\":\"https:\\\/\\\/secure.gravatar.com\\\/avatar\\\/c937de514893d5b69b3b52ee88664fd4879b786925b6742dc7891d347f167414?s=96&d=mm&r=g\",\"contentUrl\":\"https:\\\/\\\/secure.gravatar.com\\\/avatar\\\/c937de514893d5b69b3b52ee88664fd4879b786925b6742dc7891d347f167414?s=96&d=mm&r=g\",\"caption\":\"Michel Willems - Mobilitas\"}}]}<\/script>\n<!-- \/ Yoast SEO plugin. -->","yoast_head_json":{"title":"Zone \u00e0 faible \u00e9mission \u00e0 Bruxelles: Report possible de l'entr\u00e9e en vigueur pour les diesel EURO 5 jusqu'en 2027 - link2fleet","description":"Les trois partis qui discutent actuellement du cot\u00e9 francophone pour la formation du nouveau gouvernement bruxellois, envisagent de reporter l&rsquo;interdiction des diesels Euro 5 de\u2026","robots":{"index":"index","follow":"follow","max-snippet":"max-snippet:-1","max-image-preview":"max-image-preview:large","max-video-preview":"max-video-preview:-1"},"og_locale":"fr_FR","og_type":"article","og_title":"Zone \u00e0 faible \u00e9mission \u00e0 Bruxelles: Report possible de l'entr\u00e9e en vigueur pour les diesel EURO 5 jusqu'en 2027 - link2fleet","og_description":"Les trois partis qui discutent actuellement du cot\u00e9 francophone pour la formation du nouveau gouvernement bruxellois, envisagent de reporter l&rsquo;interdiction des diesels Euro 5 de\u2026","og_url":"https:\/\/www.link2fleet.com\/lage-emissiezone-brussel-mogelijk-uitstel-euro-5-diesel-tot-2027\/","og_site_name":"link2fleet","article_published_time":"2024-09-02T07:44:18+00:00","article_modified_time":"2024-09-02T07:51:21+00:00","og_image":[{"width":1024,"height":1024,"url":"https:\/\/static.link2fleet.com\/wp-content\/uploads\/2024\/04\/low-emission-zone.jpeg","type":"image\/jpeg"}],"author":"Michel Willems - Mobilitas","twitter_card":"summary_large_image","twitter_description":"Les trois partis qui discutent actuellement du cot\u00e9 francophone pour la formation du nouveau gouvernement bruxellois, envisagent de reporter l&rsquo;interdiction des diesels Euro 5 de\u2026","twitter_misc":{"\u00c9crit par":"Michel Willems - Mobilitas","Dur\u00e9e de lecture estim\u00e9e":"3 minutes"},"schema":{"@context":"https:\/\/schema.org","@graph":[{"@type":"Article","@id":"https:\/\/www.link2fleet.com\/lage-emissiezone-brussel-mogelijk-uitstel-euro-5-diesel-tot-2027\/#article","isPartOf":{"@id":"https:\/\/www.link2fleet.com\/lage-emissiezone-brussel-mogelijk-uitstel-euro-5-diesel-tot-2027\/"},"author":{"name":"Michel Willems - Mobilitas","@id":"https:\/\/www.link2fleet.com\/fr\/#\/schema\/person\/bd29f6a2c2427e85a70d3acf17303486"},"headline":"Zone \u00e0 faible \u00e9mission \u00e0 Bruxelles: Report possible de l&rsquo;entr\u00e9e en vigueur pour les diesel EURO 5 jusqu&rsquo;en 2027","datePublished":"2024-09-02T07:44:18+00:00","dateModified":"2024-09-02T07:51:21+00:00","mainEntityOfPage":{"@id":"https:\/\/www.link2fleet.com\/lage-emissiezone-brussel-mogelijk-uitstel-euro-5-diesel-tot-2027\/"},"wordCount":18,"publisher":{"@id":"https:\/\/www.link2fleet.com\/fr\/#organization"},"image":{"@id":"https:\/\/www.link2fleet.com\/lage-emissiezone-brussel-mogelijk-uitstel-euro-5-diesel-tot-2027\/#primaryimage"},"thumbnailUrl":"https:\/\/static.link2fleet.com\/wp-content\/uploads\/2024\/04\/low-emission-zone.jpeg","articleSection":["Actus","Gestion de flotte","Tax &amp; legal"],"inLanguage":"fr-FR"},{"@type":"WebPage","@id":"https:\/\/www.link2fleet.com\/lage-emissiezone-brussel-mogelijk-uitstel-euro-5-diesel-tot-2027\/","url":"https:\/\/www.link2fleet.com\/lage-emissiezone-brussel-mogelijk-uitstel-euro-5-diesel-tot-2027\/","name":"Zone \u00e0 faible \u00e9mission \u00e0 Bruxelles: Report possible de l'entr\u00e9e en vigueur pour les diesel EURO 5 jusqu'en 2027 - link2fleet","isPartOf":{"@id":"https:\/\/www.link2fleet.com\/fr\/#website"},"primaryImageOfPage":{"@id":"https:\/\/www.link2fleet.com\/lage-emissiezone-brussel-mogelijk-uitstel-euro-5-diesel-tot-2027\/#primaryimage"},"image":{"@id":"https:\/\/www.link2fleet.com\/lage-emissiezone-brussel-mogelijk-uitstel-euro-5-diesel-tot-2027\/#primaryimage"},"thumbnailUrl":"https:\/\/static.link2fleet.com\/wp-content\/uploads\/2024\/04\/low-emission-zone.jpeg","datePublished":"2024-09-02T07:44:18+00:00","dateModified":"2024-09-02T07:51:21+00:00","description":"De huidige drie partijen MR, PS en les Engag\u00e9s overwegen om het verbod voor Euro 5 diesels met twee jaar uit te stellen tot 1 januari 2027.","breadcrumb":{"@id":"https:\/\/www.link2fleet.com\/lage-emissiezone-brussel-mogelijk-uitstel-euro-5-diesel-tot-2027\/#breadcrumb"},"inLanguage":"fr-FR","potentialAction":[{"@type":"ReadAction","target":["https:\/\/www.link2fleet.com\/lage-emissiezone-brussel-mogelijk-uitstel-euro-5-diesel-tot-2027\/"]}]},{"@type":"ImageObject","inLanguage":"fr-FR","@id":"https:\/\/www.link2fleet.com\/lage-emissiezone-brussel-mogelijk-uitstel-euro-5-diesel-tot-2027\/#primaryimage","url":"https:\/\/static.link2fleet.com\/wp-content\/uploads\/2024\/04\/low-emission-zone.jpeg","contentUrl":"https:\/\/static.link2fleet.com\/wp-content\/uploads\/2024\/04\/low-emission-zone.jpeg","width":1024,"height":1024},{"@type":"BreadcrumbList","@id":"https:\/\/www.link2fleet.com\/lage-emissiezone-brussel-mogelijk-uitstel-euro-5-diesel-tot-2027\/#breadcrumb","itemListElement":[{"@type":"ListItem","position":1,"name":"Home","item":"https:\/\/www.link2fleet.com\/fr\/"},{"@type":"ListItem","position":2,"name":"Zone \u00e0 faible \u00e9mission \u00e0 Bruxelles: Report possible de l&#8217;entr\u00e9e en vigueur pour les diesel EURO 5 jusqu&#8217;en 2027"}]},{"@type":"WebSite","@id":"https:\/\/www.link2fleet.com\/fr\/#website","url":"https:\/\/www.link2fleet.com\/fr\/","name":"Link2fleet","description":"","publisher":{"@id":"https:\/\/www.link2fleet.com\/fr\/#organization"},"potentialAction":[{"@type":"SearchAction","target":{"@type":"EntryPoint","urlTemplate":"https:\/\/www.link2fleet.com\/fr\/?s={search_term_string}"},"query-input":{"@type":"PropertyValueSpecification","valueRequired":true,"valueName":"search_term_string"}}],"inLanguage":"fr-FR"},{"@type":"Organization","@id":"https:\/\/www.link2fleet.com\/fr\/#organization","name":"Link2fleet","url":"https:\/\/www.link2fleet.com\/fr\/","logo":{"@type":"ImageObject","inLanguage":"fr-FR","@id":"https:\/\/www.link2fleet.com\/fr\/#\/schema\/logo\/image\/","url":"https:\/\/static.link2fleet.com\/wp-content\/uploads\/2024\/03\/share-image.jpg","contentUrl":"https:\/\/static.link2fleet.com\/wp-content\/uploads\/2024\/03\/share-image.jpg","width":1200,"height":630,"caption":"Link2fleet"},"image":{"@id":"https:\/\/www.link2fleet.com\/fr\/#\/schema\/logo\/image\/"},"sameAs":["https:\/\/www.linkedin.com\/company\/link2fleet-belgium","https:\/\/www.youtube.com\/user\/MMMBMBE"]},{"@type":"Person","@id":"https:\/\/www.link2fleet.com\/fr\/#\/schema\/person\/bd29f6a2c2427e85a70d3acf17303486","name":"Michel Willems - Mobilitas","image":{"@type":"ImageObject","inLanguage":"fr-FR","@id":"https:\/\/secure.gravatar.com\/avatar\/c937de514893d5b69b3b52ee88664fd4879b786925b6742dc7891d347f167414?s=96&d=mm&r=g","url":"https:\/\/secure.gravatar.com\/avatar\/c937de514893d5b69b3b52ee88664fd4879b786925b6742dc7891d347f167414?s=96&d=mm&r=g","contentUrl":"https:\/\/secure.gravatar.com\/avatar\/c937de514893d5b69b3b52ee88664fd4879b786925b6742dc7891d347f167414?s=96&d=mm&r=g","caption":"Michel Willems - Mobilitas"}}]}},"_links":{"self":[{"href":"https:\/\/www.link2fleet.com\/fr\/wp-json\/wp\/v2\/posts\/32251","targetHints":{"allow":["GET"]}}],"collection":[{"href":"https:\/\/www.link2fleet.com\/fr\/wp-json\/wp\/v2\/posts"}],"about":[{"href":"https:\/\/www.link2fleet.com\/fr\/wp-json\/wp\/v2\/types\/post"}],"author":[{"embeddable":true,"href":"https:\/\/www.link2fleet.com\/fr\/wp-json\/wp\/v2\/users\/11"}],"replies":[{"embeddable":true,"href":"https:\/\/www.link2fleet.com\/fr\/wp-json\/wp\/v2\/comments?post=32251"}],"version-history":[{"count":0,"href":"https:\/\/www.link2fleet.com\/fr\/wp-json\/wp\/v2\/posts\/32251\/revisions"}],"wp:featuredmedia":[{"embeddable":true,"href":"https:\/\/www.link2fleet.com\/fr\/wp-json\/wp\/v2\/media\/23786"}],"wp:attachment":[{"href":"https:\/\/www.link2fleet.com\/fr\/wp-json\/wp\/v2\/media?parent=32251"}],"wp:term":[{"taxonomy":"category","embeddable":true,"href":"https:\/\/www.link2fleet.com\/fr\/wp-json\/wp\/v2\/categories?post=32251"},{"taxonomy":"post_tag","embeddable":true,"href":"https:\/\/www.link2fleet.com\/fr\/wp-json\/wp\/v2\/tags?post=32251"}],"curies":[{"name":"wp","href":"https:\/\/api.w.org\/{rel}","templated":true}]}}