{"id":32495,"date":"2024-09-05T11:12:20","date_gmt":"2024-09-05T09:12:20","guid":{"rendered":"https:\/\/www.link2fleet.com\/dit-zijn-de-twee-elementen-die-volgens-een-onderzoek-de-grootste-impact-zullen-hebben-op-wagenparkbeheer\/"},"modified":"2024-09-05T11:25:41","modified_gmt":"2024-09-05T09:25:41","slug":"dit-zijn-de-twee-elementen-die-volgens-een-onderzoek-de-grootste-impact-zullen-hebben-op-wagenparkbeheer","status":"publish","type":"post","link":"https:\/\/www.link2fleet.com\/fr\/dit-zijn-de-twee-elementen-die-volgens-een-onderzoek-de-grootste-impact-zullen-hebben-op-wagenparkbeheer\/","title":{"rendered":"Ces deux \u00e9l\u00e9ments auront le plus important impact sur la gestion de flotte \u00e0 l&rsquo;avenir, selon une enqu\u00eate"},"content":{"rendered":"","protected":false},"excerpt":{"rendered":"","protected":false},"author":4,"featured_media":32492,"comment_status":"closed","ping_status":"closed","sticky":false,"template":"","format":"standard","meta":{"_acf_changed":false,"footnotes":""},"categories":[135],"tags":[],"class_list":["post-32495","post","type-post","status-publish","format-standard","has-post-thumbnail","hentry","category-news-fr"],"acf":[],"yoast_head":"<!-- This site is optimized with the Yoast SEO plugin v27.3 - https:\/\/yoast.com\/product\/yoast-seo-wordpress\/ -->\n<title>Ces deux \u00e9l\u00e9ments auront le plus important impact sur la gestion de flotte \u00e0 l&#039;avenir, selon une enqu\u00eate - link2fleet<\/title>\n<meta name=\"description\" content=\"Plus de la moiti\u00e9 (62%) des gestionnaires de flotte belges s&rsquo;attendent \u00e0 utiliser l&rsquo;IA dans leur travail dans les 5 prochaines ann\u00e9es, selon une enqu\u00eate\u2026\" \/>\n<meta name=\"robots\" content=\"index, follow, max-snippet:-1, max-image-preview:large, max-video-preview:-1\" \/>\n<meta property=\"og:locale\" content=\"fr_FR\" \/>\n<meta property=\"og:type\" content=\"article\" \/>\n<meta property=\"og:title\" content=\"Ces deux \u00e9l\u00e9ments auront le plus important impact sur la gestion de flotte \u00e0 l&#039;avenir, selon une enqu\u00eate - link2fleet\" \/>\n<meta property=\"og:description\" content=\"Plus de la moiti\u00e9 (62%) des gestionnaires de flotte belges s&rsquo;attendent \u00e0 utiliser l&rsquo;IA dans leur travail dans les 5 prochaines ann\u00e9es, selon une enqu\u00eate\u2026\" \/>\n<meta property=\"og:url\" content=\"https:\/\/www.link2fleet.com\/dit-zijn-de-twee-elementen-die-volgens-een-onderzoek-de-grootste-impact-zullen-hebben-op-wagenparkbeheer\/\" \/>\n<meta property=\"og:site_name\" content=\"link2fleet\" \/>\n<meta property=\"article:published_time\" content=\"2024-09-05T09:12:20+00:00\" \/>\n<meta property=\"article:modified_time\" content=\"2024-09-05T09:25:41+00:00\" \/>\n<meta property=\"og:image\" content=\"https:\/\/static.link2fleet.com\/wp-content\/uploads\/2024\/09\/ai-ev.jpg\" \/>\n\t<meta property=\"og:image:width\" content=\"1280\" \/>\n\t<meta property=\"og:image:height\" content=\"720\" \/>\n\t<meta property=\"og:image:type\" content=\"image\/jpeg\" \/>\n<meta name=\"author\" content=\"Damien Malvetti\" \/>\n<meta name=\"twitter:card\" content=\"summary_large_image\" \/>\n<meta name=\"twitter:description\" content=\"Plus de la moiti\u00e9 (62%) des gestionnaires de flotte belges s&rsquo;attendent \u00e0 utiliser l&rsquo;IA dans leur travail dans les 5 prochaines ann\u00e9es, selon une enqu\u00eate\u2026\" \/>\n<meta name=\"twitter:label1\" content=\"\u00c9crit par\" \/>\n\t<meta name=\"twitter:data1\" content=\"Damien Malvetti\" \/>\n\t<meta name=\"twitter:label2\" content=\"Dur\u00e9e de lecture estim\u00e9e\" \/>\n\t<meta name=\"twitter:data2\" content=\"3 minutes\" \/>\n<script type=\"application\/ld+json\" class=\"yoast-schema-graph\">{\"@context\":\"https:\\\/\\\/schema.org\",\"@graph\":[{\"@type\":\"Article\",\"@id\":\"https:\\\/\\\/www.link2fleet.com\\\/dit-zijn-de-twee-elementen-die-volgens-een-onderzoek-de-grootste-impact-zullen-hebben-op-wagenparkbeheer\\\/#article\",\"isPartOf\":{\"@id\":\"https:\\\/\\\/www.link2fleet.com\\\/dit-zijn-de-twee-elementen-die-volgens-een-onderzoek-de-grootste-impact-zullen-hebben-op-wagenparkbeheer\\\/\"},\"author\":{\"name\":\"Damien Malvetti\",\"@id\":\"https:\\\/\\\/www.link2fleet.com\\\/fr\\\/#\\\/schema\\\/person\\\/027cd46113c78036b3809c9a054049da\"},\"headline\":\"Ces deux \u00e9l\u00e9ments auront le plus important impact sur la gestion de flotte \u00e0 l&rsquo;avenir, selon une enqu\u00eate\",\"datePublished\":\"2024-09-05T09:12:20+00:00\",\"dateModified\":\"2024-09-05T09:25:41+00:00\",\"mainEntityOfPage\":{\"@id\":\"https:\\\/\\\/www.link2fleet.com\\\/dit-zijn-de-twee-elementen-die-volgens-een-onderzoek-de-grootste-impact-zullen-hebben-op-wagenparkbeheer\\\/\"},\"wordCount\":20,\"publisher\":{\"@id\":\"https:\\\/\\\/www.link2fleet.com\\\/fr\\\/#organization\"},\"image\":{\"@id\":\"https:\\\/\\\/www.link2fleet.com\\\/dit-zijn-de-twee-elementen-die-volgens-een-onderzoek-de-grootste-impact-zullen-hebben-op-wagenparkbeheer\\\/#primaryimage\"},\"thumbnailUrl\":\"https:\\\/\\\/static.link2fleet.com\\\/wp-content\\\/uploads\\\/2024\\\/09\\\/ai-ev.jpg\",\"articleSection\":[\"Actus\"],\"inLanguage\":\"fr-FR\"},{\"@type\":\"WebPage\",\"@id\":\"https:\\\/\\\/www.link2fleet.com\\\/dit-zijn-de-twee-elementen-die-volgens-een-onderzoek-de-grootste-impact-zullen-hebben-op-wagenparkbeheer\\\/\",\"url\":\"https:\\\/\\\/www.link2fleet.com\\\/dit-zijn-de-twee-elementen-die-volgens-een-onderzoek-de-grootste-impact-zullen-hebben-op-wagenparkbeheer\\\/\",\"name\":\"Ces deux \u00e9l\u00e9ments auront le plus important impact sur la gestion de flotte \u00e0 l'avenir, selon une enqu\u00eate - link2fleet\",\"isPartOf\":{\"@id\":\"https:\\\/\\\/www.link2fleet.com\\\/fr\\\/#website\"},\"primaryImageOfPage\":{\"@id\":\"https:\\\/\\\/www.link2fleet.com\\\/dit-zijn-de-twee-elementen-die-volgens-een-onderzoek-de-grootste-impact-zullen-hebben-op-wagenparkbeheer\\\/#primaryimage\"},\"image\":{\"@id\":\"https:\\\/\\\/www.link2fleet.com\\\/dit-zijn-de-twee-elementen-die-volgens-een-onderzoek-de-grootste-impact-zullen-hebben-op-wagenparkbeheer\\\/#primaryimage\"},\"thumbnailUrl\":\"https:\\\/\\\/static.link2fleet.com\\\/wp-content\\\/uploads\\\/2024\\\/09\\\/ai-ev.jpg\",\"datePublished\":\"2024-09-05T09:12:20+00:00\",\"dateModified\":\"2024-09-05T09:25:41+00:00\",\"description\":\"Plus de la moiti\u00e9 (62 %) des gestionnaires de flotte belges pr\u00e9voient d'utiliser l'IA au cours des cinq prochaines ann\u00e9es.\",\"breadcrumb\":{\"@id\":\"https:\\\/\\\/www.link2fleet.com\\\/dit-zijn-de-twee-elementen-die-volgens-een-onderzoek-de-grootste-impact-zullen-hebben-op-wagenparkbeheer\\\/#breadcrumb\"},\"inLanguage\":\"fr-FR\",\"potentialAction\":[{\"@type\":\"ReadAction\",\"target\":[\"https:\\\/\\\/www.link2fleet.com\\\/dit-zijn-de-twee-elementen-die-volgens-een-onderzoek-de-grootste-impact-zullen-hebben-op-wagenparkbeheer\\\/\"]}]},{\"@type\":\"ImageObject\",\"inLanguage\":\"fr-FR\",\"@id\":\"https:\\\/\\\/www.link2fleet.com\\\/dit-zijn-de-twee-elementen-die-volgens-een-onderzoek-de-grootste-impact-zullen-hebben-op-wagenparkbeheer\\\/#primaryimage\",\"url\":\"https:\\\/\\\/static.link2fleet.com\\\/wp-content\\\/uploads\\\/2024\\\/09\\\/ai-ev.jpg\",\"contentUrl\":\"https:\\\/\\\/static.link2fleet.com\\\/wp-content\\\/uploads\\\/2024\\\/09\\\/ai-ev.jpg\",\"width\":1280,\"height\":720},{\"@type\":\"BreadcrumbList\",\"@id\":\"https:\\\/\\\/www.link2fleet.com\\\/dit-zijn-de-twee-elementen-die-volgens-een-onderzoek-de-grootste-impact-zullen-hebben-op-wagenparkbeheer\\\/#breadcrumb\",\"itemListElement\":[{\"@type\":\"ListItem\",\"position\":1,\"name\":\"Home\",\"item\":\"https:\\\/\\\/www.link2fleet.com\\\/fr\\\/\"},{\"@type\":\"ListItem\",\"position\":2,\"name\":\"Ces deux \u00e9l\u00e9ments auront le plus important impact sur la gestion de flotte \u00e0 l&#8217;avenir, selon une enqu\u00eate\"}]},{\"@type\":\"WebSite\",\"@id\":\"https:\\\/\\\/www.link2fleet.com\\\/fr\\\/#website\",\"url\":\"https:\\\/\\\/www.link2fleet.com\\\/fr\\\/\",\"name\":\"Link2fleet\",\"description\":\"\",\"publisher\":{\"@id\":\"https:\\\/\\\/www.link2fleet.com\\\/fr\\\/#organization\"},\"potentialAction\":[{\"@type\":\"SearchAction\",\"target\":{\"@type\":\"EntryPoint\",\"urlTemplate\":\"https:\\\/\\\/www.link2fleet.com\\\/fr\\\/?s={search_term_string}\"},\"query-input\":{\"@type\":\"PropertyValueSpecification\",\"valueRequired\":true,\"valueName\":\"search_term_string\"}}],\"inLanguage\":\"fr-FR\"},{\"@type\":\"Organization\",\"@id\":\"https:\\\/\\\/www.link2fleet.com\\\/fr\\\/#organization\",\"name\":\"Link2fleet\",\"url\":\"https:\\\/\\\/www.link2fleet.com\\\/fr\\\/\",\"logo\":{\"@type\":\"ImageObject\",\"inLanguage\":\"fr-FR\",\"@id\":\"https:\\\/\\\/www.link2fleet.com\\\/fr\\\/#\\\/schema\\\/logo\\\/image\\\/\",\"url\":\"https:\\\/\\\/static.link2fleet.com\\\/wp-content\\\/uploads\\\/2024\\\/03\\\/share-image.jpg\",\"contentUrl\":\"https:\\\/\\\/static.link2fleet.com\\\/wp-content\\\/uploads\\\/2024\\\/03\\\/share-image.jpg\",\"width\":1200,\"height\":630,\"caption\":\"Link2fleet\"},\"image\":{\"@id\":\"https:\\\/\\\/www.link2fleet.com\\\/fr\\\/#\\\/schema\\\/logo\\\/image\\\/\"},\"sameAs\":[\"https:\\\/\\\/www.linkedin.com\\\/company\\\/link2fleet-belgium\",\"https:\\\/\\\/www.youtube.com\\\/user\\\/MMMBMBE\"]},{\"@type\":\"Person\",\"@id\":\"https:\\\/\\\/www.link2fleet.com\\\/fr\\\/#\\\/schema\\\/person\\\/027cd46113c78036b3809c9a054049da\",\"name\":\"Damien Malvetti\",\"image\":{\"@type\":\"ImageObject\",\"inLanguage\":\"fr-FR\",\"@id\":\"https:\\\/\\\/secure.gravatar.com\\\/avatar\\\/dd8cc03b49466c735f753ac37f8caa371af16dfed347456ed61f02883255eebb?s=96&d=mm&r=g\",\"url\":\"https:\\\/\\\/secure.gravatar.com\\\/avatar\\\/dd8cc03b49466c735f753ac37f8caa371af16dfed347456ed61f02883255eebb?s=96&d=mm&r=g\",\"contentUrl\":\"https:\\\/\\\/secure.gravatar.com\\\/avatar\\\/dd8cc03b49466c735f753ac37f8caa371af16dfed347456ed61f02883255eebb?s=96&d=mm&r=g\",\"caption\":\"Damien Malvetti\"},\"description\":\"Damien Malvetti is opgeleid als journalist en gepassioneerd door wagens, technologie en mobiliteit. Hij is verantwoordelijk voor de redactionele inhoud van link2fleet en beschikt over een uitgebreide kennis van de fleet-sector en elektrische mobiliteit.\",\"sameAs\":[\"https:\\\/\\\/www.linkedin.com\\\/in\\\/damien-malvetti-56601142\\\/\"]}]}<\/script>\n<!-- \/ Yoast SEO plugin. -->","yoast_head_json":{"title":"Ces deux \u00e9l\u00e9ments auront le plus important impact sur la gestion de flotte \u00e0 l'avenir, selon une enqu\u00eate - link2fleet","description":"Plus de la moiti\u00e9 (62%) des gestionnaires de flotte belges s&rsquo;attendent \u00e0 utiliser l&rsquo;IA dans leur travail dans les 5 prochaines ann\u00e9es, selon une enqu\u00eate\u2026","robots":{"index":"index","follow":"follow","max-snippet":"max-snippet:-1","max-image-preview":"max-image-preview:large","max-video-preview":"max-video-preview:-1"},"og_locale":"fr_FR","og_type":"article","og_title":"Ces deux \u00e9l\u00e9ments auront le plus important impact sur la gestion de flotte \u00e0 l'avenir, selon une enqu\u00eate - link2fleet","og_description":"Plus de la moiti\u00e9 (62%) des gestionnaires de flotte belges s&rsquo;attendent \u00e0 utiliser l&rsquo;IA dans leur travail dans les 5 prochaines ann\u00e9es, selon une enqu\u00eate\u2026","og_url":"https:\/\/www.link2fleet.com\/dit-zijn-de-twee-elementen-die-volgens-een-onderzoek-de-grootste-impact-zullen-hebben-op-wagenparkbeheer\/","og_site_name":"link2fleet","article_published_time":"2024-09-05T09:12:20+00:00","article_modified_time":"2024-09-05T09:25:41+00:00","og_image":[{"width":1280,"height":720,"url":"https:\/\/static.link2fleet.com\/wp-content\/uploads\/2024\/09\/ai-ev.jpg","type":"image\/jpeg"}],"author":"Damien Malvetti","twitter_card":"summary_large_image","twitter_description":"Plus de la moiti\u00e9 (62%) des gestionnaires de flotte belges s&rsquo;attendent \u00e0 utiliser l&rsquo;IA dans leur travail dans les 5 prochaines ann\u00e9es, selon une enqu\u00eate\u2026","twitter_misc":{"\u00c9crit par":"Damien Malvetti","Dur\u00e9e de lecture estim\u00e9e":"3 minutes"},"schema":{"@context":"https:\/\/schema.org","@graph":[{"@type":"Article","@id":"https:\/\/www.link2fleet.com\/dit-zijn-de-twee-elementen-die-volgens-een-onderzoek-de-grootste-impact-zullen-hebben-op-wagenparkbeheer\/#article","isPartOf":{"@id":"https:\/\/www.link2fleet.com\/dit-zijn-de-twee-elementen-die-volgens-een-onderzoek-de-grootste-impact-zullen-hebben-op-wagenparkbeheer\/"},"author":{"name":"Damien Malvetti","@id":"https:\/\/www.link2fleet.com\/fr\/#\/schema\/person\/027cd46113c78036b3809c9a054049da"},"headline":"Ces deux \u00e9l\u00e9ments auront le plus important impact sur la gestion de flotte \u00e0 l&rsquo;avenir, selon une enqu\u00eate","datePublished":"2024-09-05T09:12:20+00:00","dateModified":"2024-09-05T09:25:41+00:00","mainEntityOfPage":{"@id":"https:\/\/www.link2fleet.com\/dit-zijn-de-twee-elementen-die-volgens-een-onderzoek-de-grootste-impact-zullen-hebben-op-wagenparkbeheer\/"},"wordCount":20,"publisher":{"@id":"https:\/\/www.link2fleet.com\/fr\/#organization"},"image":{"@id":"https:\/\/www.link2fleet.com\/dit-zijn-de-twee-elementen-die-volgens-een-onderzoek-de-grootste-impact-zullen-hebben-op-wagenparkbeheer\/#primaryimage"},"thumbnailUrl":"https:\/\/static.link2fleet.com\/wp-content\/uploads\/2024\/09\/ai-ev.jpg","articleSection":["Actus"],"inLanguage":"fr-FR"},{"@type":"WebPage","@id":"https:\/\/www.link2fleet.com\/dit-zijn-de-twee-elementen-die-volgens-een-onderzoek-de-grootste-impact-zullen-hebben-op-wagenparkbeheer\/","url":"https:\/\/www.link2fleet.com\/dit-zijn-de-twee-elementen-die-volgens-een-onderzoek-de-grootste-impact-zullen-hebben-op-wagenparkbeheer\/","name":"Ces deux \u00e9l\u00e9ments auront le plus important impact sur la gestion de flotte \u00e0 l'avenir, selon une enqu\u00eate - link2fleet","isPartOf":{"@id":"https:\/\/www.link2fleet.com\/fr\/#website"},"primaryImageOfPage":{"@id":"https:\/\/www.link2fleet.com\/dit-zijn-de-twee-elementen-die-volgens-een-onderzoek-de-grootste-impact-zullen-hebben-op-wagenparkbeheer\/#primaryimage"},"image":{"@id":"https:\/\/www.link2fleet.com\/dit-zijn-de-twee-elementen-die-volgens-een-onderzoek-de-grootste-impact-zullen-hebben-op-wagenparkbeheer\/#primaryimage"},"thumbnailUrl":"https:\/\/static.link2fleet.com\/wp-content\/uploads\/2024\/09\/ai-ev.jpg","datePublished":"2024-09-05T09:12:20+00:00","dateModified":"2024-09-05T09:25:41+00:00","description":"Plus de la moiti\u00e9 (62 %) des gestionnaires de flotte belges pr\u00e9voient d'utiliser l'IA au cours des cinq prochaines ann\u00e9es.","breadcrumb":{"@id":"https:\/\/www.link2fleet.com\/dit-zijn-de-twee-elementen-die-volgens-een-onderzoek-de-grootste-impact-zullen-hebben-op-wagenparkbeheer\/#breadcrumb"},"inLanguage":"fr-FR","potentialAction":[{"@type":"ReadAction","target":["https:\/\/www.link2fleet.com\/dit-zijn-de-twee-elementen-die-volgens-een-onderzoek-de-grootste-impact-zullen-hebben-op-wagenparkbeheer\/"]}]},{"@type":"ImageObject","inLanguage":"fr-FR","@id":"https:\/\/www.link2fleet.com\/dit-zijn-de-twee-elementen-die-volgens-een-onderzoek-de-grootste-impact-zullen-hebben-op-wagenparkbeheer\/#primaryimage","url":"https:\/\/static.link2fleet.com\/wp-content\/uploads\/2024\/09\/ai-ev.jpg","contentUrl":"https:\/\/static.link2fleet.com\/wp-content\/uploads\/2024\/09\/ai-ev.jpg","width":1280,"height":720},{"@type":"BreadcrumbList","@id":"https:\/\/www.link2fleet.com\/dit-zijn-de-twee-elementen-die-volgens-een-onderzoek-de-grootste-impact-zullen-hebben-op-wagenparkbeheer\/#breadcrumb","itemListElement":[{"@type":"ListItem","position":1,"name":"Home","item":"https:\/\/www.link2fleet.com\/fr\/"},{"@type":"ListItem","position":2,"name":"Ces deux \u00e9l\u00e9ments auront le plus important impact sur la gestion de flotte \u00e0 l&#8217;avenir, selon une enqu\u00eate"}]},{"@type":"WebSite","@id":"https:\/\/www.link2fleet.com\/fr\/#website","url":"https:\/\/www.link2fleet.com\/fr\/","name":"Link2fleet","description":"","publisher":{"@id":"https:\/\/www.link2fleet.com\/fr\/#organization"},"potentialAction":[{"@type":"SearchAction","target":{"@type":"EntryPoint","urlTemplate":"https:\/\/www.link2fleet.com\/fr\/?s={search_term_string}"},"query-input":{"@type":"PropertyValueSpecification","valueRequired":true,"valueName":"search_term_string"}}],"inLanguage":"fr-FR"},{"@type":"Organization","@id":"https:\/\/www.link2fleet.com\/fr\/#organization","name":"Link2fleet","url":"https:\/\/www.link2fleet.com\/fr\/","logo":{"@type":"ImageObject","inLanguage":"fr-FR","@id":"https:\/\/www.link2fleet.com\/fr\/#\/schema\/logo\/image\/","url":"https:\/\/static.link2fleet.com\/wp-content\/uploads\/2024\/03\/share-image.jpg","contentUrl":"https:\/\/static.link2fleet.com\/wp-content\/uploads\/2024\/03\/share-image.jpg","width":1200,"height":630,"caption":"Link2fleet"},"image":{"@id":"https:\/\/www.link2fleet.com\/fr\/#\/schema\/logo\/image\/"},"sameAs":["https:\/\/www.linkedin.com\/company\/link2fleet-belgium","https:\/\/www.youtube.com\/user\/MMMBMBE"]},{"@type":"Person","@id":"https:\/\/www.link2fleet.com\/fr\/#\/schema\/person\/027cd46113c78036b3809c9a054049da","name":"Damien Malvetti","image":{"@type":"ImageObject","inLanguage":"fr-FR","@id":"https:\/\/secure.gravatar.com\/avatar\/dd8cc03b49466c735f753ac37f8caa371af16dfed347456ed61f02883255eebb?s=96&d=mm&r=g","url":"https:\/\/secure.gravatar.com\/avatar\/dd8cc03b49466c735f753ac37f8caa371af16dfed347456ed61f02883255eebb?s=96&d=mm&r=g","contentUrl":"https:\/\/secure.gravatar.com\/avatar\/dd8cc03b49466c735f753ac37f8caa371af16dfed347456ed61f02883255eebb?s=96&d=mm&r=g","caption":"Damien Malvetti"},"description":"Damien Malvetti is opgeleid als journalist en gepassioneerd door wagens, technologie en mobiliteit. Hij is verantwoordelijk voor de redactionele inhoud van link2fleet en beschikt over een uitgebreide kennis van de fleet-sector en elektrische mobiliteit.","sameAs":["https:\/\/www.linkedin.com\/in\/damien-malvetti-56601142\/"]}]}},"_links":{"self":[{"href":"https:\/\/www.link2fleet.com\/fr\/wp-json\/wp\/v2\/posts\/32495","targetHints":{"allow":["GET"]}}],"collection":[{"href":"https:\/\/www.link2fleet.com\/fr\/wp-json\/wp\/v2\/posts"}],"about":[{"href":"https:\/\/www.link2fleet.com\/fr\/wp-json\/wp\/v2\/types\/post"}],"author":[{"embeddable":true,"href":"https:\/\/www.link2fleet.com\/fr\/wp-json\/wp\/v2\/users\/4"}],"replies":[{"embeddable":true,"href":"https:\/\/www.link2fleet.com\/fr\/wp-json\/wp\/v2\/comments?post=32495"}],"version-history":[{"count":0,"href":"https:\/\/www.link2fleet.com\/fr\/wp-json\/wp\/v2\/posts\/32495\/revisions"}],"wp:featuredmedia":[{"embeddable":true,"href":"https:\/\/www.link2fleet.com\/fr\/wp-json\/wp\/v2\/media\/32492"}],"wp:attachment":[{"href":"https:\/\/www.link2fleet.com\/fr\/wp-json\/wp\/v2\/media?parent=32495"}],"wp:term":[{"taxonomy":"category","embeddable":true,"href":"https:\/\/www.link2fleet.com\/fr\/wp-json\/wp\/v2\/categories?post=32495"},{"taxonomy":"post_tag","embeddable":true,"href":"https:\/\/www.link2fleet.com\/fr\/wp-json\/wp\/v2\/tags?post=32495"}],"curies":[{"name":"wp","href":"https:\/\/api.w.org\/{rel}","templated":true}]}}