{"id":32532,"date":"2024-09-09T09:09:09","date_gmt":"2024-09-09T07:09:09","guid":{"rendered":"https:\/\/www.link2fleet.com\/chery-automobile-gaat-merken-omoda-en-jaecoo-verdelen-via-garage-serneels-in-heist-op-den-berg\/"},"modified":"2024-09-09T09:12:57","modified_gmt":"2024-09-09T07:12:57","slug":"chery-automobile-gaat-merken-omoda-en-jaecoo-verdelen-via-garage-serneels-in-heist-op-den-berg","status":"publish","type":"post","link":"https:\/\/www.link2fleet.com\/fr\/chery-automobile-gaat-merken-omoda-en-jaecoo-verdelen-via-garage-serneels-in-heist-op-den-berg\/","title":{"rendered":"Garage Serneels va distribuer les marques Omoda et Jaecoo de Chery Automobile \u00e0 Heist-op-den-Berg"},"content":{"rendered":"","protected":false},"excerpt":{"rendered":"","protected":false},"author":49,"featured_media":32522,"comment_status":"closed","ping_status":"closed","sticky":false,"template":"","format":"standard","meta":{"_acf_changed":false,"footnotes":""},"categories":[135,78,77],"tags":[389,391,390],"class_list":["post-32532","post","type-post","status-publish","format-standard","has-post-thumbnail","hentry","category-news-fr","category-fleet-dealers","category-importateurs-et-constructeurs-automobiles-vp","tag-chery","tag-jaecoo","tag-omoda"],"acf":[],"yoast_head":"<!-- This site is optimized with the Yoast SEO plugin v27.3 - https:\/\/yoast.com\/product\/yoast-seo-wordpress\/ -->\n<title>Garage Serneels va distribuer les marques Omoda et Jaecoo de Chery Automobile \u00e0 Heist-op-den-Berg - link2fleet<\/title>\n<meta name=\"description\" content=\"Chery Automobile va travailler en \u00e9troite collaboration avec Garage Serneels \u00e0 Heist-op-den-Berg. L&rsquo;entreprise familiale sera le troisi\u00e8me distributeur local de Chery \u00e0 proposer les marques\u2026\" \/>\n<meta name=\"robots\" content=\"index, follow, max-snippet:-1, max-image-preview:large, max-video-preview:-1\" \/>\n<meta property=\"og:locale\" content=\"fr_FR\" \/>\n<meta property=\"og:type\" content=\"article\" \/>\n<meta property=\"og:title\" content=\"Garage Serneels va distribuer les marques Omoda et Jaecoo de Chery Automobile \u00e0 Heist-op-den-Berg - link2fleet\" \/>\n<meta property=\"og:description\" content=\"Chery Automobile va travailler en \u00e9troite collaboration avec Garage Serneels \u00e0 Heist-op-den-Berg. L&rsquo;entreprise familiale sera le troisi\u00e8me distributeur local de Chery \u00e0 proposer les marques\u2026\" \/>\n<meta property=\"og:url\" content=\"https:\/\/www.link2fleet.com\/chery-automobile-gaat-merken-omoda-en-jaecoo-verdelen-via-garage-serneels-in-heist-op-den-berg\/\" \/>\n<meta property=\"og:site_name\" content=\"link2fleet\" \/>\n<meta property=\"article:published_time\" content=\"2024-09-09T07:09:09+00:00\" \/>\n<meta property=\"article:modified_time\" content=\"2024-09-09T07:12:57+00:00\" \/>\n<meta property=\"og:image\" content=\"https:\/\/static.link2fleet.com\/wp-content\/uploads\/2024\/09\/peugeot-2.jpg\" \/>\n\t<meta property=\"og:image:width\" content=\"2048\" \/>\n\t<meta property=\"og:image:height\" content=\"1153\" \/>\n\t<meta property=\"og:image:type\" content=\"image\/jpeg\" \/>\n<meta name=\"author\" content=\"Kevin Kersemans\" \/>\n<meta name=\"twitter:card\" content=\"summary_large_image\" \/>\n<meta name=\"twitter:description\" content=\"Chery Automobile va travailler en \u00e9troite collaboration avec Garage Serneels \u00e0 Heist-op-den-Berg. L&rsquo;entreprise familiale sera le troisi\u00e8me distributeur local de Chery \u00e0 proposer les marques\u2026\" \/>\n<meta name=\"twitter:label1\" content=\"\u00c9crit par\" \/>\n\t<meta name=\"twitter:data1\" content=\"Kevin Kersemans\" \/>\n\t<meta name=\"twitter:label2\" content=\"Dur\u00e9e de lecture estim\u00e9e\" \/>\n\t<meta name=\"twitter:data2\" content=\"2 minutes\" \/>\n<script type=\"application\/ld+json\" class=\"yoast-schema-graph\">{\"@context\":\"https:\\\/\\\/schema.org\",\"@graph\":[{\"@type\":\"Article\",\"@id\":\"https:\\\/\\\/www.link2fleet.com\\\/chery-automobile-gaat-merken-omoda-en-jaecoo-verdelen-via-garage-serneels-in-heist-op-den-berg\\\/#article\",\"isPartOf\":{\"@id\":\"https:\\\/\\\/www.link2fleet.com\\\/chery-automobile-gaat-merken-omoda-en-jaecoo-verdelen-via-garage-serneels-in-heist-op-den-berg\\\/\"},\"author\":{\"name\":\"Kevin Kersemans\",\"@id\":\"https:\\\/\\\/www.link2fleet.com\\\/fr\\\/#\\\/schema\\\/person\\\/877bc89c32c65772066cb11fe1e67bbf\"},\"headline\":\"Garage Serneels va distribuer les marques Omoda et Jaecoo de Chery Automobile \u00e0 Heist-op-den-Berg\",\"datePublished\":\"2024-09-09T07:09:09+00:00\",\"dateModified\":\"2024-09-09T07:12:57+00:00\",\"mainEntityOfPage\":{\"@id\":\"https:\\\/\\\/www.link2fleet.com\\\/chery-automobile-gaat-merken-omoda-en-jaecoo-verdelen-via-garage-serneels-in-heist-op-den-berg\\\/\"},\"wordCount\":13,\"publisher\":{\"@id\":\"https:\\\/\\\/www.link2fleet.com\\\/fr\\\/#organization\"},\"image\":{\"@id\":\"https:\\\/\\\/www.link2fleet.com\\\/chery-automobile-gaat-merken-omoda-en-jaecoo-verdelen-via-garage-serneels-in-heist-op-den-berg\\\/#primaryimage\"},\"thumbnailUrl\":\"https:\\\/\\\/static.link2fleet.com\\\/wp-content\\\/uploads\\\/2024\\\/09\\\/peugeot-2.jpg\",\"keywords\":[\"chery\",\"jaecoo\",\"omoda\"],\"articleSection\":[\"Actus\",\"Dealers\",\"Importateurs et constructeurs\"],\"inLanguage\":\"fr-FR\"},{\"@type\":\"WebPage\",\"@id\":\"https:\\\/\\\/www.link2fleet.com\\\/chery-automobile-gaat-merken-omoda-en-jaecoo-verdelen-via-garage-serneels-in-heist-op-den-berg\\\/\",\"url\":\"https:\\\/\\\/www.link2fleet.com\\\/chery-automobile-gaat-merken-omoda-en-jaecoo-verdelen-via-garage-serneels-in-heist-op-den-berg\\\/\",\"name\":\"Garage Serneels va distribuer les marques Omoda et Jaecoo de Chery Automobile \u00e0 Heist-op-den-Berg - link2fleet\",\"isPartOf\":{\"@id\":\"https:\\\/\\\/www.link2fleet.com\\\/fr\\\/#website\"},\"primaryImageOfPage\":{\"@id\":\"https:\\\/\\\/www.link2fleet.com\\\/chery-automobile-gaat-merken-omoda-en-jaecoo-verdelen-via-garage-serneels-in-heist-op-den-berg\\\/#primaryimage\"},\"image\":{\"@id\":\"https:\\\/\\\/www.link2fleet.com\\\/chery-automobile-gaat-merken-omoda-en-jaecoo-verdelen-via-garage-serneels-in-heist-op-den-berg\\\/#primaryimage\"},\"thumbnailUrl\":\"https:\\\/\\\/static.link2fleet.com\\\/wp-content\\\/uploads\\\/2024\\\/09\\\/peugeot-2.jpg\",\"datePublished\":\"2024-09-09T07:09:09+00:00\",\"dateModified\":\"2024-09-09T07:12:57+00:00\",\"breadcrumb\":{\"@id\":\"https:\\\/\\\/www.link2fleet.com\\\/chery-automobile-gaat-merken-omoda-en-jaecoo-verdelen-via-garage-serneels-in-heist-op-den-berg\\\/#breadcrumb\"},\"inLanguage\":\"fr-FR\",\"potentialAction\":[{\"@type\":\"ReadAction\",\"target\":[\"https:\\\/\\\/www.link2fleet.com\\\/chery-automobile-gaat-merken-omoda-en-jaecoo-verdelen-via-garage-serneels-in-heist-op-den-berg\\\/\"]}]},{\"@type\":\"ImageObject\",\"inLanguage\":\"fr-FR\",\"@id\":\"https:\\\/\\\/www.link2fleet.com\\\/chery-automobile-gaat-merken-omoda-en-jaecoo-verdelen-via-garage-serneels-in-heist-op-den-berg\\\/#primaryimage\",\"url\":\"https:\\\/\\\/static.link2fleet.com\\\/wp-content\\\/uploads\\\/2024\\\/09\\\/peugeot-2.jpg\",\"contentUrl\":\"https:\\\/\\\/static.link2fleet.com\\\/wp-content\\\/uploads\\\/2024\\\/09\\\/peugeot-2.jpg\",\"width\":2048,\"height\":1153},{\"@type\":\"BreadcrumbList\",\"@id\":\"https:\\\/\\\/www.link2fleet.com\\\/chery-automobile-gaat-merken-omoda-en-jaecoo-verdelen-via-garage-serneels-in-heist-op-den-berg\\\/#breadcrumb\",\"itemListElement\":[{\"@type\":\"ListItem\",\"position\":1,\"name\":\"Home\",\"item\":\"https:\\\/\\\/www.link2fleet.com\\\/fr\\\/\"},{\"@type\":\"ListItem\",\"position\":2,\"name\":\"Garage Serneels va distribuer les marques Omoda et Jaecoo de Chery Automobile \u00e0 Heist-op-den-Berg\"}]},{\"@type\":\"WebSite\",\"@id\":\"https:\\\/\\\/www.link2fleet.com\\\/fr\\\/#website\",\"url\":\"https:\\\/\\\/www.link2fleet.com\\\/fr\\\/\",\"name\":\"Link2fleet\",\"description\":\"\",\"publisher\":{\"@id\":\"https:\\\/\\\/www.link2fleet.com\\\/fr\\\/#organization\"},\"potentialAction\":[{\"@type\":\"SearchAction\",\"target\":{\"@type\":\"EntryPoint\",\"urlTemplate\":\"https:\\\/\\\/www.link2fleet.com\\\/fr\\\/?s={search_term_string}\"},\"query-input\":{\"@type\":\"PropertyValueSpecification\",\"valueRequired\":true,\"valueName\":\"search_term_string\"}}],\"inLanguage\":\"fr-FR\"},{\"@type\":\"Organization\",\"@id\":\"https:\\\/\\\/www.link2fleet.com\\\/fr\\\/#organization\",\"name\":\"Link2fleet\",\"url\":\"https:\\\/\\\/www.link2fleet.com\\\/fr\\\/\",\"logo\":{\"@type\":\"ImageObject\",\"inLanguage\":\"fr-FR\",\"@id\":\"https:\\\/\\\/www.link2fleet.com\\\/fr\\\/#\\\/schema\\\/logo\\\/image\\\/\",\"url\":\"https:\\\/\\\/static.link2fleet.com\\\/wp-content\\\/uploads\\\/2024\\\/03\\\/share-image.jpg\",\"contentUrl\":\"https:\\\/\\\/static.link2fleet.com\\\/wp-content\\\/uploads\\\/2024\\\/03\\\/share-image.jpg\",\"width\":1200,\"height\":630,\"caption\":\"Link2fleet\"},\"image\":{\"@id\":\"https:\\\/\\\/www.link2fleet.com\\\/fr\\\/#\\\/schema\\\/logo\\\/image\\\/\"},\"sameAs\":[\"https:\\\/\\\/www.linkedin.com\\\/company\\\/link2fleet-belgium\",\"https:\\\/\\\/www.youtube.com\\\/user\\\/MMMBMBE\"]},{\"@type\":\"Person\",\"@id\":\"https:\\\/\\\/www.link2fleet.com\\\/fr\\\/#\\\/schema\\\/person\\\/877bc89c32c65772066cb11fe1e67bbf\",\"name\":\"Kevin Kersemans\",\"image\":{\"@type\":\"ImageObject\",\"inLanguage\":\"fr-FR\",\"@id\":\"https:\\\/\\\/secure.gravatar.com\\\/avatar\\\/b12f7d0f252688f677f4c181b6df65bf86880634bfcef3be42c82efcdb33d654?s=96&d=mm&r=g\",\"url\":\"https:\\\/\\\/secure.gravatar.com\\\/avatar\\\/b12f7d0f252688f677f4c181b6df65bf86880634bfcef3be42c82efcdb33d654?s=96&d=mm&r=g\",\"contentUrl\":\"https:\\\/\\\/secure.gravatar.com\\\/avatar\\\/b12f7d0f252688f677f4c181b6df65bf86880634bfcef3be42c82efcdb33d654?s=96&d=mm&r=g\",\"caption\":\"Kevin Kersemans\"},\"description\":\"Kevin Kersemans is autojournalist met al enkele decennia ervaring op de teller. Zijn passie voor auto's en alles op wielen heeft hij al van kindsbeen af. Voor link2fleet volgt hij vooral de auto-actualiteit en test hij nieuwe modellen.\"}]}<\/script>\n<!-- \/ Yoast SEO plugin. -->","yoast_head_json":{"title":"Garage Serneels va distribuer les marques Omoda et Jaecoo de Chery Automobile \u00e0 Heist-op-den-Berg - link2fleet","description":"Chery Automobile va travailler en \u00e9troite collaboration avec Garage Serneels \u00e0 Heist-op-den-Berg. L&rsquo;entreprise familiale sera le troisi\u00e8me distributeur local de Chery \u00e0 proposer les marques\u2026","robots":{"index":"index","follow":"follow","max-snippet":"max-snippet:-1","max-image-preview":"max-image-preview:large","max-video-preview":"max-video-preview:-1"},"og_locale":"fr_FR","og_type":"article","og_title":"Garage Serneels va distribuer les marques Omoda et Jaecoo de Chery Automobile \u00e0 Heist-op-den-Berg - link2fleet","og_description":"Chery Automobile va travailler en \u00e9troite collaboration avec Garage Serneels \u00e0 Heist-op-den-Berg. L&rsquo;entreprise familiale sera le troisi\u00e8me distributeur local de Chery \u00e0 proposer les marques\u2026","og_url":"https:\/\/www.link2fleet.com\/chery-automobile-gaat-merken-omoda-en-jaecoo-verdelen-via-garage-serneels-in-heist-op-den-berg\/","og_site_name":"link2fleet","article_published_time":"2024-09-09T07:09:09+00:00","article_modified_time":"2024-09-09T07:12:57+00:00","og_image":[{"width":2048,"height":1153,"url":"https:\/\/static.link2fleet.com\/wp-content\/uploads\/2024\/09\/peugeot-2.jpg","type":"image\/jpeg"}],"author":"Kevin Kersemans","twitter_card":"summary_large_image","twitter_description":"Chery Automobile va travailler en \u00e9troite collaboration avec Garage Serneels \u00e0 Heist-op-den-Berg. L&rsquo;entreprise familiale sera le troisi\u00e8me distributeur local de Chery \u00e0 proposer les marques\u2026","twitter_misc":{"\u00c9crit par":"Kevin Kersemans","Dur\u00e9e de lecture estim\u00e9e":"2 minutes"},"schema":{"@context":"https:\/\/schema.org","@graph":[{"@type":"Article","@id":"https:\/\/www.link2fleet.com\/chery-automobile-gaat-merken-omoda-en-jaecoo-verdelen-via-garage-serneels-in-heist-op-den-berg\/#article","isPartOf":{"@id":"https:\/\/www.link2fleet.com\/chery-automobile-gaat-merken-omoda-en-jaecoo-verdelen-via-garage-serneels-in-heist-op-den-berg\/"},"author":{"name":"Kevin Kersemans","@id":"https:\/\/www.link2fleet.com\/fr\/#\/schema\/person\/877bc89c32c65772066cb11fe1e67bbf"},"headline":"Garage Serneels va distribuer les marques Omoda et Jaecoo de Chery Automobile \u00e0 Heist-op-den-Berg","datePublished":"2024-09-09T07:09:09+00:00","dateModified":"2024-09-09T07:12:57+00:00","mainEntityOfPage":{"@id":"https:\/\/www.link2fleet.com\/chery-automobile-gaat-merken-omoda-en-jaecoo-verdelen-via-garage-serneels-in-heist-op-den-berg\/"},"wordCount":13,"publisher":{"@id":"https:\/\/www.link2fleet.com\/fr\/#organization"},"image":{"@id":"https:\/\/www.link2fleet.com\/chery-automobile-gaat-merken-omoda-en-jaecoo-verdelen-via-garage-serneels-in-heist-op-den-berg\/#primaryimage"},"thumbnailUrl":"https:\/\/static.link2fleet.com\/wp-content\/uploads\/2024\/09\/peugeot-2.jpg","keywords":["chery","jaecoo","omoda"],"articleSection":["Actus","Dealers","Importateurs et constructeurs"],"inLanguage":"fr-FR"},{"@type":"WebPage","@id":"https:\/\/www.link2fleet.com\/chery-automobile-gaat-merken-omoda-en-jaecoo-verdelen-via-garage-serneels-in-heist-op-den-berg\/","url":"https:\/\/www.link2fleet.com\/chery-automobile-gaat-merken-omoda-en-jaecoo-verdelen-via-garage-serneels-in-heist-op-den-berg\/","name":"Garage Serneels va distribuer les marques Omoda et Jaecoo de Chery Automobile \u00e0 Heist-op-den-Berg - link2fleet","isPartOf":{"@id":"https:\/\/www.link2fleet.com\/fr\/#website"},"primaryImageOfPage":{"@id":"https:\/\/www.link2fleet.com\/chery-automobile-gaat-merken-omoda-en-jaecoo-verdelen-via-garage-serneels-in-heist-op-den-berg\/#primaryimage"},"image":{"@id":"https:\/\/www.link2fleet.com\/chery-automobile-gaat-merken-omoda-en-jaecoo-verdelen-via-garage-serneels-in-heist-op-den-berg\/#primaryimage"},"thumbnailUrl":"https:\/\/static.link2fleet.com\/wp-content\/uploads\/2024\/09\/peugeot-2.jpg","datePublished":"2024-09-09T07:09:09+00:00","dateModified":"2024-09-09T07:12:57+00:00","breadcrumb":{"@id":"https:\/\/www.link2fleet.com\/chery-automobile-gaat-merken-omoda-en-jaecoo-verdelen-via-garage-serneels-in-heist-op-den-berg\/#breadcrumb"},"inLanguage":"fr-FR","potentialAction":[{"@type":"ReadAction","target":["https:\/\/www.link2fleet.com\/chery-automobile-gaat-merken-omoda-en-jaecoo-verdelen-via-garage-serneels-in-heist-op-den-berg\/"]}]},{"@type":"ImageObject","inLanguage":"fr-FR","@id":"https:\/\/www.link2fleet.com\/chery-automobile-gaat-merken-omoda-en-jaecoo-verdelen-via-garage-serneels-in-heist-op-den-berg\/#primaryimage","url":"https:\/\/static.link2fleet.com\/wp-content\/uploads\/2024\/09\/peugeot-2.jpg","contentUrl":"https:\/\/static.link2fleet.com\/wp-content\/uploads\/2024\/09\/peugeot-2.jpg","width":2048,"height":1153},{"@type":"BreadcrumbList","@id":"https:\/\/www.link2fleet.com\/chery-automobile-gaat-merken-omoda-en-jaecoo-verdelen-via-garage-serneels-in-heist-op-den-berg\/#breadcrumb","itemListElement":[{"@type":"ListItem","position":1,"name":"Home","item":"https:\/\/www.link2fleet.com\/fr\/"},{"@type":"ListItem","position":2,"name":"Garage Serneels va distribuer les marques Omoda et Jaecoo de Chery Automobile \u00e0 Heist-op-den-Berg"}]},{"@type":"WebSite","@id":"https:\/\/www.link2fleet.com\/fr\/#website","url":"https:\/\/www.link2fleet.com\/fr\/","name":"Link2fleet","description":"","publisher":{"@id":"https:\/\/www.link2fleet.com\/fr\/#organization"},"potentialAction":[{"@type":"SearchAction","target":{"@type":"EntryPoint","urlTemplate":"https:\/\/www.link2fleet.com\/fr\/?s={search_term_string}"},"query-input":{"@type":"PropertyValueSpecification","valueRequired":true,"valueName":"search_term_string"}}],"inLanguage":"fr-FR"},{"@type":"Organization","@id":"https:\/\/www.link2fleet.com\/fr\/#organization","name":"Link2fleet","url":"https:\/\/www.link2fleet.com\/fr\/","logo":{"@type":"ImageObject","inLanguage":"fr-FR","@id":"https:\/\/www.link2fleet.com\/fr\/#\/schema\/logo\/image\/","url":"https:\/\/static.link2fleet.com\/wp-content\/uploads\/2024\/03\/share-image.jpg","contentUrl":"https:\/\/static.link2fleet.com\/wp-content\/uploads\/2024\/03\/share-image.jpg","width":1200,"height":630,"caption":"Link2fleet"},"image":{"@id":"https:\/\/www.link2fleet.com\/fr\/#\/schema\/logo\/image\/"},"sameAs":["https:\/\/www.linkedin.com\/company\/link2fleet-belgium","https:\/\/www.youtube.com\/user\/MMMBMBE"]},{"@type":"Person","@id":"https:\/\/www.link2fleet.com\/fr\/#\/schema\/person\/877bc89c32c65772066cb11fe1e67bbf","name":"Kevin Kersemans","image":{"@type":"ImageObject","inLanguage":"fr-FR","@id":"https:\/\/secure.gravatar.com\/avatar\/b12f7d0f252688f677f4c181b6df65bf86880634bfcef3be42c82efcdb33d654?s=96&d=mm&r=g","url":"https:\/\/secure.gravatar.com\/avatar\/b12f7d0f252688f677f4c181b6df65bf86880634bfcef3be42c82efcdb33d654?s=96&d=mm&r=g","contentUrl":"https:\/\/secure.gravatar.com\/avatar\/b12f7d0f252688f677f4c181b6df65bf86880634bfcef3be42c82efcdb33d654?s=96&d=mm&r=g","caption":"Kevin Kersemans"},"description":"Kevin Kersemans is autojournalist met al enkele decennia ervaring op de teller. Zijn passie voor auto's en alles op wielen heeft hij al van kindsbeen af. Voor link2fleet volgt hij vooral de auto-actualiteit en test hij nieuwe modellen."}]}},"_links":{"self":[{"href":"https:\/\/www.link2fleet.com\/fr\/wp-json\/wp\/v2\/posts\/32532","targetHints":{"allow":["GET"]}}],"collection":[{"href":"https:\/\/www.link2fleet.com\/fr\/wp-json\/wp\/v2\/posts"}],"about":[{"href":"https:\/\/www.link2fleet.com\/fr\/wp-json\/wp\/v2\/types\/post"}],"author":[{"embeddable":true,"href":"https:\/\/www.link2fleet.com\/fr\/wp-json\/wp\/v2\/users\/49"}],"replies":[{"embeddable":true,"href":"https:\/\/www.link2fleet.com\/fr\/wp-json\/wp\/v2\/comments?post=32532"}],"version-history":[{"count":0,"href":"https:\/\/www.link2fleet.com\/fr\/wp-json\/wp\/v2\/posts\/32532\/revisions"}],"wp:featuredmedia":[{"embeddable":true,"href":"https:\/\/www.link2fleet.com\/fr\/wp-json\/wp\/v2\/media\/32522"}],"wp:attachment":[{"href":"https:\/\/www.link2fleet.com\/fr\/wp-json\/wp\/v2\/media?parent=32532"}],"wp:term":[{"taxonomy":"category","embeddable":true,"href":"https:\/\/www.link2fleet.com\/fr\/wp-json\/wp\/v2\/categories?post=32532"},{"taxonomy":"post_tag","embeddable":true,"href":"https:\/\/www.link2fleet.com\/fr\/wp-json\/wp\/v2\/tags?post=32532"}],"curies":[{"name":"wp","href":"https:\/\/api.w.org\/{rel}","templated":true}]}}