{"id":3265,"date":"2021-01-11T10:34:15","date_gmt":"2021-01-11T09:34:15","guid":{"rendered":"https:\/\/www.link2fleet.com\/cardoen-lance-laiways-u5-une-familiale-electrique-pour-40-000-euros\/"},"modified":"2021-01-11T10:34:15","modified_gmt":"2021-01-11T09:34:15","slug":"cardoen-lance-laiways-u5-une-familiale-electrique-pour-40-000-euros","status":"publish","type":"post","link":"https:\/\/www.link2fleet.com\/fr\/cardoen-lance-laiways-u5-une-familiale-electrique-pour-40-000-euros\/","title":{"rendered":"Cardoen lance l\u2019Aiways U5, une familiale \u00e9lectrique pour 40.000 euros"},"content":{"rendered":"<p>Les voitures \u00e9lectriques continuent de gagner en popularit\u00e9\u00a0: les chiffres de Traxio r\u00e9v\u00e8lent que 17,4\u00a0% du total des ventes de voitures en octobre concernaient des v\u00e9hicules \u00e9lectriques ou hybrides. Un chiffre qui a m\u00eame grimp\u00e9 \u00e0 18,4\u00a0% en novembre. Ces voitures vont continuer \u00e0 s\u2019imposer dans les ann\u00e9es \u00e0 venir, en partie en raison des normes environnementales strictes impos\u00e9es au niveau politique. Le gouvernement Vivaldi souhaite que toutes les voitures de soci\u00e9t\u00e9 belges soient exemptes de gaz \u00e0 effet de serre d\u00e8s 2026 et l\u2019Europe a r\u00e9cemment annonc\u00e9 que toutes les voitures seraient interdites d\u2019\u00e9missions d\u2019ici \u00e0 2050. La demande de mod\u00e8les \u00e9lectriques d\u2019entr\u00e9e de gamme ne fera donc qu\u2019augmenter. Pour l\u2019instant, les voitures \u00e9cologiques sont encore nettement plus ch\u00e8res que les mod\u00e8les \u00e0 essence ou au diesel. Le lancement de l\u2019Aiways\u00a0U5, chez Cardoen, va changer la donne.<\/p>\n<p><strong>8 ans de garantie sur la batterie<\/strong><\/p>\n<p><a href=\"https:\/\/www.link2fleet.com\/wp-content\/uploads\/2021\/01\/Aiways_U5_1.jpg\"><img loading=\"lazy\" decoding=\"async\" class=\"alignright size-medium wp-image-1263488\" src=\"https:\/\/www.link2fleet.com\/wp-content\/uploads\/2021\/01\/Aiways_U5_1-300x225.jpg\" alt=\"\" width=\"300\" height=\"225\" \/><\/a>Cardoen est convaincu par le potentiel de la conduite \u00e9lectrique et commercialisera les nouveaux mod\u00e8les Aiways d\u00e8s 2021. Cardoen propose d\u00e9j\u00e0 un U5 pratiquement neuf et bien \u00e9quip\u00e9, avec moins de 5\u2009000\u00a0km au compteur, pour 32\u2009000\u00a0\u20ac. Vous pouvez \u00e9galement commander le v\u00e9hicule neuf chez Cardoen \u00e0 partir de 39\u2009627\u00a0\u20ac. Un prix habituel pour une voiture familiale tournant au carburant fossile, mais tr\u00e8s attractif pour une voiture \u00e9lectrique.<\/p>\n<p>Le v\u00e9hicule est disponible en deux versions\u00a0: Standard et Premium. Chaque mod\u00e8le a une capacit\u00e9 de batterie de 63 KWH, ce qui permet de parcourir jusqu\u2019\u00e0 410\u00a0km avec une seule charge. Vous b\u00e9n\u00e9ficiez, en outre, de 8 ans de garantie sur la batterie de l\u2019U5. Cardoen garantit que la batterie de la voiture aura encore jusqu\u2019\u00e0 75\u00a0% de sa capacit\u00e9 initiale \u00e0 ce moment-l\u00e0. Vous pouvez d\u00e9couvrir l\u2019Aiways\u00a0U5 dans les 16 agences Cardoen et y commander votre voiture, dans le strict respect des mesures sanitaires. Il est aussi possible de passer commande en ligne sur le site de l\u2019entreprise.<\/p>\n<p><strong>Aiways\u00a0U5\u00a0: Standard ou Premium<\/strong><\/p>\n<p><a href=\"https:\/\/www.link2fleet.com\/wp-content\/uploads\/2021\/01\/Aiways_U5_7-scaled.jpg\"><img loading=\"lazy\" decoding=\"async\" class=\"alignright size-medium wp-image-1263476\" src=\"https:\/\/www.link2fleet.com\/wp-content\/uploads\/2021\/01\/Aiways_U5_7-300x200.jpg\" alt=\"\" width=\"300\" height=\"200\" \/><\/a>La version standard de l\u2019Aiways\u00a0U5 est disponible \u00e0 partir de 39\u2009627\u00a0\u20ac. Le mod\u00e8le se d\u00e9cline en blanc ou en aubergine et est \u00e9quip\u00e9 de nombreuses fonctions con\u00e7ues pour optimiser le confort et la s\u00e9curit\u00e9 \u00e0 bord. La voiture est dot\u00e9e d\u2019\u00e9l\u00e9ments optiques LED, de r\u00e9troviseurs ext\u00e9rieurs chauffants, d\u2019une climatisation bizone automatique, d\u2019un syst\u00e8me d\u2019infodivertissement avec \u00e9cran TFT central de 12,3 pouces avec commande tactile et d\u2019une connectivit\u00e9 compl\u00e8te. Le mod\u00e8le standard se distingue par une finition de luxe avec int\u00e9rieur en tissu gris, des jantes en m\u00e9tal l\u00e9ger de 17 pouces et des coutures contrastantes dans les panneaux de porti\u00e8re. Pour une s\u00e9curit\u00e9 maximale, la voiture int\u00e8gre douze capteurs \u00e0 ultrasons, cinq cam\u00e9ras HD, trois radars \u00e0 ondes millim\u00e9triques et deux cam\u00e9ras int\u00e9rieures.<\/p>\n<p>La version Premium de l\u2019Aiways\u00a0U5 est propos\u00e9e \u00e0 partir de 42\u2009756\u00a0\u20ac et disponible, outre les coloris de s\u00e9rie, en version Electric Blue. Pour le rev\u00eatement int\u00e9rieur, vous avez le choix entre le cuir noir ou cr\u00e8me. La voiture est \u00e9quip\u00e9e de jantes de 19 pouces en aluminium poli avec deux options de couleur et d\u2019un toit panoramique avec protection solaire. Outre les fonctions de s\u00e9rie, le mod\u00e8le Premium est dot\u00e9 de fonctionnalit\u00e9s pratiques comme l\u2019assistant au stationnement, les si\u00e8ges chauffants, une station de recharge pour les smartphones et un capteur de pied pour l\u2019ouverture du coffre.<\/p>\n<p><a href=\"https:\/\/www.link2fleet.com\/wp-content\/uploads\/2021\/01\/Aiways_U5_2-scaled.jpg\"><img loading=\"lazy\" decoding=\"async\" class=\"aligncenter size-large wp-image-1263486\" src=\"https:\/\/www.link2fleet.com\/wp-content\/uploads\/2021\/01\/Aiways_U5_2-1024x683.jpg\" alt=\"\" width=\"640\" height=\"427\" \/><\/a><\/p>\n<p><strong>Une voiture familiale abordable<\/strong><\/p>\n<p>Cardoen lance l\u2019Aiways\u00a0U5, une voiture \u00e9lectrique abordable, dans le cadre de son ambition de r\u00e9pondre \u00e0 la demande des consommateurs. Ivo Willems, co-CEO Cardoen\u00a0: \u00ab\u2009Nos clients nous demandent presque chaque semaine si nous avons une voiture \u00e9lectrique, mais accessible. Il nous suffit de leur r\u00e9pondre qu\u2019elle co\u00fbtera au moins 10\u2009000\u00a0\u20ac de plus qu\u2019un mod\u00e8le comparable \u00e0 essence pour voir leur int\u00e9r\u00eat faiblir. Le prix d\u2019achat d\u2019une voiture \u00e9lectrique reste une pierre d\u2019achoppement. Avec le lancement de l\u2019Aiways\u00a0U5, nous proposons \u00e0 nos clients une voiture \u00e9lectrique familiale abordable au m\u00eame prix qu\u2019un SUV classique bien \u00e9quip\u00e9. C\u2019est aussi la raison pour laquelle nous avons attendu pour proposer un mod\u00e8le \u00e9lectrique. Il n\u2019y avait rien sur le march\u00e9 qui soit \u00e0 la fois adapt\u00e9 aux familles et abordable.\u2009\u00bb<\/p>\n\n","protected":false},"excerpt":{"rendered":"<p>Les voitures \u00e9lectriques continuent de gagner en popularit\u00e9\u00a0: les chiffres de Traxio r\u00e9v\u00e8lent que 17,4\u00a0% du total des ventes de voitures en octobre concernaient des v\u00e9hicules \u00e9lectriques ou hybrides. Un chiffre qui a m\u00eame grimp\u00e9 \u00e0 18,4\u00a0% en novembre. Ces voitures vont continuer \u00e0 s\u2019imposer dans les ann\u00e9es \u00e0 venir, en partie en raison des [&hellip;]<\/p>\n","protected":false},"author":4,"featured_media":3266,"comment_status":"closed","ping_status":"closed","sticky":false,"template":"","format":"standard","meta":{"_acf_changed":false,"footnotes":""},"categories":[78,77,76],"tags":[],"class_list":["post-3265","post","type-post","status-publish","format-standard","has-post-thumbnail","hentry","category-fleet-dealers","category-importateurs-et-constructeurs-automobiles-vp","category-car"],"acf":[],"yoast_head":"<!-- This site is optimized with the Yoast SEO plugin v27.3 - https:\/\/yoast.com\/product\/yoast-seo-wordpress\/ -->\n<title>Cardoen lance l\u2019Aiways U5, une familiale \u00e9lectrique pour 40.000 euros - link2fleet<\/title>\n<meta name=\"description\" content=\"De plus en plus de conducteurs se mettent au vert. Les chiffres de Traxio montrent que pas moins de 18,4 % du total des ventes\u2026\" \/>\n<meta name=\"robots\" content=\"index, follow, max-snippet:-1, max-image-preview:large, max-video-preview:-1\" \/>\n<meta property=\"og:locale\" content=\"fr_FR\" \/>\n<meta property=\"og:type\" content=\"article\" \/>\n<meta property=\"og:title\" content=\"Cardoen lance l\u2019Aiways U5, une familiale \u00e9lectrique pour 40.000 euros - link2fleet\" \/>\n<meta property=\"og:description\" content=\"De plus en plus de conducteurs se mettent au vert. Les chiffres de Traxio montrent que pas moins de 18,4 % du total des ventes\u2026\" \/>\n<meta property=\"og:url\" content=\"https:\/\/www.link2fleet.com\/fr\/cardoen-lance-laiways-u5-une-familiale-electrique-pour-40-000-euros\/\" \/>\n<meta property=\"og:site_name\" content=\"link2fleet\" \/>\n<meta property=\"article:published_time\" content=\"2021-01-11T09:34:15+00:00\" \/>\n<meta property=\"og:image\" content=\"https:\/\/static.link2fleet.com\/wp-content\/uploads\/2024\/03\/aiways-u5-5-scaled-1.jpg\" \/>\n\t<meta property=\"og:image:width\" content=\"2560\" \/>\n\t<meta property=\"og:image:height\" content=\"1707\" \/>\n\t<meta property=\"og:image:type\" content=\"image\/jpeg\" \/>\n<meta name=\"author\" content=\"Damien Malvetti\" \/>\n<meta name=\"twitter:card\" content=\"summary_large_image\" \/>\n<meta name=\"twitter:description\" content=\"De plus en plus de conducteurs se mettent au vert. Les chiffres de Traxio montrent que pas moins de 18,4 % du total des ventes\u2026\" \/>\n<meta name=\"twitter:label1\" content=\"\u00c9crit par\" \/>\n\t<meta name=\"twitter:data1\" content=\"Damien Malvetti\" \/>\n\t<meta name=\"twitter:label2\" content=\"Dur\u00e9e de lecture estim\u00e9e\" \/>\n\t<meta name=\"twitter:data2\" content=\"4 minutes\" \/>\n<script type=\"application\/ld+json\" class=\"yoast-schema-graph\">{\"@context\":\"https:\\\/\\\/schema.org\",\"@graph\":[{\"@type\":\"Article\",\"@id\":\"https:\\\/\\\/www.link2fleet.com\\\/fr\\\/cardoen-lance-laiways-u5-une-familiale-electrique-pour-40-000-euros\\\/#article\",\"isPartOf\":{\"@id\":\"https:\\\/\\\/www.link2fleet.com\\\/fr\\\/cardoen-lance-laiways-u5-une-familiale-electrique-pour-40-000-euros\\\/\"},\"author\":{\"name\":\"Damien Malvetti\",\"@id\":\"https:\\\/\\\/www.link2fleet.com\\\/fr\\\/#\\\/schema\\\/person\\\/027cd46113c78036b3809c9a054049da\"},\"headline\":\"Cardoen lance l\u2019Aiways U5, une familiale \u00e9lectrique pour 40.000 euros\",\"datePublished\":\"2021-01-11T09:34:15+00:00\",\"mainEntityOfPage\":{\"@id\":\"https:\\\/\\\/www.link2fleet.com\\\/fr\\\/cardoen-lance-laiways-u5-une-familiale-electrique-pour-40-000-euros\\\/\"},\"wordCount\":849,\"publisher\":{\"@id\":\"https:\\\/\\\/www.link2fleet.com\\\/fr\\\/#organization\"},\"image\":{\"@id\":\"https:\\\/\\\/www.link2fleet.com\\\/fr\\\/cardoen-lance-laiways-u5-une-familiale-electrique-pour-40-000-euros\\\/#primaryimage\"},\"thumbnailUrl\":\"https:\\\/\\\/static.link2fleet.com\\\/wp-content\\\/uploads\\\/2024\\\/03\\\/aiways-u5-5-scaled-1.jpg\",\"articleSection\":[\"Dealers\",\"Importateurs et constructeurs\",\"V\u00e9hicules\"],\"inLanguage\":\"fr-FR\"},{\"@type\":\"WebPage\",\"@id\":\"https:\\\/\\\/www.link2fleet.com\\\/fr\\\/cardoen-lance-laiways-u5-une-familiale-electrique-pour-40-000-euros\\\/\",\"url\":\"https:\\\/\\\/www.link2fleet.com\\\/fr\\\/cardoen-lance-laiways-u5-une-familiale-electrique-pour-40-000-euros\\\/\",\"name\":\"Cardoen lance l\u2019Aiways U5, une familiale \u00e9lectrique pour 40.000 euros - link2fleet\",\"isPartOf\":{\"@id\":\"https:\\\/\\\/www.link2fleet.com\\\/fr\\\/#website\"},\"primaryImageOfPage\":{\"@id\":\"https:\\\/\\\/www.link2fleet.com\\\/fr\\\/cardoen-lance-laiways-u5-une-familiale-electrique-pour-40-000-euros\\\/#primaryimage\"},\"image\":{\"@id\":\"https:\\\/\\\/www.link2fleet.com\\\/fr\\\/cardoen-lance-laiways-u5-une-familiale-electrique-pour-40-000-euros\\\/#primaryimage\"},\"thumbnailUrl\":\"https:\\\/\\\/static.link2fleet.com\\\/wp-content\\\/uploads\\\/2024\\\/03\\\/aiways-u5-5-scaled-1.jpg\",\"datePublished\":\"2021-01-11T09:34:15+00:00\",\"breadcrumb\":{\"@id\":\"https:\\\/\\\/www.link2fleet.com\\\/fr\\\/cardoen-lance-laiways-u5-une-familiale-electrique-pour-40-000-euros\\\/#breadcrumb\"},\"inLanguage\":\"fr-FR\",\"potentialAction\":[{\"@type\":\"ReadAction\",\"target\":[\"https:\\\/\\\/www.link2fleet.com\\\/fr\\\/cardoen-lance-laiways-u5-une-familiale-electrique-pour-40-000-euros\\\/\"]}]},{\"@type\":\"ImageObject\",\"inLanguage\":\"fr-FR\",\"@id\":\"https:\\\/\\\/www.link2fleet.com\\\/fr\\\/cardoen-lance-laiways-u5-une-familiale-electrique-pour-40-000-euros\\\/#primaryimage\",\"url\":\"https:\\\/\\\/static.link2fleet.com\\\/wp-content\\\/uploads\\\/2024\\\/03\\\/aiways-u5-5-scaled-1.jpg\",\"contentUrl\":\"https:\\\/\\\/static.link2fleet.com\\\/wp-content\\\/uploads\\\/2024\\\/03\\\/aiways-u5-5-scaled-1.jpg\",\"width\":2560,\"height\":1707,\"caption\":\"|||||||\"},{\"@type\":\"BreadcrumbList\",\"@id\":\"https:\\\/\\\/www.link2fleet.com\\\/fr\\\/cardoen-lance-laiways-u5-une-familiale-electrique-pour-40-000-euros\\\/#breadcrumb\",\"itemListElement\":[{\"@type\":\"ListItem\",\"position\":1,\"name\":\"Home\",\"item\":\"https:\\\/\\\/www.link2fleet.com\\\/fr\\\/\"},{\"@type\":\"ListItem\",\"position\":2,\"name\":\"Cardoen lance l\u2019Aiways U5, une familiale \u00e9lectrique pour 40.000 euros\"}]},{\"@type\":\"WebSite\",\"@id\":\"https:\\\/\\\/www.link2fleet.com\\\/fr\\\/#website\",\"url\":\"https:\\\/\\\/www.link2fleet.com\\\/fr\\\/\",\"name\":\"Link2fleet\",\"description\":\"\",\"publisher\":{\"@id\":\"https:\\\/\\\/www.link2fleet.com\\\/fr\\\/#organization\"},\"potentialAction\":[{\"@type\":\"SearchAction\",\"target\":{\"@type\":\"EntryPoint\",\"urlTemplate\":\"https:\\\/\\\/www.link2fleet.com\\\/fr\\\/?s={search_term_string}\"},\"query-input\":{\"@type\":\"PropertyValueSpecification\",\"valueRequired\":true,\"valueName\":\"search_term_string\"}}],\"inLanguage\":\"fr-FR\"},{\"@type\":\"Organization\",\"@id\":\"https:\\\/\\\/www.link2fleet.com\\\/fr\\\/#organization\",\"name\":\"Link2fleet\",\"url\":\"https:\\\/\\\/www.link2fleet.com\\\/fr\\\/\",\"logo\":{\"@type\":\"ImageObject\",\"inLanguage\":\"fr-FR\",\"@id\":\"https:\\\/\\\/www.link2fleet.com\\\/fr\\\/#\\\/schema\\\/logo\\\/image\\\/\",\"url\":\"https:\\\/\\\/static.link2fleet.com\\\/wp-content\\\/uploads\\\/2024\\\/03\\\/share-image.jpg\",\"contentUrl\":\"https:\\\/\\\/static.link2fleet.com\\\/wp-content\\\/uploads\\\/2024\\\/03\\\/share-image.jpg\",\"width\":1200,\"height\":630,\"caption\":\"Link2fleet\"},\"image\":{\"@id\":\"https:\\\/\\\/www.link2fleet.com\\\/fr\\\/#\\\/schema\\\/logo\\\/image\\\/\"},\"sameAs\":[\"https:\\\/\\\/www.linkedin.com\\\/company\\\/link2fleet-belgium\",\"https:\\\/\\\/www.youtube.com\\\/user\\\/MMMBMBE\"]},{\"@type\":\"Person\",\"@id\":\"https:\\\/\\\/www.link2fleet.com\\\/fr\\\/#\\\/schema\\\/person\\\/027cd46113c78036b3809c9a054049da\",\"name\":\"Damien Malvetti\",\"image\":{\"@type\":\"ImageObject\",\"inLanguage\":\"fr-FR\",\"@id\":\"https:\\\/\\\/secure.gravatar.com\\\/avatar\\\/dd8cc03b49466c735f753ac37f8caa371af16dfed347456ed61f02883255eebb?s=96&d=mm&r=g\",\"url\":\"https:\\\/\\\/secure.gravatar.com\\\/avatar\\\/dd8cc03b49466c735f753ac37f8caa371af16dfed347456ed61f02883255eebb?s=96&d=mm&r=g\",\"contentUrl\":\"https:\\\/\\\/secure.gravatar.com\\\/avatar\\\/dd8cc03b49466c735f753ac37f8caa371af16dfed347456ed61f02883255eebb?s=96&d=mm&r=g\",\"caption\":\"Damien Malvetti\"},\"description\":\"Damien Malvetti is opgeleid als journalist en gepassioneerd door wagens, technologie en mobiliteit. Hij is verantwoordelijk voor de redactionele inhoud van link2fleet en beschikt over een uitgebreide kennis van de fleet-sector en elektrische mobiliteit.\",\"sameAs\":[\"https:\\\/\\\/www.linkedin.com\\\/in\\\/damien-malvetti-56601142\\\/\"]}]}<\/script>\n<!-- \/ Yoast SEO plugin. -->","yoast_head_json":{"title":"Cardoen lance l\u2019Aiways U5, une familiale \u00e9lectrique pour 40.000 euros - link2fleet","description":"De plus en plus de conducteurs se mettent au vert. Les chiffres de Traxio montrent que pas moins de 18,4 % du total des ventes\u2026","robots":{"index":"index","follow":"follow","max-snippet":"max-snippet:-1","max-image-preview":"max-image-preview:large","max-video-preview":"max-video-preview:-1"},"og_locale":"fr_FR","og_type":"article","og_title":"Cardoen lance l\u2019Aiways U5, une familiale \u00e9lectrique pour 40.000 euros - link2fleet","og_description":"De plus en plus de conducteurs se mettent au vert. Les chiffres de Traxio montrent que pas moins de 18,4 % du total des ventes\u2026","og_url":"https:\/\/www.link2fleet.com\/fr\/cardoen-lance-laiways-u5-une-familiale-electrique-pour-40-000-euros\/","og_site_name":"link2fleet","article_published_time":"2021-01-11T09:34:15+00:00","og_image":[{"width":2560,"height":1707,"url":"https:\/\/static.link2fleet.com\/wp-content\/uploads\/2024\/03\/aiways-u5-5-scaled-1.jpg","type":"image\/jpeg"}],"author":"Damien Malvetti","twitter_card":"summary_large_image","twitter_description":"De plus en plus de conducteurs se mettent au vert. Les chiffres de Traxio montrent que pas moins de 18,4 % du total des ventes\u2026","twitter_misc":{"\u00c9crit par":"Damien Malvetti","Dur\u00e9e de lecture estim\u00e9e":"4 minutes"},"schema":{"@context":"https:\/\/schema.org","@graph":[{"@type":"Article","@id":"https:\/\/www.link2fleet.com\/fr\/cardoen-lance-laiways-u5-une-familiale-electrique-pour-40-000-euros\/#article","isPartOf":{"@id":"https:\/\/www.link2fleet.com\/fr\/cardoen-lance-laiways-u5-une-familiale-electrique-pour-40-000-euros\/"},"author":{"name":"Damien Malvetti","@id":"https:\/\/www.link2fleet.com\/fr\/#\/schema\/person\/027cd46113c78036b3809c9a054049da"},"headline":"Cardoen lance l\u2019Aiways U5, une familiale \u00e9lectrique pour 40.000 euros","datePublished":"2021-01-11T09:34:15+00:00","mainEntityOfPage":{"@id":"https:\/\/www.link2fleet.com\/fr\/cardoen-lance-laiways-u5-une-familiale-electrique-pour-40-000-euros\/"},"wordCount":849,"publisher":{"@id":"https:\/\/www.link2fleet.com\/fr\/#organization"},"image":{"@id":"https:\/\/www.link2fleet.com\/fr\/cardoen-lance-laiways-u5-une-familiale-electrique-pour-40-000-euros\/#primaryimage"},"thumbnailUrl":"https:\/\/static.link2fleet.com\/wp-content\/uploads\/2024\/03\/aiways-u5-5-scaled-1.jpg","articleSection":["Dealers","Importateurs et constructeurs","V\u00e9hicules"],"inLanguage":"fr-FR"},{"@type":"WebPage","@id":"https:\/\/www.link2fleet.com\/fr\/cardoen-lance-laiways-u5-une-familiale-electrique-pour-40-000-euros\/","url":"https:\/\/www.link2fleet.com\/fr\/cardoen-lance-laiways-u5-une-familiale-electrique-pour-40-000-euros\/","name":"Cardoen lance l\u2019Aiways U5, une familiale \u00e9lectrique pour 40.000 euros - link2fleet","isPartOf":{"@id":"https:\/\/www.link2fleet.com\/fr\/#website"},"primaryImageOfPage":{"@id":"https:\/\/www.link2fleet.com\/fr\/cardoen-lance-laiways-u5-une-familiale-electrique-pour-40-000-euros\/#primaryimage"},"image":{"@id":"https:\/\/www.link2fleet.com\/fr\/cardoen-lance-laiways-u5-une-familiale-electrique-pour-40-000-euros\/#primaryimage"},"thumbnailUrl":"https:\/\/static.link2fleet.com\/wp-content\/uploads\/2024\/03\/aiways-u5-5-scaled-1.jpg","datePublished":"2021-01-11T09:34:15+00:00","breadcrumb":{"@id":"https:\/\/www.link2fleet.com\/fr\/cardoen-lance-laiways-u5-une-familiale-electrique-pour-40-000-euros\/#breadcrumb"},"inLanguage":"fr-FR","potentialAction":[{"@type":"ReadAction","target":["https:\/\/www.link2fleet.com\/fr\/cardoen-lance-laiways-u5-une-familiale-electrique-pour-40-000-euros\/"]}]},{"@type":"ImageObject","inLanguage":"fr-FR","@id":"https:\/\/www.link2fleet.com\/fr\/cardoen-lance-laiways-u5-une-familiale-electrique-pour-40-000-euros\/#primaryimage","url":"https:\/\/static.link2fleet.com\/wp-content\/uploads\/2024\/03\/aiways-u5-5-scaled-1.jpg","contentUrl":"https:\/\/static.link2fleet.com\/wp-content\/uploads\/2024\/03\/aiways-u5-5-scaled-1.jpg","width":2560,"height":1707,"caption":"|||||||"},{"@type":"BreadcrumbList","@id":"https:\/\/www.link2fleet.com\/fr\/cardoen-lance-laiways-u5-une-familiale-electrique-pour-40-000-euros\/#breadcrumb","itemListElement":[{"@type":"ListItem","position":1,"name":"Home","item":"https:\/\/www.link2fleet.com\/fr\/"},{"@type":"ListItem","position":2,"name":"Cardoen lance l\u2019Aiways U5, une familiale \u00e9lectrique pour 40.000 euros"}]},{"@type":"WebSite","@id":"https:\/\/www.link2fleet.com\/fr\/#website","url":"https:\/\/www.link2fleet.com\/fr\/","name":"Link2fleet","description":"","publisher":{"@id":"https:\/\/www.link2fleet.com\/fr\/#organization"},"potentialAction":[{"@type":"SearchAction","target":{"@type":"EntryPoint","urlTemplate":"https:\/\/www.link2fleet.com\/fr\/?s={search_term_string}"},"query-input":{"@type":"PropertyValueSpecification","valueRequired":true,"valueName":"search_term_string"}}],"inLanguage":"fr-FR"},{"@type":"Organization","@id":"https:\/\/www.link2fleet.com\/fr\/#organization","name":"Link2fleet","url":"https:\/\/www.link2fleet.com\/fr\/","logo":{"@type":"ImageObject","inLanguage":"fr-FR","@id":"https:\/\/www.link2fleet.com\/fr\/#\/schema\/logo\/image\/","url":"https:\/\/static.link2fleet.com\/wp-content\/uploads\/2024\/03\/share-image.jpg","contentUrl":"https:\/\/static.link2fleet.com\/wp-content\/uploads\/2024\/03\/share-image.jpg","width":1200,"height":630,"caption":"Link2fleet"},"image":{"@id":"https:\/\/www.link2fleet.com\/fr\/#\/schema\/logo\/image\/"},"sameAs":["https:\/\/www.linkedin.com\/company\/link2fleet-belgium","https:\/\/www.youtube.com\/user\/MMMBMBE"]},{"@type":"Person","@id":"https:\/\/www.link2fleet.com\/fr\/#\/schema\/person\/027cd46113c78036b3809c9a054049da","name":"Damien Malvetti","image":{"@type":"ImageObject","inLanguage":"fr-FR","@id":"https:\/\/secure.gravatar.com\/avatar\/dd8cc03b49466c735f753ac37f8caa371af16dfed347456ed61f02883255eebb?s=96&d=mm&r=g","url":"https:\/\/secure.gravatar.com\/avatar\/dd8cc03b49466c735f753ac37f8caa371af16dfed347456ed61f02883255eebb?s=96&d=mm&r=g","contentUrl":"https:\/\/secure.gravatar.com\/avatar\/dd8cc03b49466c735f753ac37f8caa371af16dfed347456ed61f02883255eebb?s=96&d=mm&r=g","caption":"Damien Malvetti"},"description":"Damien Malvetti is opgeleid als journalist en gepassioneerd door wagens, technologie en mobiliteit. Hij is verantwoordelijk voor de redactionele inhoud van link2fleet en beschikt over een uitgebreide kennis van de fleet-sector en elektrische mobiliteit.","sameAs":["https:\/\/www.linkedin.com\/in\/damien-malvetti-56601142\/"]}]}},"_links":{"self":[{"href":"https:\/\/www.link2fleet.com\/fr\/wp-json\/wp\/v2\/posts\/3265","targetHints":{"allow":["GET"]}}],"collection":[{"href":"https:\/\/www.link2fleet.com\/fr\/wp-json\/wp\/v2\/posts"}],"about":[{"href":"https:\/\/www.link2fleet.com\/fr\/wp-json\/wp\/v2\/types\/post"}],"author":[{"embeddable":true,"href":"https:\/\/www.link2fleet.com\/fr\/wp-json\/wp\/v2\/users\/4"}],"replies":[{"embeddable":true,"href":"https:\/\/www.link2fleet.com\/fr\/wp-json\/wp\/v2\/comments?post=3265"}],"version-history":[{"count":0,"href":"https:\/\/www.link2fleet.com\/fr\/wp-json\/wp\/v2\/posts\/3265\/revisions"}],"wp:featuredmedia":[{"embeddable":true,"href":"https:\/\/www.link2fleet.com\/fr\/wp-json\/wp\/v2\/media\/3266"}],"wp:attachment":[{"href":"https:\/\/www.link2fleet.com\/fr\/wp-json\/wp\/v2\/media?parent=3265"}],"wp:term":[{"taxonomy":"category","embeddable":true,"href":"https:\/\/www.link2fleet.com\/fr\/wp-json\/wp\/v2\/categories?post=3265"},{"taxonomy":"post_tag","embeddable":true,"href":"https:\/\/www.link2fleet.com\/fr\/wp-json\/wp\/v2\/tags?post=3265"}],"curies":[{"name":"wp","href":"https:\/\/api.w.org\/{rel}","templated":true}]}}