{"id":33080,"date":"2024-09-25T13:06:29","date_gmt":"2024-09-25T11:06:29","guid":{"rendered":"https:\/\/www.link2fleet.com\/?p=33080"},"modified":"2024-09-25T13:06:29","modified_gmt":"2024-09-25T11:06:29","slug":"etude-voici-a-quoi-ressemble-le-conducteur-moyen-dun-ve-en-belgique","status":"publish","type":"post","link":"https:\/\/www.link2fleet.com\/fr\/etude-voici-a-quoi-ressemble-le-conducteur-moyen-dun-ve-en-belgique\/","title":{"rendered":"Etude: voici \u00e0 quoi ressemble le conducteur moyen d&rsquo;un VE en Belgique"},"content":{"rendered":"","protected":false},"excerpt":{"rendered":"","protected":false},"author":4,"featured_media":33091,"comment_status":"closed","ping_status":"closed","sticky":false,"template":"","format":"standard","meta":{"_acf_changed":false,"footnotes":""},"categories":[135],"tags":[],"class_list":["post-33080","post","type-post","status-publish","format-standard","has-post-thumbnail","hentry","category-news-fr"],"acf":[],"yoast_head":"<!-- This site is optimized with the Yoast SEO plugin v27.3 - https:\/\/yoast.com\/product\/yoast-seo-wordpress\/ -->\n<title>Etude: voici \u00e0 quoi ressemble le conducteur moyen d&#039;un VE en Belgique - link2fleet<\/title>\n<meta name=\"description\" content=\"D\u2019apr\u00e8s l\u2019\u00e9dition 2023 de l\u2019\u00e9tude du EAFO (European Alternative Fuels Observatory) men\u00e9e en collaboration avec Touring par la VUB aupr\u00e8s de 1.536 conducteurs, dont 96\u2026\" \/>\n<meta name=\"robots\" content=\"index, follow, max-snippet:-1, max-image-preview:large, max-video-preview:-1\" \/>\n<meta property=\"og:locale\" content=\"fr_FR\" \/>\n<meta property=\"og:type\" content=\"article\" \/>\n<meta property=\"og:title\" content=\"Etude: voici \u00e0 quoi ressemble le conducteur moyen d&#039;un VE en Belgique - link2fleet\" \/>\n<meta property=\"og:description\" content=\"D\u2019apr\u00e8s l\u2019\u00e9dition 2023 de l\u2019\u00e9tude du EAFO (European Alternative Fuels Observatory) men\u00e9e en collaboration avec Touring par la VUB aupr\u00e8s de 1.536 conducteurs, dont 96\u2026\" \/>\n<meta property=\"og:url\" content=\"https:\/\/www.link2fleet.com\/etude-voici-a-quoi-ressemble-le-conducteur-moyen-dun-ve-en-belgique\/\" \/>\n<meta property=\"og:site_name\" content=\"link2fleet\" \/>\n<meta property=\"article:published_time\" content=\"2024-09-25T11:06:29+00:00\" \/>\n<meta property=\"og:image\" content=\"https:\/\/static.link2fleet.com\/wp-content\/uploads\/2024\/09\/analyse-de-profils.jpg\" \/>\n\t<meta property=\"og:image:width\" content=\"700\" \/>\n\t<meta property=\"og:image:height\" content=\"716\" \/>\n\t<meta property=\"og:image:type\" content=\"image\/jpeg\" \/>\n<meta name=\"author\" content=\"Damien Malvetti\" \/>\n<meta name=\"twitter:card\" content=\"summary_large_image\" \/>\n<meta name=\"twitter:description\" content=\"D\u2019apr\u00e8s l\u2019\u00e9dition 2023 de l\u2019\u00e9tude du EAFO (European Alternative Fuels Observatory) men\u00e9e en collaboration avec Touring par la VUB aupr\u00e8s de 1.536 conducteurs, dont 96\u2026\" \/>\n<meta name=\"twitter:label1\" content=\"\u00c9crit par\" \/>\n\t<meta name=\"twitter:data1\" content=\"Damien Malvetti\" \/>\n\t<meta name=\"twitter:label2\" content=\"Dur\u00e9e de lecture estim\u00e9e\" \/>\n\t<meta name=\"twitter:data2\" content=\"6 minutes\" \/>\n<script type=\"application\/ld+json\" class=\"yoast-schema-graph\">{\"@context\":\"https:\\\/\\\/schema.org\",\"@graph\":[{\"@type\":\"Article\",\"@id\":\"https:\\\/\\\/www.link2fleet.com\\\/etude-voici-a-quoi-ressemble-le-conducteur-moyen-dun-ve-en-belgique\\\/#article\",\"isPartOf\":{\"@id\":\"https:\\\/\\\/www.link2fleet.com\\\/etude-voici-a-quoi-ressemble-le-conducteur-moyen-dun-ve-en-belgique\\\/\"},\"author\":{\"name\":\"Damien Malvetti\",\"@id\":\"https:\\\/\\\/www.link2fleet.com\\\/fr\\\/#\\\/schema\\\/person\\\/027cd46113c78036b3809c9a054049da\"},\"headline\":\"Etude: voici \u00e0 quoi ressemble le conducteur moyen d&rsquo;un VE en Belgique\",\"datePublished\":\"2024-09-25T11:06:29+00:00\",\"mainEntityOfPage\":{\"@id\":\"https:\\\/\\\/www.link2fleet.com\\\/etude-voici-a-quoi-ressemble-le-conducteur-moyen-dun-ve-en-belgique\\\/\"},\"wordCount\":12,\"publisher\":{\"@id\":\"https:\\\/\\\/www.link2fleet.com\\\/fr\\\/#organization\"},\"image\":{\"@id\":\"https:\\\/\\\/www.link2fleet.com\\\/etude-voici-a-quoi-ressemble-le-conducteur-moyen-dun-ve-en-belgique\\\/#primaryimage\"},\"thumbnailUrl\":\"https:\\\/\\\/static.link2fleet.com\\\/wp-content\\\/uploads\\\/2024\\\/09\\\/analyse-de-profils.jpg\",\"articleSection\":[\"Actus\"],\"inLanguage\":\"fr-FR\"},{\"@type\":\"WebPage\",\"@id\":\"https:\\\/\\\/www.link2fleet.com\\\/etude-voici-a-quoi-ressemble-le-conducteur-moyen-dun-ve-en-belgique\\\/\",\"url\":\"https:\\\/\\\/www.link2fleet.com\\\/etude-voici-a-quoi-ressemble-le-conducteur-moyen-dun-ve-en-belgique\\\/\",\"name\":\"Etude: voici \u00e0 quoi ressemble le conducteur moyen d'un VE en Belgique - link2fleet\",\"isPartOf\":{\"@id\":\"https:\\\/\\\/www.link2fleet.com\\\/fr\\\/#website\"},\"primaryImageOfPage\":{\"@id\":\"https:\\\/\\\/www.link2fleet.com\\\/etude-voici-a-quoi-ressemble-le-conducteur-moyen-dun-ve-en-belgique\\\/#primaryimage\"},\"image\":{\"@id\":\"https:\\\/\\\/www.link2fleet.com\\\/etude-voici-a-quoi-ressemble-le-conducteur-moyen-dun-ve-en-belgique\\\/#primaryimage\"},\"thumbnailUrl\":\"https:\\\/\\\/static.link2fleet.com\\\/wp-content\\\/uploads\\\/2024\\\/09\\\/analyse-de-profils.jpg\",\"datePublished\":\"2024-09-25T11:06:29+00:00\",\"breadcrumb\":{\"@id\":\"https:\\\/\\\/www.link2fleet.com\\\/etude-voici-a-quoi-ressemble-le-conducteur-moyen-dun-ve-en-belgique\\\/#breadcrumb\"},\"inLanguage\":\"fr-FR\",\"potentialAction\":[{\"@type\":\"ReadAction\",\"target\":[\"https:\\\/\\\/www.link2fleet.com\\\/etude-voici-a-quoi-ressemble-le-conducteur-moyen-dun-ve-en-belgique\\\/\"]}]},{\"@type\":\"ImageObject\",\"inLanguage\":\"fr-FR\",\"@id\":\"https:\\\/\\\/www.link2fleet.com\\\/etude-voici-a-quoi-ressemble-le-conducteur-moyen-dun-ve-en-belgique\\\/#primaryimage\",\"url\":\"https:\\\/\\\/static.link2fleet.com\\\/wp-content\\\/uploads\\\/2024\\\/09\\\/analyse-de-profils.jpg\",\"contentUrl\":\"https:\\\/\\\/static.link2fleet.com\\\/wp-content\\\/uploads\\\/2024\\\/09\\\/analyse-de-profils.jpg\",\"width\":700,\"height\":716},{\"@type\":\"BreadcrumbList\",\"@id\":\"https:\\\/\\\/www.link2fleet.com\\\/etude-voici-a-quoi-ressemble-le-conducteur-moyen-dun-ve-en-belgique\\\/#breadcrumb\",\"itemListElement\":[{\"@type\":\"ListItem\",\"position\":1,\"name\":\"Home\",\"item\":\"https:\\\/\\\/www.link2fleet.com\\\/fr\\\/\"},{\"@type\":\"ListItem\",\"position\":2,\"name\":\"Etude: voici \u00e0 quoi ressemble le conducteur moyen d&#8217;un VE en Belgique\"}]},{\"@type\":\"WebSite\",\"@id\":\"https:\\\/\\\/www.link2fleet.com\\\/fr\\\/#website\",\"url\":\"https:\\\/\\\/www.link2fleet.com\\\/fr\\\/\",\"name\":\"Link2fleet\",\"description\":\"\",\"publisher\":{\"@id\":\"https:\\\/\\\/www.link2fleet.com\\\/fr\\\/#organization\"},\"potentialAction\":[{\"@type\":\"SearchAction\",\"target\":{\"@type\":\"EntryPoint\",\"urlTemplate\":\"https:\\\/\\\/www.link2fleet.com\\\/fr\\\/?s={search_term_string}\"},\"query-input\":{\"@type\":\"PropertyValueSpecification\",\"valueRequired\":true,\"valueName\":\"search_term_string\"}}],\"inLanguage\":\"fr-FR\"},{\"@type\":\"Organization\",\"@id\":\"https:\\\/\\\/www.link2fleet.com\\\/fr\\\/#organization\",\"name\":\"Link2fleet\",\"url\":\"https:\\\/\\\/www.link2fleet.com\\\/fr\\\/\",\"logo\":{\"@type\":\"ImageObject\",\"inLanguage\":\"fr-FR\",\"@id\":\"https:\\\/\\\/www.link2fleet.com\\\/fr\\\/#\\\/schema\\\/logo\\\/image\\\/\",\"url\":\"https:\\\/\\\/static.link2fleet.com\\\/wp-content\\\/uploads\\\/2024\\\/03\\\/share-image.jpg\",\"contentUrl\":\"https:\\\/\\\/static.link2fleet.com\\\/wp-content\\\/uploads\\\/2024\\\/03\\\/share-image.jpg\",\"width\":1200,\"height\":630,\"caption\":\"Link2fleet\"},\"image\":{\"@id\":\"https:\\\/\\\/www.link2fleet.com\\\/fr\\\/#\\\/schema\\\/logo\\\/image\\\/\"},\"sameAs\":[\"https:\\\/\\\/www.linkedin.com\\\/company\\\/link2fleet-belgium\",\"https:\\\/\\\/www.youtube.com\\\/user\\\/MMMBMBE\"]},{\"@type\":\"Person\",\"@id\":\"https:\\\/\\\/www.link2fleet.com\\\/fr\\\/#\\\/schema\\\/person\\\/027cd46113c78036b3809c9a054049da\",\"name\":\"Damien Malvetti\",\"image\":{\"@type\":\"ImageObject\",\"inLanguage\":\"fr-FR\",\"@id\":\"https:\\\/\\\/secure.gravatar.com\\\/avatar\\\/dd8cc03b49466c735f753ac37f8caa371af16dfed347456ed61f02883255eebb?s=96&d=mm&r=g\",\"url\":\"https:\\\/\\\/secure.gravatar.com\\\/avatar\\\/dd8cc03b49466c735f753ac37f8caa371af16dfed347456ed61f02883255eebb?s=96&d=mm&r=g\",\"contentUrl\":\"https:\\\/\\\/secure.gravatar.com\\\/avatar\\\/dd8cc03b49466c735f753ac37f8caa371af16dfed347456ed61f02883255eebb?s=96&d=mm&r=g\",\"caption\":\"Damien Malvetti\"},\"description\":\"Damien Malvetti is opgeleid als journalist en gepassioneerd door wagens, technologie en mobiliteit. Hij is verantwoordelijk voor de redactionele inhoud van link2fleet en beschikt over een uitgebreide kennis van de fleet-sector en elektrische mobiliteit.\",\"sameAs\":[\"https:\\\/\\\/www.linkedin.com\\\/in\\\/damien-malvetti-56601142\\\/\"]}]}<\/script>\n<!-- \/ Yoast SEO plugin. -->","yoast_head_json":{"title":"Etude: voici \u00e0 quoi ressemble le conducteur moyen d'un VE en Belgique - link2fleet","description":"D\u2019apr\u00e8s l\u2019\u00e9dition 2023 de l\u2019\u00e9tude du EAFO (European Alternative Fuels Observatory) men\u00e9e en collaboration avec Touring par la VUB aupr\u00e8s de 1.536 conducteurs, dont 96\u2026","robots":{"index":"index","follow":"follow","max-snippet":"max-snippet:-1","max-image-preview":"max-image-preview:large","max-video-preview":"max-video-preview:-1"},"og_locale":"fr_FR","og_type":"article","og_title":"Etude: voici \u00e0 quoi ressemble le conducteur moyen d'un VE en Belgique - link2fleet","og_description":"D\u2019apr\u00e8s l\u2019\u00e9dition 2023 de l\u2019\u00e9tude du EAFO (European Alternative Fuels Observatory) men\u00e9e en collaboration avec Touring par la VUB aupr\u00e8s de 1.536 conducteurs, dont 96\u2026","og_url":"https:\/\/www.link2fleet.com\/etude-voici-a-quoi-ressemble-le-conducteur-moyen-dun-ve-en-belgique\/","og_site_name":"link2fleet","article_published_time":"2024-09-25T11:06:29+00:00","og_image":[{"width":700,"height":716,"url":"https:\/\/static.link2fleet.com\/wp-content\/uploads\/2024\/09\/analyse-de-profils.jpg","type":"image\/jpeg"}],"author":"Damien Malvetti","twitter_card":"summary_large_image","twitter_description":"D\u2019apr\u00e8s l\u2019\u00e9dition 2023 de l\u2019\u00e9tude du EAFO (European Alternative Fuels Observatory) men\u00e9e en collaboration avec Touring par la VUB aupr\u00e8s de 1.536 conducteurs, dont 96\u2026","twitter_misc":{"\u00c9crit par":"Damien Malvetti","Dur\u00e9e de lecture estim\u00e9e":"6 minutes"},"schema":{"@context":"https:\/\/schema.org","@graph":[{"@type":"Article","@id":"https:\/\/www.link2fleet.com\/etude-voici-a-quoi-ressemble-le-conducteur-moyen-dun-ve-en-belgique\/#article","isPartOf":{"@id":"https:\/\/www.link2fleet.com\/etude-voici-a-quoi-ressemble-le-conducteur-moyen-dun-ve-en-belgique\/"},"author":{"name":"Damien Malvetti","@id":"https:\/\/www.link2fleet.com\/fr\/#\/schema\/person\/027cd46113c78036b3809c9a054049da"},"headline":"Etude: voici \u00e0 quoi ressemble le conducteur moyen d&rsquo;un VE en Belgique","datePublished":"2024-09-25T11:06:29+00:00","mainEntityOfPage":{"@id":"https:\/\/www.link2fleet.com\/etude-voici-a-quoi-ressemble-le-conducteur-moyen-dun-ve-en-belgique\/"},"wordCount":12,"publisher":{"@id":"https:\/\/www.link2fleet.com\/fr\/#organization"},"image":{"@id":"https:\/\/www.link2fleet.com\/etude-voici-a-quoi-ressemble-le-conducteur-moyen-dun-ve-en-belgique\/#primaryimage"},"thumbnailUrl":"https:\/\/static.link2fleet.com\/wp-content\/uploads\/2024\/09\/analyse-de-profils.jpg","articleSection":["Actus"],"inLanguage":"fr-FR"},{"@type":"WebPage","@id":"https:\/\/www.link2fleet.com\/etude-voici-a-quoi-ressemble-le-conducteur-moyen-dun-ve-en-belgique\/","url":"https:\/\/www.link2fleet.com\/etude-voici-a-quoi-ressemble-le-conducteur-moyen-dun-ve-en-belgique\/","name":"Etude: voici \u00e0 quoi ressemble le conducteur moyen d'un VE en Belgique - link2fleet","isPartOf":{"@id":"https:\/\/www.link2fleet.com\/fr\/#website"},"primaryImageOfPage":{"@id":"https:\/\/www.link2fleet.com\/etude-voici-a-quoi-ressemble-le-conducteur-moyen-dun-ve-en-belgique\/#primaryimage"},"image":{"@id":"https:\/\/www.link2fleet.com\/etude-voici-a-quoi-ressemble-le-conducteur-moyen-dun-ve-en-belgique\/#primaryimage"},"thumbnailUrl":"https:\/\/static.link2fleet.com\/wp-content\/uploads\/2024\/09\/analyse-de-profils.jpg","datePublished":"2024-09-25T11:06:29+00:00","breadcrumb":{"@id":"https:\/\/www.link2fleet.com\/etude-voici-a-quoi-ressemble-le-conducteur-moyen-dun-ve-en-belgique\/#breadcrumb"},"inLanguage":"fr-FR","potentialAction":[{"@type":"ReadAction","target":["https:\/\/www.link2fleet.com\/etude-voici-a-quoi-ressemble-le-conducteur-moyen-dun-ve-en-belgique\/"]}]},{"@type":"ImageObject","inLanguage":"fr-FR","@id":"https:\/\/www.link2fleet.com\/etude-voici-a-quoi-ressemble-le-conducteur-moyen-dun-ve-en-belgique\/#primaryimage","url":"https:\/\/static.link2fleet.com\/wp-content\/uploads\/2024\/09\/analyse-de-profils.jpg","contentUrl":"https:\/\/static.link2fleet.com\/wp-content\/uploads\/2024\/09\/analyse-de-profils.jpg","width":700,"height":716},{"@type":"BreadcrumbList","@id":"https:\/\/www.link2fleet.com\/etude-voici-a-quoi-ressemble-le-conducteur-moyen-dun-ve-en-belgique\/#breadcrumb","itemListElement":[{"@type":"ListItem","position":1,"name":"Home","item":"https:\/\/www.link2fleet.com\/fr\/"},{"@type":"ListItem","position":2,"name":"Etude: voici \u00e0 quoi ressemble le conducteur moyen d&#8217;un VE en Belgique"}]},{"@type":"WebSite","@id":"https:\/\/www.link2fleet.com\/fr\/#website","url":"https:\/\/www.link2fleet.com\/fr\/","name":"Link2fleet","description":"","publisher":{"@id":"https:\/\/www.link2fleet.com\/fr\/#organization"},"potentialAction":[{"@type":"SearchAction","target":{"@type":"EntryPoint","urlTemplate":"https:\/\/www.link2fleet.com\/fr\/?s={search_term_string}"},"query-input":{"@type":"PropertyValueSpecification","valueRequired":true,"valueName":"search_term_string"}}],"inLanguage":"fr-FR"},{"@type":"Organization","@id":"https:\/\/www.link2fleet.com\/fr\/#organization","name":"Link2fleet","url":"https:\/\/www.link2fleet.com\/fr\/","logo":{"@type":"ImageObject","inLanguage":"fr-FR","@id":"https:\/\/www.link2fleet.com\/fr\/#\/schema\/logo\/image\/","url":"https:\/\/static.link2fleet.com\/wp-content\/uploads\/2024\/03\/share-image.jpg","contentUrl":"https:\/\/static.link2fleet.com\/wp-content\/uploads\/2024\/03\/share-image.jpg","width":1200,"height":630,"caption":"Link2fleet"},"image":{"@id":"https:\/\/www.link2fleet.com\/fr\/#\/schema\/logo\/image\/"},"sameAs":["https:\/\/www.linkedin.com\/company\/link2fleet-belgium","https:\/\/www.youtube.com\/user\/MMMBMBE"]},{"@type":"Person","@id":"https:\/\/www.link2fleet.com\/fr\/#\/schema\/person\/027cd46113c78036b3809c9a054049da","name":"Damien Malvetti","image":{"@type":"ImageObject","inLanguage":"fr-FR","@id":"https:\/\/secure.gravatar.com\/avatar\/dd8cc03b49466c735f753ac37f8caa371af16dfed347456ed61f02883255eebb?s=96&d=mm&r=g","url":"https:\/\/secure.gravatar.com\/avatar\/dd8cc03b49466c735f753ac37f8caa371af16dfed347456ed61f02883255eebb?s=96&d=mm&r=g","contentUrl":"https:\/\/secure.gravatar.com\/avatar\/dd8cc03b49466c735f753ac37f8caa371af16dfed347456ed61f02883255eebb?s=96&d=mm&r=g","caption":"Damien Malvetti"},"description":"Damien Malvetti is opgeleid als journalist en gepassioneerd door wagens, technologie en mobiliteit. Hij is verantwoordelijk voor de redactionele inhoud van link2fleet en beschikt over een uitgebreide kennis van de fleet-sector en elektrische mobiliteit.","sameAs":["https:\/\/www.linkedin.com\/in\/damien-malvetti-56601142\/"]}]}},"_links":{"self":[{"href":"https:\/\/www.link2fleet.com\/fr\/wp-json\/wp\/v2\/posts\/33080","targetHints":{"allow":["GET"]}}],"collection":[{"href":"https:\/\/www.link2fleet.com\/fr\/wp-json\/wp\/v2\/posts"}],"about":[{"href":"https:\/\/www.link2fleet.com\/fr\/wp-json\/wp\/v2\/types\/post"}],"author":[{"embeddable":true,"href":"https:\/\/www.link2fleet.com\/fr\/wp-json\/wp\/v2\/users\/4"}],"replies":[{"embeddable":true,"href":"https:\/\/www.link2fleet.com\/fr\/wp-json\/wp\/v2\/comments?post=33080"}],"version-history":[{"count":1,"href":"https:\/\/www.link2fleet.com\/fr\/wp-json\/wp\/v2\/posts\/33080\/revisions"}],"predecessor-version":[{"id":33093,"href":"https:\/\/www.link2fleet.com\/fr\/wp-json\/wp\/v2\/posts\/33080\/revisions\/33093"}],"wp:featuredmedia":[{"embeddable":true,"href":"https:\/\/www.link2fleet.com\/fr\/wp-json\/wp\/v2\/media\/33091"}],"wp:attachment":[{"href":"https:\/\/www.link2fleet.com\/fr\/wp-json\/wp\/v2\/media?parent=33080"}],"wp:term":[{"taxonomy":"category","embeddable":true,"href":"https:\/\/www.link2fleet.com\/fr\/wp-json\/wp\/v2\/categories?post=33080"},{"taxonomy":"post_tag","embeddable":true,"href":"https:\/\/www.link2fleet.com\/fr\/wp-json\/wp\/v2\/tags?post=33080"}],"curies":[{"name":"wp","href":"https:\/\/api.w.org\/{rel}","templated":true}]}}