{"id":33393,"date":"2024-10-04T13:54:58","date_gmt":"2024-10-04T11:54:58","guid":{"rendered":"https:\/\/www.link2fleet.com\/?p=33393"},"modified":"2025-11-18T10:22:46","modified_gmt":"2025-11-18T09:22:46","slug":"essai-gamme-lcv-toyota-une-gamme-desormais-100-electrique","status":"publish","type":"post","link":"https:\/\/www.link2fleet.com\/fr\/essai-gamme-lcv-toyota-une-gamme-desormais-100-electrique\/","title":{"rendered":"Essai gamme LCV Toyota: Une gamme d\u00e9sormais 100% \u00e9lectrique"},"content":{"rendered":"","protected":false},"excerpt":{"rendered":"","protected":false},"author":4,"featured_media":33426,"comment_status":"closed","ping_status":"closed","sticky":false,"template":"","format":"standard","meta":{"_acf_changed":false,"footnotes":""},"categories":[77,1501,76],"tags":[],"class_list":["post-33393","post","type-post","status-publish","format-standard","has-post-thumbnail","hentry","category-importateurs-et-constructeurs-automobiles-vp","category-lcv","category-car"],"acf":[],"yoast_head":"<!-- This site is optimized with the Yoast SEO plugin v27.3 - https:\/\/yoast.com\/product\/yoast-seo-wordpress\/ -->\n<title>Essai gamme LCV Toyota: Une gamme d\u00e9sormais 100% \u00e9lectrique - link2fleet<\/title>\n<meta name=\"description\" content=\"Gr\u00e2ce \u00e0 sa collaboration avec Stellantis, Toyota a pu d\u00e9velopper sa gamme de v\u00e9hicules utilitaires et dispose d\u00e9sormais d\u2019un mod\u00e8le dans chaque segment de march\u00e9.\u2026\" \/>\n<meta name=\"robots\" content=\"index, follow, max-snippet:-1, max-image-preview:large, max-video-preview:-1\" \/>\n<meta property=\"og:locale\" content=\"fr_FR\" \/>\n<meta property=\"og:type\" content=\"article\" \/>\n<meta property=\"og:title\" content=\"Essai gamme LCV Toyota: Une gamme d\u00e9sormais 100% \u00e9lectrique - link2fleet\" \/>\n<meta property=\"og:description\" content=\"Gr\u00e2ce \u00e0 sa collaboration avec Stellantis, Toyota a pu d\u00e9velopper sa gamme de v\u00e9hicules utilitaires et dispose d\u00e9sormais d\u2019un mod\u00e8le dans chaque segment de march\u00e9.\u2026\" \/>\n<meta property=\"og:url\" content=\"https:\/\/www.link2fleet.com\/test-lcv-gamma-toyota-een-volledig-gamma-ook-100-elektrisch\/\" \/>\n<meta property=\"og:site_name\" content=\"link2fleet\" \/>\n<meta property=\"article:published_time\" content=\"2024-10-04T11:54:58+00:00\" \/>\n<meta property=\"article:modified_time\" content=\"2025-11-18T09:22:46+00:00\" \/>\n<meta property=\"og:image\" content=\"https:\/\/static.link2fleet.com\/wp-content\/uploads\/2024\/10\/gamme-lcv-toyota-copie.jpg\" \/>\n\t<meta property=\"og:image:width\" content=\"866\" \/>\n\t<meta property=\"og:image:height\" content=\"536\" \/>\n\t<meta property=\"og:image:type\" content=\"image\/jpeg\" \/>\n<meta name=\"author\" content=\"Damien Malvetti\" \/>\n<meta name=\"twitter:card\" content=\"summary_large_image\" \/>\n<meta name=\"twitter:description\" content=\"Gr\u00e2ce \u00e0 sa collaboration avec Stellantis, Toyota a pu d\u00e9velopper sa gamme de v\u00e9hicules utilitaires et dispose d\u00e9sormais d\u2019un mod\u00e8le dans chaque segment de march\u00e9.\u2026\" \/>\n<meta name=\"twitter:label1\" content=\"\u00c9crit par\" \/>\n\t<meta name=\"twitter:data1\" content=\"Damien Malvetti\" \/>\n\t<meta name=\"twitter:label2\" content=\"Dur\u00e9e de lecture estim\u00e9e\" \/>\n\t<meta name=\"twitter:data2\" content=\"8 minutes\" \/>\n<script type=\"application\/ld+json\" class=\"yoast-schema-graph\">{\"@context\":\"https:\\\/\\\/schema.org\",\"@graph\":[{\"@type\":\"Article\",\"@id\":\"https:\\\/\\\/www.link2fleet.com\\\/test-lcv-gamma-toyota-een-volledig-gamma-ook-100-elektrisch\\\/#article\",\"isPartOf\":{\"@id\":\"https:\\\/\\\/www.link2fleet.com\\\/test-lcv-gamma-toyota-een-volledig-gamma-ook-100-elektrisch\\\/\"},\"author\":{\"name\":\"Damien Malvetti\",\"@id\":\"https:\\\/\\\/www.link2fleet.com\\\/fr\\\/#\\\/schema\\\/person\\\/027cd46113c78036b3809c9a054049da\"},\"headline\":\"Essai gamme LCV Toyota: Une gamme d\u00e9sormais 100% \u00e9lectrique\",\"datePublished\":\"2024-10-04T11:54:58+00:00\",\"dateModified\":\"2025-11-18T09:22:46+00:00\",\"mainEntityOfPage\":{\"@id\":\"https:\\\/\\\/www.link2fleet.com\\\/test-lcv-gamma-toyota-een-volledig-gamma-ook-100-elektrisch\\\/\"},\"wordCount\":9,\"publisher\":{\"@id\":\"https:\\\/\\\/www.link2fleet.com\\\/fr\\\/#organization\"},\"image\":{\"@id\":\"https:\\\/\\\/www.link2fleet.com\\\/test-lcv-gamma-toyota-een-volledig-gamma-ook-100-elektrisch\\\/#primaryimage\"},\"thumbnailUrl\":\"https:\\\/\\\/static.link2fleet.com\\\/wp-content\\\/uploads\\\/2024\\\/10\\\/gamme-lcv-toyota-copie.jpg\",\"articleSection\":[\"Importateurs et constructeurs\",\"LCV\",\"V\u00e9hicules\"],\"inLanguage\":\"fr-FR\"},{\"@type\":\"WebPage\",\"@id\":\"https:\\\/\\\/www.link2fleet.com\\\/test-lcv-gamma-toyota-een-volledig-gamma-ook-100-elektrisch\\\/\",\"url\":\"https:\\\/\\\/www.link2fleet.com\\\/test-lcv-gamma-toyota-een-volledig-gamma-ook-100-elektrisch\\\/\",\"name\":\"Essai gamme LCV Toyota: Une gamme d\u00e9sormais 100% \u00e9lectrique - link2fleet\",\"isPartOf\":{\"@id\":\"https:\\\/\\\/www.link2fleet.com\\\/fr\\\/#website\"},\"primaryImageOfPage\":{\"@id\":\"https:\\\/\\\/www.link2fleet.com\\\/test-lcv-gamma-toyota-een-volledig-gamma-ook-100-elektrisch\\\/#primaryimage\"},\"image\":{\"@id\":\"https:\\\/\\\/www.link2fleet.com\\\/test-lcv-gamma-toyota-een-volledig-gamma-ook-100-elektrisch\\\/#primaryimage\"},\"thumbnailUrl\":\"https:\\\/\\\/static.link2fleet.com\\\/wp-content\\\/uploads\\\/2024\\\/10\\\/gamme-lcv-toyota-copie.jpg\",\"datePublished\":\"2024-10-04T11:54:58+00:00\",\"dateModified\":\"2025-11-18T09:22:46+00:00\",\"description\":\"Gr\u00e2ce \u00e0 sa collaboration avec Stellantis, Toyota a pu d\u00e9velopper sa gamme de v\u00e9hicules utilitaires et dispose d\u00e9sormais d\u2019un mod\u00e8le dans chaque segment de march\u00e9. Tous sont aussi disponibles en variante 100% \u00e9lectrique, que nous avons pu tester.\",\"breadcrumb\":{\"@id\":\"https:\\\/\\\/www.link2fleet.com\\\/test-lcv-gamma-toyota-een-volledig-gamma-ook-100-elektrisch\\\/#breadcrumb\"},\"inLanguage\":\"fr-FR\",\"potentialAction\":[{\"@type\":\"ReadAction\",\"target\":[\"https:\\\/\\\/www.link2fleet.com\\\/test-lcv-gamma-toyota-een-volledig-gamma-ook-100-elektrisch\\\/\"]}]},{\"@type\":\"ImageObject\",\"inLanguage\":\"fr-FR\",\"@id\":\"https:\\\/\\\/www.link2fleet.com\\\/test-lcv-gamma-toyota-een-volledig-gamma-ook-100-elektrisch\\\/#primaryimage\",\"url\":\"https:\\\/\\\/static.link2fleet.com\\\/wp-content\\\/uploads\\\/2024\\\/10\\\/gamme-lcv-toyota-copie.jpg\",\"contentUrl\":\"https:\\\/\\\/static.link2fleet.com\\\/wp-content\\\/uploads\\\/2024\\\/10\\\/gamme-lcv-toyota-copie.jpg\",\"width\":866,\"height\":536},{\"@type\":\"BreadcrumbList\",\"@id\":\"https:\\\/\\\/www.link2fleet.com\\\/test-lcv-gamma-toyota-een-volledig-gamma-ook-100-elektrisch\\\/#breadcrumb\",\"itemListElement\":[{\"@type\":\"ListItem\",\"position\":1,\"name\":\"Home\",\"item\":\"https:\\\/\\\/www.link2fleet.com\\\/fr\\\/\"},{\"@type\":\"ListItem\",\"position\":2,\"name\":\"Essai gamme LCV Toyota: Une gamme d\u00e9sormais 100% \u00e9lectrique\"}]},{\"@type\":\"WebSite\",\"@id\":\"https:\\\/\\\/www.link2fleet.com\\\/fr\\\/#website\",\"url\":\"https:\\\/\\\/www.link2fleet.com\\\/fr\\\/\",\"name\":\"Link2fleet\",\"description\":\"\",\"publisher\":{\"@id\":\"https:\\\/\\\/www.link2fleet.com\\\/fr\\\/#organization\"},\"potentialAction\":[{\"@type\":\"SearchAction\",\"target\":{\"@type\":\"EntryPoint\",\"urlTemplate\":\"https:\\\/\\\/www.link2fleet.com\\\/fr\\\/?s={search_term_string}\"},\"query-input\":{\"@type\":\"PropertyValueSpecification\",\"valueRequired\":true,\"valueName\":\"search_term_string\"}}],\"inLanguage\":\"fr-FR\"},{\"@type\":\"Organization\",\"@id\":\"https:\\\/\\\/www.link2fleet.com\\\/fr\\\/#organization\",\"name\":\"Link2fleet\",\"url\":\"https:\\\/\\\/www.link2fleet.com\\\/fr\\\/\",\"logo\":{\"@type\":\"ImageObject\",\"inLanguage\":\"fr-FR\",\"@id\":\"https:\\\/\\\/www.link2fleet.com\\\/fr\\\/#\\\/schema\\\/logo\\\/image\\\/\",\"url\":\"https:\\\/\\\/static.link2fleet.com\\\/wp-content\\\/uploads\\\/2024\\\/03\\\/share-image.jpg\",\"contentUrl\":\"https:\\\/\\\/static.link2fleet.com\\\/wp-content\\\/uploads\\\/2024\\\/03\\\/share-image.jpg\",\"width\":1200,\"height\":630,\"caption\":\"Link2fleet\"},\"image\":{\"@id\":\"https:\\\/\\\/www.link2fleet.com\\\/fr\\\/#\\\/schema\\\/logo\\\/image\\\/\"},\"sameAs\":[\"https:\\\/\\\/www.linkedin.com\\\/company\\\/link2fleet-belgium\",\"https:\\\/\\\/www.youtube.com\\\/user\\\/MMMBMBE\"]},{\"@type\":\"Person\",\"@id\":\"https:\\\/\\\/www.link2fleet.com\\\/fr\\\/#\\\/schema\\\/person\\\/027cd46113c78036b3809c9a054049da\",\"name\":\"Damien Malvetti\",\"image\":{\"@type\":\"ImageObject\",\"inLanguage\":\"fr-FR\",\"@id\":\"https:\\\/\\\/secure.gravatar.com\\\/avatar\\\/dd8cc03b49466c735f753ac37f8caa371af16dfed347456ed61f02883255eebb?s=96&d=mm&r=g\",\"url\":\"https:\\\/\\\/secure.gravatar.com\\\/avatar\\\/dd8cc03b49466c735f753ac37f8caa371af16dfed347456ed61f02883255eebb?s=96&d=mm&r=g\",\"contentUrl\":\"https:\\\/\\\/secure.gravatar.com\\\/avatar\\\/dd8cc03b49466c735f753ac37f8caa371af16dfed347456ed61f02883255eebb?s=96&d=mm&r=g\",\"caption\":\"Damien Malvetti\"},\"description\":\"Damien Malvetti is opgeleid als journalist en gepassioneerd door wagens, technologie en mobiliteit. Hij is verantwoordelijk voor de redactionele inhoud van link2fleet en beschikt over een uitgebreide kennis van de fleet-sector en elektrische mobiliteit.\",\"sameAs\":[\"https:\\\/\\\/www.linkedin.com\\\/in\\\/damien-malvetti-56601142\\\/\"]}]}<\/script>\n<!-- \/ Yoast SEO plugin. -->","yoast_head_json":{"title":"Essai gamme LCV Toyota: Une gamme d\u00e9sormais 100% \u00e9lectrique - link2fleet","description":"Gr\u00e2ce \u00e0 sa collaboration avec Stellantis, Toyota a pu d\u00e9velopper sa gamme de v\u00e9hicules utilitaires et dispose d\u00e9sormais d\u2019un mod\u00e8le dans chaque segment de march\u00e9.\u2026","robots":{"index":"index","follow":"follow","max-snippet":"max-snippet:-1","max-image-preview":"max-image-preview:large","max-video-preview":"max-video-preview:-1"},"og_locale":"fr_FR","og_type":"article","og_title":"Essai gamme LCV Toyota: Une gamme d\u00e9sormais 100% \u00e9lectrique - link2fleet","og_description":"Gr\u00e2ce \u00e0 sa collaboration avec Stellantis, Toyota a pu d\u00e9velopper sa gamme de v\u00e9hicules utilitaires et dispose d\u00e9sormais d\u2019un mod\u00e8le dans chaque segment de march\u00e9.\u2026","og_url":"https:\/\/www.link2fleet.com\/test-lcv-gamma-toyota-een-volledig-gamma-ook-100-elektrisch\/","og_site_name":"link2fleet","article_published_time":"2024-10-04T11:54:58+00:00","article_modified_time":"2025-11-18T09:22:46+00:00","og_image":[{"width":866,"height":536,"url":"https:\/\/static.link2fleet.com\/wp-content\/uploads\/2024\/10\/gamme-lcv-toyota-copie.jpg","type":"image\/jpeg"}],"author":"Damien Malvetti","twitter_card":"summary_large_image","twitter_description":"Gr\u00e2ce \u00e0 sa collaboration avec Stellantis, Toyota a pu d\u00e9velopper sa gamme de v\u00e9hicules utilitaires et dispose d\u00e9sormais d\u2019un mod\u00e8le dans chaque segment de march\u00e9.\u2026","twitter_misc":{"\u00c9crit par":"Damien Malvetti","Dur\u00e9e de lecture estim\u00e9e":"8 minutes"},"schema":{"@context":"https:\/\/schema.org","@graph":[{"@type":"Article","@id":"https:\/\/www.link2fleet.com\/test-lcv-gamma-toyota-een-volledig-gamma-ook-100-elektrisch\/#article","isPartOf":{"@id":"https:\/\/www.link2fleet.com\/test-lcv-gamma-toyota-een-volledig-gamma-ook-100-elektrisch\/"},"author":{"name":"Damien Malvetti","@id":"https:\/\/www.link2fleet.com\/fr\/#\/schema\/person\/027cd46113c78036b3809c9a054049da"},"headline":"Essai gamme LCV Toyota: Une gamme d\u00e9sormais 100% \u00e9lectrique","datePublished":"2024-10-04T11:54:58+00:00","dateModified":"2025-11-18T09:22:46+00:00","mainEntityOfPage":{"@id":"https:\/\/www.link2fleet.com\/test-lcv-gamma-toyota-een-volledig-gamma-ook-100-elektrisch\/"},"wordCount":9,"publisher":{"@id":"https:\/\/www.link2fleet.com\/fr\/#organization"},"image":{"@id":"https:\/\/www.link2fleet.com\/test-lcv-gamma-toyota-een-volledig-gamma-ook-100-elektrisch\/#primaryimage"},"thumbnailUrl":"https:\/\/static.link2fleet.com\/wp-content\/uploads\/2024\/10\/gamme-lcv-toyota-copie.jpg","articleSection":["Importateurs et constructeurs","LCV","V\u00e9hicules"],"inLanguage":"fr-FR"},{"@type":"WebPage","@id":"https:\/\/www.link2fleet.com\/test-lcv-gamma-toyota-een-volledig-gamma-ook-100-elektrisch\/","url":"https:\/\/www.link2fleet.com\/test-lcv-gamma-toyota-een-volledig-gamma-ook-100-elektrisch\/","name":"Essai gamme LCV Toyota: Une gamme d\u00e9sormais 100% \u00e9lectrique - link2fleet","isPartOf":{"@id":"https:\/\/www.link2fleet.com\/fr\/#website"},"primaryImageOfPage":{"@id":"https:\/\/www.link2fleet.com\/test-lcv-gamma-toyota-een-volledig-gamma-ook-100-elektrisch\/#primaryimage"},"image":{"@id":"https:\/\/www.link2fleet.com\/test-lcv-gamma-toyota-een-volledig-gamma-ook-100-elektrisch\/#primaryimage"},"thumbnailUrl":"https:\/\/static.link2fleet.com\/wp-content\/uploads\/2024\/10\/gamme-lcv-toyota-copie.jpg","datePublished":"2024-10-04T11:54:58+00:00","dateModified":"2025-11-18T09:22:46+00:00","description":"Gr\u00e2ce \u00e0 sa collaboration avec Stellantis, Toyota a pu d\u00e9velopper sa gamme de v\u00e9hicules utilitaires et dispose d\u00e9sormais d\u2019un mod\u00e8le dans chaque segment de march\u00e9. Tous sont aussi disponibles en variante 100% \u00e9lectrique, que nous avons pu tester.","breadcrumb":{"@id":"https:\/\/www.link2fleet.com\/test-lcv-gamma-toyota-een-volledig-gamma-ook-100-elektrisch\/#breadcrumb"},"inLanguage":"fr-FR","potentialAction":[{"@type":"ReadAction","target":["https:\/\/www.link2fleet.com\/test-lcv-gamma-toyota-een-volledig-gamma-ook-100-elektrisch\/"]}]},{"@type":"ImageObject","inLanguage":"fr-FR","@id":"https:\/\/www.link2fleet.com\/test-lcv-gamma-toyota-een-volledig-gamma-ook-100-elektrisch\/#primaryimage","url":"https:\/\/static.link2fleet.com\/wp-content\/uploads\/2024\/10\/gamme-lcv-toyota-copie.jpg","contentUrl":"https:\/\/static.link2fleet.com\/wp-content\/uploads\/2024\/10\/gamme-lcv-toyota-copie.jpg","width":866,"height":536},{"@type":"BreadcrumbList","@id":"https:\/\/www.link2fleet.com\/test-lcv-gamma-toyota-een-volledig-gamma-ook-100-elektrisch\/#breadcrumb","itemListElement":[{"@type":"ListItem","position":1,"name":"Home","item":"https:\/\/www.link2fleet.com\/fr\/"},{"@type":"ListItem","position":2,"name":"Essai gamme LCV Toyota: Une gamme d\u00e9sormais 100% \u00e9lectrique"}]},{"@type":"WebSite","@id":"https:\/\/www.link2fleet.com\/fr\/#website","url":"https:\/\/www.link2fleet.com\/fr\/","name":"Link2fleet","description":"","publisher":{"@id":"https:\/\/www.link2fleet.com\/fr\/#organization"},"potentialAction":[{"@type":"SearchAction","target":{"@type":"EntryPoint","urlTemplate":"https:\/\/www.link2fleet.com\/fr\/?s={search_term_string}"},"query-input":{"@type":"PropertyValueSpecification","valueRequired":true,"valueName":"search_term_string"}}],"inLanguage":"fr-FR"},{"@type":"Organization","@id":"https:\/\/www.link2fleet.com\/fr\/#organization","name":"Link2fleet","url":"https:\/\/www.link2fleet.com\/fr\/","logo":{"@type":"ImageObject","inLanguage":"fr-FR","@id":"https:\/\/www.link2fleet.com\/fr\/#\/schema\/logo\/image\/","url":"https:\/\/static.link2fleet.com\/wp-content\/uploads\/2024\/03\/share-image.jpg","contentUrl":"https:\/\/static.link2fleet.com\/wp-content\/uploads\/2024\/03\/share-image.jpg","width":1200,"height":630,"caption":"Link2fleet"},"image":{"@id":"https:\/\/www.link2fleet.com\/fr\/#\/schema\/logo\/image\/"},"sameAs":["https:\/\/www.linkedin.com\/company\/link2fleet-belgium","https:\/\/www.youtube.com\/user\/MMMBMBE"]},{"@type":"Person","@id":"https:\/\/www.link2fleet.com\/fr\/#\/schema\/person\/027cd46113c78036b3809c9a054049da","name":"Damien Malvetti","image":{"@type":"ImageObject","inLanguage":"fr-FR","@id":"https:\/\/secure.gravatar.com\/avatar\/dd8cc03b49466c735f753ac37f8caa371af16dfed347456ed61f02883255eebb?s=96&d=mm&r=g","url":"https:\/\/secure.gravatar.com\/avatar\/dd8cc03b49466c735f753ac37f8caa371af16dfed347456ed61f02883255eebb?s=96&d=mm&r=g","contentUrl":"https:\/\/secure.gravatar.com\/avatar\/dd8cc03b49466c735f753ac37f8caa371af16dfed347456ed61f02883255eebb?s=96&d=mm&r=g","caption":"Damien Malvetti"},"description":"Damien Malvetti is opgeleid als journalist en gepassioneerd door wagens, technologie en mobiliteit. Hij is verantwoordelijk voor de redactionele inhoud van link2fleet en beschikt over een uitgebreide kennis van de fleet-sector en elektrische mobiliteit.","sameAs":["https:\/\/www.linkedin.com\/in\/damien-malvetti-56601142\/"]}]}},"_links":{"self":[{"href":"https:\/\/www.link2fleet.com\/fr\/wp-json\/wp\/v2\/posts\/33393","targetHints":{"allow":["GET"]}}],"collection":[{"href":"https:\/\/www.link2fleet.com\/fr\/wp-json\/wp\/v2\/posts"}],"about":[{"href":"https:\/\/www.link2fleet.com\/fr\/wp-json\/wp\/v2\/types\/post"}],"author":[{"embeddable":true,"href":"https:\/\/www.link2fleet.com\/fr\/wp-json\/wp\/v2\/users\/4"}],"replies":[{"embeddable":true,"href":"https:\/\/www.link2fleet.com\/fr\/wp-json\/wp\/v2\/comments?post=33393"}],"version-history":[{"count":1,"href":"https:\/\/www.link2fleet.com\/fr\/wp-json\/wp\/v2\/posts\/33393\/revisions"}],"predecessor-version":[{"id":33428,"href":"https:\/\/www.link2fleet.com\/fr\/wp-json\/wp\/v2\/posts\/33393\/revisions\/33428"}],"wp:featuredmedia":[{"embeddable":true,"href":"https:\/\/www.link2fleet.com\/fr\/wp-json\/wp\/v2\/media\/33426"}],"wp:attachment":[{"href":"https:\/\/www.link2fleet.com\/fr\/wp-json\/wp\/v2\/media?parent=33393"}],"wp:term":[{"taxonomy":"category","embeddable":true,"href":"https:\/\/www.link2fleet.com\/fr\/wp-json\/wp\/v2\/categories?post=33393"},{"taxonomy":"post_tag","embeddable":true,"href":"https:\/\/www.link2fleet.com\/fr\/wp-json\/wp\/v2\/tags?post=33393"}],"curies":[{"name":"wp","href":"https:\/\/api.w.org\/{rel}","templated":true}]}}