{"id":3369,"date":"2021-01-14T10:27:54","date_gmt":"2021-01-14T09:27:54","guid":{"rendered":"https:\/\/www.link2fleet.com\/nouveautes-fleet-vms-2021-la-fiat-500-cote-pile-bilan-routier-et-cote-face-fiscalite\/"},"modified":"2024-04-17T16:51:22","modified_gmt":"2024-04-17T14:51:22","slug":"nouveautes-fleet-vms-2021-la-fiat-500-cote-pile-bilan-routier-et-cote-face-fiscalite","status":"publish","type":"post","link":"https:\/\/www.link2fleet.com\/fr\/nouveautes-fleet-vms-2021-la-fiat-500-cote-pile-bilan-routier-et-cote-face-fiscalite\/","title":{"rendered":"Nouveaut\u00e9s fleet VMS 2021 \u2013 La Fiat 500 c\u00f4t\u00e9 pile (bilan routier) et c\u00f4t\u00e9 face (fiscalit\u00e9)"},"content":{"rendered":"<h2><strong>C\u00f4t\u00e9 pile (bilan routier)<\/strong><\/h2>\n<p>Comme la 500 de nouvelle g\u00e9n\u00e9ration est exclusivement \u00e9lectrique, Fiat continue \u00e0 faire \u00e9voluer l&rsquo;ancien mod\u00e8le. M\u00eame si ses origines remontent \u00e0 2007 (!), cette \u00abvieille\u00bb 500 est toujours aussi craquante. Au cours de sa longue carri\u00e8re, cette sympathique petite Italienne n&rsquo;a re\u00e7u qu&rsquo;un seul vrai restylage (en 2015), et encore, les changements apport\u00e9s par celui-ci \u00e9taient-ils du genre limit\u00e9.<\/p>\n<p>L\u2019habitacle est toujours habill\u00e9 avec go\u00fbt, avec une planche de bord partiellement dans la couleur de la carrosserie. Au fil des ann\u00e9es, la voiture a vu s&rsquo;\u00e9largir ses possibilit\u00e9s d\u2019infodivertissement et de connectivit\u00e9. Malheureusement, la position de conduite n\u2019a pas chang\u00e9: le volant n\u2019est r\u00e9glable qu\u2019en hauteur et est trop d\u00e9cal\u00e9 vers la droite. En outre, les passages de roue mangent de la place. \u00c0 l\u2019arri\u00e8re, il y a de l\u2019espace pour 2 adultes, mais de pr\u00e9f\u00e9rence pour de courts trajets. Quant au coffre, il ne fait que 185 l. Il est vrai qu&rsquo;en rabattant la banquette 50\/50, on peut en tirer jusqu\u2019\u00e0 750 l.<\/p>\n<p>Le seul qui reste disponible est le 1.0 Hybrid (un micro-hybride, en fait, dont l\u2019alterno-d\u00e9marreur peut donner un petit coup de boost \u00e9lectrique), associ\u00e9 \u00e0 une bo\u00eete manuelle \u00e0 6 rapports. Si l&rsquo;on veut une bo\u00eete auto (robotis\u00e9e \u00e0 5 vitesses et simple embrayage), il faut se rabattre sur l&rsquo;ancien douze-cents atmosph\u00e9rique \u00e0 4 cylindres de 69 ch.<\/p>\n<p>&nbsp;<\/p>\n<blockquote><p><strong>En partenariat avec ALD Automotive et Eurofleet Consult<\/strong><\/p>\n<p><a href=\"http:\/\/www.aldautomotive.be\"><img loading=\"lazy\" decoding=\"async\" class=\"aligncenter wp-image-1254756\" src=\"https:\/\/www.link2fleet.com\/wp-content\/uploads\/2020\/01\/ALD_Automotive_logo.svg_-1024x289.png\" alt=\"\" width=\"226\" height=\"64\" \/><\/a><\/p>\n<p>Demandez une offre \u00e0 ALD Automotive?<a href=\"https:\/\/ald.aldautomotive.com\/ready-to-inspire-fr?source=link2fleet&amp;model=Fiat-500e\"> Cliquez ici.<\/a><a href=\"https:\/\/eurofleet-consult.com\"><img loading=\"lazy\" decoding=\"async\" class=\"aligncenter wp-image-1264374\" src=\"https:\/\/www.link2fleet.com\/wp-content\/uploads\/2021\/01\/Logo-Car-Cost-Advisor-kleur-300x300.png\" alt=\"\" width=\"167\" height=\"167\" \/><\/a><a href=\"https:\/\/eurofleet-consult.com\">Plus d&rsquo;informations sur Eurofleet Consult ? <\/a><a href=\"https:\/\/carcostadvisor.com\/fr\/\">Cliquez ici<\/a><\/p>\n<p>&nbsp;<\/p><\/blockquote>\n<p>&nbsp;<\/p>\n<h2><strong>C\u00f4t\u00e9 face (fiscalit\u00e9)<\/strong><\/h2>\n<ul>\n<li>Profil conducteur : Utilisateur salari\u00e9<\/li>\n<li>Taux de TVA: 21%<\/li>\n<li>Taux TVA non r\u00e9cup\u00e9rable: 65%<\/li>\n<li>Taux d&rsquo;imp\u00f4t des soci\u00e9t\u00e9s: 25%<\/li>\n<li>Taux d&rsquo;imp\u00f4t des personnes physiques: 53%<\/li>\n<li>Cotisation CO2: Oui<\/li>\n<li>Avantage de toute nature: Oui<\/li>\n<li>Date d\u2019immatriculation\u00a0: 05\/01\/2021<\/li>\n<li>Dur\u00e9e du contrat\u00a0: 48 mois<\/li>\n<li>Km\/an\u00a0: 25.000 km (thermique et hybride) \/ 10.000 km (\u00e9lectrique)<\/li>\n<li>Mode d\u2019acquisition\u00a0: Leasing op\u00e9rationnel<\/li>\n<li>R\u00e9gion d\u2019immatriculation\u00a0: Bruxelles<\/li>\n<li>Style de conduite\u00a0: \u00e9co<\/li>\n<li>Carte carburant utilisateur: oui<\/li>\n<\/ul>\n<p>&nbsp;<\/p>\n<blockquote><p>Le calcul du TCO a \u00e9t\u00e9 rendu possible gr\u00e2ce aux loyers mensuels calcul\u00e9s par <a href=\"https:\/\/www.link2fleet.com\/fr\/\/toolbox\/companies\/ald-automotive\">ALD Automotive<\/a> et l&rsquo;<a href=\"http:\/\/www.carcostadvisor.com\">outil Car Cost Advisor d\u00e9velopp\u00e9 par Eurofleet Consult<\/a>.<\/p>\n<p><strong>Car Cost Advisor<\/strong>\u00a0: une application web qui traduit la fiscalit\u00e9 automobile en arguments objectifs, qui permet le choix de la bonne motorisation en fonction de vos besoins, et qui calcule le co\u00fbt d\u2019utilisation d\u2019une nouvelle voiture en quelques clics, et ce de mani\u00e8re objective.<\/p><\/blockquote>\n<p><a href=\"https:\/\/www.link2fleet.com\/wp-content\/uploads\/2021\/01\/TCO_FIAT500_FR-1.png\"><img loading=\"lazy\" decoding=\"async\" class=\"aligncenter wp-image-1264339 size-full\" src=\"https:\/\/www.link2fleet.com\/wp-content\/uploads\/2021\/01\/TCO_FIAT500_FR-1.png\" alt=\"\" width=\"678\" height=\"671\" \/><\/a><\/p>\n<p>&nbsp;<\/p>\n<p><i>*En termes de Taxe de mise en circulation et Taxe annuelle de circulation\u00a0: immatriculation leasing = r\u00e9glementation\u00a0bruxelloise, \u00a0soit uniquement bas\u00e9e sur la puissance en kilowatt et en chevaux fiscaux. Comme ce sont quasiment toujours des v\u00e9hicules plus puissants que leurs \u00e9quivalents thermiques, ils sont d\u00e9savantag\u00e9s sur ce point sp\u00e9cifique de la fiscalit\u00e9. Pour les clients flamands, une immatriculation en Flandre est \u00e0 conseiller car les r\u00e8gles y sont beaucoup plus int\u00e9ressantes pour ces types de v\u00e9hicules.<\/i><\/p>\n<p>&nbsp;<\/p>\n<p><strong>Options et accessoires:<\/strong><\/p>\n<ul>\n<li>Peinture m\u00e9tallis\u00e9e<\/li>\n<\/ul>\n<p>&nbsp;<\/p>\n<p><strong><em>*L\u00e9gendes<\/em><\/strong><\/p>\n<ol>\n<li><em>21% TVA Incl.<\/em><\/li>\n<li><em>Base offre ALD &#8211; 65% TVA NR Incl. &#8211;<a href=\"https:\/\/ald.aldautomotive.com\/ready-to-inspire-fr?source=link2fleet&amp;model=Fiat-500e\"> <strong>Demander une offre \u00e0 ALD Automotive<\/strong><\/a><\/em><\/li>\n<li><em>TMC et Taxe de circulation d\u00e9j\u00e0 inclus dans le budget v\u00e9hicule<\/em><\/li>\n<li><em>Le montant des int\u00e9r\u00eats d\u00e9ductibles \u00e0 100% est estim\u00e9 \u00e0 10% du loyer v\u00e9hicule<\/em><\/li>\n<li><em>Taux DNA appliqu\u00e9 = 40%<\/em><\/li>\n<\/ol>\n<p>&nbsp;<\/p>\n<h2><strong>Galerie photos<\/strong><\/h2>\n\n","protected":false},"excerpt":{"rendered":"<p>C\u00f4t\u00e9 pile (bilan routier) Comme la 500 de nouvelle g\u00e9n\u00e9ration est exclusivement \u00e9lectrique, Fiat continue \u00e0 faire \u00e9voluer l&rsquo;ancien mod\u00e8le. M\u00eame si ses origines remontent \u00e0 2007 (!), cette \u00abvieille\u00bb 500 est toujours aussi craquante. Au cours de sa longue carri\u00e8re, cette sympathique petite Italienne n&rsquo;a re\u00e7u qu&rsquo;un seul vrai restylage (en 2015), et encore, [&hellip;]<\/p>\n","protected":false},"author":4,"featured_media":3370,"comment_status":"closed","ping_status":"closed","sticky":false,"template":"","format":"standard","meta":{"_acf_changed":false,"footnotes":""},"categories":[2],"tags":[],"class_list":["post-3369","post","type-post","status-publish","format-standard","has-post-thumbnail","hentry","category-non-classifiee"],"acf":[],"yoast_head":"<!-- This site is optimized with the Yoast SEO plugin v27.3 - https:\/\/yoast.com\/product\/yoast-seo-wordpress\/ -->\n<title>Nouveaut\u00e9s fleet VMS 2021 \u2013 La Fiat 500 c\u00f4t\u00e9 pile (bilan routier) et c\u00f4t\u00e9 face (fiscalit\u00e9) - link2fleet<\/title>\n<meta name=\"description\" content=\"La nouvelle 500 \u00e9lectrique ne conviendra pas \u00e0 tout le monde, ne f\u00fbt-ce qu&rsquo;en raison de son prix. Fiat a donc conserv\u00e9 l&rsquo;ancien mod\u00e8le. Certes,\u2026\" \/>\n<meta name=\"robots\" content=\"index, follow, max-snippet:-1, max-image-preview:large, max-video-preview:-1\" \/>\n<meta property=\"og:locale\" content=\"fr_FR\" \/>\n<meta property=\"og:type\" content=\"article\" \/>\n<meta property=\"og:title\" content=\"Nouveaut\u00e9s fleet VMS 2021 \u2013 La Fiat 500 c\u00f4t\u00e9 pile (bilan routier) et c\u00f4t\u00e9 face (fiscalit\u00e9) - link2fleet\" \/>\n<meta property=\"og:description\" content=\"La nouvelle 500 \u00e9lectrique ne conviendra pas \u00e0 tout le monde, ne f\u00fbt-ce qu&rsquo;en raison de son prix. Fiat a donc conserv\u00e9 l&rsquo;ancien mod\u00e8le. Certes,\u2026\" \/>\n<meta property=\"og:url\" content=\"https:\/\/www.link2fleet.com\/fr\/nouveautes-fleet-vms-2021-la-fiat-500-cote-pile-bilan-routier-et-cote-face-fiscalite\/\" \/>\n<meta property=\"og:site_name\" content=\"link2fleet\" \/>\n<meta property=\"article:published_time\" content=\"2021-01-14T09:27:54+00:00\" \/>\n<meta property=\"article:modified_time\" content=\"2024-04-17T14:51:22+00:00\" \/>\n<meta property=\"og:image\" content=\"https:\/\/static.link2fleet.com\/wp-content\/uploads\/2024\/03\/fiat-500e-voorkant.png\" \/>\n\t<meta property=\"og:image:width\" content=\"860\" \/>\n\t<meta property=\"og:image:height\" content=\"528\" \/>\n\t<meta property=\"og:image:type\" content=\"image\/png\" \/>\n<meta name=\"author\" content=\"Damien Malvetti\" \/>\n<meta name=\"twitter:card\" content=\"summary_large_image\" \/>\n<meta name=\"twitter:description\" content=\"La nouvelle 500 \u00e9lectrique ne conviendra pas \u00e0 tout le monde, ne f\u00fbt-ce qu&rsquo;en raison de son prix. Fiat a donc conserv\u00e9 l&rsquo;ancien mod\u00e8le. Certes,\u2026\" \/>\n<meta name=\"twitter:label1\" content=\"\u00c9crit par\" \/>\n\t<meta name=\"twitter:data1\" content=\"Damien Malvetti\" \/>\n\t<meta name=\"twitter:label2\" content=\"Dur\u00e9e de lecture estim\u00e9e\" \/>\n\t<meta name=\"twitter:data2\" content=\"3 minutes\" \/>\n<script type=\"application\/ld+json\" class=\"yoast-schema-graph\">{\"@context\":\"https:\\\/\\\/schema.org\",\"@graph\":[{\"@type\":\"Article\",\"@id\":\"https:\\\/\\\/www.link2fleet.com\\\/fr\\\/nouveautes-fleet-vms-2021-la-fiat-500-cote-pile-bilan-routier-et-cote-face-fiscalite\\\/#article\",\"isPartOf\":{\"@id\":\"https:\\\/\\\/www.link2fleet.com\\\/fr\\\/nouveautes-fleet-vms-2021-la-fiat-500-cote-pile-bilan-routier-et-cote-face-fiscalite\\\/\"},\"author\":{\"name\":\"Damien Malvetti\",\"@id\":\"https:\\\/\\\/www.link2fleet.com\\\/fr\\\/#\\\/schema\\\/person\\\/027cd46113c78036b3809c9a054049da\"},\"headline\":\"Nouveaut\u00e9s fleet VMS 2021 \u2013 La Fiat 500 c\u00f4t\u00e9 pile (bilan routier) et c\u00f4t\u00e9 face (fiscalit\u00e9)\",\"datePublished\":\"2021-01-14T09:27:54+00:00\",\"dateModified\":\"2024-04-17T14:51:22+00:00\",\"mainEntityOfPage\":{\"@id\":\"https:\\\/\\\/www.link2fleet.com\\\/fr\\\/nouveautes-fleet-vms-2021-la-fiat-500-cote-pile-bilan-routier-et-cote-face-fiscalite\\\/\"},\"wordCount\":655,\"publisher\":{\"@id\":\"https:\\\/\\\/www.link2fleet.com\\\/fr\\\/#organization\"},\"image\":{\"@id\":\"https:\\\/\\\/www.link2fleet.com\\\/fr\\\/nouveautes-fleet-vms-2021-la-fiat-500-cote-pile-bilan-routier-et-cote-face-fiscalite\\\/#primaryimage\"},\"thumbnailUrl\":\"https:\\\/\\\/static.link2fleet.com\\\/wp-content\\\/uploads\\\/2024\\\/03\\\/fiat-500e-voorkant.png\",\"articleSection\":[\"Non classifi\u00e9(e)\"],\"inLanguage\":\"fr-FR\"},{\"@type\":\"WebPage\",\"@id\":\"https:\\\/\\\/www.link2fleet.com\\\/fr\\\/nouveautes-fleet-vms-2021-la-fiat-500-cote-pile-bilan-routier-et-cote-face-fiscalite\\\/\",\"url\":\"https:\\\/\\\/www.link2fleet.com\\\/fr\\\/nouveautes-fleet-vms-2021-la-fiat-500-cote-pile-bilan-routier-et-cote-face-fiscalite\\\/\",\"name\":\"Nouveaut\u00e9s fleet VMS 2021 \u2013 La Fiat 500 c\u00f4t\u00e9 pile (bilan routier) et c\u00f4t\u00e9 face (fiscalit\u00e9) - link2fleet\",\"isPartOf\":{\"@id\":\"https:\\\/\\\/www.link2fleet.com\\\/fr\\\/#website\"},\"primaryImageOfPage\":{\"@id\":\"https:\\\/\\\/www.link2fleet.com\\\/fr\\\/nouveautes-fleet-vms-2021-la-fiat-500-cote-pile-bilan-routier-et-cote-face-fiscalite\\\/#primaryimage\"},\"image\":{\"@id\":\"https:\\\/\\\/www.link2fleet.com\\\/fr\\\/nouveautes-fleet-vms-2021-la-fiat-500-cote-pile-bilan-routier-et-cote-face-fiscalite\\\/#primaryimage\"},\"thumbnailUrl\":\"https:\\\/\\\/static.link2fleet.com\\\/wp-content\\\/uploads\\\/2024\\\/03\\\/fiat-500e-voorkant.png\",\"datePublished\":\"2021-01-14T09:27:54+00:00\",\"dateModified\":\"2024-04-17T14:51:22+00:00\",\"breadcrumb\":{\"@id\":\"https:\\\/\\\/www.link2fleet.com\\\/fr\\\/nouveautes-fleet-vms-2021-la-fiat-500-cote-pile-bilan-routier-et-cote-face-fiscalite\\\/#breadcrumb\"},\"inLanguage\":\"fr-FR\",\"potentialAction\":[{\"@type\":\"ReadAction\",\"target\":[\"https:\\\/\\\/www.link2fleet.com\\\/fr\\\/nouveautes-fleet-vms-2021-la-fiat-500-cote-pile-bilan-routier-et-cote-face-fiscalite\\\/\"]}]},{\"@type\":\"ImageObject\",\"inLanguage\":\"fr-FR\",\"@id\":\"https:\\\/\\\/www.link2fleet.com\\\/fr\\\/nouveautes-fleet-vms-2021-la-fiat-500-cote-pile-bilan-routier-et-cote-face-fiscalite\\\/#primaryimage\",\"url\":\"https:\\\/\\\/static.link2fleet.com\\\/wp-content\\\/uploads\\\/2024\\\/03\\\/fiat-500e-voorkant.png\",\"contentUrl\":\"https:\\\/\\\/static.link2fleet.com\\\/wp-content\\\/uploads\\\/2024\\\/03\\\/fiat-500e-voorkant.png\",\"width\":860,\"height\":528,\"caption\":\"||\"},{\"@type\":\"BreadcrumbList\",\"@id\":\"https:\\\/\\\/www.link2fleet.com\\\/fr\\\/nouveautes-fleet-vms-2021-la-fiat-500-cote-pile-bilan-routier-et-cote-face-fiscalite\\\/#breadcrumb\",\"itemListElement\":[{\"@type\":\"ListItem\",\"position\":1,\"name\":\"Home\",\"item\":\"https:\\\/\\\/www.link2fleet.com\\\/fr\\\/\"},{\"@type\":\"ListItem\",\"position\":2,\"name\":\"Nouveaut\u00e9s fleet VMS 2021 \u2013 La Fiat 500 c\u00f4t\u00e9 pile (bilan routier) et c\u00f4t\u00e9 face (fiscalit\u00e9)\"}]},{\"@type\":\"WebSite\",\"@id\":\"https:\\\/\\\/www.link2fleet.com\\\/fr\\\/#website\",\"url\":\"https:\\\/\\\/www.link2fleet.com\\\/fr\\\/\",\"name\":\"Link2fleet\",\"description\":\"\",\"publisher\":{\"@id\":\"https:\\\/\\\/www.link2fleet.com\\\/fr\\\/#organization\"},\"potentialAction\":[{\"@type\":\"SearchAction\",\"target\":{\"@type\":\"EntryPoint\",\"urlTemplate\":\"https:\\\/\\\/www.link2fleet.com\\\/fr\\\/?s={search_term_string}\"},\"query-input\":{\"@type\":\"PropertyValueSpecification\",\"valueRequired\":true,\"valueName\":\"search_term_string\"}}],\"inLanguage\":\"fr-FR\"},{\"@type\":\"Organization\",\"@id\":\"https:\\\/\\\/www.link2fleet.com\\\/fr\\\/#organization\",\"name\":\"Link2fleet\",\"url\":\"https:\\\/\\\/www.link2fleet.com\\\/fr\\\/\",\"logo\":{\"@type\":\"ImageObject\",\"inLanguage\":\"fr-FR\",\"@id\":\"https:\\\/\\\/www.link2fleet.com\\\/fr\\\/#\\\/schema\\\/logo\\\/image\\\/\",\"url\":\"https:\\\/\\\/static.link2fleet.com\\\/wp-content\\\/uploads\\\/2024\\\/03\\\/share-image.jpg\",\"contentUrl\":\"https:\\\/\\\/static.link2fleet.com\\\/wp-content\\\/uploads\\\/2024\\\/03\\\/share-image.jpg\",\"width\":1200,\"height\":630,\"caption\":\"Link2fleet\"},\"image\":{\"@id\":\"https:\\\/\\\/www.link2fleet.com\\\/fr\\\/#\\\/schema\\\/logo\\\/image\\\/\"},\"sameAs\":[\"https:\\\/\\\/www.linkedin.com\\\/company\\\/link2fleet-belgium\",\"https:\\\/\\\/www.youtube.com\\\/user\\\/MMMBMBE\"]},{\"@type\":\"Person\",\"@id\":\"https:\\\/\\\/www.link2fleet.com\\\/fr\\\/#\\\/schema\\\/person\\\/027cd46113c78036b3809c9a054049da\",\"name\":\"Damien Malvetti\",\"image\":{\"@type\":\"ImageObject\",\"inLanguage\":\"fr-FR\",\"@id\":\"https:\\\/\\\/secure.gravatar.com\\\/avatar\\\/dd8cc03b49466c735f753ac37f8caa371af16dfed347456ed61f02883255eebb?s=96&d=mm&r=g\",\"url\":\"https:\\\/\\\/secure.gravatar.com\\\/avatar\\\/dd8cc03b49466c735f753ac37f8caa371af16dfed347456ed61f02883255eebb?s=96&d=mm&r=g\",\"contentUrl\":\"https:\\\/\\\/secure.gravatar.com\\\/avatar\\\/dd8cc03b49466c735f753ac37f8caa371af16dfed347456ed61f02883255eebb?s=96&d=mm&r=g\",\"caption\":\"Damien Malvetti\"},\"description\":\"Damien Malvetti is opgeleid als journalist en gepassioneerd door wagens, technologie en mobiliteit. Hij is verantwoordelijk voor de redactionele inhoud van link2fleet en beschikt over een uitgebreide kennis van de fleet-sector en elektrische mobiliteit.\",\"sameAs\":[\"https:\\\/\\\/www.linkedin.com\\\/in\\\/damien-malvetti-56601142\\\/\"]}]}<\/script>\n<!-- \/ Yoast SEO plugin. -->","yoast_head_json":{"title":"Nouveaut\u00e9s fleet VMS 2021 \u2013 La Fiat 500 c\u00f4t\u00e9 pile (bilan routier) et c\u00f4t\u00e9 face (fiscalit\u00e9) - link2fleet","description":"La nouvelle 500 \u00e9lectrique ne conviendra pas \u00e0 tout le monde, ne f\u00fbt-ce qu&rsquo;en raison de son prix. Fiat a donc conserv\u00e9 l&rsquo;ancien mod\u00e8le. Certes,\u2026","robots":{"index":"index","follow":"follow","max-snippet":"max-snippet:-1","max-image-preview":"max-image-preview:large","max-video-preview":"max-video-preview:-1"},"og_locale":"fr_FR","og_type":"article","og_title":"Nouveaut\u00e9s fleet VMS 2021 \u2013 La Fiat 500 c\u00f4t\u00e9 pile (bilan routier) et c\u00f4t\u00e9 face (fiscalit\u00e9) - link2fleet","og_description":"La nouvelle 500 \u00e9lectrique ne conviendra pas \u00e0 tout le monde, ne f\u00fbt-ce qu&rsquo;en raison de son prix. Fiat a donc conserv\u00e9 l&rsquo;ancien mod\u00e8le. Certes,\u2026","og_url":"https:\/\/www.link2fleet.com\/fr\/nouveautes-fleet-vms-2021-la-fiat-500-cote-pile-bilan-routier-et-cote-face-fiscalite\/","og_site_name":"link2fleet","article_published_time":"2021-01-14T09:27:54+00:00","article_modified_time":"2024-04-17T14:51:22+00:00","og_image":[{"width":860,"height":528,"url":"https:\/\/static.link2fleet.com\/wp-content\/uploads\/2024\/03\/fiat-500e-voorkant.png","type":"image\/png"}],"author":"Damien Malvetti","twitter_card":"summary_large_image","twitter_description":"La nouvelle 500 \u00e9lectrique ne conviendra pas \u00e0 tout le monde, ne f\u00fbt-ce qu&rsquo;en raison de son prix. Fiat a donc conserv\u00e9 l&rsquo;ancien mod\u00e8le. Certes,\u2026","twitter_misc":{"\u00c9crit par":"Damien Malvetti","Dur\u00e9e de lecture estim\u00e9e":"3 minutes"},"schema":{"@context":"https:\/\/schema.org","@graph":[{"@type":"Article","@id":"https:\/\/www.link2fleet.com\/fr\/nouveautes-fleet-vms-2021-la-fiat-500-cote-pile-bilan-routier-et-cote-face-fiscalite\/#article","isPartOf":{"@id":"https:\/\/www.link2fleet.com\/fr\/nouveautes-fleet-vms-2021-la-fiat-500-cote-pile-bilan-routier-et-cote-face-fiscalite\/"},"author":{"name":"Damien Malvetti","@id":"https:\/\/www.link2fleet.com\/fr\/#\/schema\/person\/027cd46113c78036b3809c9a054049da"},"headline":"Nouveaut\u00e9s fleet VMS 2021 \u2013 La Fiat 500 c\u00f4t\u00e9 pile (bilan routier) et c\u00f4t\u00e9 face (fiscalit\u00e9)","datePublished":"2021-01-14T09:27:54+00:00","dateModified":"2024-04-17T14:51:22+00:00","mainEntityOfPage":{"@id":"https:\/\/www.link2fleet.com\/fr\/nouveautes-fleet-vms-2021-la-fiat-500-cote-pile-bilan-routier-et-cote-face-fiscalite\/"},"wordCount":655,"publisher":{"@id":"https:\/\/www.link2fleet.com\/fr\/#organization"},"image":{"@id":"https:\/\/www.link2fleet.com\/fr\/nouveautes-fleet-vms-2021-la-fiat-500-cote-pile-bilan-routier-et-cote-face-fiscalite\/#primaryimage"},"thumbnailUrl":"https:\/\/static.link2fleet.com\/wp-content\/uploads\/2024\/03\/fiat-500e-voorkant.png","articleSection":["Non classifi\u00e9(e)"],"inLanguage":"fr-FR"},{"@type":"WebPage","@id":"https:\/\/www.link2fleet.com\/fr\/nouveautes-fleet-vms-2021-la-fiat-500-cote-pile-bilan-routier-et-cote-face-fiscalite\/","url":"https:\/\/www.link2fleet.com\/fr\/nouveautes-fleet-vms-2021-la-fiat-500-cote-pile-bilan-routier-et-cote-face-fiscalite\/","name":"Nouveaut\u00e9s fleet VMS 2021 \u2013 La Fiat 500 c\u00f4t\u00e9 pile (bilan routier) et c\u00f4t\u00e9 face (fiscalit\u00e9) - link2fleet","isPartOf":{"@id":"https:\/\/www.link2fleet.com\/fr\/#website"},"primaryImageOfPage":{"@id":"https:\/\/www.link2fleet.com\/fr\/nouveautes-fleet-vms-2021-la-fiat-500-cote-pile-bilan-routier-et-cote-face-fiscalite\/#primaryimage"},"image":{"@id":"https:\/\/www.link2fleet.com\/fr\/nouveautes-fleet-vms-2021-la-fiat-500-cote-pile-bilan-routier-et-cote-face-fiscalite\/#primaryimage"},"thumbnailUrl":"https:\/\/static.link2fleet.com\/wp-content\/uploads\/2024\/03\/fiat-500e-voorkant.png","datePublished":"2021-01-14T09:27:54+00:00","dateModified":"2024-04-17T14:51:22+00:00","breadcrumb":{"@id":"https:\/\/www.link2fleet.com\/fr\/nouveautes-fleet-vms-2021-la-fiat-500-cote-pile-bilan-routier-et-cote-face-fiscalite\/#breadcrumb"},"inLanguage":"fr-FR","potentialAction":[{"@type":"ReadAction","target":["https:\/\/www.link2fleet.com\/fr\/nouveautes-fleet-vms-2021-la-fiat-500-cote-pile-bilan-routier-et-cote-face-fiscalite\/"]}]},{"@type":"ImageObject","inLanguage":"fr-FR","@id":"https:\/\/www.link2fleet.com\/fr\/nouveautes-fleet-vms-2021-la-fiat-500-cote-pile-bilan-routier-et-cote-face-fiscalite\/#primaryimage","url":"https:\/\/static.link2fleet.com\/wp-content\/uploads\/2024\/03\/fiat-500e-voorkant.png","contentUrl":"https:\/\/static.link2fleet.com\/wp-content\/uploads\/2024\/03\/fiat-500e-voorkant.png","width":860,"height":528,"caption":"||"},{"@type":"BreadcrumbList","@id":"https:\/\/www.link2fleet.com\/fr\/nouveautes-fleet-vms-2021-la-fiat-500-cote-pile-bilan-routier-et-cote-face-fiscalite\/#breadcrumb","itemListElement":[{"@type":"ListItem","position":1,"name":"Home","item":"https:\/\/www.link2fleet.com\/fr\/"},{"@type":"ListItem","position":2,"name":"Nouveaut\u00e9s fleet VMS 2021 \u2013 La Fiat 500 c\u00f4t\u00e9 pile (bilan routier) et c\u00f4t\u00e9 face (fiscalit\u00e9)"}]},{"@type":"WebSite","@id":"https:\/\/www.link2fleet.com\/fr\/#website","url":"https:\/\/www.link2fleet.com\/fr\/","name":"Link2fleet","description":"","publisher":{"@id":"https:\/\/www.link2fleet.com\/fr\/#organization"},"potentialAction":[{"@type":"SearchAction","target":{"@type":"EntryPoint","urlTemplate":"https:\/\/www.link2fleet.com\/fr\/?s={search_term_string}"},"query-input":{"@type":"PropertyValueSpecification","valueRequired":true,"valueName":"search_term_string"}}],"inLanguage":"fr-FR"},{"@type":"Organization","@id":"https:\/\/www.link2fleet.com\/fr\/#organization","name":"Link2fleet","url":"https:\/\/www.link2fleet.com\/fr\/","logo":{"@type":"ImageObject","inLanguage":"fr-FR","@id":"https:\/\/www.link2fleet.com\/fr\/#\/schema\/logo\/image\/","url":"https:\/\/static.link2fleet.com\/wp-content\/uploads\/2024\/03\/share-image.jpg","contentUrl":"https:\/\/static.link2fleet.com\/wp-content\/uploads\/2024\/03\/share-image.jpg","width":1200,"height":630,"caption":"Link2fleet"},"image":{"@id":"https:\/\/www.link2fleet.com\/fr\/#\/schema\/logo\/image\/"},"sameAs":["https:\/\/www.linkedin.com\/company\/link2fleet-belgium","https:\/\/www.youtube.com\/user\/MMMBMBE"]},{"@type":"Person","@id":"https:\/\/www.link2fleet.com\/fr\/#\/schema\/person\/027cd46113c78036b3809c9a054049da","name":"Damien Malvetti","image":{"@type":"ImageObject","inLanguage":"fr-FR","@id":"https:\/\/secure.gravatar.com\/avatar\/dd8cc03b49466c735f753ac37f8caa371af16dfed347456ed61f02883255eebb?s=96&d=mm&r=g","url":"https:\/\/secure.gravatar.com\/avatar\/dd8cc03b49466c735f753ac37f8caa371af16dfed347456ed61f02883255eebb?s=96&d=mm&r=g","contentUrl":"https:\/\/secure.gravatar.com\/avatar\/dd8cc03b49466c735f753ac37f8caa371af16dfed347456ed61f02883255eebb?s=96&d=mm&r=g","caption":"Damien Malvetti"},"description":"Damien Malvetti is opgeleid als journalist en gepassioneerd door wagens, technologie en mobiliteit. Hij is verantwoordelijk voor de redactionele inhoud van link2fleet en beschikt over een uitgebreide kennis van de fleet-sector en elektrische mobiliteit.","sameAs":["https:\/\/www.linkedin.com\/in\/damien-malvetti-56601142\/"]}]}},"_links":{"self":[{"href":"https:\/\/www.link2fleet.com\/fr\/wp-json\/wp\/v2\/posts\/3369","targetHints":{"allow":["GET"]}}],"collection":[{"href":"https:\/\/www.link2fleet.com\/fr\/wp-json\/wp\/v2\/posts"}],"about":[{"href":"https:\/\/www.link2fleet.com\/fr\/wp-json\/wp\/v2\/types\/post"}],"author":[{"embeddable":true,"href":"https:\/\/www.link2fleet.com\/fr\/wp-json\/wp\/v2\/users\/4"}],"replies":[{"embeddable":true,"href":"https:\/\/www.link2fleet.com\/fr\/wp-json\/wp\/v2\/comments?post=3369"}],"version-history":[{"count":0,"href":"https:\/\/www.link2fleet.com\/fr\/wp-json\/wp\/v2\/posts\/3369\/revisions"}],"wp:featuredmedia":[{"embeddable":true,"href":"https:\/\/www.link2fleet.com\/fr\/wp-json\/wp\/v2\/media\/3370"}],"wp:attachment":[{"href":"https:\/\/www.link2fleet.com\/fr\/wp-json\/wp\/v2\/media?parent=3369"}],"wp:term":[{"taxonomy":"category","embeddable":true,"href":"https:\/\/www.link2fleet.com\/fr\/wp-json\/wp\/v2\/categories?post=3369"},{"taxonomy":"post_tag","embeddable":true,"href":"https:\/\/www.link2fleet.com\/fr\/wp-json\/wp\/v2\/tags?post=3369"}],"curies":[{"name":"wp","href":"https:\/\/api.w.org\/{rel}","templated":true}]}}