{"id":33835,"date":"2024-10-15T17:01:45","date_gmt":"2024-10-15T15:01:45","guid":{"rendered":"https:\/\/www.link2fleet.com\/ford-maakt-batterijcapaciteit-en-rijbereik-e-tourneo-courier-bekend\/"},"modified":"2024-10-15T17:44:49","modified_gmt":"2024-10-15T15:44:49","slug":"ford-maakt-batterijcapaciteit-en-rijbereik-e-tourneo-courier-bekend","status":"publish","type":"post","link":"https:\/\/www.link2fleet.com\/fr\/ford-maakt-batterijcapaciteit-en-rijbereik-e-tourneo-courier-bekend\/","title":{"rendered":"Ford E-Tourneo Courier : l&rsquo;autonomie est connue !"},"content":{"rendered":"","protected":false},"excerpt":{"rendered":"","protected":false},"author":49,"featured_media":33823,"comment_status":"closed","ping_status":"closed","sticky":false,"template":"","format":"standard","meta":{"_acf_changed":false,"footnotes":""},"categories":[135,77,76],"tags":[155],"class_list":["post-33835","post","type-post","status-publish","format-standard","has-post-thumbnail","hentry","category-news-fr","category-importateurs-et-constructeurs-automobiles-vp","category-car","tag-ev-fr"],"acf":[],"yoast_head":"<!-- This site is optimized with the Yoast SEO plugin v27.3 - https:\/\/yoast.com\/product\/yoast-seo-wordpress\/ -->\n<title>Ford E-Tourneo Courier : l&#039;autonomie est connue ! - link2fleet<\/title>\n<meta name=\"description\" content=\"Nous savions depuis un certain temps que la version tout \u00e9lectrique du Ford Tourneo Courier allait voir le jour. Le constructeur vient de donner plus\u2026\" \/>\n<meta name=\"robots\" content=\"index, follow, max-snippet:-1, max-image-preview:large, max-video-preview:-1\" \/>\n<meta property=\"og:locale\" content=\"fr_FR\" \/>\n<meta property=\"og:type\" content=\"article\" \/>\n<meta property=\"og:title\" content=\"Ford E-Tourneo Courier : l&#039;autonomie est connue ! - link2fleet\" \/>\n<meta property=\"og:description\" content=\"Nous savions depuis un certain temps que la version tout \u00e9lectrique du Ford Tourneo Courier allait voir le jour. Le constructeur vient de donner plus\u2026\" \/>\n<meta property=\"og:url\" content=\"https:\/\/www.link2fleet.com\/ford-maakt-batterijcapaciteit-en-rijbereik-e-tourneo-courier-bekend\/\" \/>\n<meta property=\"og:site_name\" content=\"link2fleet\" \/>\n<meta property=\"article:published_time\" content=\"2024-10-15T15:01:45+00:00\" \/>\n<meta property=\"article:modified_time\" content=\"2024-10-15T15:44:49+00:00\" \/>\n<meta property=\"og:image\" content=\"https:\/\/static.link2fleet.com\/wp-content\/uploads\/2024\/10\/2024-ford-e-tourneo-courier-18-low.jpg\" \/>\n\t<meta property=\"og:image:width\" content=\"2048\" \/>\n\t<meta property=\"og:image:height\" content=\"1366\" \/>\n\t<meta property=\"og:image:type\" content=\"image\/jpeg\" \/>\n<meta name=\"author\" content=\"Kevin Kersemans\" \/>\n<meta name=\"twitter:card\" content=\"summary_large_image\" \/>\n<meta name=\"twitter:description\" content=\"Nous savions depuis un certain temps que la version tout \u00e9lectrique du Ford Tourneo Courier allait voir le jour. Le constructeur vient de donner plus\u2026\" \/>\n<meta name=\"twitter:label1\" content=\"\u00c9crit par\" \/>\n\t<meta name=\"twitter:data1\" content=\"Kevin Kersemans\" \/>\n\t<meta name=\"twitter:label2\" content=\"Dur\u00e9e de lecture estim\u00e9e\" \/>\n\t<meta name=\"twitter:data2\" content=\"2 minutes\" \/>\n<script type=\"application\/ld+json\" class=\"yoast-schema-graph\">{\"@context\":\"https:\\\/\\\/schema.org\",\"@graph\":[{\"@type\":\"Article\",\"@id\":\"https:\\\/\\\/www.link2fleet.com\\\/ford-maakt-batterijcapaciteit-en-rijbereik-e-tourneo-courier-bekend\\\/#article\",\"isPartOf\":{\"@id\":\"https:\\\/\\\/www.link2fleet.com\\\/ford-maakt-batterijcapaciteit-en-rijbereik-e-tourneo-courier-bekend\\\/\"},\"author\":{\"name\":\"Kevin Kersemans\",\"@id\":\"https:\\\/\\\/www.link2fleet.com\\\/fr\\\/#\\\/schema\\\/person\\\/877bc89c32c65772066cb11fe1e67bbf\"},\"headline\":\"Ford E-Tourneo Courier : l&rsquo;autonomie est connue !\",\"datePublished\":\"2024-10-15T15:01:45+00:00\",\"dateModified\":\"2024-10-15T15:44:49+00:00\",\"mainEntityOfPage\":{\"@id\":\"https:\\\/\\\/www.link2fleet.com\\\/ford-maakt-batterijcapaciteit-en-rijbereik-e-tourneo-courier-bekend\\\/\"},\"wordCount\":7,\"publisher\":{\"@id\":\"https:\\\/\\\/www.link2fleet.com\\\/fr\\\/#organization\"},\"image\":{\"@id\":\"https:\\\/\\\/www.link2fleet.com\\\/ford-maakt-batterijcapaciteit-en-rijbereik-e-tourneo-courier-bekend\\\/#primaryimage\"},\"thumbnailUrl\":\"https:\\\/\\\/static.link2fleet.com\\\/wp-content\\\/uploads\\\/2024\\\/10\\\/2024-ford-e-tourneo-courier-18-low.jpg\",\"keywords\":[\"EV\"],\"articleSection\":[\"Actus\",\"Importateurs et constructeurs\",\"V\u00e9hicules\"],\"inLanguage\":\"fr-FR\"},{\"@type\":\"WebPage\",\"@id\":\"https:\\\/\\\/www.link2fleet.com\\\/ford-maakt-batterijcapaciteit-en-rijbereik-e-tourneo-courier-bekend\\\/\",\"url\":\"https:\\\/\\\/www.link2fleet.com\\\/ford-maakt-batterijcapaciteit-en-rijbereik-e-tourneo-courier-bekend\\\/\",\"name\":\"Ford E-Tourneo Courier : l'autonomie est connue ! - link2fleet\",\"isPartOf\":{\"@id\":\"https:\\\/\\\/www.link2fleet.com\\\/fr\\\/#website\"},\"primaryImageOfPage\":{\"@id\":\"https:\\\/\\\/www.link2fleet.com\\\/ford-maakt-batterijcapaciteit-en-rijbereik-e-tourneo-courier-bekend\\\/#primaryimage\"},\"image\":{\"@id\":\"https:\\\/\\\/www.link2fleet.com\\\/ford-maakt-batterijcapaciteit-en-rijbereik-e-tourneo-courier-bekend\\\/#primaryimage\"},\"thumbnailUrl\":\"https:\\\/\\\/static.link2fleet.com\\\/wp-content\\\/uploads\\\/2024\\\/10\\\/2024-ford-e-tourneo-courier-18-low.jpg\",\"datePublished\":\"2024-10-15T15:01:45+00:00\",\"dateModified\":\"2024-10-15T15:44:49+00:00\",\"description\":\"Ford vient de donner plus de d\u00e9tails sur l'autonomie de son E-Tourneo Courier. Celle-ci est relativement modeste...\",\"breadcrumb\":{\"@id\":\"https:\\\/\\\/www.link2fleet.com\\\/ford-maakt-batterijcapaciteit-en-rijbereik-e-tourneo-courier-bekend\\\/#breadcrumb\"},\"inLanguage\":\"fr-FR\",\"potentialAction\":[{\"@type\":\"ReadAction\",\"target\":[\"https:\\\/\\\/www.link2fleet.com\\\/ford-maakt-batterijcapaciteit-en-rijbereik-e-tourneo-courier-bekend\\\/\"]}]},{\"@type\":\"ImageObject\",\"inLanguage\":\"fr-FR\",\"@id\":\"https:\\\/\\\/www.link2fleet.com\\\/ford-maakt-batterijcapaciteit-en-rijbereik-e-tourneo-courier-bekend\\\/#primaryimage\",\"url\":\"https:\\\/\\\/static.link2fleet.com\\\/wp-content\\\/uploads\\\/2024\\\/10\\\/2024-ford-e-tourneo-courier-18-low.jpg\",\"contentUrl\":\"https:\\\/\\\/static.link2fleet.com\\\/wp-content\\\/uploads\\\/2024\\\/10\\\/2024-ford-e-tourneo-courier-18-low.jpg\",\"width\":2048,\"height\":1366},{\"@type\":\"BreadcrumbList\",\"@id\":\"https:\\\/\\\/www.link2fleet.com\\\/ford-maakt-batterijcapaciteit-en-rijbereik-e-tourneo-courier-bekend\\\/#breadcrumb\",\"itemListElement\":[{\"@type\":\"ListItem\",\"position\":1,\"name\":\"Home\",\"item\":\"https:\\\/\\\/www.link2fleet.com\\\/fr\\\/\"},{\"@type\":\"ListItem\",\"position\":2,\"name\":\"Ford E-Tourneo Courier : l&#8217;autonomie est connue !\"}]},{\"@type\":\"WebSite\",\"@id\":\"https:\\\/\\\/www.link2fleet.com\\\/fr\\\/#website\",\"url\":\"https:\\\/\\\/www.link2fleet.com\\\/fr\\\/\",\"name\":\"Link2fleet\",\"description\":\"\",\"publisher\":{\"@id\":\"https:\\\/\\\/www.link2fleet.com\\\/fr\\\/#organization\"},\"potentialAction\":[{\"@type\":\"SearchAction\",\"target\":{\"@type\":\"EntryPoint\",\"urlTemplate\":\"https:\\\/\\\/www.link2fleet.com\\\/fr\\\/?s={search_term_string}\"},\"query-input\":{\"@type\":\"PropertyValueSpecification\",\"valueRequired\":true,\"valueName\":\"search_term_string\"}}],\"inLanguage\":\"fr-FR\"},{\"@type\":\"Organization\",\"@id\":\"https:\\\/\\\/www.link2fleet.com\\\/fr\\\/#organization\",\"name\":\"Link2fleet\",\"url\":\"https:\\\/\\\/www.link2fleet.com\\\/fr\\\/\",\"logo\":{\"@type\":\"ImageObject\",\"inLanguage\":\"fr-FR\",\"@id\":\"https:\\\/\\\/www.link2fleet.com\\\/fr\\\/#\\\/schema\\\/logo\\\/image\\\/\",\"url\":\"https:\\\/\\\/static.link2fleet.com\\\/wp-content\\\/uploads\\\/2024\\\/03\\\/share-image.jpg\",\"contentUrl\":\"https:\\\/\\\/static.link2fleet.com\\\/wp-content\\\/uploads\\\/2024\\\/03\\\/share-image.jpg\",\"width\":1200,\"height\":630,\"caption\":\"Link2fleet\"},\"image\":{\"@id\":\"https:\\\/\\\/www.link2fleet.com\\\/fr\\\/#\\\/schema\\\/logo\\\/image\\\/\"},\"sameAs\":[\"https:\\\/\\\/www.linkedin.com\\\/company\\\/link2fleet-belgium\",\"https:\\\/\\\/www.youtube.com\\\/user\\\/MMMBMBE\"]},{\"@type\":\"Person\",\"@id\":\"https:\\\/\\\/www.link2fleet.com\\\/fr\\\/#\\\/schema\\\/person\\\/877bc89c32c65772066cb11fe1e67bbf\",\"name\":\"Kevin Kersemans\",\"image\":{\"@type\":\"ImageObject\",\"inLanguage\":\"fr-FR\",\"@id\":\"https:\\\/\\\/secure.gravatar.com\\\/avatar\\\/b12f7d0f252688f677f4c181b6df65bf86880634bfcef3be42c82efcdb33d654?s=96&d=mm&r=g\",\"url\":\"https:\\\/\\\/secure.gravatar.com\\\/avatar\\\/b12f7d0f252688f677f4c181b6df65bf86880634bfcef3be42c82efcdb33d654?s=96&d=mm&r=g\",\"contentUrl\":\"https:\\\/\\\/secure.gravatar.com\\\/avatar\\\/b12f7d0f252688f677f4c181b6df65bf86880634bfcef3be42c82efcdb33d654?s=96&d=mm&r=g\",\"caption\":\"Kevin Kersemans\"},\"description\":\"Kevin Kersemans is autojournalist met al enkele decennia ervaring op de teller. Zijn passie voor auto's en alles op wielen heeft hij al van kindsbeen af. Voor link2fleet volgt hij vooral de auto-actualiteit en test hij nieuwe modellen.\"}]}<\/script>\n<!-- \/ Yoast SEO plugin. -->","yoast_head_json":{"title":"Ford E-Tourneo Courier : l'autonomie est connue ! - link2fleet","description":"Nous savions depuis un certain temps que la version tout \u00e9lectrique du Ford Tourneo Courier allait voir le jour. Le constructeur vient de donner plus\u2026","robots":{"index":"index","follow":"follow","max-snippet":"max-snippet:-1","max-image-preview":"max-image-preview:large","max-video-preview":"max-video-preview:-1"},"og_locale":"fr_FR","og_type":"article","og_title":"Ford E-Tourneo Courier : l'autonomie est connue ! - link2fleet","og_description":"Nous savions depuis un certain temps que la version tout \u00e9lectrique du Ford Tourneo Courier allait voir le jour. Le constructeur vient de donner plus\u2026","og_url":"https:\/\/www.link2fleet.com\/ford-maakt-batterijcapaciteit-en-rijbereik-e-tourneo-courier-bekend\/","og_site_name":"link2fleet","article_published_time":"2024-10-15T15:01:45+00:00","article_modified_time":"2024-10-15T15:44:49+00:00","og_image":[{"width":2048,"height":1366,"url":"https:\/\/static.link2fleet.com\/wp-content\/uploads\/2024\/10\/2024-ford-e-tourneo-courier-18-low.jpg","type":"image\/jpeg"}],"author":"Kevin Kersemans","twitter_card":"summary_large_image","twitter_description":"Nous savions depuis un certain temps que la version tout \u00e9lectrique du Ford Tourneo Courier allait voir le jour. Le constructeur vient de donner plus\u2026","twitter_misc":{"\u00c9crit par":"Kevin Kersemans","Dur\u00e9e de lecture estim\u00e9e":"2 minutes"},"schema":{"@context":"https:\/\/schema.org","@graph":[{"@type":"Article","@id":"https:\/\/www.link2fleet.com\/ford-maakt-batterijcapaciteit-en-rijbereik-e-tourneo-courier-bekend\/#article","isPartOf":{"@id":"https:\/\/www.link2fleet.com\/ford-maakt-batterijcapaciteit-en-rijbereik-e-tourneo-courier-bekend\/"},"author":{"name":"Kevin Kersemans","@id":"https:\/\/www.link2fleet.com\/fr\/#\/schema\/person\/877bc89c32c65772066cb11fe1e67bbf"},"headline":"Ford E-Tourneo Courier : l&rsquo;autonomie est connue !","datePublished":"2024-10-15T15:01:45+00:00","dateModified":"2024-10-15T15:44:49+00:00","mainEntityOfPage":{"@id":"https:\/\/www.link2fleet.com\/ford-maakt-batterijcapaciteit-en-rijbereik-e-tourneo-courier-bekend\/"},"wordCount":7,"publisher":{"@id":"https:\/\/www.link2fleet.com\/fr\/#organization"},"image":{"@id":"https:\/\/www.link2fleet.com\/ford-maakt-batterijcapaciteit-en-rijbereik-e-tourneo-courier-bekend\/#primaryimage"},"thumbnailUrl":"https:\/\/static.link2fleet.com\/wp-content\/uploads\/2024\/10\/2024-ford-e-tourneo-courier-18-low.jpg","keywords":["EV"],"articleSection":["Actus","Importateurs et constructeurs","V\u00e9hicules"],"inLanguage":"fr-FR"},{"@type":"WebPage","@id":"https:\/\/www.link2fleet.com\/ford-maakt-batterijcapaciteit-en-rijbereik-e-tourneo-courier-bekend\/","url":"https:\/\/www.link2fleet.com\/ford-maakt-batterijcapaciteit-en-rijbereik-e-tourneo-courier-bekend\/","name":"Ford E-Tourneo Courier : l'autonomie est connue ! - link2fleet","isPartOf":{"@id":"https:\/\/www.link2fleet.com\/fr\/#website"},"primaryImageOfPage":{"@id":"https:\/\/www.link2fleet.com\/ford-maakt-batterijcapaciteit-en-rijbereik-e-tourneo-courier-bekend\/#primaryimage"},"image":{"@id":"https:\/\/www.link2fleet.com\/ford-maakt-batterijcapaciteit-en-rijbereik-e-tourneo-courier-bekend\/#primaryimage"},"thumbnailUrl":"https:\/\/static.link2fleet.com\/wp-content\/uploads\/2024\/10\/2024-ford-e-tourneo-courier-18-low.jpg","datePublished":"2024-10-15T15:01:45+00:00","dateModified":"2024-10-15T15:44:49+00:00","description":"Ford vient de donner plus de d\u00e9tails sur l'autonomie de son E-Tourneo Courier. Celle-ci est relativement modeste...","breadcrumb":{"@id":"https:\/\/www.link2fleet.com\/ford-maakt-batterijcapaciteit-en-rijbereik-e-tourneo-courier-bekend\/#breadcrumb"},"inLanguage":"fr-FR","potentialAction":[{"@type":"ReadAction","target":["https:\/\/www.link2fleet.com\/ford-maakt-batterijcapaciteit-en-rijbereik-e-tourneo-courier-bekend\/"]}]},{"@type":"ImageObject","inLanguage":"fr-FR","@id":"https:\/\/www.link2fleet.com\/ford-maakt-batterijcapaciteit-en-rijbereik-e-tourneo-courier-bekend\/#primaryimage","url":"https:\/\/static.link2fleet.com\/wp-content\/uploads\/2024\/10\/2024-ford-e-tourneo-courier-18-low.jpg","contentUrl":"https:\/\/static.link2fleet.com\/wp-content\/uploads\/2024\/10\/2024-ford-e-tourneo-courier-18-low.jpg","width":2048,"height":1366},{"@type":"BreadcrumbList","@id":"https:\/\/www.link2fleet.com\/ford-maakt-batterijcapaciteit-en-rijbereik-e-tourneo-courier-bekend\/#breadcrumb","itemListElement":[{"@type":"ListItem","position":1,"name":"Home","item":"https:\/\/www.link2fleet.com\/fr\/"},{"@type":"ListItem","position":2,"name":"Ford E-Tourneo Courier : l&#8217;autonomie est connue !"}]},{"@type":"WebSite","@id":"https:\/\/www.link2fleet.com\/fr\/#website","url":"https:\/\/www.link2fleet.com\/fr\/","name":"Link2fleet","description":"","publisher":{"@id":"https:\/\/www.link2fleet.com\/fr\/#organization"},"potentialAction":[{"@type":"SearchAction","target":{"@type":"EntryPoint","urlTemplate":"https:\/\/www.link2fleet.com\/fr\/?s={search_term_string}"},"query-input":{"@type":"PropertyValueSpecification","valueRequired":true,"valueName":"search_term_string"}}],"inLanguage":"fr-FR"},{"@type":"Organization","@id":"https:\/\/www.link2fleet.com\/fr\/#organization","name":"Link2fleet","url":"https:\/\/www.link2fleet.com\/fr\/","logo":{"@type":"ImageObject","inLanguage":"fr-FR","@id":"https:\/\/www.link2fleet.com\/fr\/#\/schema\/logo\/image\/","url":"https:\/\/static.link2fleet.com\/wp-content\/uploads\/2024\/03\/share-image.jpg","contentUrl":"https:\/\/static.link2fleet.com\/wp-content\/uploads\/2024\/03\/share-image.jpg","width":1200,"height":630,"caption":"Link2fleet"},"image":{"@id":"https:\/\/www.link2fleet.com\/fr\/#\/schema\/logo\/image\/"},"sameAs":["https:\/\/www.linkedin.com\/company\/link2fleet-belgium","https:\/\/www.youtube.com\/user\/MMMBMBE"]},{"@type":"Person","@id":"https:\/\/www.link2fleet.com\/fr\/#\/schema\/person\/877bc89c32c65772066cb11fe1e67bbf","name":"Kevin Kersemans","image":{"@type":"ImageObject","inLanguage":"fr-FR","@id":"https:\/\/secure.gravatar.com\/avatar\/b12f7d0f252688f677f4c181b6df65bf86880634bfcef3be42c82efcdb33d654?s=96&d=mm&r=g","url":"https:\/\/secure.gravatar.com\/avatar\/b12f7d0f252688f677f4c181b6df65bf86880634bfcef3be42c82efcdb33d654?s=96&d=mm&r=g","contentUrl":"https:\/\/secure.gravatar.com\/avatar\/b12f7d0f252688f677f4c181b6df65bf86880634bfcef3be42c82efcdb33d654?s=96&d=mm&r=g","caption":"Kevin Kersemans"},"description":"Kevin Kersemans is autojournalist met al enkele decennia ervaring op de teller. Zijn passie voor auto's en alles op wielen heeft hij al van kindsbeen af. Voor link2fleet volgt hij vooral de auto-actualiteit en test hij nieuwe modellen."}]}},"_links":{"self":[{"href":"https:\/\/www.link2fleet.com\/fr\/wp-json\/wp\/v2\/posts\/33835","targetHints":{"allow":["GET"]}}],"collection":[{"href":"https:\/\/www.link2fleet.com\/fr\/wp-json\/wp\/v2\/posts"}],"about":[{"href":"https:\/\/www.link2fleet.com\/fr\/wp-json\/wp\/v2\/types\/post"}],"author":[{"embeddable":true,"href":"https:\/\/www.link2fleet.com\/fr\/wp-json\/wp\/v2\/users\/49"}],"replies":[{"embeddable":true,"href":"https:\/\/www.link2fleet.com\/fr\/wp-json\/wp\/v2\/comments?post=33835"}],"version-history":[{"count":4,"href":"https:\/\/www.link2fleet.com\/fr\/wp-json\/wp\/v2\/posts\/33835\/revisions"}],"predecessor-version":[{"id":33839,"href":"https:\/\/www.link2fleet.com\/fr\/wp-json\/wp\/v2\/posts\/33835\/revisions\/33839"}],"wp:featuredmedia":[{"embeddable":true,"href":"https:\/\/www.link2fleet.com\/fr\/wp-json\/wp\/v2\/media\/33823"}],"wp:attachment":[{"href":"https:\/\/www.link2fleet.com\/fr\/wp-json\/wp\/v2\/media?parent=33835"}],"wp:term":[{"taxonomy":"category","embeddable":true,"href":"https:\/\/www.link2fleet.com\/fr\/wp-json\/wp\/v2\/categories?post=33835"},{"taxonomy":"post_tag","embeddable":true,"href":"https:\/\/www.link2fleet.com\/fr\/wp-json\/wp\/v2\/tags?post=33835"}],"curies":[{"name":"wp","href":"https:\/\/api.w.org\/{rel}","templated":true}]}}