{"id":33937,"date":"2024-10-24T20:52:41","date_gmt":"2024-10-24T18:52:41","guid":{"rendered":"https:\/\/www.link2fleet.com\/?p=33937"},"modified":"2024-10-25T13:03:13","modified_gmt":"2024-10-25T11:03:13","slug":"deux-prix-pour-mediahuis-les-mobility-et-sustainability-awards","status":"publish","type":"post","link":"https:\/\/www.link2fleet.com\/fr\/deux-prix-pour-mediahuis-les-mobility-et-sustainability-awards\/","title":{"rendered":"Deux prix pour Mediahuis : les Mobility et Sustainable awards"},"content":{"rendered":"","protected":false},"excerpt":{"rendered":"","protected":false},"author":4,"featured_media":34197,"comment_status":"closed","ping_status":"closed","sticky":false,"template":"","format":"standard","meta":{"_acf_changed":false,"footnotes":""},"categories":[135],"tags":[538,540,612,613],"class_list":["post-33937","post","type-post","status-publish","format-standard","has-post-thumbnail","hentry","category-news-fr","tag-awards","tag-link2fleet-forum-awards","tag-mobility","tag-sustainable"],"acf":[],"yoast_head":"<!-- This site is optimized with the Yoast SEO plugin v27.3 - https:\/\/yoast.com\/product\/yoast-seo-wordpress\/ -->\n<title>Deux prix pour Mediahuis : les Mobility et Sustainable awards - link2fleet<\/title>\n<meta name=\"description\" content=\"Les Mobility &amp; Sustainable projects awards sont revenus \u00e0 Sandra Eemans (Mediahuis).\" \/>\n<meta name=\"robots\" content=\"index, follow, max-snippet:-1, max-image-preview:large, max-video-preview:-1\" \/>\n<meta property=\"og:locale\" content=\"fr_FR\" \/>\n<meta property=\"og:type\" content=\"article\" \/>\n<meta property=\"og:title\" content=\"Deux prix pour Mediahuis : les Mobility et Sustainable awards - link2fleet\" \/>\n<meta property=\"og:description\" content=\"Les Mobility &amp; Sustainable projects awards sont revenus \u00e0 Sandra Eemans (Mediahuis).\" \/>\n<meta property=\"og:url\" content=\"https:\/\/www.link2fleet.com\/deux-prix-pour-mediahuis-les-mobility-et-sustainability-awards\/\" \/>\n<meta property=\"og:site_name\" content=\"link2fleet\" \/>\n<meta property=\"article:published_time\" content=\"2024-10-24T18:52:41+00:00\" \/>\n<meta property=\"article:modified_time\" content=\"2024-10-25T11:03:13+00:00\" \/>\n<meta property=\"og:image\" content=\"https:\/\/static.link2fleet.com\/wp-content\/uploads\/2024\/10\/mobility-sustainable-award-2024-mediahuis-sandra-eemans.jpg\" \/>\n\t<meta property=\"og:image:width\" content=\"2048\" \/>\n\t<meta property=\"og:image:height\" content=\"1365\" \/>\n\t<meta property=\"og:image:type\" content=\"image\/jpeg\" \/>\n<meta name=\"author\" content=\"Damien Malvetti\" \/>\n<meta name=\"twitter:card\" content=\"summary_large_image\" \/>\n<meta name=\"twitter:description\" content=\"Les Mobility &amp; Sustainable projects awards sont revenus \u00e0 Sandra Eemans (Mediahuis).\" \/>\n<meta name=\"twitter:label1\" content=\"\u00c9crit par\" \/>\n\t<meta name=\"twitter:data1\" content=\"Damien Malvetti\" \/>\n\t<meta name=\"twitter:label2\" content=\"Dur\u00e9e de lecture estim\u00e9e\" \/>\n\t<meta name=\"twitter:data2\" content=\"4 minutes\" \/>\n<script type=\"application\/ld+json\" class=\"yoast-schema-graph\">{\"@context\":\"https:\\\/\\\/schema.org\",\"@graph\":[{\"@type\":\"Article\",\"@id\":\"https:\\\/\\\/www.link2fleet.com\\\/deux-prix-pour-mediahuis-les-mobility-et-sustainability-awards\\\/#article\",\"isPartOf\":{\"@id\":\"https:\\\/\\\/www.link2fleet.com\\\/deux-prix-pour-mediahuis-les-mobility-et-sustainability-awards\\\/\"},\"author\":{\"name\":\"Damien Malvetti\",\"@id\":\"https:\\\/\\\/www.link2fleet.com\\\/fr\\\/#\\\/schema\\\/person\\\/027cd46113c78036b3809c9a054049da\"},\"headline\":\"Deux prix pour Mediahuis : les Mobility et Sustainable awards\",\"datePublished\":\"2024-10-24T18:52:41+00:00\",\"dateModified\":\"2024-10-25T11:03:13+00:00\",\"mainEntityOfPage\":{\"@id\":\"https:\\\/\\\/www.link2fleet.com\\\/deux-prix-pour-mediahuis-les-mobility-et-sustainability-awards\\\/\"},\"wordCount\":9,\"publisher\":{\"@id\":\"https:\\\/\\\/www.link2fleet.com\\\/fr\\\/#organization\"},\"image\":{\"@id\":\"https:\\\/\\\/www.link2fleet.com\\\/deux-prix-pour-mediahuis-les-mobility-et-sustainability-awards\\\/#primaryimage\"},\"thumbnailUrl\":\"https:\\\/\\\/static.link2fleet.com\\\/wp-content\\\/uploads\\\/2024\\\/10\\\/mobility-sustainable-award-2024-mediahuis-sandra-eemans.jpg\",\"keywords\":[\"awards\",\"link2fleet forum &amp; awards\",\"mobility\",\"sustainable\"],\"articleSection\":[\"Actus\"],\"inLanguage\":\"fr-FR\"},{\"@type\":\"WebPage\",\"@id\":\"https:\\\/\\\/www.link2fleet.com\\\/deux-prix-pour-mediahuis-les-mobility-et-sustainability-awards\\\/\",\"url\":\"https:\\\/\\\/www.link2fleet.com\\\/deux-prix-pour-mediahuis-les-mobility-et-sustainability-awards\\\/\",\"name\":\"Deux prix pour Mediahuis : les Mobility et Sustainable awards - link2fleet\",\"isPartOf\":{\"@id\":\"https:\\\/\\\/www.link2fleet.com\\\/fr\\\/#website\"},\"primaryImageOfPage\":{\"@id\":\"https:\\\/\\\/www.link2fleet.com\\\/deux-prix-pour-mediahuis-les-mobility-et-sustainability-awards\\\/#primaryimage\"},\"image\":{\"@id\":\"https:\\\/\\\/www.link2fleet.com\\\/deux-prix-pour-mediahuis-les-mobility-et-sustainability-awards\\\/#primaryimage\"},\"thumbnailUrl\":\"https:\\\/\\\/static.link2fleet.com\\\/wp-content\\\/uploads\\\/2024\\\/10\\\/mobility-sustainable-award-2024-mediahuis-sandra-eemans.jpg\",\"datePublished\":\"2024-10-24T18:52:41+00:00\",\"dateModified\":\"2024-10-25T11:03:13+00:00\",\"description\":\"Les Mobility & Sustainable projects awards 2024 sont revenus \u00e0 Sandra Eemans (Mediahuis).\",\"breadcrumb\":{\"@id\":\"https:\\\/\\\/www.link2fleet.com\\\/deux-prix-pour-mediahuis-les-mobility-et-sustainability-awards\\\/#breadcrumb\"},\"inLanguage\":\"fr-FR\",\"potentialAction\":[{\"@type\":\"ReadAction\",\"target\":[\"https:\\\/\\\/www.link2fleet.com\\\/deux-prix-pour-mediahuis-les-mobility-et-sustainability-awards\\\/\"]}]},{\"@type\":\"ImageObject\",\"inLanguage\":\"fr-FR\",\"@id\":\"https:\\\/\\\/www.link2fleet.com\\\/deux-prix-pour-mediahuis-les-mobility-et-sustainability-awards\\\/#primaryimage\",\"url\":\"https:\\\/\\\/static.link2fleet.com\\\/wp-content\\\/uploads\\\/2024\\\/10\\\/mobility-sustainable-award-2024-mediahuis-sandra-eemans.jpg\",\"contentUrl\":\"https:\\\/\\\/static.link2fleet.com\\\/wp-content\\\/uploads\\\/2024\\\/10\\\/mobility-sustainable-award-2024-mediahuis-sandra-eemans.jpg\",\"width\":2048,\"height\":1365,\"caption\":\"Lio_Photography\"},{\"@type\":\"BreadcrumbList\",\"@id\":\"https:\\\/\\\/www.link2fleet.com\\\/deux-prix-pour-mediahuis-les-mobility-et-sustainability-awards\\\/#breadcrumb\",\"itemListElement\":[{\"@type\":\"ListItem\",\"position\":1,\"name\":\"Home\",\"item\":\"https:\\\/\\\/www.link2fleet.com\\\/fr\\\/\"},{\"@type\":\"ListItem\",\"position\":2,\"name\":\"Deux prix pour Mediahuis : les Mobility et Sustainable awards\"}]},{\"@type\":\"WebSite\",\"@id\":\"https:\\\/\\\/www.link2fleet.com\\\/fr\\\/#website\",\"url\":\"https:\\\/\\\/www.link2fleet.com\\\/fr\\\/\",\"name\":\"Link2fleet\",\"description\":\"\",\"publisher\":{\"@id\":\"https:\\\/\\\/www.link2fleet.com\\\/fr\\\/#organization\"},\"potentialAction\":[{\"@type\":\"SearchAction\",\"target\":{\"@type\":\"EntryPoint\",\"urlTemplate\":\"https:\\\/\\\/www.link2fleet.com\\\/fr\\\/?s={search_term_string}\"},\"query-input\":{\"@type\":\"PropertyValueSpecification\",\"valueRequired\":true,\"valueName\":\"search_term_string\"}}],\"inLanguage\":\"fr-FR\"},{\"@type\":\"Organization\",\"@id\":\"https:\\\/\\\/www.link2fleet.com\\\/fr\\\/#organization\",\"name\":\"Link2fleet\",\"url\":\"https:\\\/\\\/www.link2fleet.com\\\/fr\\\/\",\"logo\":{\"@type\":\"ImageObject\",\"inLanguage\":\"fr-FR\",\"@id\":\"https:\\\/\\\/www.link2fleet.com\\\/fr\\\/#\\\/schema\\\/logo\\\/image\\\/\",\"url\":\"https:\\\/\\\/static.link2fleet.com\\\/wp-content\\\/uploads\\\/2024\\\/03\\\/share-image.jpg\",\"contentUrl\":\"https:\\\/\\\/static.link2fleet.com\\\/wp-content\\\/uploads\\\/2024\\\/03\\\/share-image.jpg\",\"width\":1200,\"height\":630,\"caption\":\"Link2fleet\"},\"image\":{\"@id\":\"https:\\\/\\\/www.link2fleet.com\\\/fr\\\/#\\\/schema\\\/logo\\\/image\\\/\"},\"sameAs\":[\"https:\\\/\\\/www.linkedin.com\\\/company\\\/link2fleet-belgium\",\"https:\\\/\\\/www.youtube.com\\\/user\\\/MMMBMBE\"]},{\"@type\":\"Person\",\"@id\":\"https:\\\/\\\/www.link2fleet.com\\\/fr\\\/#\\\/schema\\\/person\\\/027cd46113c78036b3809c9a054049da\",\"name\":\"Damien Malvetti\",\"image\":{\"@type\":\"ImageObject\",\"inLanguage\":\"fr-FR\",\"@id\":\"https:\\\/\\\/secure.gravatar.com\\\/avatar\\\/dd8cc03b49466c735f753ac37f8caa371af16dfed347456ed61f02883255eebb?s=96&d=mm&r=g\",\"url\":\"https:\\\/\\\/secure.gravatar.com\\\/avatar\\\/dd8cc03b49466c735f753ac37f8caa371af16dfed347456ed61f02883255eebb?s=96&d=mm&r=g\",\"contentUrl\":\"https:\\\/\\\/secure.gravatar.com\\\/avatar\\\/dd8cc03b49466c735f753ac37f8caa371af16dfed347456ed61f02883255eebb?s=96&d=mm&r=g\",\"caption\":\"Damien Malvetti\"},\"description\":\"Damien Malvetti is opgeleid als journalist en gepassioneerd door wagens, technologie en mobiliteit. Hij is verantwoordelijk voor de redactionele inhoud van link2fleet en beschikt over een uitgebreide kennis van de fleet-sector en elektrische mobiliteit.\",\"sameAs\":[\"https:\\\/\\\/www.linkedin.com\\\/in\\\/damien-malvetti-56601142\\\/\"]}]}<\/script>\n<!-- \/ Yoast SEO plugin. -->","yoast_head_json":{"title":"Deux prix pour Mediahuis : les Mobility et Sustainable awards - link2fleet","description":"Les Mobility &amp; Sustainable projects awards sont revenus \u00e0 Sandra Eemans (Mediahuis).","robots":{"index":"index","follow":"follow","max-snippet":"max-snippet:-1","max-image-preview":"max-image-preview:large","max-video-preview":"max-video-preview:-1"},"og_locale":"fr_FR","og_type":"article","og_title":"Deux prix pour Mediahuis : les Mobility et Sustainable awards - link2fleet","og_description":"Les Mobility &amp; Sustainable projects awards sont revenus \u00e0 Sandra Eemans (Mediahuis).","og_url":"https:\/\/www.link2fleet.com\/deux-prix-pour-mediahuis-les-mobility-et-sustainability-awards\/","og_site_name":"link2fleet","article_published_time":"2024-10-24T18:52:41+00:00","article_modified_time":"2024-10-25T11:03:13+00:00","og_image":[{"width":2048,"height":1365,"url":"https:\/\/static.link2fleet.com\/wp-content\/uploads\/2024\/10\/mobility-sustainable-award-2024-mediahuis-sandra-eemans.jpg","type":"image\/jpeg"}],"author":"Damien Malvetti","twitter_card":"summary_large_image","twitter_description":"Les Mobility &amp; Sustainable projects awards sont revenus \u00e0 Sandra Eemans (Mediahuis).","twitter_misc":{"\u00c9crit par":"Damien Malvetti","Dur\u00e9e de lecture estim\u00e9e":"4 minutes"},"schema":{"@context":"https:\/\/schema.org","@graph":[{"@type":"Article","@id":"https:\/\/www.link2fleet.com\/deux-prix-pour-mediahuis-les-mobility-et-sustainability-awards\/#article","isPartOf":{"@id":"https:\/\/www.link2fleet.com\/deux-prix-pour-mediahuis-les-mobility-et-sustainability-awards\/"},"author":{"name":"Damien Malvetti","@id":"https:\/\/www.link2fleet.com\/fr\/#\/schema\/person\/027cd46113c78036b3809c9a054049da"},"headline":"Deux prix pour Mediahuis : les Mobility et Sustainable awards","datePublished":"2024-10-24T18:52:41+00:00","dateModified":"2024-10-25T11:03:13+00:00","mainEntityOfPage":{"@id":"https:\/\/www.link2fleet.com\/deux-prix-pour-mediahuis-les-mobility-et-sustainability-awards\/"},"wordCount":9,"publisher":{"@id":"https:\/\/www.link2fleet.com\/fr\/#organization"},"image":{"@id":"https:\/\/www.link2fleet.com\/deux-prix-pour-mediahuis-les-mobility-et-sustainability-awards\/#primaryimage"},"thumbnailUrl":"https:\/\/static.link2fleet.com\/wp-content\/uploads\/2024\/10\/mobility-sustainable-award-2024-mediahuis-sandra-eemans.jpg","keywords":["awards","link2fleet forum &amp; awards","mobility","sustainable"],"articleSection":["Actus"],"inLanguage":"fr-FR"},{"@type":"WebPage","@id":"https:\/\/www.link2fleet.com\/deux-prix-pour-mediahuis-les-mobility-et-sustainability-awards\/","url":"https:\/\/www.link2fleet.com\/deux-prix-pour-mediahuis-les-mobility-et-sustainability-awards\/","name":"Deux prix pour Mediahuis : les Mobility et Sustainable awards - link2fleet","isPartOf":{"@id":"https:\/\/www.link2fleet.com\/fr\/#website"},"primaryImageOfPage":{"@id":"https:\/\/www.link2fleet.com\/deux-prix-pour-mediahuis-les-mobility-et-sustainability-awards\/#primaryimage"},"image":{"@id":"https:\/\/www.link2fleet.com\/deux-prix-pour-mediahuis-les-mobility-et-sustainability-awards\/#primaryimage"},"thumbnailUrl":"https:\/\/static.link2fleet.com\/wp-content\/uploads\/2024\/10\/mobility-sustainable-award-2024-mediahuis-sandra-eemans.jpg","datePublished":"2024-10-24T18:52:41+00:00","dateModified":"2024-10-25T11:03:13+00:00","description":"Les Mobility & Sustainable projects awards 2024 sont revenus \u00e0 Sandra Eemans (Mediahuis).","breadcrumb":{"@id":"https:\/\/www.link2fleet.com\/deux-prix-pour-mediahuis-les-mobility-et-sustainability-awards\/#breadcrumb"},"inLanguage":"fr-FR","potentialAction":[{"@type":"ReadAction","target":["https:\/\/www.link2fleet.com\/deux-prix-pour-mediahuis-les-mobility-et-sustainability-awards\/"]}]},{"@type":"ImageObject","inLanguage":"fr-FR","@id":"https:\/\/www.link2fleet.com\/deux-prix-pour-mediahuis-les-mobility-et-sustainability-awards\/#primaryimage","url":"https:\/\/static.link2fleet.com\/wp-content\/uploads\/2024\/10\/mobility-sustainable-award-2024-mediahuis-sandra-eemans.jpg","contentUrl":"https:\/\/static.link2fleet.com\/wp-content\/uploads\/2024\/10\/mobility-sustainable-award-2024-mediahuis-sandra-eemans.jpg","width":2048,"height":1365,"caption":"Lio_Photography"},{"@type":"BreadcrumbList","@id":"https:\/\/www.link2fleet.com\/deux-prix-pour-mediahuis-les-mobility-et-sustainability-awards\/#breadcrumb","itemListElement":[{"@type":"ListItem","position":1,"name":"Home","item":"https:\/\/www.link2fleet.com\/fr\/"},{"@type":"ListItem","position":2,"name":"Deux prix pour Mediahuis : les Mobility et Sustainable awards"}]},{"@type":"WebSite","@id":"https:\/\/www.link2fleet.com\/fr\/#website","url":"https:\/\/www.link2fleet.com\/fr\/","name":"Link2fleet","description":"","publisher":{"@id":"https:\/\/www.link2fleet.com\/fr\/#organization"},"potentialAction":[{"@type":"SearchAction","target":{"@type":"EntryPoint","urlTemplate":"https:\/\/www.link2fleet.com\/fr\/?s={search_term_string}"},"query-input":{"@type":"PropertyValueSpecification","valueRequired":true,"valueName":"search_term_string"}}],"inLanguage":"fr-FR"},{"@type":"Organization","@id":"https:\/\/www.link2fleet.com\/fr\/#organization","name":"Link2fleet","url":"https:\/\/www.link2fleet.com\/fr\/","logo":{"@type":"ImageObject","inLanguage":"fr-FR","@id":"https:\/\/www.link2fleet.com\/fr\/#\/schema\/logo\/image\/","url":"https:\/\/static.link2fleet.com\/wp-content\/uploads\/2024\/03\/share-image.jpg","contentUrl":"https:\/\/static.link2fleet.com\/wp-content\/uploads\/2024\/03\/share-image.jpg","width":1200,"height":630,"caption":"Link2fleet"},"image":{"@id":"https:\/\/www.link2fleet.com\/fr\/#\/schema\/logo\/image\/"},"sameAs":["https:\/\/www.linkedin.com\/company\/link2fleet-belgium","https:\/\/www.youtube.com\/user\/MMMBMBE"]},{"@type":"Person","@id":"https:\/\/www.link2fleet.com\/fr\/#\/schema\/person\/027cd46113c78036b3809c9a054049da","name":"Damien Malvetti","image":{"@type":"ImageObject","inLanguage":"fr-FR","@id":"https:\/\/secure.gravatar.com\/avatar\/dd8cc03b49466c735f753ac37f8caa371af16dfed347456ed61f02883255eebb?s=96&d=mm&r=g","url":"https:\/\/secure.gravatar.com\/avatar\/dd8cc03b49466c735f753ac37f8caa371af16dfed347456ed61f02883255eebb?s=96&d=mm&r=g","contentUrl":"https:\/\/secure.gravatar.com\/avatar\/dd8cc03b49466c735f753ac37f8caa371af16dfed347456ed61f02883255eebb?s=96&d=mm&r=g","caption":"Damien Malvetti"},"description":"Damien Malvetti is opgeleid als journalist en gepassioneerd door wagens, technologie en mobiliteit. Hij is verantwoordelijk voor de redactionele inhoud van link2fleet en beschikt over een uitgebreide kennis van de fleet-sector en elektrische mobiliteit.","sameAs":["https:\/\/www.linkedin.com\/in\/damien-malvetti-56601142\/"]}]}},"_links":{"self":[{"href":"https:\/\/www.link2fleet.com\/fr\/wp-json\/wp\/v2\/posts\/33937","targetHints":{"allow":["GET"]}}],"collection":[{"href":"https:\/\/www.link2fleet.com\/fr\/wp-json\/wp\/v2\/posts"}],"about":[{"href":"https:\/\/www.link2fleet.com\/fr\/wp-json\/wp\/v2\/types\/post"}],"author":[{"embeddable":true,"href":"https:\/\/www.link2fleet.com\/fr\/wp-json\/wp\/v2\/users\/4"}],"replies":[{"embeddable":true,"href":"https:\/\/www.link2fleet.com\/fr\/wp-json\/wp\/v2\/comments?post=33937"}],"version-history":[{"count":3,"href":"https:\/\/www.link2fleet.com\/fr\/wp-json\/wp\/v2\/posts\/33937\/revisions"}],"predecessor-version":[{"id":34255,"href":"https:\/\/www.link2fleet.com\/fr\/wp-json\/wp\/v2\/posts\/33937\/revisions\/34255"}],"wp:featuredmedia":[{"embeddable":true,"href":"https:\/\/www.link2fleet.com\/fr\/wp-json\/wp\/v2\/media\/34197"}],"wp:attachment":[{"href":"https:\/\/www.link2fleet.com\/fr\/wp-json\/wp\/v2\/media?parent=33937"}],"wp:term":[{"taxonomy":"category","embeddable":true,"href":"https:\/\/www.link2fleet.com\/fr\/wp-json\/wp\/v2\/categories?post=33937"},{"taxonomy":"post_tag","embeddable":true,"href":"https:\/\/www.link2fleet.com\/fr\/wp-json\/wp\/v2\/tags?post=33937"}],"curies":[{"name":"wp","href":"https:\/\/api.w.org\/{rel}","templated":true}]}}