{"id":33963,"date":"2024-10-24T20:40:03","date_gmt":"2024-10-24T18:40:03","guid":{"rendered":"https:\/\/www.link2fleet.com\/?p=33963"},"modified":"2024-10-25T11:44:09","modified_gmt":"2024-10-25T09:44:09","slug":"le-fleet-mobility-innovation-award-2024-pour-mbrella-charge","status":"publish","type":"post","link":"https:\/\/www.link2fleet.com\/fr\/le-fleet-mobility-innovation-award-2024-pour-mbrella-charge\/","title":{"rendered":"Le Fleet &#038; mobility innovation award 2024 pour Mbrella Charge"},"content":{"rendered":"","protected":false},"excerpt":{"rendered":"","protected":false},"author":4,"featured_media":34193,"comment_status":"closed","ping_status":"closed","sticky":false,"template":"","format":"standard","meta":{"_acf_changed":false,"footnotes":""},"categories":[135],"tags":[538,218,620,540,612],"class_list":["post-33963","post","type-post","status-publish","format-standard","has-post-thumbnail","hentry","category-news-fr","tag-awards","tag-fleet-fr","tag-innovation","tag-link2fleet-forum-awards","tag-mobility"],"acf":[],"yoast_head":"<!-- This site is optimized with the Yoast SEO plugin v27.3 - https:\/\/yoast.com\/product\/yoast-seo-wordpress\/ -->\n<title>Le Fleet &amp; mobility innovation award 2024 pour Mbrella Charge - link2fleet<\/title>\n<meta name=\"description\" content=\"Cinq fournisseurs du secteur avaient d\u00e9pos\u00e9 leur candidature pour d\u00e9fendre un nouveau produit ou service au titre de Fleet &amp; Mobility Innovation Award. Ce sont\u2026\" \/>\n<meta name=\"robots\" content=\"index, follow, max-snippet:-1, max-image-preview:large, max-video-preview:-1\" \/>\n<meta property=\"og:locale\" content=\"fr_FR\" \/>\n<meta property=\"og:type\" content=\"article\" \/>\n<meta property=\"og:title\" content=\"Le Fleet &amp; mobility innovation award 2024 pour Mbrella Charge - link2fleet\" \/>\n<meta property=\"og:description\" content=\"Cinq fournisseurs du secteur avaient d\u00e9pos\u00e9 leur candidature pour d\u00e9fendre un nouveau produit ou service au titre de Fleet &amp; Mobility Innovation Award. Ce sont\u2026\" \/>\n<meta property=\"og:url\" content=\"https:\/\/www.link2fleet.com\/le-fleet-mobility-innovation-award-2024-pour-mbrella-charge\/\" \/>\n<meta property=\"og:site_name\" content=\"link2fleet\" \/>\n<meta property=\"article:published_time\" content=\"2024-10-24T18:40:03+00:00\" \/>\n<meta property=\"article:modified_time\" content=\"2024-10-25T09:44:09+00:00\" \/>\n<meta property=\"og:image\" content=\"https:\/\/static.link2fleet.com\/wp-content\/uploads\/2024\/10\/innovation-award-2024-mbrella-charge.jpg\" \/>\n\t<meta property=\"og:image:width\" content=\"2048\" \/>\n\t<meta property=\"og:image:height\" content=\"1365\" \/>\n\t<meta property=\"og:image:type\" content=\"image\/jpeg\" \/>\n<meta name=\"author\" content=\"Damien Malvetti\" \/>\n<meta name=\"twitter:card\" content=\"summary_large_image\" \/>\n<meta name=\"twitter:description\" content=\"Cinq fournisseurs du secteur avaient d\u00e9pos\u00e9 leur candidature pour d\u00e9fendre un nouveau produit ou service au titre de Fleet &amp; Mobility Innovation Award. Ce sont\u2026\" \/>\n<meta name=\"twitter:label1\" content=\"\u00c9crit par\" \/>\n\t<meta name=\"twitter:data1\" content=\"Damien Malvetti\" \/>\n\t<meta name=\"twitter:label2\" content=\"Dur\u00e9e de lecture estim\u00e9e\" \/>\n\t<meta name=\"twitter:data2\" content=\"2 minutes\" \/>\n<script type=\"application\/ld+json\" class=\"yoast-schema-graph\">{\"@context\":\"https:\\\/\\\/schema.org\",\"@graph\":[{\"@type\":\"Article\",\"@id\":\"https:\\\/\\\/www.link2fleet.com\\\/le-fleet-mobility-innovation-award-2024-pour-mbrella-charge\\\/#article\",\"isPartOf\":{\"@id\":\"https:\\\/\\\/www.link2fleet.com\\\/le-fleet-mobility-innovation-award-2024-pour-mbrella-charge\\\/\"},\"author\":{\"name\":\"Damien Malvetti\",\"@id\":\"https:\\\/\\\/www.link2fleet.com\\\/fr\\\/#\\\/schema\\\/person\\\/027cd46113c78036b3809c9a054049da\"},\"headline\":\"Le Fleet &#038; mobility innovation award 2024 pour Mbrella Charge\",\"datePublished\":\"2024-10-24T18:40:03+00:00\",\"dateModified\":\"2024-10-25T09:44:09+00:00\",\"mainEntityOfPage\":{\"@id\":\"https:\\\/\\\/www.link2fleet.com\\\/le-fleet-mobility-innovation-award-2024-pour-mbrella-charge\\\/\"},\"wordCount\":8,\"publisher\":{\"@id\":\"https:\\\/\\\/www.link2fleet.com\\\/fr\\\/#organization\"},\"image\":{\"@id\":\"https:\\\/\\\/www.link2fleet.com\\\/le-fleet-mobility-innovation-award-2024-pour-mbrella-charge\\\/#primaryimage\"},\"thumbnailUrl\":\"https:\\\/\\\/static.link2fleet.com\\\/wp-content\\\/uploads\\\/2024\\\/10\\\/innovation-award-2024-mbrella-charge.jpg\",\"keywords\":[\"awards\",\"fleet\",\"innovation\",\"link2fleet forum &amp; awards\",\"mobility\"],\"articleSection\":[\"Actus\"],\"inLanguage\":\"fr-FR\"},{\"@type\":\"WebPage\",\"@id\":\"https:\\\/\\\/www.link2fleet.com\\\/le-fleet-mobility-innovation-award-2024-pour-mbrella-charge\\\/\",\"url\":\"https:\\\/\\\/www.link2fleet.com\\\/le-fleet-mobility-innovation-award-2024-pour-mbrella-charge\\\/\",\"name\":\"Le Fleet & mobility innovation award 2024 pour Mbrella Charge - link2fleet\",\"isPartOf\":{\"@id\":\"https:\\\/\\\/www.link2fleet.com\\\/fr\\\/#website\"},\"primaryImageOfPage\":{\"@id\":\"https:\\\/\\\/www.link2fleet.com\\\/le-fleet-mobility-innovation-award-2024-pour-mbrella-charge\\\/#primaryimage\"},\"image\":{\"@id\":\"https:\\\/\\\/www.link2fleet.com\\\/le-fleet-mobility-innovation-award-2024-pour-mbrella-charge\\\/#primaryimage\"},\"thumbnailUrl\":\"https:\\\/\\\/static.link2fleet.com\\\/wp-content\\\/uploads\\\/2024\\\/10\\\/innovation-award-2024-mbrella-charge.jpg\",\"datePublished\":\"2024-10-24T18:40:03+00:00\",\"dateModified\":\"2024-10-25T09:44:09+00:00\",\"description\":\"5 fournisseurs avaient d\u00e9pos\u00e9 leur candidature pour d\u00e9fendre un nouveau produit ou service au titre de Fleet & Mobility Innovation Award.\",\"breadcrumb\":{\"@id\":\"https:\\\/\\\/www.link2fleet.com\\\/le-fleet-mobility-innovation-award-2024-pour-mbrella-charge\\\/#breadcrumb\"},\"inLanguage\":\"fr-FR\",\"potentialAction\":[{\"@type\":\"ReadAction\",\"target\":[\"https:\\\/\\\/www.link2fleet.com\\\/le-fleet-mobility-innovation-award-2024-pour-mbrella-charge\\\/\"]}]},{\"@type\":\"ImageObject\",\"inLanguage\":\"fr-FR\",\"@id\":\"https:\\\/\\\/www.link2fleet.com\\\/le-fleet-mobility-innovation-award-2024-pour-mbrella-charge\\\/#primaryimage\",\"url\":\"https:\\\/\\\/static.link2fleet.com\\\/wp-content\\\/uploads\\\/2024\\\/10\\\/innovation-award-2024-mbrella-charge.jpg\",\"contentUrl\":\"https:\\\/\\\/static.link2fleet.com\\\/wp-content\\\/uploads\\\/2024\\\/10\\\/innovation-award-2024-mbrella-charge.jpg\",\"width\":2048,\"height\":1365,\"caption\":\"Lio_Photography\"},{\"@type\":\"BreadcrumbList\",\"@id\":\"https:\\\/\\\/www.link2fleet.com\\\/le-fleet-mobility-innovation-award-2024-pour-mbrella-charge\\\/#breadcrumb\",\"itemListElement\":[{\"@type\":\"ListItem\",\"position\":1,\"name\":\"Home\",\"item\":\"https:\\\/\\\/www.link2fleet.com\\\/fr\\\/\"},{\"@type\":\"ListItem\",\"position\":2,\"name\":\"Le Fleet &#038; mobility innovation award 2024 pour Mbrella Charge\"}]},{\"@type\":\"WebSite\",\"@id\":\"https:\\\/\\\/www.link2fleet.com\\\/fr\\\/#website\",\"url\":\"https:\\\/\\\/www.link2fleet.com\\\/fr\\\/\",\"name\":\"Link2fleet\",\"description\":\"\",\"publisher\":{\"@id\":\"https:\\\/\\\/www.link2fleet.com\\\/fr\\\/#organization\"},\"potentialAction\":[{\"@type\":\"SearchAction\",\"target\":{\"@type\":\"EntryPoint\",\"urlTemplate\":\"https:\\\/\\\/www.link2fleet.com\\\/fr\\\/?s={search_term_string}\"},\"query-input\":{\"@type\":\"PropertyValueSpecification\",\"valueRequired\":true,\"valueName\":\"search_term_string\"}}],\"inLanguage\":\"fr-FR\"},{\"@type\":\"Organization\",\"@id\":\"https:\\\/\\\/www.link2fleet.com\\\/fr\\\/#organization\",\"name\":\"Link2fleet\",\"url\":\"https:\\\/\\\/www.link2fleet.com\\\/fr\\\/\",\"logo\":{\"@type\":\"ImageObject\",\"inLanguage\":\"fr-FR\",\"@id\":\"https:\\\/\\\/www.link2fleet.com\\\/fr\\\/#\\\/schema\\\/logo\\\/image\\\/\",\"url\":\"https:\\\/\\\/static.link2fleet.com\\\/wp-content\\\/uploads\\\/2024\\\/03\\\/share-image.jpg\",\"contentUrl\":\"https:\\\/\\\/static.link2fleet.com\\\/wp-content\\\/uploads\\\/2024\\\/03\\\/share-image.jpg\",\"width\":1200,\"height\":630,\"caption\":\"Link2fleet\"},\"image\":{\"@id\":\"https:\\\/\\\/www.link2fleet.com\\\/fr\\\/#\\\/schema\\\/logo\\\/image\\\/\"},\"sameAs\":[\"https:\\\/\\\/www.linkedin.com\\\/company\\\/link2fleet-belgium\",\"https:\\\/\\\/www.youtube.com\\\/user\\\/MMMBMBE\"]},{\"@type\":\"Person\",\"@id\":\"https:\\\/\\\/www.link2fleet.com\\\/fr\\\/#\\\/schema\\\/person\\\/027cd46113c78036b3809c9a054049da\",\"name\":\"Damien Malvetti\",\"image\":{\"@type\":\"ImageObject\",\"inLanguage\":\"fr-FR\",\"@id\":\"https:\\\/\\\/secure.gravatar.com\\\/avatar\\\/dd8cc03b49466c735f753ac37f8caa371af16dfed347456ed61f02883255eebb?s=96&d=mm&r=g\",\"url\":\"https:\\\/\\\/secure.gravatar.com\\\/avatar\\\/dd8cc03b49466c735f753ac37f8caa371af16dfed347456ed61f02883255eebb?s=96&d=mm&r=g\",\"contentUrl\":\"https:\\\/\\\/secure.gravatar.com\\\/avatar\\\/dd8cc03b49466c735f753ac37f8caa371af16dfed347456ed61f02883255eebb?s=96&d=mm&r=g\",\"caption\":\"Damien Malvetti\"},\"description\":\"Damien Malvetti is opgeleid als journalist en gepassioneerd door wagens, technologie en mobiliteit. Hij is verantwoordelijk voor de redactionele inhoud van link2fleet en beschikt over een uitgebreide kennis van de fleet-sector en elektrische mobiliteit.\",\"sameAs\":[\"https:\\\/\\\/www.linkedin.com\\\/in\\\/damien-malvetti-56601142\\\/\"]}]}<\/script>\n<!-- \/ Yoast SEO plugin. -->","yoast_head_json":{"title":"Le Fleet & mobility innovation award 2024 pour Mbrella Charge - link2fleet","description":"Cinq fournisseurs du secteur avaient d\u00e9pos\u00e9 leur candidature pour d\u00e9fendre un nouveau produit ou service au titre de Fleet &amp; Mobility Innovation Award. Ce sont\u2026","robots":{"index":"index","follow":"follow","max-snippet":"max-snippet:-1","max-image-preview":"max-image-preview:large","max-video-preview":"max-video-preview:-1"},"og_locale":"fr_FR","og_type":"article","og_title":"Le Fleet & mobility innovation award 2024 pour Mbrella Charge - link2fleet","og_description":"Cinq fournisseurs du secteur avaient d\u00e9pos\u00e9 leur candidature pour d\u00e9fendre un nouveau produit ou service au titre de Fleet &amp; Mobility Innovation Award. Ce sont\u2026","og_url":"https:\/\/www.link2fleet.com\/le-fleet-mobility-innovation-award-2024-pour-mbrella-charge\/","og_site_name":"link2fleet","article_published_time":"2024-10-24T18:40:03+00:00","article_modified_time":"2024-10-25T09:44:09+00:00","og_image":[{"width":2048,"height":1365,"url":"https:\/\/static.link2fleet.com\/wp-content\/uploads\/2024\/10\/innovation-award-2024-mbrella-charge.jpg","type":"image\/jpeg"}],"author":"Damien Malvetti","twitter_card":"summary_large_image","twitter_description":"Cinq fournisseurs du secteur avaient d\u00e9pos\u00e9 leur candidature pour d\u00e9fendre un nouveau produit ou service au titre de Fleet &amp; Mobility Innovation Award. Ce sont\u2026","twitter_misc":{"\u00c9crit par":"Damien Malvetti","Dur\u00e9e de lecture estim\u00e9e":"2 minutes"},"schema":{"@context":"https:\/\/schema.org","@graph":[{"@type":"Article","@id":"https:\/\/www.link2fleet.com\/le-fleet-mobility-innovation-award-2024-pour-mbrella-charge\/#article","isPartOf":{"@id":"https:\/\/www.link2fleet.com\/le-fleet-mobility-innovation-award-2024-pour-mbrella-charge\/"},"author":{"name":"Damien Malvetti","@id":"https:\/\/www.link2fleet.com\/fr\/#\/schema\/person\/027cd46113c78036b3809c9a054049da"},"headline":"Le Fleet &#038; mobility innovation award 2024 pour Mbrella Charge","datePublished":"2024-10-24T18:40:03+00:00","dateModified":"2024-10-25T09:44:09+00:00","mainEntityOfPage":{"@id":"https:\/\/www.link2fleet.com\/le-fleet-mobility-innovation-award-2024-pour-mbrella-charge\/"},"wordCount":8,"publisher":{"@id":"https:\/\/www.link2fleet.com\/fr\/#organization"},"image":{"@id":"https:\/\/www.link2fleet.com\/le-fleet-mobility-innovation-award-2024-pour-mbrella-charge\/#primaryimage"},"thumbnailUrl":"https:\/\/static.link2fleet.com\/wp-content\/uploads\/2024\/10\/innovation-award-2024-mbrella-charge.jpg","keywords":["awards","fleet","innovation","link2fleet forum &amp; awards","mobility"],"articleSection":["Actus"],"inLanguage":"fr-FR"},{"@type":"WebPage","@id":"https:\/\/www.link2fleet.com\/le-fleet-mobility-innovation-award-2024-pour-mbrella-charge\/","url":"https:\/\/www.link2fleet.com\/le-fleet-mobility-innovation-award-2024-pour-mbrella-charge\/","name":"Le Fleet & mobility innovation award 2024 pour Mbrella Charge - link2fleet","isPartOf":{"@id":"https:\/\/www.link2fleet.com\/fr\/#website"},"primaryImageOfPage":{"@id":"https:\/\/www.link2fleet.com\/le-fleet-mobility-innovation-award-2024-pour-mbrella-charge\/#primaryimage"},"image":{"@id":"https:\/\/www.link2fleet.com\/le-fleet-mobility-innovation-award-2024-pour-mbrella-charge\/#primaryimage"},"thumbnailUrl":"https:\/\/static.link2fleet.com\/wp-content\/uploads\/2024\/10\/innovation-award-2024-mbrella-charge.jpg","datePublished":"2024-10-24T18:40:03+00:00","dateModified":"2024-10-25T09:44:09+00:00","description":"5 fournisseurs avaient d\u00e9pos\u00e9 leur candidature pour d\u00e9fendre un nouveau produit ou service au titre de Fleet & Mobility Innovation Award.","breadcrumb":{"@id":"https:\/\/www.link2fleet.com\/le-fleet-mobility-innovation-award-2024-pour-mbrella-charge\/#breadcrumb"},"inLanguage":"fr-FR","potentialAction":[{"@type":"ReadAction","target":["https:\/\/www.link2fleet.com\/le-fleet-mobility-innovation-award-2024-pour-mbrella-charge\/"]}]},{"@type":"ImageObject","inLanguage":"fr-FR","@id":"https:\/\/www.link2fleet.com\/le-fleet-mobility-innovation-award-2024-pour-mbrella-charge\/#primaryimage","url":"https:\/\/static.link2fleet.com\/wp-content\/uploads\/2024\/10\/innovation-award-2024-mbrella-charge.jpg","contentUrl":"https:\/\/static.link2fleet.com\/wp-content\/uploads\/2024\/10\/innovation-award-2024-mbrella-charge.jpg","width":2048,"height":1365,"caption":"Lio_Photography"},{"@type":"BreadcrumbList","@id":"https:\/\/www.link2fleet.com\/le-fleet-mobility-innovation-award-2024-pour-mbrella-charge\/#breadcrumb","itemListElement":[{"@type":"ListItem","position":1,"name":"Home","item":"https:\/\/www.link2fleet.com\/fr\/"},{"@type":"ListItem","position":2,"name":"Le Fleet &#038; mobility innovation award 2024 pour Mbrella Charge"}]},{"@type":"WebSite","@id":"https:\/\/www.link2fleet.com\/fr\/#website","url":"https:\/\/www.link2fleet.com\/fr\/","name":"Link2fleet","description":"","publisher":{"@id":"https:\/\/www.link2fleet.com\/fr\/#organization"},"potentialAction":[{"@type":"SearchAction","target":{"@type":"EntryPoint","urlTemplate":"https:\/\/www.link2fleet.com\/fr\/?s={search_term_string}"},"query-input":{"@type":"PropertyValueSpecification","valueRequired":true,"valueName":"search_term_string"}}],"inLanguage":"fr-FR"},{"@type":"Organization","@id":"https:\/\/www.link2fleet.com\/fr\/#organization","name":"Link2fleet","url":"https:\/\/www.link2fleet.com\/fr\/","logo":{"@type":"ImageObject","inLanguage":"fr-FR","@id":"https:\/\/www.link2fleet.com\/fr\/#\/schema\/logo\/image\/","url":"https:\/\/static.link2fleet.com\/wp-content\/uploads\/2024\/03\/share-image.jpg","contentUrl":"https:\/\/static.link2fleet.com\/wp-content\/uploads\/2024\/03\/share-image.jpg","width":1200,"height":630,"caption":"Link2fleet"},"image":{"@id":"https:\/\/www.link2fleet.com\/fr\/#\/schema\/logo\/image\/"},"sameAs":["https:\/\/www.linkedin.com\/company\/link2fleet-belgium","https:\/\/www.youtube.com\/user\/MMMBMBE"]},{"@type":"Person","@id":"https:\/\/www.link2fleet.com\/fr\/#\/schema\/person\/027cd46113c78036b3809c9a054049da","name":"Damien Malvetti","image":{"@type":"ImageObject","inLanguage":"fr-FR","@id":"https:\/\/secure.gravatar.com\/avatar\/dd8cc03b49466c735f753ac37f8caa371af16dfed347456ed61f02883255eebb?s=96&d=mm&r=g","url":"https:\/\/secure.gravatar.com\/avatar\/dd8cc03b49466c735f753ac37f8caa371af16dfed347456ed61f02883255eebb?s=96&d=mm&r=g","contentUrl":"https:\/\/secure.gravatar.com\/avatar\/dd8cc03b49466c735f753ac37f8caa371af16dfed347456ed61f02883255eebb?s=96&d=mm&r=g","caption":"Damien Malvetti"},"description":"Damien Malvetti is opgeleid als journalist en gepassioneerd door wagens, technologie en mobiliteit. Hij is verantwoordelijk voor de redactionele inhoud van link2fleet en beschikt over een uitgebreide kennis van de fleet-sector en elektrische mobiliteit.","sameAs":["https:\/\/www.linkedin.com\/in\/damien-malvetti-56601142\/"]}]}},"_links":{"self":[{"href":"https:\/\/www.link2fleet.com\/fr\/wp-json\/wp\/v2\/posts\/33963","targetHints":{"allow":["GET"]}}],"collection":[{"href":"https:\/\/www.link2fleet.com\/fr\/wp-json\/wp\/v2\/posts"}],"about":[{"href":"https:\/\/www.link2fleet.com\/fr\/wp-json\/wp\/v2\/types\/post"}],"author":[{"embeddable":true,"href":"https:\/\/www.link2fleet.com\/fr\/wp-json\/wp\/v2\/users\/4"}],"replies":[{"embeddable":true,"href":"https:\/\/www.link2fleet.com\/fr\/wp-json\/wp\/v2\/comments?post=33963"}],"version-history":[{"count":1,"href":"https:\/\/www.link2fleet.com\/fr\/wp-json\/wp\/v2\/posts\/33963\/revisions"}],"predecessor-version":[{"id":33964,"href":"https:\/\/www.link2fleet.com\/fr\/wp-json\/wp\/v2\/posts\/33963\/revisions\/33964"}],"wp:featuredmedia":[{"embeddable":true,"href":"https:\/\/www.link2fleet.com\/fr\/wp-json\/wp\/v2\/media\/34193"}],"wp:attachment":[{"href":"https:\/\/www.link2fleet.com\/fr\/wp-json\/wp\/v2\/media?parent=33963"}],"wp:term":[{"taxonomy":"category","embeddable":true,"href":"https:\/\/www.link2fleet.com\/fr\/wp-json\/wp\/v2\/categories?post=33963"},{"taxonomy":"post_tag","embeddable":true,"href":"https:\/\/www.link2fleet.com\/fr\/wp-json\/wp\/v2\/tags?post=33963"}],"curies":[{"name":"wp","href":"https:\/\/api.w.org\/{rel}","templated":true}]}}