{"id":3495,"date":"2021-01-17T08:14:15","date_gmt":"2021-01-17T07:14:15","guid":{"rendered":"https:\/\/www.link2fleet.com\/nouveautes-fleet-la-volkswagen-id-4-cote-pile-bilan-routier-et-cote-face-fiscalite\/"},"modified":"2024-04-17T16:50:56","modified_gmt":"2024-04-17T14:50:56","slug":"nouveautes-fleet-la-volkswagen-id-4-cote-pile-bilan-routier-et-cote-face-fiscalite","status":"publish","type":"post","link":"https:\/\/www.link2fleet.com\/fr\/nouveautes-fleet-la-volkswagen-id-4-cote-pile-bilan-routier-et-cote-face-fiscalite\/","title":{"rendered":"Nouveaut\u00e9s Fleet \u2013 La Volkswagen ID.4 cot\u00e9 pile (bilan routier) et c\u00f4t\u00e9 face (fiscalit\u00e9)"},"content":{"rendered":"<h2>C\u00f4t\u00e9 pile (bilan routier)<\/h2>\n<div class=\"content col-lg-8 col-12 text-justify model-description pb-3 pb-lg-0 order-xs-2 order-sm-2 order-md-2 order-lg-1 tiny-default\">\n<div class=\"cms\">\n<p>Apr\u00e8s l\u2019ID.3, VW propose l\u2019ID.4, un crossover de 4,58 m\u00e8tres de long et 1,63 m de haut, qui soigne aussi sa fonctionnalit\u00e9 puisque son coffre peut accueillir de 541 \u00e0 1.525 litres de bagages. Sur la banquette arri\u00e8re, trois passagers peuvent confortablement s\u2019installer. La planche de bord est globalement identique \u00e0 celle de l\u2019ID.3, avec un premier \u00e9cran derri\u00e8re le volant et un second, flottant, au-dessus de la console centrale. Volkswagen propose \u00e9galement un affichage t\u00eate haute \u00e0 r\u00e9alit\u00e9 augment\u00e9e, qui permet par exemple de projeter les instructions de navigation directement sur la route. Tr\u00e8s \u00e9volu\u00e9e, l\u2019interface multim\u00e9dia r\u00e9agit aussi aux instructions vocales.<\/p>\n<p>Dans un premier temps, l\u2019ID.4 est propos\u00e9 dans une s\u00e9duisante version 1st, dot\u00e9e d\u2019une batterie de 77 kWh (valeur nette) et d\u2019un seul moteur \u00e9lectrique (arri\u00e8re) de 204 ch. L\u2019autonomie WLTP s\u2019\u00e9l\u00e8ve \u00e0 498 km. La batterie peut \u00eatre recharg\u00e9e \u00e0 11 kW (sur une borne triphas\u00e9e de 16 A) ou un chargeur rapide en courant continu avec un d\u00e9bit maximum de 125 kW. D\u2019autres variantes de puissance (dont certaines avec une transmission int\u00e9grale gr\u00e2ce \u00e0 un deuxi\u00e8me moteur \u00e9lectrique sur l\u2019essieu avant) et d\u2019autres formats de batterie suivront, certainement d\u00e9j\u00e0 en 2021.<\/p>\n<\/div>\n<p>&nbsp;<\/p>\n<\/div>\n<h2>C\u00f4t\u00e9 face (fiscalit\u00e9)<\/h2>\n<blockquote><p><strong>D\u00e9couvrez la fiscalit\u00e9 de ce mod\u00e8le via le calculateur d&rsquo;OTOTO.<\/strong><\/p>\n<p>Via le lien suivant, il vous suffit d&rsquo;encoder la r\u00e9gion d&rsquo;immatriculation de votre v\u00e9hicule et le code postal pour obtenir une fiche fiscale compl\u00e8te.<\/p>\n<p><a href=\"https:\/\/ototofunction.azurewebsites.net\/api\/GetCodeDetail?id=a9d70313-e4aa-4182-fde0-08d8b63d8cd8&amp;type=url\"><img loading=\"lazy\" decoding=\"async\" class=\"aligncenter wp-image-1263920\" src=\"https:\/\/www.link2fleet.com\/wp-content\/uploads\/2021\/01\/OTOTO_CALC-e1610721187791.jpg\" alt=\"\" width=\"168\" height=\"125\" \/><\/a><\/p><\/blockquote>\n<h2>Galerie photos<\/h2>\n\n","protected":false},"excerpt":{"rendered":"<p>C\u00f4t\u00e9 pile (bilan routier) Apr\u00e8s l\u2019ID.3, VW propose l\u2019ID.4, un crossover de 4,58 m\u00e8tres de long et 1,63 m de haut, qui soigne aussi sa fonctionnalit\u00e9 puisque son coffre peut accueillir de 541 \u00e0 1.525 litres de bagages. Sur la banquette arri\u00e8re, trois passagers peuvent confortablement s\u2019installer. La planche de bord est globalement identique \u00e0 [&hellip;]<\/p>\n","protected":false},"author":4,"featured_media":3496,"comment_status":"closed","ping_status":"closed","sticky":false,"template":"","format":"standard","meta":{"_acf_changed":false,"footnotes":""},"categories":[2],"tags":[],"class_list":["post-3495","post","type-post","status-publish","format-standard","has-post-thumbnail","hentry","category-non-classifiee"],"acf":[],"yoast_head":"<!-- This site is optimized with the Yoast SEO plugin v27.3 - https:\/\/yoast.com\/product\/yoast-seo-wordpress\/ -->\n<title>Nouveaut\u00e9s Fleet \u2013 La Volkswagen ID.4 cot\u00e9 pile (bilan routier) et c\u00f4t\u00e9 face (fiscalit\u00e9) - link2fleet<\/title>\n<meta name=\"description\" content=\"Volkswagen poursuit son offensive \u00e9lectrique avec cet ID.4 qui essaye de couper l\u2019herbe sous le pied de la Tesla Model Y. Il poss\u00e8de de bons\u2026\" \/>\n<meta name=\"robots\" content=\"index, follow, max-snippet:-1, max-image-preview:large, max-video-preview:-1\" \/>\n<meta property=\"og:locale\" content=\"fr_FR\" \/>\n<meta property=\"og:type\" content=\"article\" \/>\n<meta property=\"og:title\" content=\"Nouveaut\u00e9s Fleet \u2013 La Volkswagen ID.4 cot\u00e9 pile (bilan routier) et c\u00f4t\u00e9 face (fiscalit\u00e9) - link2fleet\" \/>\n<meta property=\"og:description\" content=\"Volkswagen poursuit son offensive \u00e9lectrique avec cet ID.4 qui essaye de couper l\u2019herbe sous le pied de la Tesla Model Y. Il poss\u00e8de de bons\u2026\" \/>\n<meta property=\"og:url\" content=\"https:\/\/www.link2fleet.com\/fr\/nouveautes-fleet-la-volkswagen-id-4-cote-pile-bilan-routier-et-cote-face-fiscalite\/\" \/>\n<meta property=\"og:site_name\" content=\"link2fleet\" \/>\n<meta property=\"article:published_time\" content=\"2021-01-17T07:14:15+00:00\" \/>\n<meta property=\"article:modified_time\" content=\"2024-04-17T14:50:56+00:00\" \/>\n<meta property=\"og:image\" content=\"https:\/\/static.link2fleet.com\/wp-content\/uploads\/2024\/03\/vw-id4-voorkant-1.png\" \/>\n\t<meta property=\"og:image:width\" content=\"703\" \/>\n\t<meta property=\"og:image:height\" content=\"412\" \/>\n\t<meta property=\"og:image:type\" content=\"image\/png\" \/>\n<meta name=\"author\" content=\"Damien Malvetti\" \/>\n<meta name=\"twitter:card\" content=\"summary_large_image\" \/>\n<meta name=\"twitter:description\" content=\"Volkswagen poursuit son offensive \u00e9lectrique avec cet ID.4 qui essaye de couper l\u2019herbe sous le pied de la Tesla Model Y. Il poss\u00e8de de bons\u2026\" \/>\n<meta name=\"twitter:label1\" content=\"\u00c9crit par\" \/>\n\t<meta name=\"twitter:data1\" content=\"Damien Malvetti\" \/>\n\t<meta name=\"twitter:label2\" content=\"Dur\u00e9e de lecture estim\u00e9e\" \/>\n\t<meta name=\"twitter:data2\" content=\"2 minutes\" \/>\n<script type=\"application\/ld+json\" class=\"yoast-schema-graph\">{\"@context\":\"https:\\\/\\\/schema.org\",\"@graph\":[{\"@type\":\"Article\",\"@id\":\"https:\\\/\\\/www.link2fleet.com\\\/fr\\\/nouveautes-fleet-la-volkswagen-id-4-cote-pile-bilan-routier-et-cote-face-fiscalite\\\/#article\",\"isPartOf\":{\"@id\":\"https:\\\/\\\/www.link2fleet.com\\\/fr\\\/nouveautes-fleet-la-volkswagen-id-4-cote-pile-bilan-routier-et-cote-face-fiscalite\\\/\"},\"author\":{\"name\":\"Damien Malvetti\",\"@id\":\"https:\\\/\\\/www.link2fleet.com\\\/fr\\\/#\\\/schema\\\/person\\\/027cd46113c78036b3809c9a054049da\"},\"headline\":\"Nouveaut\u00e9s Fleet \u2013 La Volkswagen ID.4 cot\u00e9 pile (bilan routier) et c\u00f4t\u00e9 face (fiscalit\u00e9)\",\"datePublished\":\"2021-01-17T07:14:15+00:00\",\"dateModified\":\"2024-04-17T14:50:56+00:00\",\"mainEntityOfPage\":{\"@id\":\"https:\\\/\\\/www.link2fleet.com\\\/fr\\\/nouveautes-fleet-la-volkswagen-id-4-cote-pile-bilan-routier-et-cote-face-fiscalite\\\/\"},\"wordCount\":345,\"publisher\":{\"@id\":\"https:\\\/\\\/www.link2fleet.com\\\/fr\\\/#organization\"},\"image\":{\"@id\":\"https:\\\/\\\/www.link2fleet.com\\\/fr\\\/nouveautes-fleet-la-volkswagen-id-4-cote-pile-bilan-routier-et-cote-face-fiscalite\\\/#primaryimage\"},\"thumbnailUrl\":\"https:\\\/\\\/static.link2fleet.com\\\/wp-content\\\/uploads\\\/2024\\\/03\\\/vw-id4-voorkant-1.png\",\"articleSection\":[\"Non classifi\u00e9(e)\"],\"inLanguage\":\"fr-FR\"},{\"@type\":\"WebPage\",\"@id\":\"https:\\\/\\\/www.link2fleet.com\\\/fr\\\/nouveautes-fleet-la-volkswagen-id-4-cote-pile-bilan-routier-et-cote-face-fiscalite\\\/\",\"url\":\"https:\\\/\\\/www.link2fleet.com\\\/fr\\\/nouveautes-fleet-la-volkswagen-id-4-cote-pile-bilan-routier-et-cote-face-fiscalite\\\/\",\"name\":\"Nouveaut\u00e9s Fleet \u2013 La Volkswagen ID.4 cot\u00e9 pile (bilan routier) et c\u00f4t\u00e9 face (fiscalit\u00e9) - link2fleet\",\"isPartOf\":{\"@id\":\"https:\\\/\\\/www.link2fleet.com\\\/fr\\\/#website\"},\"primaryImageOfPage\":{\"@id\":\"https:\\\/\\\/www.link2fleet.com\\\/fr\\\/nouveautes-fleet-la-volkswagen-id-4-cote-pile-bilan-routier-et-cote-face-fiscalite\\\/#primaryimage\"},\"image\":{\"@id\":\"https:\\\/\\\/www.link2fleet.com\\\/fr\\\/nouveautes-fleet-la-volkswagen-id-4-cote-pile-bilan-routier-et-cote-face-fiscalite\\\/#primaryimage\"},\"thumbnailUrl\":\"https:\\\/\\\/static.link2fleet.com\\\/wp-content\\\/uploads\\\/2024\\\/03\\\/vw-id4-voorkant-1.png\",\"datePublished\":\"2021-01-17T07:14:15+00:00\",\"dateModified\":\"2024-04-17T14:50:56+00:00\",\"breadcrumb\":{\"@id\":\"https:\\\/\\\/www.link2fleet.com\\\/fr\\\/nouveautes-fleet-la-volkswagen-id-4-cote-pile-bilan-routier-et-cote-face-fiscalite\\\/#breadcrumb\"},\"inLanguage\":\"fr-FR\",\"potentialAction\":[{\"@type\":\"ReadAction\",\"target\":[\"https:\\\/\\\/www.link2fleet.com\\\/fr\\\/nouveautes-fleet-la-volkswagen-id-4-cote-pile-bilan-routier-et-cote-face-fiscalite\\\/\"]}]},{\"@type\":\"ImageObject\",\"inLanguage\":\"fr-FR\",\"@id\":\"https:\\\/\\\/www.link2fleet.com\\\/fr\\\/nouveautes-fleet-la-volkswagen-id-4-cote-pile-bilan-routier-et-cote-face-fiscalite\\\/#primaryimage\",\"url\":\"https:\\\/\\\/static.link2fleet.com\\\/wp-content\\\/uploads\\\/2024\\\/03\\\/vw-id4-voorkant-1.png\",\"contentUrl\":\"https:\\\/\\\/static.link2fleet.com\\\/wp-content\\\/uploads\\\/2024\\\/03\\\/vw-id4-voorkant-1.png\",\"width\":703,\"height\":412,\"caption\":\"|\"},{\"@type\":\"BreadcrumbList\",\"@id\":\"https:\\\/\\\/www.link2fleet.com\\\/fr\\\/nouveautes-fleet-la-volkswagen-id-4-cote-pile-bilan-routier-et-cote-face-fiscalite\\\/#breadcrumb\",\"itemListElement\":[{\"@type\":\"ListItem\",\"position\":1,\"name\":\"Home\",\"item\":\"https:\\\/\\\/www.link2fleet.com\\\/fr\\\/\"},{\"@type\":\"ListItem\",\"position\":2,\"name\":\"Nouveaut\u00e9s Fleet \u2013 La Volkswagen ID.4 cot\u00e9 pile (bilan routier) et c\u00f4t\u00e9 face (fiscalit\u00e9)\"}]},{\"@type\":\"WebSite\",\"@id\":\"https:\\\/\\\/www.link2fleet.com\\\/fr\\\/#website\",\"url\":\"https:\\\/\\\/www.link2fleet.com\\\/fr\\\/\",\"name\":\"Link2fleet\",\"description\":\"\",\"publisher\":{\"@id\":\"https:\\\/\\\/www.link2fleet.com\\\/fr\\\/#organization\"},\"potentialAction\":[{\"@type\":\"SearchAction\",\"target\":{\"@type\":\"EntryPoint\",\"urlTemplate\":\"https:\\\/\\\/www.link2fleet.com\\\/fr\\\/?s={search_term_string}\"},\"query-input\":{\"@type\":\"PropertyValueSpecification\",\"valueRequired\":true,\"valueName\":\"search_term_string\"}}],\"inLanguage\":\"fr-FR\"},{\"@type\":\"Organization\",\"@id\":\"https:\\\/\\\/www.link2fleet.com\\\/fr\\\/#organization\",\"name\":\"Link2fleet\",\"url\":\"https:\\\/\\\/www.link2fleet.com\\\/fr\\\/\",\"logo\":{\"@type\":\"ImageObject\",\"inLanguage\":\"fr-FR\",\"@id\":\"https:\\\/\\\/www.link2fleet.com\\\/fr\\\/#\\\/schema\\\/logo\\\/image\\\/\",\"url\":\"https:\\\/\\\/static.link2fleet.com\\\/wp-content\\\/uploads\\\/2024\\\/03\\\/share-image.jpg\",\"contentUrl\":\"https:\\\/\\\/static.link2fleet.com\\\/wp-content\\\/uploads\\\/2024\\\/03\\\/share-image.jpg\",\"width\":1200,\"height\":630,\"caption\":\"Link2fleet\"},\"image\":{\"@id\":\"https:\\\/\\\/www.link2fleet.com\\\/fr\\\/#\\\/schema\\\/logo\\\/image\\\/\"},\"sameAs\":[\"https:\\\/\\\/www.linkedin.com\\\/company\\\/link2fleet-belgium\",\"https:\\\/\\\/www.youtube.com\\\/user\\\/MMMBMBE\"]},{\"@type\":\"Person\",\"@id\":\"https:\\\/\\\/www.link2fleet.com\\\/fr\\\/#\\\/schema\\\/person\\\/027cd46113c78036b3809c9a054049da\",\"name\":\"Damien Malvetti\",\"image\":{\"@type\":\"ImageObject\",\"inLanguage\":\"fr-FR\",\"@id\":\"https:\\\/\\\/secure.gravatar.com\\\/avatar\\\/dd8cc03b49466c735f753ac37f8caa371af16dfed347456ed61f02883255eebb?s=96&d=mm&r=g\",\"url\":\"https:\\\/\\\/secure.gravatar.com\\\/avatar\\\/dd8cc03b49466c735f753ac37f8caa371af16dfed347456ed61f02883255eebb?s=96&d=mm&r=g\",\"contentUrl\":\"https:\\\/\\\/secure.gravatar.com\\\/avatar\\\/dd8cc03b49466c735f753ac37f8caa371af16dfed347456ed61f02883255eebb?s=96&d=mm&r=g\",\"caption\":\"Damien Malvetti\"},\"description\":\"Damien Malvetti is opgeleid als journalist en gepassioneerd door wagens, technologie en mobiliteit. Hij is verantwoordelijk voor de redactionele inhoud van link2fleet en beschikt over een uitgebreide kennis van de fleet-sector en elektrische mobiliteit.\",\"sameAs\":[\"https:\\\/\\\/www.linkedin.com\\\/in\\\/damien-malvetti-56601142\\\/\"]}]}<\/script>\n<!-- \/ Yoast SEO plugin. -->","yoast_head_json":{"title":"Nouveaut\u00e9s Fleet \u2013 La Volkswagen ID.4 cot\u00e9 pile (bilan routier) et c\u00f4t\u00e9 face (fiscalit\u00e9) - link2fleet","description":"Volkswagen poursuit son offensive \u00e9lectrique avec cet ID.4 qui essaye de couper l\u2019herbe sous le pied de la Tesla Model Y. Il poss\u00e8de de bons\u2026","robots":{"index":"index","follow":"follow","max-snippet":"max-snippet:-1","max-image-preview":"max-image-preview:large","max-video-preview":"max-video-preview:-1"},"og_locale":"fr_FR","og_type":"article","og_title":"Nouveaut\u00e9s Fleet \u2013 La Volkswagen ID.4 cot\u00e9 pile (bilan routier) et c\u00f4t\u00e9 face (fiscalit\u00e9) - link2fleet","og_description":"Volkswagen poursuit son offensive \u00e9lectrique avec cet ID.4 qui essaye de couper l\u2019herbe sous le pied de la Tesla Model Y. Il poss\u00e8de de bons\u2026","og_url":"https:\/\/www.link2fleet.com\/fr\/nouveautes-fleet-la-volkswagen-id-4-cote-pile-bilan-routier-et-cote-face-fiscalite\/","og_site_name":"link2fleet","article_published_time":"2021-01-17T07:14:15+00:00","article_modified_time":"2024-04-17T14:50:56+00:00","og_image":[{"width":703,"height":412,"url":"https:\/\/static.link2fleet.com\/wp-content\/uploads\/2024\/03\/vw-id4-voorkant-1.png","type":"image\/png"}],"author":"Damien Malvetti","twitter_card":"summary_large_image","twitter_description":"Volkswagen poursuit son offensive \u00e9lectrique avec cet ID.4 qui essaye de couper l\u2019herbe sous le pied de la Tesla Model Y. Il poss\u00e8de de bons\u2026","twitter_misc":{"\u00c9crit par":"Damien Malvetti","Dur\u00e9e de lecture estim\u00e9e":"2 minutes"},"schema":{"@context":"https:\/\/schema.org","@graph":[{"@type":"Article","@id":"https:\/\/www.link2fleet.com\/fr\/nouveautes-fleet-la-volkswagen-id-4-cote-pile-bilan-routier-et-cote-face-fiscalite\/#article","isPartOf":{"@id":"https:\/\/www.link2fleet.com\/fr\/nouveautes-fleet-la-volkswagen-id-4-cote-pile-bilan-routier-et-cote-face-fiscalite\/"},"author":{"name":"Damien Malvetti","@id":"https:\/\/www.link2fleet.com\/fr\/#\/schema\/person\/027cd46113c78036b3809c9a054049da"},"headline":"Nouveaut\u00e9s Fleet \u2013 La Volkswagen ID.4 cot\u00e9 pile (bilan routier) et c\u00f4t\u00e9 face (fiscalit\u00e9)","datePublished":"2021-01-17T07:14:15+00:00","dateModified":"2024-04-17T14:50:56+00:00","mainEntityOfPage":{"@id":"https:\/\/www.link2fleet.com\/fr\/nouveautes-fleet-la-volkswagen-id-4-cote-pile-bilan-routier-et-cote-face-fiscalite\/"},"wordCount":345,"publisher":{"@id":"https:\/\/www.link2fleet.com\/fr\/#organization"},"image":{"@id":"https:\/\/www.link2fleet.com\/fr\/nouveautes-fleet-la-volkswagen-id-4-cote-pile-bilan-routier-et-cote-face-fiscalite\/#primaryimage"},"thumbnailUrl":"https:\/\/static.link2fleet.com\/wp-content\/uploads\/2024\/03\/vw-id4-voorkant-1.png","articleSection":["Non classifi\u00e9(e)"],"inLanguage":"fr-FR"},{"@type":"WebPage","@id":"https:\/\/www.link2fleet.com\/fr\/nouveautes-fleet-la-volkswagen-id-4-cote-pile-bilan-routier-et-cote-face-fiscalite\/","url":"https:\/\/www.link2fleet.com\/fr\/nouveautes-fleet-la-volkswagen-id-4-cote-pile-bilan-routier-et-cote-face-fiscalite\/","name":"Nouveaut\u00e9s Fleet \u2013 La Volkswagen ID.4 cot\u00e9 pile (bilan routier) et c\u00f4t\u00e9 face (fiscalit\u00e9) - link2fleet","isPartOf":{"@id":"https:\/\/www.link2fleet.com\/fr\/#website"},"primaryImageOfPage":{"@id":"https:\/\/www.link2fleet.com\/fr\/nouveautes-fleet-la-volkswagen-id-4-cote-pile-bilan-routier-et-cote-face-fiscalite\/#primaryimage"},"image":{"@id":"https:\/\/www.link2fleet.com\/fr\/nouveautes-fleet-la-volkswagen-id-4-cote-pile-bilan-routier-et-cote-face-fiscalite\/#primaryimage"},"thumbnailUrl":"https:\/\/static.link2fleet.com\/wp-content\/uploads\/2024\/03\/vw-id4-voorkant-1.png","datePublished":"2021-01-17T07:14:15+00:00","dateModified":"2024-04-17T14:50:56+00:00","breadcrumb":{"@id":"https:\/\/www.link2fleet.com\/fr\/nouveautes-fleet-la-volkswagen-id-4-cote-pile-bilan-routier-et-cote-face-fiscalite\/#breadcrumb"},"inLanguage":"fr-FR","potentialAction":[{"@type":"ReadAction","target":["https:\/\/www.link2fleet.com\/fr\/nouveautes-fleet-la-volkswagen-id-4-cote-pile-bilan-routier-et-cote-face-fiscalite\/"]}]},{"@type":"ImageObject","inLanguage":"fr-FR","@id":"https:\/\/www.link2fleet.com\/fr\/nouveautes-fleet-la-volkswagen-id-4-cote-pile-bilan-routier-et-cote-face-fiscalite\/#primaryimage","url":"https:\/\/static.link2fleet.com\/wp-content\/uploads\/2024\/03\/vw-id4-voorkant-1.png","contentUrl":"https:\/\/static.link2fleet.com\/wp-content\/uploads\/2024\/03\/vw-id4-voorkant-1.png","width":703,"height":412,"caption":"|"},{"@type":"BreadcrumbList","@id":"https:\/\/www.link2fleet.com\/fr\/nouveautes-fleet-la-volkswagen-id-4-cote-pile-bilan-routier-et-cote-face-fiscalite\/#breadcrumb","itemListElement":[{"@type":"ListItem","position":1,"name":"Home","item":"https:\/\/www.link2fleet.com\/fr\/"},{"@type":"ListItem","position":2,"name":"Nouveaut\u00e9s Fleet \u2013 La Volkswagen ID.4 cot\u00e9 pile (bilan routier) et c\u00f4t\u00e9 face (fiscalit\u00e9)"}]},{"@type":"WebSite","@id":"https:\/\/www.link2fleet.com\/fr\/#website","url":"https:\/\/www.link2fleet.com\/fr\/","name":"Link2fleet","description":"","publisher":{"@id":"https:\/\/www.link2fleet.com\/fr\/#organization"},"potentialAction":[{"@type":"SearchAction","target":{"@type":"EntryPoint","urlTemplate":"https:\/\/www.link2fleet.com\/fr\/?s={search_term_string}"},"query-input":{"@type":"PropertyValueSpecification","valueRequired":true,"valueName":"search_term_string"}}],"inLanguage":"fr-FR"},{"@type":"Organization","@id":"https:\/\/www.link2fleet.com\/fr\/#organization","name":"Link2fleet","url":"https:\/\/www.link2fleet.com\/fr\/","logo":{"@type":"ImageObject","inLanguage":"fr-FR","@id":"https:\/\/www.link2fleet.com\/fr\/#\/schema\/logo\/image\/","url":"https:\/\/static.link2fleet.com\/wp-content\/uploads\/2024\/03\/share-image.jpg","contentUrl":"https:\/\/static.link2fleet.com\/wp-content\/uploads\/2024\/03\/share-image.jpg","width":1200,"height":630,"caption":"Link2fleet"},"image":{"@id":"https:\/\/www.link2fleet.com\/fr\/#\/schema\/logo\/image\/"},"sameAs":["https:\/\/www.linkedin.com\/company\/link2fleet-belgium","https:\/\/www.youtube.com\/user\/MMMBMBE"]},{"@type":"Person","@id":"https:\/\/www.link2fleet.com\/fr\/#\/schema\/person\/027cd46113c78036b3809c9a054049da","name":"Damien Malvetti","image":{"@type":"ImageObject","inLanguage":"fr-FR","@id":"https:\/\/secure.gravatar.com\/avatar\/dd8cc03b49466c735f753ac37f8caa371af16dfed347456ed61f02883255eebb?s=96&d=mm&r=g","url":"https:\/\/secure.gravatar.com\/avatar\/dd8cc03b49466c735f753ac37f8caa371af16dfed347456ed61f02883255eebb?s=96&d=mm&r=g","contentUrl":"https:\/\/secure.gravatar.com\/avatar\/dd8cc03b49466c735f753ac37f8caa371af16dfed347456ed61f02883255eebb?s=96&d=mm&r=g","caption":"Damien Malvetti"},"description":"Damien Malvetti is opgeleid als journalist en gepassioneerd door wagens, technologie en mobiliteit. Hij is verantwoordelijk voor de redactionele inhoud van link2fleet en beschikt over een uitgebreide kennis van de fleet-sector en elektrische mobiliteit.","sameAs":["https:\/\/www.linkedin.com\/in\/damien-malvetti-56601142\/"]}]}},"_links":{"self":[{"href":"https:\/\/www.link2fleet.com\/fr\/wp-json\/wp\/v2\/posts\/3495","targetHints":{"allow":["GET"]}}],"collection":[{"href":"https:\/\/www.link2fleet.com\/fr\/wp-json\/wp\/v2\/posts"}],"about":[{"href":"https:\/\/www.link2fleet.com\/fr\/wp-json\/wp\/v2\/types\/post"}],"author":[{"embeddable":true,"href":"https:\/\/www.link2fleet.com\/fr\/wp-json\/wp\/v2\/users\/4"}],"replies":[{"embeddable":true,"href":"https:\/\/www.link2fleet.com\/fr\/wp-json\/wp\/v2\/comments?post=3495"}],"version-history":[{"count":0,"href":"https:\/\/www.link2fleet.com\/fr\/wp-json\/wp\/v2\/posts\/3495\/revisions"}],"wp:featuredmedia":[{"embeddable":true,"href":"https:\/\/www.link2fleet.com\/fr\/wp-json\/wp\/v2\/media\/3496"}],"wp:attachment":[{"href":"https:\/\/www.link2fleet.com\/fr\/wp-json\/wp\/v2\/media?parent=3495"}],"wp:term":[{"taxonomy":"category","embeddable":true,"href":"https:\/\/www.link2fleet.com\/fr\/wp-json\/wp\/v2\/categories?post=3495"},{"taxonomy":"post_tag","embeddable":true,"href":"https:\/\/www.link2fleet.com\/fr\/wp-json\/wp\/v2\/tags?post=3495"}],"curies":[{"name":"wp","href":"https:\/\/api.w.org\/{rel}","templated":true}]}}