{"id":35572,"date":"2024-11-14T14:00:21","date_gmt":"2024-11-14T13:00:21","guid":{"rendered":"https:\/\/www.link2fleet.com\/?p=35572"},"modified":"2024-11-13T19:33:56","modified_gmt":"2024-11-13T18:33:56","slug":"samenwerking-idelux-en-fastned-zorgt-voor-doorbraak-elektrische-mobiliteit-in-provincie-luxemburg","status":"publish","type":"post","link":"https:\/\/www.link2fleet.com\/fr\/samenwerking-idelux-en-fastned-zorgt-voor-doorbraak-elektrische-mobiliteit-in-provincie-luxemburg\/","title":{"rendered":"Avanc\u00e9e majeure pour la mobilit\u00e9 \u00e9lectrique en province de Luxembourg gr\u00e2ce \u00e0 un partenariat entre IDELUX et Fastned"},"content":{"rendered":"","protected":false},"excerpt":{"rendered":"","protected":false},"author":43,"featured_media":35566,"comment_status":"closed","ping_status":"closed","sticky":false,"template":"","format":"standard","meta":{"_acf_changed":false,"footnotes":""},"categories":[135],"tags":[168],"class_list":["post-35572","post","type-post","status-publish","format-standard","has-post-thumbnail","hentry","category-news-fr","tag-fastned-fr"],"acf":[],"yoast_head":"<!-- This site is optimized with the Yoast SEO plugin v27.3 - https:\/\/yoast.com\/product\/yoast-seo-wordpress\/ -->\n<title>Avanc\u00e9e majeure pour la mobilit\u00e9 \u00e9lectrique en province de Luxembourg gr\u00e2ce \u00e0 un partenariat entre IDELUX et Fastned - link2fleet<\/title>\n<meta name=\"description\" content=\"La province de Luxembourg franchit une \u00e9tape d\u00e9cisive dans la transition vers une mobilit\u00e9 durable gr\u00e2ce \u00e0 un partenariat novateur entre IDELUX, l\u2019Agence de d\u00e9veloppement\u2026\" \/>\n<meta name=\"robots\" content=\"index, follow, max-snippet:-1, max-image-preview:large, max-video-preview:-1\" \/>\n<meta property=\"og:locale\" content=\"fr_FR\" \/>\n<meta property=\"og:type\" content=\"article\" \/>\n<meta property=\"og:title\" content=\"Avanc\u00e9e majeure pour la mobilit\u00e9 \u00e9lectrique en province de Luxembourg gr\u00e2ce \u00e0 un partenariat entre IDELUX et Fastned - link2fleet\" \/>\n<meta property=\"og:description\" content=\"La province de Luxembourg franchit une \u00e9tape d\u00e9cisive dans la transition vers une mobilit\u00e9 durable gr\u00e2ce \u00e0 un partenariat novateur entre IDELUX, l\u2019Agence de d\u00e9veloppement\u2026\" \/>\n<meta property=\"og:url\" content=\"https:\/\/www.link2fleet.com\/fr\/samenwerking-idelux-en-fastned-zorgt-voor-doorbraak-elektrische-mobiliteit-in-provincie-luxemburg\/\" \/>\n<meta property=\"og:site_name\" content=\"link2fleet\" \/>\n<meta property=\"article:published_time\" content=\"2024-11-14T13:00:21+00:00\" \/>\n<meta property=\"og:image\" content=\"https:\/\/static.link2fleet.com\/wp-content\/uploads\/2024\/11\/1920-stampa0863regalexandrebibaut.jpg\" \/>\n\t<meta property=\"og:image:width\" content=\"1627\" \/>\n\t<meta property=\"og:image:height\" content=\"1200\" \/>\n\t<meta property=\"og:image:type\" content=\"image\/jpeg\" \/>\n<meta name=\"author\" content=\"Jeroen Evens\" \/>\n<meta name=\"twitter:card\" content=\"summary_large_image\" \/>\n<meta name=\"twitter:description\" content=\"La province de Luxembourg franchit une \u00e9tape d\u00e9cisive dans la transition vers une mobilit\u00e9 durable gr\u00e2ce \u00e0 un partenariat novateur entre IDELUX, l\u2019Agence de d\u00e9veloppement\u2026\" \/>\n<meta name=\"twitter:label1\" content=\"\u00c9crit par\" \/>\n\t<meta name=\"twitter:data1\" content=\"Jeroen Evens\" \/>\n\t<meta name=\"twitter:label2\" content=\"Dur\u00e9e de lecture estim\u00e9e\" \/>\n\t<meta name=\"twitter:data2\" content=\"2 minutes\" \/>\n<script type=\"application\/ld+json\" class=\"yoast-schema-graph\">{\"@context\":\"https:\\\/\\\/schema.org\",\"@graph\":[{\"@type\":\"Article\",\"@id\":\"https:\\\/\\\/www.link2fleet.com\\\/fr\\\/samenwerking-idelux-en-fastned-zorgt-voor-doorbraak-elektrische-mobiliteit-in-provincie-luxemburg\\\/#article\",\"isPartOf\":{\"@id\":\"https:\\\/\\\/www.link2fleet.com\\\/fr\\\/samenwerking-idelux-en-fastned-zorgt-voor-doorbraak-elektrische-mobiliteit-in-provincie-luxemburg\\\/\"},\"author\":{\"name\":\"Jeroen Evens\",\"@id\":\"https:\\\/\\\/www.link2fleet.com\\\/fr\\\/#\\\/schema\\\/person\\\/3f23fa5cf039e25761156c930f6bf38f\"},\"headline\":\"Avanc\u00e9e majeure pour la mobilit\u00e9 \u00e9lectrique en province de Luxembourg gr\u00e2ce \u00e0 un partenariat entre IDELUX et Fastned\",\"datePublished\":\"2024-11-14T13:00:21+00:00\",\"mainEntityOfPage\":{\"@id\":\"https:\\\/\\\/www.link2fleet.com\\\/fr\\\/samenwerking-idelux-en-fastned-zorgt-voor-doorbraak-elektrische-mobiliteit-in-provincie-luxemburg\\\/\"},\"wordCount\":19,\"publisher\":{\"@id\":\"https:\\\/\\\/www.link2fleet.com\\\/fr\\\/#organization\"},\"image\":{\"@id\":\"https:\\\/\\\/www.link2fleet.com\\\/fr\\\/samenwerking-idelux-en-fastned-zorgt-voor-doorbraak-elektrische-mobiliteit-in-provincie-luxemburg\\\/#primaryimage\"},\"thumbnailUrl\":\"https:\\\/\\\/static.link2fleet.com\\\/wp-content\\\/uploads\\\/2024\\\/11\\\/1920-stampa0863regalexandrebibaut.jpg\",\"keywords\":[\"Fastned\"],\"articleSection\":[\"Actus\"],\"inLanguage\":\"fr-FR\"},{\"@type\":\"WebPage\",\"@id\":\"https:\\\/\\\/www.link2fleet.com\\\/fr\\\/samenwerking-idelux-en-fastned-zorgt-voor-doorbraak-elektrische-mobiliteit-in-provincie-luxemburg\\\/\",\"url\":\"https:\\\/\\\/www.link2fleet.com\\\/fr\\\/samenwerking-idelux-en-fastned-zorgt-voor-doorbraak-elektrische-mobiliteit-in-provincie-luxemburg\\\/\",\"name\":\"Avanc\u00e9e majeure pour la mobilit\u00e9 \u00e9lectrique en province de Luxembourg gr\u00e2ce \u00e0 un partenariat entre IDELUX et Fastned - link2fleet\",\"isPartOf\":{\"@id\":\"https:\\\/\\\/www.link2fleet.com\\\/fr\\\/#website\"},\"primaryImageOfPage\":{\"@id\":\"https:\\\/\\\/www.link2fleet.com\\\/fr\\\/samenwerking-idelux-en-fastned-zorgt-voor-doorbraak-elektrische-mobiliteit-in-provincie-luxemburg\\\/#primaryimage\"},\"image\":{\"@id\":\"https:\\\/\\\/www.link2fleet.com\\\/fr\\\/samenwerking-idelux-en-fastned-zorgt-voor-doorbraak-elektrische-mobiliteit-in-provincie-luxemburg\\\/#primaryimage\"},\"thumbnailUrl\":\"https:\\\/\\\/static.link2fleet.com\\\/wp-content\\\/uploads\\\/2024\\\/11\\\/1920-stampa0863regalexandrebibaut.jpg\",\"datePublished\":\"2024-11-14T13:00:21+00:00\",\"breadcrumb\":{\"@id\":\"https:\\\/\\\/www.link2fleet.com\\\/fr\\\/samenwerking-idelux-en-fastned-zorgt-voor-doorbraak-elektrische-mobiliteit-in-provincie-luxemburg\\\/#breadcrumb\"},\"inLanguage\":\"fr-FR\",\"potentialAction\":[{\"@type\":\"ReadAction\",\"target\":[\"https:\\\/\\\/www.link2fleet.com\\\/fr\\\/samenwerking-idelux-en-fastned-zorgt-voor-doorbraak-elektrische-mobiliteit-in-provincie-luxemburg\\\/\"]}]},{\"@type\":\"ImageObject\",\"inLanguage\":\"fr-FR\",\"@id\":\"https:\\\/\\\/www.link2fleet.com\\\/fr\\\/samenwerking-idelux-en-fastned-zorgt-voor-doorbraak-elektrische-mobiliteit-in-provincie-luxemburg\\\/#primaryimage\",\"url\":\"https:\\\/\\\/static.link2fleet.com\\\/wp-content\\\/uploads\\\/2024\\\/11\\\/1920-stampa0863regalexandrebibaut.jpg\",\"contentUrl\":\"https:\\\/\\\/static.link2fleet.com\\\/wp-content\\\/uploads\\\/2024\\\/11\\\/1920-stampa0863regalexandrebibaut.jpg\",\"width\":1627,\"height\":1200},{\"@type\":\"BreadcrumbList\",\"@id\":\"https:\\\/\\\/www.link2fleet.com\\\/fr\\\/samenwerking-idelux-en-fastned-zorgt-voor-doorbraak-elektrische-mobiliteit-in-provincie-luxemburg\\\/#breadcrumb\",\"itemListElement\":[{\"@type\":\"ListItem\",\"position\":1,\"name\":\"Home\",\"item\":\"https:\\\/\\\/www.link2fleet.com\\\/fr\\\/\"},{\"@type\":\"ListItem\",\"position\":2,\"name\":\"Avanc\u00e9e majeure pour la mobilit\u00e9 \u00e9lectrique en province de Luxembourg gr\u00e2ce \u00e0 un partenariat entre IDELUX et Fastned\"}]},{\"@type\":\"WebSite\",\"@id\":\"https:\\\/\\\/www.link2fleet.com\\\/fr\\\/#website\",\"url\":\"https:\\\/\\\/www.link2fleet.com\\\/fr\\\/\",\"name\":\"Link2fleet\",\"description\":\"\",\"publisher\":{\"@id\":\"https:\\\/\\\/www.link2fleet.com\\\/fr\\\/#organization\"},\"potentialAction\":[{\"@type\":\"SearchAction\",\"target\":{\"@type\":\"EntryPoint\",\"urlTemplate\":\"https:\\\/\\\/www.link2fleet.com\\\/fr\\\/?s={search_term_string}\"},\"query-input\":{\"@type\":\"PropertyValueSpecification\",\"valueRequired\":true,\"valueName\":\"search_term_string\"}}],\"inLanguage\":\"fr-FR\"},{\"@type\":\"Organization\",\"@id\":\"https:\\\/\\\/www.link2fleet.com\\\/fr\\\/#organization\",\"name\":\"Link2fleet\",\"url\":\"https:\\\/\\\/www.link2fleet.com\\\/fr\\\/\",\"logo\":{\"@type\":\"ImageObject\",\"inLanguage\":\"fr-FR\",\"@id\":\"https:\\\/\\\/www.link2fleet.com\\\/fr\\\/#\\\/schema\\\/logo\\\/image\\\/\",\"url\":\"https:\\\/\\\/static.link2fleet.com\\\/wp-content\\\/uploads\\\/2024\\\/03\\\/share-image.jpg\",\"contentUrl\":\"https:\\\/\\\/static.link2fleet.com\\\/wp-content\\\/uploads\\\/2024\\\/03\\\/share-image.jpg\",\"width\":1200,\"height\":630,\"caption\":\"Link2fleet\"},\"image\":{\"@id\":\"https:\\\/\\\/www.link2fleet.com\\\/fr\\\/#\\\/schema\\\/logo\\\/image\\\/\"},\"sameAs\":[\"https:\\\/\\\/www.linkedin.com\\\/company\\\/link2fleet-belgium\",\"https:\\\/\\\/www.youtube.com\\\/user\\\/MMMBMBE\"]},{\"@type\":\"Person\",\"@id\":\"https:\\\/\\\/www.link2fleet.com\\\/fr\\\/#\\\/schema\\\/person\\\/3f23fa5cf039e25761156c930f6bf38f\",\"name\":\"Jeroen Evens\",\"image\":{\"@type\":\"ImageObject\",\"inLanguage\":\"fr-FR\",\"@id\":\"https:\\\/\\\/secure.gravatar.com\\\/avatar\\\/6e059523a84fbec54e5ec5d0f3fb4322b7b077be22b323085f823d1d7f00f32e?s=96&d=mm&r=g\",\"url\":\"https:\\\/\\\/secure.gravatar.com\\\/avatar\\\/6e059523a84fbec54e5ec5d0f3fb4322b7b077be22b323085f823d1d7f00f32e?s=96&d=mm&r=g\",\"contentUrl\":\"https:\\\/\\\/secure.gravatar.com\\\/avatar\\\/6e059523a84fbec54e5ec5d0f3fb4322b7b077be22b323085f823d1d7f00f32e?s=96&d=mm&r=g\",\"caption\":\"Jeroen Evens\"},\"description\":\"Jeroen Evens is opgeleid in de Communicatiewetenschappen (KULeuven) en is een enthousiaste volger van alles wat met mobiliteit en bedrijfswagens te maken heeft. Als freelance journalist gespecialiseerd in de fleetsector houdt hij al drie jaar lang de vinger aan de pols van de laatste ontwikkelingen in onze sector.\"}]}<\/script>\n<!-- \/ Yoast SEO plugin. -->","yoast_head_json":{"title":"Avanc\u00e9e majeure pour la mobilit\u00e9 \u00e9lectrique en province de Luxembourg gr\u00e2ce \u00e0 un partenariat entre IDELUX et Fastned - link2fleet","description":"La province de Luxembourg franchit une \u00e9tape d\u00e9cisive dans la transition vers une mobilit\u00e9 durable gr\u00e2ce \u00e0 un partenariat novateur entre IDELUX, l\u2019Agence de d\u00e9veloppement\u2026","robots":{"index":"index","follow":"follow","max-snippet":"max-snippet:-1","max-image-preview":"max-image-preview:large","max-video-preview":"max-video-preview:-1"},"og_locale":"fr_FR","og_type":"article","og_title":"Avanc\u00e9e majeure pour la mobilit\u00e9 \u00e9lectrique en province de Luxembourg gr\u00e2ce \u00e0 un partenariat entre IDELUX et Fastned - link2fleet","og_description":"La province de Luxembourg franchit une \u00e9tape d\u00e9cisive dans la transition vers une mobilit\u00e9 durable gr\u00e2ce \u00e0 un partenariat novateur entre IDELUX, l\u2019Agence de d\u00e9veloppement\u2026","og_url":"https:\/\/www.link2fleet.com\/fr\/samenwerking-idelux-en-fastned-zorgt-voor-doorbraak-elektrische-mobiliteit-in-provincie-luxemburg\/","og_site_name":"link2fleet","article_published_time":"2024-11-14T13:00:21+00:00","og_image":[{"width":1627,"height":1200,"url":"https:\/\/static.link2fleet.com\/wp-content\/uploads\/2024\/11\/1920-stampa0863regalexandrebibaut.jpg","type":"image\/jpeg"}],"author":"Jeroen Evens","twitter_card":"summary_large_image","twitter_description":"La province de Luxembourg franchit une \u00e9tape d\u00e9cisive dans la transition vers une mobilit\u00e9 durable gr\u00e2ce \u00e0 un partenariat novateur entre IDELUX, l\u2019Agence de d\u00e9veloppement\u2026","twitter_misc":{"\u00c9crit par":"Jeroen Evens","Dur\u00e9e de lecture estim\u00e9e":"2 minutes"},"schema":{"@context":"https:\/\/schema.org","@graph":[{"@type":"Article","@id":"https:\/\/www.link2fleet.com\/fr\/samenwerking-idelux-en-fastned-zorgt-voor-doorbraak-elektrische-mobiliteit-in-provincie-luxemburg\/#article","isPartOf":{"@id":"https:\/\/www.link2fleet.com\/fr\/samenwerking-idelux-en-fastned-zorgt-voor-doorbraak-elektrische-mobiliteit-in-provincie-luxemburg\/"},"author":{"name":"Jeroen Evens","@id":"https:\/\/www.link2fleet.com\/fr\/#\/schema\/person\/3f23fa5cf039e25761156c930f6bf38f"},"headline":"Avanc\u00e9e majeure pour la mobilit\u00e9 \u00e9lectrique en province de Luxembourg gr\u00e2ce \u00e0 un partenariat entre IDELUX et Fastned","datePublished":"2024-11-14T13:00:21+00:00","mainEntityOfPage":{"@id":"https:\/\/www.link2fleet.com\/fr\/samenwerking-idelux-en-fastned-zorgt-voor-doorbraak-elektrische-mobiliteit-in-provincie-luxemburg\/"},"wordCount":19,"publisher":{"@id":"https:\/\/www.link2fleet.com\/fr\/#organization"},"image":{"@id":"https:\/\/www.link2fleet.com\/fr\/samenwerking-idelux-en-fastned-zorgt-voor-doorbraak-elektrische-mobiliteit-in-provincie-luxemburg\/#primaryimage"},"thumbnailUrl":"https:\/\/static.link2fleet.com\/wp-content\/uploads\/2024\/11\/1920-stampa0863regalexandrebibaut.jpg","keywords":["Fastned"],"articleSection":["Actus"],"inLanguage":"fr-FR"},{"@type":"WebPage","@id":"https:\/\/www.link2fleet.com\/fr\/samenwerking-idelux-en-fastned-zorgt-voor-doorbraak-elektrische-mobiliteit-in-provincie-luxemburg\/","url":"https:\/\/www.link2fleet.com\/fr\/samenwerking-idelux-en-fastned-zorgt-voor-doorbraak-elektrische-mobiliteit-in-provincie-luxemburg\/","name":"Avanc\u00e9e majeure pour la mobilit\u00e9 \u00e9lectrique en province de Luxembourg gr\u00e2ce \u00e0 un partenariat entre IDELUX et Fastned - link2fleet","isPartOf":{"@id":"https:\/\/www.link2fleet.com\/fr\/#website"},"primaryImageOfPage":{"@id":"https:\/\/www.link2fleet.com\/fr\/samenwerking-idelux-en-fastned-zorgt-voor-doorbraak-elektrische-mobiliteit-in-provincie-luxemburg\/#primaryimage"},"image":{"@id":"https:\/\/www.link2fleet.com\/fr\/samenwerking-idelux-en-fastned-zorgt-voor-doorbraak-elektrische-mobiliteit-in-provincie-luxemburg\/#primaryimage"},"thumbnailUrl":"https:\/\/static.link2fleet.com\/wp-content\/uploads\/2024\/11\/1920-stampa0863regalexandrebibaut.jpg","datePublished":"2024-11-14T13:00:21+00:00","breadcrumb":{"@id":"https:\/\/www.link2fleet.com\/fr\/samenwerking-idelux-en-fastned-zorgt-voor-doorbraak-elektrische-mobiliteit-in-provincie-luxemburg\/#breadcrumb"},"inLanguage":"fr-FR","potentialAction":[{"@type":"ReadAction","target":["https:\/\/www.link2fleet.com\/fr\/samenwerking-idelux-en-fastned-zorgt-voor-doorbraak-elektrische-mobiliteit-in-provincie-luxemburg\/"]}]},{"@type":"ImageObject","inLanguage":"fr-FR","@id":"https:\/\/www.link2fleet.com\/fr\/samenwerking-idelux-en-fastned-zorgt-voor-doorbraak-elektrische-mobiliteit-in-provincie-luxemburg\/#primaryimage","url":"https:\/\/static.link2fleet.com\/wp-content\/uploads\/2024\/11\/1920-stampa0863regalexandrebibaut.jpg","contentUrl":"https:\/\/static.link2fleet.com\/wp-content\/uploads\/2024\/11\/1920-stampa0863regalexandrebibaut.jpg","width":1627,"height":1200},{"@type":"BreadcrumbList","@id":"https:\/\/www.link2fleet.com\/fr\/samenwerking-idelux-en-fastned-zorgt-voor-doorbraak-elektrische-mobiliteit-in-provincie-luxemburg\/#breadcrumb","itemListElement":[{"@type":"ListItem","position":1,"name":"Home","item":"https:\/\/www.link2fleet.com\/fr\/"},{"@type":"ListItem","position":2,"name":"Avanc\u00e9e majeure pour la mobilit\u00e9 \u00e9lectrique en province de Luxembourg gr\u00e2ce \u00e0 un partenariat entre IDELUX et Fastned"}]},{"@type":"WebSite","@id":"https:\/\/www.link2fleet.com\/fr\/#website","url":"https:\/\/www.link2fleet.com\/fr\/","name":"Link2fleet","description":"","publisher":{"@id":"https:\/\/www.link2fleet.com\/fr\/#organization"},"potentialAction":[{"@type":"SearchAction","target":{"@type":"EntryPoint","urlTemplate":"https:\/\/www.link2fleet.com\/fr\/?s={search_term_string}"},"query-input":{"@type":"PropertyValueSpecification","valueRequired":true,"valueName":"search_term_string"}}],"inLanguage":"fr-FR"},{"@type":"Organization","@id":"https:\/\/www.link2fleet.com\/fr\/#organization","name":"Link2fleet","url":"https:\/\/www.link2fleet.com\/fr\/","logo":{"@type":"ImageObject","inLanguage":"fr-FR","@id":"https:\/\/www.link2fleet.com\/fr\/#\/schema\/logo\/image\/","url":"https:\/\/static.link2fleet.com\/wp-content\/uploads\/2024\/03\/share-image.jpg","contentUrl":"https:\/\/static.link2fleet.com\/wp-content\/uploads\/2024\/03\/share-image.jpg","width":1200,"height":630,"caption":"Link2fleet"},"image":{"@id":"https:\/\/www.link2fleet.com\/fr\/#\/schema\/logo\/image\/"},"sameAs":["https:\/\/www.linkedin.com\/company\/link2fleet-belgium","https:\/\/www.youtube.com\/user\/MMMBMBE"]},{"@type":"Person","@id":"https:\/\/www.link2fleet.com\/fr\/#\/schema\/person\/3f23fa5cf039e25761156c930f6bf38f","name":"Jeroen Evens","image":{"@type":"ImageObject","inLanguage":"fr-FR","@id":"https:\/\/secure.gravatar.com\/avatar\/6e059523a84fbec54e5ec5d0f3fb4322b7b077be22b323085f823d1d7f00f32e?s=96&d=mm&r=g","url":"https:\/\/secure.gravatar.com\/avatar\/6e059523a84fbec54e5ec5d0f3fb4322b7b077be22b323085f823d1d7f00f32e?s=96&d=mm&r=g","contentUrl":"https:\/\/secure.gravatar.com\/avatar\/6e059523a84fbec54e5ec5d0f3fb4322b7b077be22b323085f823d1d7f00f32e?s=96&d=mm&r=g","caption":"Jeroen Evens"},"description":"Jeroen Evens is opgeleid in de Communicatiewetenschappen (KULeuven) en is een enthousiaste volger van alles wat met mobiliteit en bedrijfswagens te maken heeft. Als freelance journalist gespecialiseerd in de fleetsector houdt hij al drie jaar lang de vinger aan de pols van de laatste ontwikkelingen in onze sector."}]}},"_links":{"self":[{"href":"https:\/\/www.link2fleet.com\/fr\/wp-json\/wp\/v2\/posts\/35572","targetHints":{"allow":["GET"]}}],"collection":[{"href":"https:\/\/www.link2fleet.com\/fr\/wp-json\/wp\/v2\/posts"}],"about":[{"href":"https:\/\/www.link2fleet.com\/fr\/wp-json\/wp\/v2\/types\/post"}],"author":[{"embeddable":true,"href":"https:\/\/www.link2fleet.com\/fr\/wp-json\/wp\/v2\/users\/43"}],"replies":[{"embeddable":true,"href":"https:\/\/www.link2fleet.com\/fr\/wp-json\/wp\/v2\/comments?post=35572"}],"version-history":[{"count":2,"href":"https:\/\/www.link2fleet.com\/fr\/wp-json\/wp\/v2\/posts\/35572\/revisions"}],"predecessor-version":[{"id":35574,"href":"https:\/\/www.link2fleet.com\/fr\/wp-json\/wp\/v2\/posts\/35572\/revisions\/35574"}],"wp:featuredmedia":[{"embeddable":true,"href":"https:\/\/www.link2fleet.com\/fr\/wp-json\/wp\/v2\/media\/35566"}],"wp:attachment":[{"href":"https:\/\/www.link2fleet.com\/fr\/wp-json\/wp\/v2\/media?parent=35572"}],"wp:term":[{"taxonomy":"category","embeddable":true,"href":"https:\/\/www.link2fleet.com\/fr\/wp-json\/wp\/v2\/categories?post=35572"},{"taxonomy":"post_tag","embeddable":true,"href":"https:\/\/www.link2fleet.com\/fr\/wp-json\/wp\/v2\/tags?post=35572"}],"curies":[{"name":"wp","href":"https:\/\/api.w.org\/{rel}","templated":true}]}}