{"id":35593,"date":"2024-11-14T15:15:28","date_gmt":"2024-11-14T14:15:28","guid":{"rendered":"https:\/\/www.link2fleet.com\/?p=35593"},"modified":"2024-11-13T19:44:21","modified_gmt":"2024-11-13T18:44:21","slug":"vdab-maakt-opleidingen-mobiel-dankzij-de-id-buzz","status":"publish","type":"post","link":"https:\/\/www.link2fleet.com\/fr\/vdab-maakt-opleidingen-mobiel-dankzij-de-id-buzz\/","title":{"rendered":"VDAB rend les formations mobiles&#8230; gr\u00e2ce \u00e0 l&rsquo;ID. Buzz !"},"content":{"rendered":"","protected":false},"excerpt":{"rendered":"","protected":false},"author":43,"featured_media":35589,"comment_status":"closed","ping_status":"closed","sticky":false,"template":"","format":"standard","meta":{"_acf_changed":false,"footnotes":""},"categories":[135],"tags":[],"class_list":["post-35593","post","type-post","status-publish","format-standard","has-post-thumbnail","hentry","category-news-fr"],"acf":[],"yoast_head":"<!-- This site is optimized with the Yoast SEO plugin v27.3 - https:\/\/yoast.com\/product\/yoast-seo-wordpress\/ -->\n<title>VDAB rend les formations mobiles... gr\u00e2ce \u00e0 l&#039;ID. Buzz ! - link2fleet<\/title>\n<meta name=\"description\" content=\"Depuis le mercredi 6 novembre, il est possible de croiser sur la route un mod\u00e8le tr\u00e8s sp\u00e9cial du Volkswagen ID. Buzz. En effet, ce jour-l\u00e0,\u2026\" \/>\n<meta name=\"robots\" content=\"index, follow, max-snippet:-1, max-image-preview:large, max-video-preview:-1\" \/>\n<meta property=\"og:locale\" content=\"fr_FR\" \/>\n<meta property=\"og:type\" content=\"article\" \/>\n<meta property=\"og:title\" content=\"VDAB rend les formations mobiles... gr\u00e2ce \u00e0 l&#039;ID. Buzz ! - link2fleet\" \/>\n<meta property=\"og:description\" content=\"Depuis le mercredi 6 novembre, il est possible de croiser sur la route un mod\u00e8le tr\u00e8s sp\u00e9cial du Volkswagen ID. Buzz. En effet, ce jour-l\u00e0,\u2026\" \/>\n<meta property=\"og:url\" content=\"https:\/\/www.link2fleet.com\/vdab-maakt-opleidingen-mobiel-dankzij-de-id-buzz\/\" \/>\n<meta property=\"og:site_name\" content=\"link2fleet\" \/>\n<meta property=\"article:published_time\" content=\"2024-11-14T14:15:28+00:00\" \/>\n<meta property=\"og:image\" content=\"https:\/\/static.link2fleet.com\/wp-content\/uploads\/2024\/11\/levering-id-buzz-vdab-05.jpg\" \/>\n\t<meta property=\"og:image:width\" content=\"1600\" \/>\n\t<meta property=\"og:image:height\" content=\"900\" \/>\n\t<meta property=\"og:image:type\" content=\"image\/jpeg\" \/>\n<meta name=\"author\" content=\"Jeroen Evens\" \/>\n<meta name=\"twitter:card\" content=\"summary_large_image\" \/>\n<meta name=\"twitter:description\" content=\"Depuis le mercredi 6 novembre, il est possible de croiser sur la route un mod\u00e8le tr\u00e8s sp\u00e9cial du Volkswagen ID. Buzz. En effet, ce jour-l\u00e0,\u2026\" \/>\n<meta name=\"twitter:label1\" content=\"\u00c9crit par\" \/>\n\t<meta name=\"twitter:data1\" content=\"Jeroen Evens\" \/>\n\t<meta name=\"twitter:label2\" content=\"Dur\u00e9e de lecture estim\u00e9e\" \/>\n\t<meta name=\"twitter:data2\" content=\"1 minute\" \/>\n<script type=\"application\/ld+json\" class=\"yoast-schema-graph\">{\"@context\":\"https:\\\/\\\/schema.org\",\"@graph\":[{\"@type\":\"Article\",\"@id\":\"https:\\\/\\\/www.link2fleet.com\\\/vdab-maakt-opleidingen-mobiel-dankzij-de-id-buzz\\\/#article\",\"isPartOf\":{\"@id\":\"https:\\\/\\\/www.link2fleet.com\\\/vdab-maakt-opleidingen-mobiel-dankzij-de-id-buzz\\\/\"},\"author\":{\"name\":\"Jeroen Evens\",\"@id\":\"https:\\\/\\\/www.link2fleet.com\\\/fr\\\/#\\\/schema\\\/person\\\/3f23fa5cf039e25761156c930f6bf38f\"},\"headline\":\"VDAB rend les formations mobiles&#8230; gr\u00e2ce \u00e0 l&rsquo;ID. Buzz !\",\"datePublished\":\"2024-11-14T14:15:28+00:00\",\"mainEntityOfPage\":{\"@id\":\"https:\\\/\\\/www.link2fleet.com\\\/vdab-maakt-opleidingen-mobiel-dankzij-de-id-buzz\\\/\"},\"wordCount\":10,\"publisher\":{\"@id\":\"https:\\\/\\\/www.link2fleet.com\\\/fr\\\/#organization\"},\"image\":{\"@id\":\"https:\\\/\\\/www.link2fleet.com\\\/vdab-maakt-opleidingen-mobiel-dankzij-de-id-buzz\\\/#primaryimage\"},\"thumbnailUrl\":\"https:\\\/\\\/static.link2fleet.com\\\/wp-content\\\/uploads\\\/2024\\\/11\\\/levering-id-buzz-vdab-05.jpg\",\"articleSection\":[\"Actus\"],\"inLanguage\":\"fr-FR\"},{\"@type\":\"WebPage\",\"@id\":\"https:\\\/\\\/www.link2fleet.com\\\/vdab-maakt-opleidingen-mobiel-dankzij-de-id-buzz\\\/\",\"url\":\"https:\\\/\\\/www.link2fleet.com\\\/vdab-maakt-opleidingen-mobiel-dankzij-de-id-buzz\\\/\",\"name\":\"VDAB rend les formations mobiles... gr\u00e2ce \u00e0 l'ID. Buzz ! - link2fleet\",\"isPartOf\":{\"@id\":\"https:\\\/\\\/www.link2fleet.com\\\/fr\\\/#website\"},\"primaryImageOfPage\":{\"@id\":\"https:\\\/\\\/www.link2fleet.com\\\/vdab-maakt-opleidingen-mobiel-dankzij-de-id-buzz\\\/#primaryimage\"},\"image\":{\"@id\":\"https:\\\/\\\/www.link2fleet.com\\\/vdab-maakt-opleidingen-mobiel-dankzij-de-id-buzz\\\/#primaryimage\"},\"thumbnailUrl\":\"https:\\\/\\\/static.link2fleet.com\\\/wp-content\\\/uploads\\\/2024\\\/11\\\/levering-id-buzz-vdab-05.jpg\",\"datePublished\":\"2024-11-14T14:15:28+00:00\",\"breadcrumb\":{\"@id\":\"https:\\\/\\\/www.link2fleet.com\\\/vdab-maakt-opleidingen-mobiel-dankzij-de-id-buzz\\\/#breadcrumb\"},\"inLanguage\":\"fr-FR\",\"potentialAction\":[{\"@type\":\"ReadAction\",\"target\":[\"https:\\\/\\\/www.link2fleet.com\\\/vdab-maakt-opleidingen-mobiel-dankzij-de-id-buzz\\\/\"]}]},{\"@type\":\"ImageObject\",\"inLanguage\":\"fr-FR\",\"@id\":\"https:\\\/\\\/www.link2fleet.com\\\/vdab-maakt-opleidingen-mobiel-dankzij-de-id-buzz\\\/#primaryimage\",\"url\":\"https:\\\/\\\/static.link2fleet.com\\\/wp-content\\\/uploads\\\/2024\\\/11\\\/levering-id-buzz-vdab-05.jpg\",\"contentUrl\":\"https:\\\/\\\/static.link2fleet.com\\\/wp-content\\\/uploads\\\/2024\\\/11\\\/levering-id-buzz-vdab-05.jpg\",\"width\":1600,\"height\":900},{\"@type\":\"BreadcrumbList\",\"@id\":\"https:\\\/\\\/www.link2fleet.com\\\/vdab-maakt-opleidingen-mobiel-dankzij-de-id-buzz\\\/#breadcrumb\",\"itemListElement\":[{\"@type\":\"ListItem\",\"position\":1,\"name\":\"Home\",\"item\":\"https:\\\/\\\/www.link2fleet.com\\\/fr\\\/\"},{\"@type\":\"ListItem\",\"position\":2,\"name\":\"VDAB rend les formations mobiles&#8230; gr\u00e2ce \u00e0 l&#8217;ID. Buzz !\"}]},{\"@type\":\"WebSite\",\"@id\":\"https:\\\/\\\/www.link2fleet.com\\\/fr\\\/#website\",\"url\":\"https:\\\/\\\/www.link2fleet.com\\\/fr\\\/\",\"name\":\"Link2fleet\",\"description\":\"\",\"publisher\":{\"@id\":\"https:\\\/\\\/www.link2fleet.com\\\/fr\\\/#organization\"},\"potentialAction\":[{\"@type\":\"SearchAction\",\"target\":{\"@type\":\"EntryPoint\",\"urlTemplate\":\"https:\\\/\\\/www.link2fleet.com\\\/fr\\\/?s={search_term_string}\"},\"query-input\":{\"@type\":\"PropertyValueSpecification\",\"valueRequired\":true,\"valueName\":\"search_term_string\"}}],\"inLanguage\":\"fr-FR\"},{\"@type\":\"Organization\",\"@id\":\"https:\\\/\\\/www.link2fleet.com\\\/fr\\\/#organization\",\"name\":\"Link2fleet\",\"url\":\"https:\\\/\\\/www.link2fleet.com\\\/fr\\\/\",\"logo\":{\"@type\":\"ImageObject\",\"inLanguage\":\"fr-FR\",\"@id\":\"https:\\\/\\\/www.link2fleet.com\\\/fr\\\/#\\\/schema\\\/logo\\\/image\\\/\",\"url\":\"https:\\\/\\\/static.link2fleet.com\\\/wp-content\\\/uploads\\\/2024\\\/03\\\/share-image.jpg\",\"contentUrl\":\"https:\\\/\\\/static.link2fleet.com\\\/wp-content\\\/uploads\\\/2024\\\/03\\\/share-image.jpg\",\"width\":1200,\"height\":630,\"caption\":\"Link2fleet\"},\"image\":{\"@id\":\"https:\\\/\\\/www.link2fleet.com\\\/fr\\\/#\\\/schema\\\/logo\\\/image\\\/\"},\"sameAs\":[\"https:\\\/\\\/www.linkedin.com\\\/company\\\/link2fleet-belgium\",\"https:\\\/\\\/www.youtube.com\\\/user\\\/MMMBMBE\"]},{\"@type\":\"Person\",\"@id\":\"https:\\\/\\\/www.link2fleet.com\\\/fr\\\/#\\\/schema\\\/person\\\/3f23fa5cf039e25761156c930f6bf38f\",\"name\":\"Jeroen Evens\",\"image\":{\"@type\":\"ImageObject\",\"inLanguage\":\"fr-FR\",\"@id\":\"https:\\\/\\\/secure.gravatar.com\\\/avatar\\\/6e059523a84fbec54e5ec5d0f3fb4322b7b077be22b323085f823d1d7f00f32e?s=96&d=mm&r=g\",\"url\":\"https:\\\/\\\/secure.gravatar.com\\\/avatar\\\/6e059523a84fbec54e5ec5d0f3fb4322b7b077be22b323085f823d1d7f00f32e?s=96&d=mm&r=g\",\"contentUrl\":\"https:\\\/\\\/secure.gravatar.com\\\/avatar\\\/6e059523a84fbec54e5ec5d0f3fb4322b7b077be22b323085f823d1d7f00f32e?s=96&d=mm&r=g\",\"caption\":\"Jeroen Evens\"},\"description\":\"Jeroen Evens is opgeleid in de Communicatiewetenschappen (KULeuven) en is een enthousiaste volger van alles wat met mobiliteit en bedrijfswagens te maken heeft. Als freelance journalist gespecialiseerd in de fleetsector houdt hij al drie jaar lang de vinger aan de pols van de laatste ontwikkelingen in onze sector.\"}]}<\/script>\n<!-- \/ Yoast SEO plugin. -->","yoast_head_json":{"title":"VDAB rend les formations mobiles... gr\u00e2ce \u00e0 l'ID. Buzz ! - link2fleet","description":"Depuis le mercredi 6 novembre, il est possible de croiser sur la route un mod\u00e8le tr\u00e8s sp\u00e9cial du Volkswagen ID. Buzz. En effet, ce jour-l\u00e0,\u2026","robots":{"index":"index","follow":"follow","max-snippet":"max-snippet:-1","max-image-preview":"max-image-preview:large","max-video-preview":"max-video-preview:-1"},"og_locale":"fr_FR","og_type":"article","og_title":"VDAB rend les formations mobiles... gr\u00e2ce \u00e0 l'ID. Buzz ! - link2fleet","og_description":"Depuis le mercredi 6 novembre, il est possible de croiser sur la route un mod\u00e8le tr\u00e8s sp\u00e9cial du Volkswagen ID. Buzz. En effet, ce jour-l\u00e0,\u2026","og_url":"https:\/\/www.link2fleet.com\/vdab-maakt-opleidingen-mobiel-dankzij-de-id-buzz\/","og_site_name":"link2fleet","article_published_time":"2024-11-14T14:15:28+00:00","og_image":[{"width":1600,"height":900,"url":"https:\/\/static.link2fleet.com\/wp-content\/uploads\/2024\/11\/levering-id-buzz-vdab-05.jpg","type":"image\/jpeg"}],"author":"Jeroen Evens","twitter_card":"summary_large_image","twitter_description":"Depuis le mercredi 6 novembre, il est possible de croiser sur la route un mod\u00e8le tr\u00e8s sp\u00e9cial du Volkswagen ID. Buzz. En effet, ce jour-l\u00e0,\u2026","twitter_misc":{"\u00c9crit par":"Jeroen Evens","Dur\u00e9e de lecture estim\u00e9e":"1 minute"},"schema":{"@context":"https:\/\/schema.org","@graph":[{"@type":"Article","@id":"https:\/\/www.link2fleet.com\/vdab-maakt-opleidingen-mobiel-dankzij-de-id-buzz\/#article","isPartOf":{"@id":"https:\/\/www.link2fleet.com\/vdab-maakt-opleidingen-mobiel-dankzij-de-id-buzz\/"},"author":{"name":"Jeroen Evens","@id":"https:\/\/www.link2fleet.com\/fr\/#\/schema\/person\/3f23fa5cf039e25761156c930f6bf38f"},"headline":"VDAB rend les formations mobiles&#8230; gr\u00e2ce \u00e0 l&rsquo;ID. Buzz !","datePublished":"2024-11-14T14:15:28+00:00","mainEntityOfPage":{"@id":"https:\/\/www.link2fleet.com\/vdab-maakt-opleidingen-mobiel-dankzij-de-id-buzz\/"},"wordCount":10,"publisher":{"@id":"https:\/\/www.link2fleet.com\/fr\/#organization"},"image":{"@id":"https:\/\/www.link2fleet.com\/vdab-maakt-opleidingen-mobiel-dankzij-de-id-buzz\/#primaryimage"},"thumbnailUrl":"https:\/\/static.link2fleet.com\/wp-content\/uploads\/2024\/11\/levering-id-buzz-vdab-05.jpg","articleSection":["Actus"],"inLanguage":"fr-FR"},{"@type":"WebPage","@id":"https:\/\/www.link2fleet.com\/vdab-maakt-opleidingen-mobiel-dankzij-de-id-buzz\/","url":"https:\/\/www.link2fleet.com\/vdab-maakt-opleidingen-mobiel-dankzij-de-id-buzz\/","name":"VDAB rend les formations mobiles... gr\u00e2ce \u00e0 l'ID. Buzz ! - link2fleet","isPartOf":{"@id":"https:\/\/www.link2fleet.com\/fr\/#website"},"primaryImageOfPage":{"@id":"https:\/\/www.link2fleet.com\/vdab-maakt-opleidingen-mobiel-dankzij-de-id-buzz\/#primaryimage"},"image":{"@id":"https:\/\/www.link2fleet.com\/vdab-maakt-opleidingen-mobiel-dankzij-de-id-buzz\/#primaryimage"},"thumbnailUrl":"https:\/\/static.link2fleet.com\/wp-content\/uploads\/2024\/11\/levering-id-buzz-vdab-05.jpg","datePublished":"2024-11-14T14:15:28+00:00","breadcrumb":{"@id":"https:\/\/www.link2fleet.com\/vdab-maakt-opleidingen-mobiel-dankzij-de-id-buzz\/#breadcrumb"},"inLanguage":"fr-FR","potentialAction":[{"@type":"ReadAction","target":["https:\/\/www.link2fleet.com\/vdab-maakt-opleidingen-mobiel-dankzij-de-id-buzz\/"]}]},{"@type":"ImageObject","inLanguage":"fr-FR","@id":"https:\/\/www.link2fleet.com\/vdab-maakt-opleidingen-mobiel-dankzij-de-id-buzz\/#primaryimage","url":"https:\/\/static.link2fleet.com\/wp-content\/uploads\/2024\/11\/levering-id-buzz-vdab-05.jpg","contentUrl":"https:\/\/static.link2fleet.com\/wp-content\/uploads\/2024\/11\/levering-id-buzz-vdab-05.jpg","width":1600,"height":900},{"@type":"BreadcrumbList","@id":"https:\/\/www.link2fleet.com\/vdab-maakt-opleidingen-mobiel-dankzij-de-id-buzz\/#breadcrumb","itemListElement":[{"@type":"ListItem","position":1,"name":"Home","item":"https:\/\/www.link2fleet.com\/fr\/"},{"@type":"ListItem","position":2,"name":"VDAB rend les formations mobiles&#8230; gr\u00e2ce \u00e0 l&#8217;ID. Buzz !"}]},{"@type":"WebSite","@id":"https:\/\/www.link2fleet.com\/fr\/#website","url":"https:\/\/www.link2fleet.com\/fr\/","name":"Link2fleet","description":"","publisher":{"@id":"https:\/\/www.link2fleet.com\/fr\/#organization"},"potentialAction":[{"@type":"SearchAction","target":{"@type":"EntryPoint","urlTemplate":"https:\/\/www.link2fleet.com\/fr\/?s={search_term_string}"},"query-input":{"@type":"PropertyValueSpecification","valueRequired":true,"valueName":"search_term_string"}}],"inLanguage":"fr-FR"},{"@type":"Organization","@id":"https:\/\/www.link2fleet.com\/fr\/#organization","name":"Link2fleet","url":"https:\/\/www.link2fleet.com\/fr\/","logo":{"@type":"ImageObject","inLanguage":"fr-FR","@id":"https:\/\/www.link2fleet.com\/fr\/#\/schema\/logo\/image\/","url":"https:\/\/static.link2fleet.com\/wp-content\/uploads\/2024\/03\/share-image.jpg","contentUrl":"https:\/\/static.link2fleet.com\/wp-content\/uploads\/2024\/03\/share-image.jpg","width":1200,"height":630,"caption":"Link2fleet"},"image":{"@id":"https:\/\/www.link2fleet.com\/fr\/#\/schema\/logo\/image\/"},"sameAs":["https:\/\/www.linkedin.com\/company\/link2fleet-belgium","https:\/\/www.youtube.com\/user\/MMMBMBE"]},{"@type":"Person","@id":"https:\/\/www.link2fleet.com\/fr\/#\/schema\/person\/3f23fa5cf039e25761156c930f6bf38f","name":"Jeroen Evens","image":{"@type":"ImageObject","inLanguage":"fr-FR","@id":"https:\/\/secure.gravatar.com\/avatar\/6e059523a84fbec54e5ec5d0f3fb4322b7b077be22b323085f823d1d7f00f32e?s=96&d=mm&r=g","url":"https:\/\/secure.gravatar.com\/avatar\/6e059523a84fbec54e5ec5d0f3fb4322b7b077be22b323085f823d1d7f00f32e?s=96&d=mm&r=g","contentUrl":"https:\/\/secure.gravatar.com\/avatar\/6e059523a84fbec54e5ec5d0f3fb4322b7b077be22b323085f823d1d7f00f32e?s=96&d=mm&r=g","caption":"Jeroen Evens"},"description":"Jeroen Evens is opgeleid in de Communicatiewetenschappen (KULeuven) en is een enthousiaste volger van alles wat met mobiliteit en bedrijfswagens te maken heeft. Als freelance journalist gespecialiseerd in de fleetsector houdt hij al drie jaar lang de vinger aan de pols van de laatste ontwikkelingen in onze sector."}]}},"_links":{"self":[{"href":"https:\/\/www.link2fleet.com\/fr\/wp-json\/wp\/v2\/posts\/35593","targetHints":{"allow":["GET"]}}],"collection":[{"href":"https:\/\/www.link2fleet.com\/fr\/wp-json\/wp\/v2\/posts"}],"about":[{"href":"https:\/\/www.link2fleet.com\/fr\/wp-json\/wp\/v2\/types\/post"}],"author":[{"embeddable":true,"href":"https:\/\/www.link2fleet.com\/fr\/wp-json\/wp\/v2\/users\/43"}],"replies":[{"embeddable":true,"href":"https:\/\/www.link2fleet.com\/fr\/wp-json\/wp\/v2\/comments?post=35593"}],"version-history":[{"count":2,"href":"https:\/\/www.link2fleet.com\/fr\/wp-json\/wp\/v2\/posts\/35593\/revisions"}],"predecessor-version":[{"id":35595,"href":"https:\/\/www.link2fleet.com\/fr\/wp-json\/wp\/v2\/posts\/35593\/revisions\/35595"}],"wp:featuredmedia":[{"embeddable":true,"href":"https:\/\/www.link2fleet.com\/fr\/wp-json\/wp\/v2\/media\/35589"}],"wp:attachment":[{"href":"https:\/\/www.link2fleet.com\/fr\/wp-json\/wp\/v2\/media?parent=35593"}],"wp:term":[{"taxonomy":"category","embeddable":true,"href":"https:\/\/www.link2fleet.com\/fr\/wp-json\/wp\/v2\/categories?post=35593"},{"taxonomy":"post_tag","embeddable":true,"href":"https:\/\/www.link2fleet.com\/fr\/wp-json\/wp\/v2\/tags?post=35593"}],"curies":[{"name":"wp","href":"https:\/\/api.w.org\/{rel}","templated":true}]}}