{"id":35965,"date":"2024-11-21T09:51:34","date_gmt":"2024-11-21T08:51:34","guid":{"rendered":"https:\/\/www.link2fleet.com\/?p=35965"},"modified":"2024-11-21T15:25:38","modified_gmt":"2024-11-21T14:25:38","slug":"electra-devient-leader-du-marche-de-la-recharge-rapide-en-belgique-avec-428-bornes","status":"publish","type":"post","link":"https:\/\/www.link2fleet.com\/fr\/electra-devient-leader-du-marche-de-la-recharge-rapide-en-belgique-avec-428-bornes\/","title":{"rendered":"Electra devient leader du march\u00e9 de la recharge rapide en Belgique avec 428 bornes"},"content":{"rendered":"","protected":false},"excerpt":{"rendered":"","protected":false},"author":4,"featured_media":30406,"comment_status":"closed","ping_status":"closed","sticky":false,"template":"","format":"standard","meta":{"_acf_changed":false,"footnotes":""},"categories":[81,91],"tags":[],"class_list":["post-35965","post","type-post","status-publish","format-standard","has-post-thumbnail","hentry","category-gestion-de-carburant-et-energie","category-expertise-et-management"],"acf":[],"yoast_head":"<!-- This site is optimized with the Yoast SEO plugin v27.3 - https:\/\/yoast.com\/product\/yoast-seo-wordpress\/ -->\n<title>Electra devient leader du march\u00e9 de la recharge rapide en Belgique avec 428 bornes - link2fleet<\/title>\n<meta name=\"description\" content=\"Electra, sp\u00e9cialiste europ\u00e9en des stations de recharge rapide, est pr\u00e9sent sur le march\u00e9 belge depuis septembre 2022 et a ouvert sa premi\u00e8re station en juin\u2026\" \/>\n<meta name=\"robots\" content=\"index, follow, max-snippet:-1, max-image-preview:large, max-video-preview:-1\" \/>\n<meta property=\"og:locale\" content=\"fr_FR\" \/>\n<meta property=\"og:type\" content=\"article\" \/>\n<meta property=\"og:title\" content=\"Electra devient leader du march\u00e9 de la recharge rapide en Belgique avec 428 bornes - link2fleet\" \/>\n<meta property=\"og:description\" content=\"Electra, sp\u00e9cialiste europ\u00e9en des stations de recharge rapide, est pr\u00e9sent sur le march\u00e9 belge depuis septembre 2022 et a ouvert sa premi\u00e8re station en juin\u2026\" \/>\n<meta property=\"og:url\" content=\"https:\/\/www.link2fleet.com\/electra-devient-leader-du-marche-de-la-recharge-rapide-en-belgique-avec-428-bornes\/\" \/>\n<meta property=\"og:site_name\" content=\"link2fleet\" \/>\n<meta property=\"article:published_time\" content=\"2024-11-21T08:51:34+00:00\" \/>\n<meta property=\"article:modified_time\" content=\"2024-11-21T14:25:38+00:00\" \/>\n<meta property=\"og:image\" content=\"https:\/\/static.link2fleet.com\/wp-content\/uploads\/2024\/06\/electralifestylevisual1-9900000000079e3c.jpg\" \/>\n\t<meta property=\"og:image:width\" content=\"900\" \/>\n\t<meta property=\"og:image:height\" content=\"579\" \/>\n\t<meta property=\"og:image:type\" content=\"image\/jpeg\" \/>\n<meta name=\"author\" content=\"Damien Malvetti\" \/>\n<meta name=\"twitter:card\" content=\"summary_large_image\" \/>\n<meta name=\"twitter:description\" content=\"Electra, sp\u00e9cialiste europ\u00e9en des stations de recharge rapide, est pr\u00e9sent sur le march\u00e9 belge depuis septembre 2022 et a ouvert sa premi\u00e8re station en juin\u2026\" \/>\n<meta name=\"twitter:label1\" content=\"\u00c9crit par\" \/>\n\t<meta name=\"twitter:data1\" content=\"Damien Malvetti\" \/>\n\t<meta name=\"twitter:label2\" content=\"Dur\u00e9e de lecture estim\u00e9e\" \/>\n\t<meta name=\"twitter:data2\" content=\"3 minutes\" \/>\n<script type=\"application\/ld+json\" class=\"yoast-schema-graph\">{\"@context\":\"https:\\\/\\\/schema.org\",\"@graph\":[{\"@type\":\"Article\",\"@id\":\"https:\\\/\\\/www.link2fleet.com\\\/electra-devient-leader-du-marche-de-la-recharge-rapide-en-belgique-avec-428-bornes\\\/#article\",\"isPartOf\":{\"@id\":\"https:\\\/\\\/www.link2fleet.com\\\/electra-devient-leader-du-marche-de-la-recharge-rapide-en-belgique-avec-428-bornes\\\/\"},\"author\":{\"name\":\"Damien Malvetti\",\"@id\":\"https:\\\/\\\/www.link2fleet.com\\\/fr\\\/#\\\/schema\\\/person\\\/027cd46113c78036b3809c9a054049da\"},\"headline\":\"Electra devient leader du march\u00e9 de la recharge rapide en Belgique avec 428 bornes\",\"datePublished\":\"2024-11-21T08:51:34+00:00\",\"dateModified\":\"2024-11-21T14:25:38+00:00\",\"mainEntityOfPage\":{\"@id\":\"https:\\\/\\\/www.link2fleet.com\\\/electra-devient-leader-du-marche-de-la-recharge-rapide-en-belgique-avec-428-bornes\\\/\"},\"wordCount\":13,\"publisher\":{\"@id\":\"https:\\\/\\\/www.link2fleet.com\\\/fr\\\/#organization\"},\"image\":{\"@id\":\"https:\\\/\\\/www.link2fleet.com\\\/electra-devient-leader-du-marche-de-la-recharge-rapide-en-belgique-avec-428-bornes\\\/#primaryimage\"},\"thumbnailUrl\":\"https:\\\/\\\/static.link2fleet.com\\\/wp-content\\\/uploads\\\/2024\\\/06\\\/electralifestylevisual1-9900000000079e3c.jpg\",\"articleSection\":[\"Gestion carburant et de l'\u00e9nergie\",\"Gestion de flotte\"],\"inLanguage\":\"fr-FR\"},{\"@type\":\"WebPage\",\"@id\":\"https:\\\/\\\/www.link2fleet.com\\\/electra-devient-leader-du-marche-de-la-recharge-rapide-en-belgique-avec-428-bornes\\\/\",\"url\":\"https:\\\/\\\/www.link2fleet.com\\\/electra-devient-leader-du-marche-de-la-recharge-rapide-en-belgique-avec-428-bornes\\\/\",\"name\":\"Electra devient leader du march\u00e9 de la recharge rapide en Belgique avec 428 bornes - link2fleet\",\"isPartOf\":{\"@id\":\"https:\\\/\\\/www.link2fleet.com\\\/fr\\\/#website\"},\"primaryImageOfPage\":{\"@id\":\"https:\\\/\\\/www.link2fleet.com\\\/electra-devient-leader-du-marche-de-la-recharge-rapide-en-belgique-avec-428-bornes\\\/#primaryimage\"},\"image\":{\"@id\":\"https:\\\/\\\/www.link2fleet.com\\\/electra-devient-leader-du-marche-de-la-recharge-rapide-en-belgique-avec-428-bornes\\\/#primaryimage\"},\"thumbnailUrl\":\"https:\\\/\\\/static.link2fleet.com\\\/wp-content\\\/uploads\\\/2024\\\/06\\\/electralifestylevisual1-9900000000079e3c.jpg\",\"datePublished\":\"2024-11-21T08:51:34+00:00\",\"dateModified\":\"2024-11-21T14:25:38+00:00\",\"breadcrumb\":{\"@id\":\"https:\\\/\\\/www.link2fleet.com\\\/electra-devient-leader-du-marche-de-la-recharge-rapide-en-belgique-avec-428-bornes\\\/#breadcrumb\"},\"inLanguage\":\"fr-FR\",\"potentialAction\":[{\"@type\":\"ReadAction\",\"target\":[\"https:\\\/\\\/www.link2fleet.com\\\/electra-devient-leader-du-marche-de-la-recharge-rapide-en-belgique-avec-428-bornes\\\/\"]}]},{\"@type\":\"ImageObject\",\"inLanguage\":\"fr-FR\",\"@id\":\"https:\\\/\\\/www.link2fleet.com\\\/electra-devient-leader-du-marche-de-la-recharge-rapide-en-belgique-avec-428-bornes\\\/#primaryimage\",\"url\":\"https:\\\/\\\/static.link2fleet.com\\\/wp-content\\\/uploads\\\/2024\\\/06\\\/electralifestylevisual1-9900000000079e3c.jpg\",\"contentUrl\":\"https:\\\/\\\/static.link2fleet.com\\\/wp-content\\\/uploads\\\/2024\\\/06\\\/electralifestylevisual1-9900000000079e3c.jpg\",\"width\":900,\"height\":579},{\"@type\":\"BreadcrumbList\",\"@id\":\"https:\\\/\\\/www.link2fleet.com\\\/electra-devient-leader-du-marche-de-la-recharge-rapide-en-belgique-avec-428-bornes\\\/#breadcrumb\",\"itemListElement\":[{\"@type\":\"ListItem\",\"position\":1,\"name\":\"Home\",\"item\":\"https:\\\/\\\/www.link2fleet.com\\\/fr\\\/\"},{\"@type\":\"ListItem\",\"position\":2,\"name\":\"Electra devient leader du march\u00e9 de la recharge rapide en Belgique avec 428 bornes\"}]},{\"@type\":\"WebSite\",\"@id\":\"https:\\\/\\\/www.link2fleet.com\\\/fr\\\/#website\",\"url\":\"https:\\\/\\\/www.link2fleet.com\\\/fr\\\/\",\"name\":\"Link2fleet\",\"description\":\"\",\"publisher\":{\"@id\":\"https:\\\/\\\/www.link2fleet.com\\\/fr\\\/#organization\"},\"potentialAction\":[{\"@type\":\"SearchAction\",\"target\":{\"@type\":\"EntryPoint\",\"urlTemplate\":\"https:\\\/\\\/www.link2fleet.com\\\/fr\\\/?s={search_term_string}\"},\"query-input\":{\"@type\":\"PropertyValueSpecification\",\"valueRequired\":true,\"valueName\":\"search_term_string\"}}],\"inLanguage\":\"fr-FR\"},{\"@type\":\"Organization\",\"@id\":\"https:\\\/\\\/www.link2fleet.com\\\/fr\\\/#organization\",\"name\":\"Link2fleet\",\"url\":\"https:\\\/\\\/www.link2fleet.com\\\/fr\\\/\",\"logo\":{\"@type\":\"ImageObject\",\"inLanguage\":\"fr-FR\",\"@id\":\"https:\\\/\\\/www.link2fleet.com\\\/fr\\\/#\\\/schema\\\/logo\\\/image\\\/\",\"url\":\"https:\\\/\\\/static.link2fleet.com\\\/wp-content\\\/uploads\\\/2024\\\/03\\\/share-image.jpg\",\"contentUrl\":\"https:\\\/\\\/static.link2fleet.com\\\/wp-content\\\/uploads\\\/2024\\\/03\\\/share-image.jpg\",\"width\":1200,\"height\":630,\"caption\":\"Link2fleet\"},\"image\":{\"@id\":\"https:\\\/\\\/www.link2fleet.com\\\/fr\\\/#\\\/schema\\\/logo\\\/image\\\/\"},\"sameAs\":[\"https:\\\/\\\/www.linkedin.com\\\/company\\\/link2fleet-belgium\",\"https:\\\/\\\/www.youtube.com\\\/user\\\/MMMBMBE\"]},{\"@type\":\"Person\",\"@id\":\"https:\\\/\\\/www.link2fleet.com\\\/fr\\\/#\\\/schema\\\/person\\\/027cd46113c78036b3809c9a054049da\",\"name\":\"Damien Malvetti\",\"image\":{\"@type\":\"ImageObject\",\"inLanguage\":\"fr-FR\",\"@id\":\"https:\\\/\\\/secure.gravatar.com\\\/avatar\\\/dd8cc03b49466c735f753ac37f8caa371af16dfed347456ed61f02883255eebb?s=96&d=mm&r=g\",\"url\":\"https:\\\/\\\/secure.gravatar.com\\\/avatar\\\/dd8cc03b49466c735f753ac37f8caa371af16dfed347456ed61f02883255eebb?s=96&d=mm&r=g\",\"contentUrl\":\"https:\\\/\\\/secure.gravatar.com\\\/avatar\\\/dd8cc03b49466c735f753ac37f8caa371af16dfed347456ed61f02883255eebb?s=96&d=mm&r=g\",\"caption\":\"Damien Malvetti\"},\"description\":\"Damien Malvetti is opgeleid als journalist en gepassioneerd door wagens, technologie en mobiliteit. Hij is verantwoordelijk voor de redactionele inhoud van link2fleet en beschikt over een uitgebreide kennis van de fleet-sector en elektrische mobiliteit.\",\"sameAs\":[\"https:\\\/\\\/www.linkedin.com\\\/in\\\/damien-malvetti-56601142\\\/\"]}]}<\/script>\n<!-- \/ Yoast SEO plugin. -->","yoast_head_json":{"title":"Electra devient leader du march\u00e9 de la recharge rapide en Belgique avec 428 bornes - link2fleet","description":"Electra, sp\u00e9cialiste europ\u00e9en des stations de recharge rapide, est pr\u00e9sent sur le march\u00e9 belge depuis septembre 2022 et a ouvert sa premi\u00e8re station en juin\u2026","robots":{"index":"index","follow":"follow","max-snippet":"max-snippet:-1","max-image-preview":"max-image-preview:large","max-video-preview":"max-video-preview:-1"},"og_locale":"fr_FR","og_type":"article","og_title":"Electra devient leader du march\u00e9 de la recharge rapide en Belgique avec 428 bornes - link2fleet","og_description":"Electra, sp\u00e9cialiste europ\u00e9en des stations de recharge rapide, est pr\u00e9sent sur le march\u00e9 belge depuis septembre 2022 et a ouvert sa premi\u00e8re station en juin\u2026","og_url":"https:\/\/www.link2fleet.com\/electra-devient-leader-du-marche-de-la-recharge-rapide-en-belgique-avec-428-bornes\/","og_site_name":"link2fleet","article_published_time":"2024-11-21T08:51:34+00:00","article_modified_time":"2024-11-21T14:25:38+00:00","og_image":[{"width":900,"height":579,"url":"https:\/\/static.link2fleet.com\/wp-content\/uploads\/2024\/06\/electralifestylevisual1-9900000000079e3c.jpg","type":"image\/jpeg"}],"author":"Damien Malvetti","twitter_card":"summary_large_image","twitter_description":"Electra, sp\u00e9cialiste europ\u00e9en des stations de recharge rapide, est pr\u00e9sent sur le march\u00e9 belge depuis septembre 2022 et a ouvert sa premi\u00e8re station en juin\u2026","twitter_misc":{"\u00c9crit par":"Damien Malvetti","Dur\u00e9e de lecture estim\u00e9e":"3 minutes"},"schema":{"@context":"https:\/\/schema.org","@graph":[{"@type":"Article","@id":"https:\/\/www.link2fleet.com\/electra-devient-leader-du-marche-de-la-recharge-rapide-en-belgique-avec-428-bornes\/#article","isPartOf":{"@id":"https:\/\/www.link2fleet.com\/electra-devient-leader-du-marche-de-la-recharge-rapide-en-belgique-avec-428-bornes\/"},"author":{"name":"Damien Malvetti","@id":"https:\/\/www.link2fleet.com\/fr\/#\/schema\/person\/027cd46113c78036b3809c9a054049da"},"headline":"Electra devient leader du march\u00e9 de la recharge rapide en Belgique avec 428 bornes","datePublished":"2024-11-21T08:51:34+00:00","dateModified":"2024-11-21T14:25:38+00:00","mainEntityOfPage":{"@id":"https:\/\/www.link2fleet.com\/electra-devient-leader-du-marche-de-la-recharge-rapide-en-belgique-avec-428-bornes\/"},"wordCount":13,"publisher":{"@id":"https:\/\/www.link2fleet.com\/fr\/#organization"},"image":{"@id":"https:\/\/www.link2fleet.com\/electra-devient-leader-du-marche-de-la-recharge-rapide-en-belgique-avec-428-bornes\/#primaryimage"},"thumbnailUrl":"https:\/\/static.link2fleet.com\/wp-content\/uploads\/2024\/06\/electralifestylevisual1-9900000000079e3c.jpg","articleSection":["Gestion carburant et de l'\u00e9nergie","Gestion de flotte"],"inLanguage":"fr-FR"},{"@type":"WebPage","@id":"https:\/\/www.link2fleet.com\/electra-devient-leader-du-marche-de-la-recharge-rapide-en-belgique-avec-428-bornes\/","url":"https:\/\/www.link2fleet.com\/electra-devient-leader-du-marche-de-la-recharge-rapide-en-belgique-avec-428-bornes\/","name":"Electra devient leader du march\u00e9 de la recharge rapide en Belgique avec 428 bornes - link2fleet","isPartOf":{"@id":"https:\/\/www.link2fleet.com\/fr\/#website"},"primaryImageOfPage":{"@id":"https:\/\/www.link2fleet.com\/electra-devient-leader-du-marche-de-la-recharge-rapide-en-belgique-avec-428-bornes\/#primaryimage"},"image":{"@id":"https:\/\/www.link2fleet.com\/electra-devient-leader-du-marche-de-la-recharge-rapide-en-belgique-avec-428-bornes\/#primaryimage"},"thumbnailUrl":"https:\/\/static.link2fleet.com\/wp-content\/uploads\/2024\/06\/electralifestylevisual1-9900000000079e3c.jpg","datePublished":"2024-11-21T08:51:34+00:00","dateModified":"2024-11-21T14:25:38+00:00","breadcrumb":{"@id":"https:\/\/www.link2fleet.com\/electra-devient-leader-du-marche-de-la-recharge-rapide-en-belgique-avec-428-bornes\/#breadcrumb"},"inLanguage":"fr-FR","potentialAction":[{"@type":"ReadAction","target":["https:\/\/www.link2fleet.com\/electra-devient-leader-du-marche-de-la-recharge-rapide-en-belgique-avec-428-bornes\/"]}]},{"@type":"ImageObject","inLanguage":"fr-FR","@id":"https:\/\/www.link2fleet.com\/electra-devient-leader-du-marche-de-la-recharge-rapide-en-belgique-avec-428-bornes\/#primaryimage","url":"https:\/\/static.link2fleet.com\/wp-content\/uploads\/2024\/06\/electralifestylevisual1-9900000000079e3c.jpg","contentUrl":"https:\/\/static.link2fleet.com\/wp-content\/uploads\/2024\/06\/electralifestylevisual1-9900000000079e3c.jpg","width":900,"height":579},{"@type":"BreadcrumbList","@id":"https:\/\/www.link2fleet.com\/electra-devient-leader-du-marche-de-la-recharge-rapide-en-belgique-avec-428-bornes\/#breadcrumb","itemListElement":[{"@type":"ListItem","position":1,"name":"Home","item":"https:\/\/www.link2fleet.com\/fr\/"},{"@type":"ListItem","position":2,"name":"Electra devient leader du march\u00e9 de la recharge rapide en Belgique avec 428 bornes"}]},{"@type":"WebSite","@id":"https:\/\/www.link2fleet.com\/fr\/#website","url":"https:\/\/www.link2fleet.com\/fr\/","name":"Link2fleet","description":"","publisher":{"@id":"https:\/\/www.link2fleet.com\/fr\/#organization"},"potentialAction":[{"@type":"SearchAction","target":{"@type":"EntryPoint","urlTemplate":"https:\/\/www.link2fleet.com\/fr\/?s={search_term_string}"},"query-input":{"@type":"PropertyValueSpecification","valueRequired":true,"valueName":"search_term_string"}}],"inLanguage":"fr-FR"},{"@type":"Organization","@id":"https:\/\/www.link2fleet.com\/fr\/#organization","name":"Link2fleet","url":"https:\/\/www.link2fleet.com\/fr\/","logo":{"@type":"ImageObject","inLanguage":"fr-FR","@id":"https:\/\/www.link2fleet.com\/fr\/#\/schema\/logo\/image\/","url":"https:\/\/static.link2fleet.com\/wp-content\/uploads\/2024\/03\/share-image.jpg","contentUrl":"https:\/\/static.link2fleet.com\/wp-content\/uploads\/2024\/03\/share-image.jpg","width":1200,"height":630,"caption":"Link2fleet"},"image":{"@id":"https:\/\/www.link2fleet.com\/fr\/#\/schema\/logo\/image\/"},"sameAs":["https:\/\/www.linkedin.com\/company\/link2fleet-belgium","https:\/\/www.youtube.com\/user\/MMMBMBE"]},{"@type":"Person","@id":"https:\/\/www.link2fleet.com\/fr\/#\/schema\/person\/027cd46113c78036b3809c9a054049da","name":"Damien Malvetti","image":{"@type":"ImageObject","inLanguage":"fr-FR","@id":"https:\/\/secure.gravatar.com\/avatar\/dd8cc03b49466c735f753ac37f8caa371af16dfed347456ed61f02883255eebb?s=96&d=mm&r=g","url":"https:\/\/secure.gravatar.com\/avatar\/dd8cc03b49466c735f753ac37f8caa371af16dfed347456ed61f02883255eebb?s=96&d=mm&r=g","contentUrl":"https:\/\/secure.gravatar.com\/avatar\/dd8cc03b49466c735f753ac37f8caa371af16dfed347456ed61f02883255eebb?s=96&d=mm&r=g","caption":"Damien Malvetti"},"description":"Damien Malvetti is opgeleid als journalist en gepassioneerd door wagens, technologie en mobiliteit. Hij is verantwoordelijk voor de redactionele inhoud van link2fleet en beschikt over een uitgebreide kennis van de fleet-sector en elektrische mobiliteit.","sameAs":["https:\/\/www.linkedin.com\/in\/damien-malvetti-56601142\/"]}]}},"_links":{"self":[{"href":"https:\/\/www.link2fleet.com\/fr\/wp-json\/wp\/v2\/posts\/35965","targetHints":{"allow":["GET"]}}],"collection":[{"href":"https:\/\/www.link2fleet.com\/fr\/wp-json\/wp\/v2\/posts"}],"about":[{"href":"https:\/\/www.link2fleet.com\/fr\/wp-json\/wp\/v2\/types\/post"}],"author":[{"embeddable":true,"href":"https:\/\/www.link2fleet.com\/fr\/wp-json\/wp\/v2\/users\/4"}],"replies":[{"embeddable":true,"href":"https:\/\/www.link2fleet.com\/fr\/wp-json\/wp\/v2\/comments?post=35965"}],"version-history":[{"count":2,"href":"https:\/\/www.link2fleet.com\/fr\/wp-json\/wp\/v2\/posts\/35965\/revisions"}],"predecessor-version":[{"id":36007,"href":"https:\/\/www.link2fleet.com\/fr\/wp-json\/wp\/v2\/posts\/35965\/revisions\/36007"}],"wp:featuredmedia":[{"embeddable":true,"href":"https:\/\/www.link2fleet.com\/fr\/wp-json\/wp\/v2\/media\/30406"}],"wp:attachment":[{"href":"https:\/\/www.link2fleet.com\/fr\/wp-json\/wp\/v2\/media?parent=35965"}],"wp:term":[{"taxonomy":"category","embeddable":true,"href":"https:\/\/www.link2fleet.com\/fr\/wp-json\/wp\/v2\/categories?post=35965"},{"taxonomy":"post_tag","embeddable":true,"href":"https:\/\/www.link2fleet.com\/fr\/wp-json\/wp\/v2\/tags?post=35965"}],"curies":[{"name":"wp","href":"https:\/\/api.w.org\/{rel}","templated":true}]}}