{"id":36172,"date":"2024-11-27T10:00:48","date_gmt":"2024-11-27T09:00:48","guid":{"rendered":"https:\/\/www.link2fleet.com\/belgische-bestuurders-staan-op-de-tweede-plaats-in-europa-wanneer-het-gaat-om-hun-voorkeur-voor-grote-autos-en-suvs\/"},"modified":"2024-11-27T10:14:04","modified_gmt":"2024-11-27T09:14:04","slug":"belgische-bestuurders-staan-op-de-tweede-plaats-in-europa-wanneer-het-gaat-om-hun-voorkeur-voor-grote-autos-en-suvs","status":"publish","type":"post","link":"https:\/\/www.link2fleet.com\/fr\/belgische-bestuurders-staan-op-de-tweede-plaats-in-europa-wanneer-het-gaat-om-hun-voorkeur-voor-grote-autos-en-suvs\/","title":{"rendered":"La Belgique, 2e pays europ\u00e9en en mati\u00e8re de &lsquo;grosses voitures&rsquo;"},"content":{"rendered":"","protected":false},"excerpt":{"rendered":"","protected":false},"author":4,"featured_media":36173,"comment_status":"closed","ping_status":"closed","sticky":false,"template":"","format":"standard","meta":{"_acf_changed":false,"footnotes":""},"categories":[135],"tags":[],"class_list":["post-36172","post","type-post","status-publish","format-standard","has-post-thumbnail","hentry","category-news-fr"],"acf":[],"yoast_head":"<!-- This site is optimized with the Yoast SEO plugin v27.3 - https:\/\/yoast.com\/product\/yoast-seo-wordpress\/ -->\n<title>La Belgique, 2e pays europ\u00e9en en mati\u00e8re de &#039;grosses voitures&#039; - link2fleet<\/title>\n<meta name=\"description\" content=\"En r\u00e8gle g\u00e9n\u00e9rale, les progr\u00e8s technologiques se traduisent par une r\u00e9duction de la taille des \u00e9quipements, qu&rsquo;il s&rsquo;agisse de t\u00e9l\u00e9phones mobiles, d&rsquo;ordinateurs portables ou de\u2026\" \/>\n<meta name=\"robots\" content=\"index, follow, max-snippet:-1, max-image-preview:large, max-video-preview:-1\" \/>\n<meta property=\"og:locale\" content=\"fr_FR\" \/>\n<meta property=\"og:type\" content=\"article\" \/>\n<meta property=\"og:title\" content=\"La Belgique, 2e pays europ\u00e9en en mati\u00e8re de &#039;grosses voitures&#039; - link2fleet\" \/>\n<meta property=\"og:description\" content=\"En r\u00e8gle g\u00e9n\u00e9rale, les progr\u00e8s technologiques se traduisent par une r\u00e9duction de la taille des \u00e9quipements, qu&rsquo;il s&rsquo;agisse de t\u00e9l\u00e9phones mobiles, d&rsquo;ordinateurs portables ou de\u2026\" \/>\n<meta property=\"og:url\" content=\"https:\/\/www.link2fleet.com\/belgische-bestuurders-staan-op-de-tweede-plaats-in-europa-wanneer-het-gaat-om-hun-voorkeur-voor-grote-autos-en-suvs\/\" \/>\n<meta property=\"og:site_name\" content=\"link2fleet\" \/>\n<meta property=\"article:published_time\" content=\"2024-11-27T09:00:48+00:00\" \/>\n<meta property=\"article:modified_time\" content=\"2024-11-27T09:14:04+00:00\" \/>\n<meta property=\"og:image\" content=\"https:\/\/static.link2fleet.com\/wp-content\/uploads\/2024\/03\/kia-ev9-suv-electrique-7-places-1-620x413-1.jpg\" \/>\n\t<meta property=\"og:image:width\" content=\"620\" \/>\n\t<meta property=\"og:image:height\" content=\"413\" \/>\n\t<meta property=\"og:image:type\" content=\"image\/jpeg\" \/>\n<meta name=\"author\" content=\"Damien Malvetti\" \/>\n<meta name=\"twitter:card\" content=\"summary_large_image\" \/>\n<meta name=\"twitter:description\" content=\"En r\u00e8gle g\u00e9n\u00e9rale, les progr\u00e8s technologiques se traduisent par une r\u00e9duction de la taille des \u00e9quipements, qu&rsquo;il s&rsquo;agisse de t\u00e9l\u00e9phones mobiles, d&rsquo;ordinateurs portables ou de\u2026\" \/>\n<meta name=\"twitter:label1\" content=\"\u00c9crit par\" \/>\n\t<meta name=\"twitter:data1\" content=\"Damien Malvetti\" \/>\n\t<meta name=\"twitter:label2\" content=\"Dur\u00e9e de lecture estim\u00e9e\" \/>\n\t<meta name=\"twitter:data2\" content=\"4 minutes\" \/>\n<script type=\"application\/ld+json\" class=\"yoast-schema-graph\">{\"@context\":\"https:\\\/\\\/schema.org\",\"@graph\":[{\"@type\":\"Article\",\"@id\":\"https:\\\/\\\/www.link2fleet.com\\\/belgische-bestuurders-staan-op-de-tweede-plaats-in-europa-wanneer-het-gaat-om-hun-voorkeur-voor-grote-autos-en-suvs\\\/#article\",\"isPartOf\":{\"@id\":\"https:\\\/\\\/www.link2fleet.com\\\/belgische-bestuurders-staan-op-de-tweede-plaats-in-europa-wanneer-het-gaat-om-hun-voorkeur-voor-grote-autos-en-suvs\\\/\"},\"author\":{\"name\":\"Damien Malvetti\",\"@id\":\"https:\\\/\\\/www.link2fleet.com\\\/fr\\\/#\\\/schema\\\/person\\\/027cd46113c78036b3809c9a054049da\"},\"headline\":\"La Belgique, 2e pays europ\u00e9en en mati\u00e8re de &lsquo;grosses voitures&rsquo;\",\"datePublished\":\"2024-11-27T09:00:48+00:00\",\"dateModified\":\"2024-11-27T09:14:04+00:00\",\"mainEntityOfPage\":{\"@id\":\"https:\\\/\\\/www.link2fleet.com\\\/belgische-bestuurders-staan-op-de-tweede-plaats-in-europa-wanneer-het-gaat-om-hun-voorkeur-voor-grote-autos-en-suvs\\\/\"},\"wordCount\":12,\"publisher\":{\"@id\":\"https:\\\/\\\/www.link2fleet.com\\\/fr\\\/#organization\"},\"image\":{\"@id\":\"https:\\\/\\\/www.link2fleet.com\\\/belgische-bestuurders-staan-op-de-tweede-plaats-in-europa-wanneer-het-gaat-om-hun-voorkeur-voor-grote-autos-en-suvs\\\/#primaryimage\"},\"thumbnailUrl\":\"https:\\\/\\\/static.link2fleet.com\\\/wp-content\\\/uploads\\\/2024\\\/03\\\/kia-ev9-suv-electrique-7-places-1-620x413-1.jpg\",\"articleSection\":[\"Actus\"],\"inLanguage\":\"fr-FR\"},{\"@type\":\"WebPage\",\"@id\":\"https:\\\/\\\/www.link2fleet.com\\\/belgische-bestuurders-staan-op-de-tweede-plaats-in-europa-wanneer-het-gaat-om-hun-voorkeur-voor-grote-autos-en-suvs\\\/\",\"url\":\"https:\\\/\\\/www.link2fleet.com\\\/belgische-bestuurders-staan-op-de-tweede-plaats-in-europa-wanneer-het-gaat-om-hun-voorkeur-voor-grote-autos-en-suvs\\\/\",\"name\":\"La Belgique, 2e pays europ\u00e9en en mati\u00e8re de 'grosses voitures' - link2fleet\",\"isPartOf\":{\"@id\":\"https:\\\/\\\/www.link2fleet.com\\\/fr\\\/#website\"},\"primaryImageOfPage\":{\"@id\":\"https:\\\/\\\/www.link2fleet.com\\\/belgische-bestuurders-staan-op-de-tweede-plaats-in-europa-wanneer-het-gaat-om-hun-voorkeur-voor-grote-autos-en-suvs\\\/#primaryimage\"},\"image\":{\"@id\":\"https:\\\/\\\/www.link2fleet.com\\\/belgische-bestuurders-staan-op-de-tweede-plaats-in-europa-wanneer-het-gaat-om-hun-voorkeur-voor-grote-autos-en-suvs\\\/#primaryimage\"},\"thumbnailUrl\":\"https:\\\/\\\/static.link2fleet.com\\\/wp-content\\\/uploads\\\/2024\\\/03\\\/kia-ev9-suv-electrique-7-places-1-620x413-1.jpg\",\"datePublished\":\"2024-11-27T09:00:48+00:00\",\"dateModified\":\"2024-11-27T09:14:04+00:00\",\"breadcrumb\":{\"@id\":\"https:\\\/\\\/www.link2fleet.com\\\/belgische-bestuurders-staan-op-de-tweede-plaats-in-europa-wanneer-het-gaat-om-hun-voorkeur-voor-grote-autos-en-suvs\\\/#breadcrumb\"},\"inLanguage\":\"fr-FR\",\"potentialAction\":[{\"@type\":\"ReadAction\",\"target\":[\"https:\\\/\\\/www.link2fleet.com\\\/belgische-bestuurders-staan-op-de-tweede-plaats-in-europa-wanneer-het-gaat-om-hun-voorkeur-voor-grote-autos-en-suvs\\\/\"]}]},{\"@type\":\"ImageObject\",\"inLanguage\":\"fr-FR\",\"@id\":\"https:\\\/\\\/www.link2fleet.com\\\/belgische-bestuurders-staan-op-de-tweede-plaats-in-europa-wanneer-het-gaat-om-hun-voorkeur-voor-grote-autos-en-suvs\\\/#primaryimage\",\"url\":\"https:\\\/\\\/static.link2fleet.com\\\/wp-content\\\/uploads\\\/2024\\\/03\\\/kia-ev9-suv-electrique-7-places-1-620x413-1.jpg\",\"contentUrl\":\"https:\\\/\\\/static.link2fleet.com\\\/wp-content\\\/uploads\\\/2024\\\/03\\\/kia-ev9-suv-electrique-7-places-1-620x413-1.jpg\",\"width\":620,\"height\":413},{\"@type\":\"BreadcrumbList\",\"@id\":\"https:\\\/\\\/www.link2fleet.com\\\/belgische-bestuurders-staan-op-de-tweede-plaats-in-europa-wanneer-het-gaat-om-hun-voorkeur-voor-grote-autos-en-suvs\\\/#breadcrumb\",\"itemListElement\":[{\"@type\":\"ListItem\",\"position\":1,\"name\":\"Home\",\"item\":\"https:\\\/\\\/www.link2fleet.com\\\/fr\\\/\"},{\"@type\":\"ListItem\",\"position\":2,\"name\":\"La Belgique, 2e pays europ\u00e9en en mati\u00e8re de &#8216;grosses voitures&#8217;\"}]},{\"@type\":\"WebSite\",\"@id\":\"https:\\\/\\\/www.link2fleet.com\\\/fr\\\/#website\",\"url\":\"https:\\\/\\\/www.link2fleet.com\\\/fr\\\/\",\"name\":\"Link2fleet\",\"description\":\"\",\"publisher\":{\"@id\":\"https:\\\/\\\/www.link2fleet.com\\\/fr\\\/#organization\"},\"potentialAction\":[{\"@type\":\"SearchAction\",\"target\":{\"@type\":\"EntryPoint\",\"urlTemplate\":\"https:\\\/\\\/www.link2fleet.com\\\/fr\\\/?s={search_term_string}\"},\"query-input\":{\"@type\":\"PropertyValueSpecification\",\"valueRequired\":true,\"valueName\":\"search_term_string\"}}],\"inLanguage\":\"fr-FR\"},{\"@type\":\"Organization\",\"@id\":\"https:\\\/\\\/www.link2fleet.com\\\/fr\\\/#organization\",\"name\":\"Link2fleet\",\"url\":\"https:\\\/\\\/www.link2fleet.com\\\/fr\\\/\",\"logo\":{\"@type\":\"ImageObject\",\"inLanguage\":\"fr-FR\",\"@id\":\"https:\\\/\\\/www.link2fleet.com\\\/fr\\\/#\\\/schema\\\/logo\\\/image\\\/\",\"url\":\"https:\\\/\\\/static.link2fleet.com\\\/wp-content\\\/uploads\\\/2024\\\/03\\\/share-image.jpg\",\"contentUrl\":\"https:\\\/\\\/static.link2fleet.com\\\/wp-content\\\/uploads\\\/2024\\\/03\\\/share-image.jpg\",\"width\":1200,\"height\":630,\"caption\":\"Link2fleet\"},\"image\":{\"@id\":\"https:\\\/\\\/www.link2fleet.com\\\/fr\\\/#\\\/schema\\\/logo\\\/image\\\/\"},\"sameAs\":[\"https:\\\/\\\/www.linkedin.com\\\/company\\\/link2fleet-belgium\",\"https:\\\/\\\/www.youtube.com\\\/user\\\/MMMBMBE\"]},{\"@type\":\"Person\",\"@id\":\"https:\\\/\\\/www.link2fleet.com\\\/fr\\\/#\\\/schema\\\/person\\\/027cd46113c78036b3809c9a054049da\",\"name\":\"Damien Malvetti\",\"image\":{\"@type\":\"ImageObject\",\"inLanguage\":\"fr-FR\",\"@id\":\"https:\\\/\\\/secure.gravatar.com\\\/avatar\\\/dd8cc03b49466c735f753ac37f8caa371af16dfed347456ed61f02883255eebb?s=96&d=mm&r=g\",\"url\":\"https:\\\/\\\/secure.gravatar.com\\\/avatar\\\/dd8cc03b49466c735f753ac37f8caa371af16dfed347456ed61f02883255eebb?s=96&d=mm&r=g\",\"contentUrl\":\"https:\\\/\\\/secure.gravatar.com\\\/avatar\\\/dd8cc03b49466c735f753ac37f8caa371af16dfed347456ed61f02883255eebb?s=96&d=mm&r=g\",\"caption\":\"Damien Malvetti\"},\"description\":\"Damien Malvetti is opgeleid als journalist en gepassioneerd door wagens, technologie en mobiliteit. Hij is verantwoordelijk voor de redactionele inhoud van link2fleet en beschikt over een uitgebreide kennis van de fleet-sector en elektrische mobiliteit.\",\"sameAs\":[\"https:\\\/\\\/www.linkedin.com\\\/in\\\/damien-malvetti-56601142\\\/\"]}]}<\/script>\n<!-- \/ Yoast SEO plugin. -->","yoast_head_json":{"title":"La Belgique, 2e pays europ\u00e9en en mati\u00e8re de 'grosses voitures' - link2fleet","description":"En r\u00e8gle g\u00e9n\u00e9rale, les progr\u00e8s technologiques se traduisent par une r\u00e9duction de la taille des \u00e9quipements, qu&rsquo;il s&rsquo;agisse de t\u00e9l\u00e9phones mobiles, d&rsquo;ordinateurs portables ou de\u2026","robots":{"index":"index","follow":"follow","max-snippet":"max-snippet:-1","max-image-preview":"max-image-preview:large","max-video-preview":"max-video-preview:-1"},"og_locale":"fr_FR","og_type":"article","og_title":"La Belgique, 2e pays europ\u00e9en en mati\u00e8re de 'grosses voitures' - link2fleet","og_description":"En r\u00e8gle g\u00e9n\u00e9rale, les progr\u00e8s technologiques se traduisent par une r\u00e9duction de la taille des \u00e9quipements, qu&rsquo;il s&rsquo;agisse de t\u00e9l\u00e9phones mobiles, d&rsquo;ordinateurs portables ou de\u2026","og_url":"https:\/\/www.link2fleet.com\/belgische-bestuurders-staan-op-de-tweede-plaats-in-europa-wanneer-het-gaat-om-hun-voorkeur-voor-grote-autos-en-suvs\/","og_site_name":"link2fleet","article_published_time":"2024-11-27T09:00:48+00:00","article_modified_time":"2024-11-27T09:14:04+00:00","og_image":[{"width":620,"height":413,"url":"https:\/\/static.link2fleet.com\/wp-content\/uploads\/2024\/03\/kia-ev9-suv-electrique-7-places-1-620x413-1.jpg","type":"image\/jpeg"}],"author":"Damien Malvetti","twitter_card":"summary_large_image","twitter_description":"En r\u00e8gle g\u00e9n\u00e9rale, les progr\u00e8s technologiques se traduisent par une r\u00e9duction de la taille des \u00e9quipements, qu&rsquo;il s&rsquo;agisse de t\u00e9l\u00e9phones mobiles, d&rsquo;ordinateurs portables ou de\u2026","twitter_misc":{"\u00c9crit par":"Damien Malvetti","Dur\u00e9e de lecture estim\u00e9e":"4 minutes"},"schema":{"@context":"https:\/\/schema.org","@graph":[{"@type":"Article","@id":"https:\/\/www.link2fleet.com\/belgische-bestuurders-staan-op-de-tweede-plaats-in-europa-wanneer-het-gaat-om-hun-voorkeur-voor-grote-autos-en-suvs\/#article","isPartOf":{"@id":"https:\/\/www.link2fleet.com\/belgische-bestuurders-staan-op-de-tweede-plaats-in-europa-wanneer-het-gaat-om-hun-voorkeur-voor-grote-autos-en-suvs\/"},"author":{"name":"Damien Malvetti","@id":"https:\/\/www.link2fleet.com\/fr\/#\/schema\/person\/027cd46113c78036b3809c9a054049da"},"headline":"La Belgique, 2e pays europ\u00e9en en mati\u00e8re de &lsquo;grosses voitures&rsquo;","datePublished":"2024-11-27T09:00:48+00:00","dateModified":"2024-11-27T09:14:04+00:00","mainEntityOfPage":{"@id":"https:\/\/www.link2fleet.com\/belgische-bestuurders-staan-op-de-tweede-plaats-in-europa-wanneer-het-gaat-om-hun-voorkeur-voor-grote-autos-en-suvs\/"},"wordCount":12,"publisher":{"@id":"https:\/\/www.link2fleet.com\/fr\/#organization"},"image":{"@id":"https:\/\/www.link2fleet.com\/belgische-bestuurders-staan-op-de-tweede-plaats-in-europa-wanneer-het-gaat-om-hun-voorkeur-voor-grote-autos-en-suvs\/#primaryimage"},"thumbnailUrl":"https:\/\/static.link2fleet.com\/wp-content\/uploads\/2024\/03\/kia-ev9-suv-electrique-7-places-1-620x413-1.jpg","articleSection":["Actus"],"inLanguage":"fr-FR"},{"@type":"WebPage","@id":"https:\/\/www.link2fleet.com\/belgische-bestuurders-staan-op-de-tweede-plaats-in-europa-wanneer-het-gaat-om-hun-voorkeur-voor-grote-autos-en-suvs\/","url":"https:\/\/www.link2fleet.com\/belgische-bestuurders-staan-op-de-tweede-plaats-in-europa-wanneer-het-gaat-om-hun-voorkeur-voor-grote-autos-en-suvs\/","name":"La Belgique, 2e pays europ\u00e9en en mati\u00e8re de 'grosses voitures' - link2fleet","isPartOf":{"@id":"https:\/\/www.link2fleet.com\/fr\/#website"},"primaryImageOfPage":{"@id":"https:\/\/www.link2fleet.com\/belgische-bestuurders-staan-op-de-tweede-plaats-in-europa-wanneer-het-gaat-om-hun-voorkeur-voor-grote-autos-en-suvs\/#primaryimage"},"image":{"@id":"https:\/\/www.link2fleet.com\/belgische-bestuurders-staan-op-de-tweede-plaats-in-europa-wanneer-het-gaat-om-hun-voorkeur-voor-grote-autos-en-suvs\/#primaryimage"},"thumbnailUrl":"https:\/\/static.link2fleet.com\/wp-content\/uploads\/2024\/03\/kia-ev9-suv-electrique-7-places-1-620x413-1.jpg","datePublished":"2024-11-27T09:00:48+00:00","dateModified":"2024-11-27T09:14:04+00:00","breadcrumb":{"@id":"https:\/\/www.link2fleet.com\/belgische-bestuurders-staan-op-de-tweede-plaats-in-europa-wanneer-het-gaat-om-hun-voorkeur-voor-grote-autos-en-suvs\/#breadcrumb"},"inLanguage":"fr-FR","potentialAction":[{"@type":"ReadAction","target":["https:\/\/www.link2fleet.com\/belgische-bestuurders-staan-op-de-tweede-plaats-in-europa-wanneer-het-gaat-om-hun-voorkeur-voor-grote-autos-en-suvs\/"]}]},{"@type":"ImageObject","inLanguage":"fr-FR","@id":"https:\/\/www.link2fleet.com\/belgische-bestuurders-staan-op-de-tweede-plaats-in-europa-wanneer-het-gaat-om-hun-voorkeur-voor-grote-autos-en-suvs\/#primaryimage","url":"https:\/\/static.link2fleet.com\/wp-content\/uploads\/2024\/03\/kia-ev9-suv-electrique-7-places-1-620x413-1.jpg","contentUrl":"https:\/\/static.link2fleet.com\/wp-content\/uploads\/2024\/03\/kia-ev9-suv-electrique-7-places-1-620x413-1.jpg","width":620,"height":413},{"@type":"BreadcrumbList","@id":"https:\/\/www.link2fleet.com\/belgische-bestuurders-staan-op-de-tweede-plaats-in-europa-wanneer-het-gaat-om-hun-voorkeur-voor-grote-autos-en-suvs\/#breadcrumb","itemListElement":[{"@type":"ListItem","position":1,"name":"Home","item":"https:\/\/www.link2fleet.com\/fr\/"},{"@type":"ListItem","position":2,"name":"La Belgique, 2e pays europ\u00e9en en mati\u00e8re de &#8216;grosses voitures&#8217;"}]},{"@type":"WebSite","@id":"https:\/\/www.link2fleet.com\/fr\/#website","url":"https:\/\/www.link2fleet.com\/fr\/","name":"Link2fleet","description":"","publisher":{"@id":"https:\/\/www.link2fleet.com\/fr\/#organization"},"potentialAction":[{"@type":"SearchAction","target":{"@type":"EntryPoint","urlTemplate":"https:\/\/www.link2fleet.com\/fr\/?s={search_term_string}"},"query-input":{"@type":"PropertyValueSpecification","valueRequired":true,"valueName":"search_term_string"}}],"inLanguage":"fr-FR"},{"@type":"Organization","@id":"https:\/\/www.link2fleet.com\/fr\/#organization","name":"Link2fleet","url":"https:\/\/www.link2fleet.com\/fr\/","logo":{"@type":"ImageObject","inLanguage":"fr-FR","@id":"https:\/\/www.link2fleet.com\/fr\/#\/schema\/logo\/image\/","url":"https:\/\/static.link2fleet.com\/wp-content\/uploads\/2024\/03\/share-image.jpg","contentUrl":"https:\/\/static.link2fleet.com\/wp-content\/uploads\/2024\/03\/share-image.jpg","width":1200,"height":630,"caption":"Link2fleet"},"image":{"@id":"https:\/\/www.link2fleet.com\/fr\/#\/schema\/logo\/image\/"},"sameAs":["https:\/\/www.linkedin.com\/company\/link2fleet-belgium","https:\/\/www.youtube.com\/user\/MMMBMBE"]},{"@type":"Person","@id":"https:\/\/www.link2fleet.com\/fr\/#\/schema\/person\/027cd46113c78036b3809c9a054049da","name":"Damien Malvetti","image":{"@type":"ImageObject","inLanguage":"fr-FR","@id":"https:\/\/secure.gravatar.com\/avatar\/dd8cc03b49466c735f753ac37f8caa371af16dfed347456ed61f02883255eebb?s=96&d=mm&r=g","url":"https:\/\/secure.gravatar.com\/avatar\/dd8cc03b49466c735f753ac37f8caa371af16dfed347456ed61f02883255eebb?s=96&d=mm&r=g","contentUrl":"https:\/\/secure.gravatar.com\/avatar\/dd8cc03b49466c735f753ac37f8caa371af16dfed347456ed61f02883255eebb?s=96&d=mm&r=g","caption":"Damien Malvetti"},"description":"Damien Malvetti is opgeleid als journalist en gepassioneerd door wagens, technologie en mobiliteit. Hij is verantwoordelijk voor de redactionele inhoud van link2fleet en beschikt over een uitgebreide kennis van de fleet-sector en elektrische mobiliteit.","sameAs":["https:\/\/www.linkedin.com\/in\/damien-malvetti-56601142\/"]}]}},"_links":{"self":[{"href":"https:\/\/www.link2fleet.com\/fr\/wp-json\/wp\/v2\/posts\/36172","targetHints":{"allow":["GET"]}}],"collection":[{"href":"https:\/\/www.link2fleet.com\/fr\/wp-json\/wp\/v2\/posts"}],"about":[{"href":"https:\/\/www.link2fleet.com\/fr\/wp-json\/wp\/v2\/types\/post"}],"author":[{"embeddable":true,"href":"https:\/\/www.link2fleet.com\/fr\/wp-json\/wp\/v2\/users\/4"}],"replies":[{"embeddable":true,"href":"https:\/\/www.link2fleet.com\/fr\/wp-json\/wp\/v2\/comments?post=36172"}],"version-history":[{"count":2,"href":"https:\/\/www.link2fleet.com\/fr\/wp-json\/wp\/v2\/posts\/36172\/revisions"}],"predecessor-version":[{"id":36175,"href":"https:\/\/www.link2fleet.com\/fr\/wp-json\/wp\/v2\/posts\/36172\/revisions\/36175"}],"wp:featuredmedia":[{"embeddable":true,"href":"https:\/\/www.link2fleet.com\/fr\/wp-json\/wp\/v2\/media\/36173"}],"wp:attachment":[{"href":"https:\/\/www.link2fleet.com\/fr\/wp-json\/wp\/v2\/media?parent=36172"}],"wp:term":[{"taxonomy":"category","embeddable":true,"href":"https:\/\/www.link2fleet.com\/fr\/wp-json\/wp\/v2\/categories?post=36172"},{"taxonomy":"post_tag","embeddable":true,"href":"https:\/\/www.link2fleet.com\/fr\/wp-json\/wp\/v2\/tags?post=36172"}],"curies":[{"name":"wp","href":"https:\/\/api.w.org\/{rel}","templated":true}]}}