{"id":36315,"date":"2024-11-28T16:14:05","date_gmt":"2024-11-28T15:14:05","guid":{"rendered":"https:\/\/www.link2fleet.com\/?p=36315"},"modified":"2024-11-28T16:14:05","modified_gmt":"2024-11-28T15:14:05","slug":"etat-des-routes-namurois-bruxellois-et-anversois-sinquietent-fortement-de-leur-qualite","status":"publish","type":"post","link":"https:\/\/www.link2fleet.com\/fr\/etat-des-routes-namurois-bruxellois-et-anversois-sinquietent-fortement-de-leur-qualite\/","title":{"rendered":"Etat des routes : Namurois, Bruxellois et Anversois s\u2019inqui\u00e8tent fortement de leur qualit\u00e9 !"},"content":{"rendered":"","protected":false},"excerpt":{"rendered":"","protected":false},"author":18,"featured_media":36316,"comment_status":"closed","ping_status":"closed","sticky":false,"template":"","format":"standard","meta":{"_acf_changed":false,"footnotes":""},"categories":[135],"tags":[678,696,546],"class_list":["post-36315","post","type-post","status-publish","format-standard","has-post-thumbnail","hentry","category-news-fr","tag-securite","tag-securite-routiere","tag-urban-road-safety-index-fr"],"acf":[],"yoast_head":"<!-- This site is optimized with the Yoast SEO plugin v27.3 - https:\/\/yoast.com\/product\/yoast-seo-wordpress\/ -->\n<title>Etat des routes : Namurois, Bruxellois et Anversois s\u2019inqui\u00e8tent fortement de leur qualit\u00e9 ! - link2fleet<\/title>\n<meta name=\"description\" content=\"Vous le constatez certainement comme nous\u00a0: les travaux routiers sont de plus en plus nombreux, cr\u00e9ant des ralentissements \u00e9puisants. C\u2019est le prix \u00e0 payer pour\u2026\" \/>\n<meta name=\"robots\" content=\"index, follow, max-snippet:-1, max-image-preview:large, max-video-preview:-1\" \/>\n<meta property=\"og:locale\" content=\"fr_FR\" \/>\n<meta property=\"og:type\" content=\"article\" \/>\n<meta property=\"og:title\" content=\"Etat des routes : Namurois, Bruxellois et Anversois s\u2019inqui\u00e8tent fortement de leur qualit\u00e9 ! - link2fleet\" \/>\n<meta property=\"og:description\" content=\"Vous le constatez certainement comme nous\u00a0: les travaux routiers sont de plus en plus nombreux, cr\u00e9ant des ralentissements \u00e9puisants. C\u2019est le prix \u00e0 payer pour\u2026\" \/>\n<meta property=\"og:url\" content=\"https:\/\/www.link2fleet.com\/inwoners-van-antwerpen-brussel-en-namen-maken-zich-grote-zorgen-over-de-kwaliteit-van-hun-wegen\/\" \/>\n<meta property=\"og:site_name\" content=\"link2fleet\" \/>\n<meta property=\"article:published_time\" content=\"2024-11-28T15:14:05+00:00\" \/>\n<meta property=\"og:image\" content=\"https:\/\/static.link2fleet.com\/wp-content\/uploads\/2024\/11\/pexels-taras-makarenko-188506-593172-ld.jpg\" \/>\n\t<meta property=\"og:image:width\" content=\"1300\" \/>\n\t<meta property=\"og:image:height\" content=\"866\" \/>\n\t<meta property=\"og:image:type\" content=\"image\/jpeg\" \/>\n<meta name=\"author\" content=\"Maxime Pasture\" \/>\n<meta name=\"twitter:card\" content=\"summary_large_image\" \/>\n<meta name=\"twitter:description\" content=\"Vous le constatez certainement comme nous\u00a0: les travaux routiers sont de plus en plus nombreux, cr\u00e9ant des ralentissements \u00e9puisants. C\u2019est le prix \u00e0 payer pour\u2026\" \/>\n<meta name=\"twitter:label1\" content=\"\u00c9crit par\" \/>\n\t<meta name=\"twitter:data1\" content=\"Journaliste de formation, Maxime est tr\u00e8s curieux mais surtout passionn\u00e9 d&#039;automobile. Sa curiosit\u00e9 l&#039;am\u00e8ne \u00e0 traiter de sujets divers et vari\u00e9s li\u00e9s \u00e0 la mobilit\u00e9 au sens large et bien plus encore !\" \/>\n\t<meta name=\"twitter:label2\" content=\"Dur\u00e9e de lecture estim\u00e9e\" \/>\n\t<meta name=\"twitter:data2\" content=\"2 minutes\" \/>\n<script type=\"application\/ld+json\" class=\"yoast-schema-graph\">{\"@context\":\"https:\\\/\\\/schema.org\",\"@graph\":[{\"@type\":\"Article\",\"@id\":\"https:\\\/\\\/www.link2fleet.com\\\/inwoners-van-antwerpen-brussel-en-namen-maken-zich-grote-zorgen-over-de-kwaliteit-van-hun-wegen\\\/#article\",\"isPartOf\":{\"@id\":\"https:\\\/\\\/www.link2fleet.com\\\/inwoners-van-antwerpen-brussel-en-namen-maken-zich-grote-zorgen-over-de-kwaliteit-van-hun-wegen\\\/\"},\"author\":{\"name\":\"Maxime Pasture\",\"@id\":\"https:\\\/\\\/www.link2fleet.com\\\/fr\\\/#\\\/schema\\\/person\\\/36f3d48d12a83e110d72b602b5bebc11\"},\"headline\":\"Etat des routes : Namurois, Bruxellois et Anversois s\u2019inqui\u00e8tent fortement de leur qualit\u00e9 !\",\"datePublished\":\"2024-11-28T15:14:05+00:00\",\"mainEntityOfPage\":{\"@id\":\"https:\\\/\\\/www.link2fleet.com\\\/inwoners-van-antwerpen-brussel-en-namen-maken-zich-grote-zorgen-over-de-kwaliteit-van-hun-wegen\\\/\"},\"wordCount\":14,\"publisher\":{\"@id\":\"https:\\\/\\\/www.link2fleet.com\\\/fr\\\/#organization\"},\"image\":{\"@id\":\"https:\\\/\\\/www.link2fleet.com\\\/inwoners-van-antwerpen-brussel-en-namen-maken-zich-grote-zorgen-over-de-kwaliteit-van-hun-wegen\\\/#primaryimage\"},\"thumbnailUrl\":\"https:\\\/\\\/static.link2fleet.com\\\/wp-content\\\/uploads\\\/2024\\\/11\\\/pexels-taras-makarenko-188506-593172-ld.jpg\",\"keywords\":[\"s\u00e9curit\u00e9\",\"s\u00e9curit\u00e9 routi\u00e8re\",\"Urban Road Safety Index\"],\"articleSection\":[\"Actus\"],\"inLanguage\":\"fr-FR\"},{\"@type\":\"WebPage\",\"@id\":\"https:\\\/\\\/www.link2fleet.com\\\/inwoners-van-antwerpen-brussel-en-namen-maken-zich-grote-zorgen-over-de-kwaliteit-van-hun-wegen\\\/\",\"url\":\"https:\\\/\\\/www.link2fleet.com\\\/inwoners-van-antwerpen-brussel-en-namen-maken-zich-grote-zorgen-over-de-kwaliteit-van-hun-wegen\\\/\",\"name\":\"Etat des routes : Namurois, Bruxellois et Anversois s\u2019inqui\u00e8tent fortement de leur qualit\u00e9 ! - link2fleet\",\"isPartOf\":{\"@id\":\"https:\\\/\\\/www.link2fleet.com\\\/fr\\\/#website\"},\"primaryImageOfPage\":{\"@id\":\"https:\\\/\\\/www.link2fleet.com\\\/inwoners-van-antwerpen-brussel-en-namen-maken-zich-grote-zorgen-over-de-kwaliteit-van-hun-wegen\\\/#primaryimage\"},\"image\":{\"@id\":\"https:\\\/\\\/www.link2fleet.com\\\/inwoners-van-antwerpen-brussel-en-namen-maken-zich-grote-zorgen-over-de-kwaliteit-van-hun-wegen\\\/#primaryimage\"},\"thumbnailUrl\":\"https:\\\/\\\/static.link2fleet.com\\\/wp-content\\\/uploads\\\/2024\\\/11\\\/pexels-taras-makarenko-188506-593172-ld.jpg\",\"datePublished\":\"2024-11-28T15:14:05+00:00\",\"breadcrumb\":{\"@id\":\"https:\\\/\\\/www.link2fleet.com\\\/inwoners-van-antwerpen-brussel-en-namen-maken-zich-grote-zorgen-over-de-kwaliteit-van-hun-wegen\\\/#breadcrumb\"},\"inLanguage\":\"fr-FR\",\"potentialAction\":[{\"@type\":\"ReadAction\",\"target\":[\"https:\\\/\\\/www.link2fleet.com\\\/inwoners-van-antwerpen-brussel-en-namen-maken-zich-grote-zorgen-over-de-kwaliteit-van-hun-wegen\\\/\"]}]},{\"@type\":\"ImageObject\",\"inLanguage\":\"fr-FR\",\"@id\":\"https:\\\/\\\/www.link2fleet.com\\\/inwoners-van-antwerpen-brussel-en-namen-maken-zich-grote-zorgen-over-de-kwaliteit-van-hun-wegen\\\/#primaryimage\",\"url\":\"https:\\\/\\\/static.link2fleet.com\\\/wp-content\\\/uploads\\\/2024\\\/11\\\/pexels-taras-makarenko-188506-593172-ld.jpg\",\"contentUrl\":\"https:\\\/\\\/static.link2fleet.com\\\/wp-content\\\/uploads\\\/2024\\\/11\\\/pexels-taras-makarenko-188506-593172-ld.jpg\",\"width\":1300,\"height\":866},{\"@type\":\"BreadcrumbList\",\"@id\":\"https:\\\/\\\/www.link2fleet.com\\\/inwoners-van-antwerpen-brussel-en-namen-maken-zich-grote-zorgen-over-de-kwaliteit-van-hun-wegen\\\/#breadcrumb\",\"itemListElement\":[{\"@type\":\"ListItem\",\"position\":1,\"name\":\"Home\",\"item\":\"https:\\\/\\\/www.link2fleet.com\\\/fr\\\/\"},{\"@type\":\"ListItem\",\"position\":2,\"name\":\"Etat des routes : Namurois, Bruxellois et Anversois s\u2019inqui\u00e8tent fortement de leur qualit\u00e9 !\"}]},{\"@type\":\"WebSite\",\"@id\":\"https:\\\/\\\/www.link2fleet.com\\\/fr\\\/#website\",\"url\":\"https:\\\/\\\/www.link2fleet.com\\\/fr\\\/\",\"name\":\"Link2fleet\",\"description\":\"\",\"publisher\":{\"@id\":\"https:\\\/\\\/www.link2fleet.com\\\/fr\\\/#organization\"},\"potentialAction\":[{\"@type\":\"SearchAction\",\"target\":{\"@type\":\"EntryPoint\",\"urlTemplate\":\"https:\\\/\\\/www.link2fleet.com\\\/fr\\\/?s={search_term_string}\"},\"query-input\":{\"@type\":\"PropertyValueSpecification\",\"valueRequired\":true,\"valueName\":\"search_term_string\"}}],\"inLanguage\":\"fr-FR\"},{\"@type\":\"Organization\",\"@id\":\"https:\\\/\\\/www.link2fleet.com\\\/fr\\\/#organization\",\"name\":\"Link2fleet\",\"url\":\"https:\\\/\\\/www.link2fleet.com\\\/fr\\\/\",\"logo\":{\"@type\":\"ImageObject\",\"inLanguage\":\"fr-FR\",\"@id\":\"https:\\\/\\\/www.link2fleet.com\\\/fr\\\/#\\\/schema\\\/logo\\\/image\\\/\",\"url\":\"https:\\\/\\\/static.link2fleet.com\\\/wp-content\\\/uploads\\\/2024\\\/03\\\/share-image.jpg\",\"contentUrl\":\"https:\\\/\\\/static.link2fleet.com\\\/wp-content\\\/uploads\\\/2024\\\/03\\\/share-image.jpg\",\"width\":1200,\"height\":630,\"caption\":\"Link2fleet\"},\"image\":{\"@id\":\"https:\\\/\\\/www.link2fleet.com\\\/fr\\\/#\\\/schema\\\/logo\\\/image\\\/\"},\"sameAs\":[\"https:\\\/\\\/www.linkedin.com\\\/company\\\/link2fleet-belgium\",\"https:\\\/\\\/www.youtube.com\\\/user\\\/MMMBMBE\"]},{\"@type\":\"Person\",\"@id\":\"https:\\\/\\\/www.link2fleet.com\\\/fr\\\/#\\\/schema\\\/person\\\/36f3d48d12a83e110d72b602b5bebc11\",\"name\":\"Maxime Pasture\",\"image\":{\"@type\":\"ImageObject\",\"inLanguage\":\"fr-FR\",\"@id\":\"https:\\\/\\\/secure.gravatar.com\\\/avatar\\\/a17c47a11dd3996c69a173e291c692b6a028e82349994bf0d9f60936c9795b9f?s=96&d=mm&r=g\",\"url\":\"https:\\\/\\\/secure.gravatar.com\\\/avatar\\\/a17c47a11dd3996c69a173e291c692b6a028e82349994bf0d9f60936c9795b9f?s=96&d=mm&r=g\",\"contentUrl\":\"https:\\\/\\\/secure.gravatar.com\\\/avatar\\\/a17c47a11dd3996c69a173e291c692b6a028e82349994bf0d9f60936c9795b9f?s=96&d=mm&r=g\",\"caption\":\"Maxime Pasture\"},\"description\":\"Journaliste de formation, Maxime est tr\u00e8s curieux mais surtout passionn\u00e9 d'automobile. Sa curiosit\u00e9 l'am\u00e8ne \u00e0 traiter de sujets divers et vari\u00e9s li\u00e9s \u00e0 la mobilit\u00e9 au sens large et bien plus encore !\"}]}<\/script>\n<!-- \/ Yoast SEO plugin. -->","yoast_head_json":{"title":"Etat des routes : Namurois, Bruxellois et Anversois s\u2019inqui\u00e8tent fortement de leur qualit\u00e9 ! - link2fleet","description":"Vous le constatez certainement comme nous\u00a0: les travaux routiers sont de plus en plus nombreux, cr\u00e9ant des ralentissements \u00e9puisants. C\u2019est le prix \u00e0 payer pour\u2026","robots":{"index":"index","follow":"follow","max-snippet":"max-snippet:-1","max-image-preview":"max-image-preview:large","max-video-preview":"max-video-preview:-1"},"og_locale":"fr_FR","og_type":"article","og_title":"Etat des routes : Namurois, Bruxellois et Anversois s\u2019inqui\u00e8tent fortement de leur qualit\u00e9 ! - link2fleet","og_description":"Vous le constatez certainement comme nous\u00a0: les travaux routiers sont de plus en plus nombreux, cr\u00e9ant des ralentissements \u00e9puisants. C\u2019est le prix \u00e0 payer pour\u2026","og_url":"https:\/\/www.link2fleet.com\/inwoners-van-antwerpen-brussel-en-namen-maken-zich-grote-zorgen-over-de-kwaliteit-van-hun-wegen\/","og_site_name":"link2fleet","article_published_time":"2024-11-28T15:14:05+00:00","og_image":[{"width":1300,"height":866,"url":"https:\/\/static.link2fleet.com\/wp-content\/uploads\/2024\/11\/pexels-taras-makarenko-188506-593172-ld.jpg","type":"image\/jpeg"}],"author":"Maxime Pasture","twitter_card":"summary_large_image","twitter_description":"Vous le constatez certainement comme nous\u00a0: les travaux routiers sont de plus en plus nombreux, cr\u00e9ant des ralentissements \u00e9puisants. C\u2019est le prix \u00e0 payer pour\u2026","twitter_misc":{"\u00c9crit par":"Journaliste de formation, Maxime est tr\u00e8s curieux mais surtout passionn\u00e9 d'automobile. Sa curiosit\u00e9 l'am\u00e8ne \u00e0 traiter de sujets divers et vari\u00e9s li\u00e9s \u00e0 la mobilit\u00e9 au sens large et bien plus encore !","Dur\u00e9e de lecture estim\u00e9e":"2 minutes"},"schema":{"@context":"https:\/\/schema.org","@graph":[{"@type":"Article","@id":"https:\/\/www.link2fleet.com\/inwoners-van-antwerpen-brussel-en-namen-maken-zich-grote-zorgen-over-de-kwaliteit-van-hun-wegen\/#article","isPartOf":{"@id":"https:\/\/www.link2fleet.com\/inwoners-van-antwerpen-brussel-en-namen-maken-zich-grote-zorgen-over-de-kwaliteit-van-hun-wegen\/"},"author":{"name":"Maxime Pasture","@id":"https:\/\/www.link2fleet.com\/fr\/#\/schema\/person\/36f3d48d12a83e110d72b602b5bebc11"},"headline":"Etat des routes : Namurois, Bruxellois et Anversois s\u2019inqui\u00e8tent fortement de leur qualit\u00e9 !","datePublished":"2024-11-28T15:14:05+00:00","mainEntityOfPage":{"@id":"https:\/\/www.link2fleet.com\/inwoners-van-antwerpen-brussel-en-namen-maken-zich-grote-zorgen-over-de-kwaliteit-van-hun-wegen\/"},"wordCount":14,"publisher":{"@id":"https:\/\/www.link2fleet.com\/fr\/#organization"},"image":{"@id":"https:\/\/www.link2fleet.com\/inwoners-van-antwerpen-brussel-en-namen-maken-zich-grote-zorgen-over-de-kwaliteit-van-hun-wegen\/#primaryimage"},"thumbnailUrl":"https:\/\/static.link2fleet.com\/wp-content\/uploads\/2024\/11\/pexels-taras-makarenko-188506-593172-ld.jpg","keywords":["s\u00e9curit\u00e9","s\u00e9curit\u00e9 routi\u00e8re","Urban Road Safety Index"],"articleSection":["Actus"],"inLanguage":"fr-FR"},{"@type":"WebPage","@id":"https:\/\/www.link2fleet.com\/inwoners-van-antwerpen-brussel-en-namen-maken-zich-grote-zorgen-over-de-kwaliteit-van-hun-wegen\/","url":"https:\/\/www.link2fleet.com\/inwoners-van-antwerpen-brussel-en-namen-maken-zich-grote-zorgen-over-de-kwaliteit-van-hun-wegen\/","name":"Etat des routes : Namurois, Bruxellois et Anversois s\u2019inqui\u00e8tent fortement de leur qualit\u00e9 ! - link2fleet","isPartOf":{"@id":"https:\/\/www.link2fleet.com\/fr\/#website"},"primaryImageOfPage":{"@id":"https:\/\/www.link2fleet.com\/inwoners-van-antwerpen-brussel-en-namen-maken-zich-grote-zorgen-over-de-kwaliteit-van-hun-wegen\/#primaryimage"},"image":{"@id":"https:\/\/www.link2fleet.com\/inwoners-van-antwerpen-brussel-en-namen-maken-zich-grote-zorgen-over-de-kwaliteit-van-hun-wegen\/#primaryimage"},"thumbnailUrl":"https:\/\/static.link2fleet.com\/wp-content\/uploads\/2024\/11\/pexels-taras-makarenko-188506-593172-ld.jpg","datePublished":"2024-11-28T15:14:05+00:00","breadcrumb":{"@id":"https:\/\/www.link2fleet.com\/inwoners-van-antwerpen-brussel-en-namen-maken-zich-grote-zorgen-over-de-kwaliteit-van-hun-wegen\/#breadcrumb"},"inLanguage":"fr-FR","potentialAction":[{"@type":"ReadAction","target":["https:\/\/www.link2fleet.com\/inwoners-van-antwerpen-brussel-en-namen-maken-zich-grote-zorgen-over-de-kwaliteit-van-hun-wegen\/"]}]},{"@type":"ImageObject","inLanguage":"fr-FR","@id":"https:\/\/www.link2fleet.com\/inwoners-van-antwerpen-brussel-en-namen-maken-zich-grote-zorgen-over-de-kwaliteit-van-hun-wegen\/#primaryimage","url":"https:\/\/static.link2fleet.com\/wp-content\/uploads\/2024\/11\/pexels-taras-makarenko-188506-593172-ld.jpg","contentUrl":"https:\/\/static.link2fleet.com\/wp-content\/uploads\/2024\/11\/pexels-taras-makarenko-188506-593172-ld.jpg","width":1300,"height":866},{"@type":"BreadcrumbList","@id":"https:\/\/www.link2fleet.com\/inwoners-van-antwerpen-brussel-en-namen-maken-zich-grote-zorgen-over-de-kwaliteit-van-hun-wegen\/#breadcrumb","itemListElement":[{"@type":"ListItem","position":1,"name":"Home","item":"https:\/\/www.link2fleet.com\/fr\/"},{"@type":"ListItem","position":2,"name":"Etat des routes : Namurois, Bruxellois et Anversois s\u2019inqui\u00e8tent fortement de leur qualit\u00e9 !"}]},{"@type":"WebSite","@id":"https:\/\/www.link2fleet.com\/fr\/#website","url":"https:\/\/www.link2fleet.com\/fr\/","name":"Link2fleet","description":"","publisher":{"@id":"https:\/\/www.link2fleet.com\/fr\/#organization"},"potentialAction":[{"@type":"SearchAction","target":{"@type":"EntryPoint","urlTemplate":"https:\/\/www.link2fleet.com\/fr\/?s={search_term_string}"},"query-input":{"@type":"PropertyValueSpecification","valueRequired":true,"valueName":"search_term_string"}}],"inLanguage":"fr-FR"},{"@type":"Organization","@id":"https:\/\/www.link2fleet.com\/fr\/#organization","name":"Link2fleet","url":"https:\/\/www.link2fleet.com\/fr\/","logo":{"@type":"ImageObject","inLanguage":"fr-FR","@id":"https:\/\/www.link2fleet.com\/fr\/#\/schema\/logo\/image\/","url":"https:\/\/static.link2fleet.com\/wp-content\/uploads\/2024\/03\/share-image.jpg","contentUrl":"https:\/\/static.link2fleet.com\/wp-content\/uploads\/2024\/03\/share-image.jpg","width":1200,"height":630,"caption":"Link2fleet"},"image":{"@id":"https:\/\/www.link2fleet.com\/fr\/#\/schema\/logo\/image\/"},"sameAs":["https:\/\/www.linkedin.com\/company\/link2fleet-belgium","https:\/\/www.youtube.com\/user\/MMMBMBE"]},{"@type":"Person","@id":"https:\/\/www.link2fleet.com\/fr\/#\/schema\/person\/36f3d48d12a83e110d72b602b5bebc11","name":"Maxime Pasture","image":{"@type":"ImageObject","inLanguage":"fr-FR","@id":"https:\/\/secure.gravatar.com\/avatar\/a17c47a11dd3996c69a173e291c692b6a028e82349994bf0d9f60936c9795b9f?s=96&d=mm&r=g","url":"https:\/\/secure.gravatar.com\/avatar\/a17c47a11dd3996c69a173e291c692b6a028e82349994bf0d9f60936c9795b9f?s=96&d=mm&r=g","contentUrl":"https:\/\/secure.gravatar.com\/avatar\/a17c47a11dd3996c69a173e291c692b6a028e82349994bf0d9f60936c9795b9f?s=96&d=mm&r=g","caption":"Maxime Pasture"},"description":"Journaliste de formation, Maxime est tr\u00e8s curieux mais surtout passionn\u00e9 d'automobile. Sa curiosit\u00e9 l'am\u00e8ne \u00e0 traiter de sujets divers et vari\u00e9s li\u00e9s \u00e0 la mobilit\u00e9 au sens large et bien plus encore !"}]}},"_links":{"self":[{"href":"https:\/\/www.link2fleet.com\/fr\/wp-json\/wp\/v2\/posts\/36315","targetHints":{"allow":["GET"]}}],"collection":[{"href":"https:\/\/www.link2fleet.com\/fr\/wp-json\/wp\/v2\/posts"}],"about":[{"href":"https:\/\/www.link2fleet.com\/fr\/wp-json\/wp\/v2\/types\/post"}],"author":[{"embeddable":true,"href":"https:\/\/www.link2fleet.com\/fr\/wp-json\/wp\/v2\/users\/18"}],"replies":[{"embeddable":true,"href":"https:\/\/www.link2fleet.com\/fr\/wp-json\/wp\/v2\/comments?post=36315"}],"version-history":[{"count":1,"href":"https:\/\/www.link2fleet.com\/fr\/wp-json\/wp\/v2\/posts\/36315\/revisions"}],"predecessor-version":[{"id":36318,"href":"https:\/\/www.link2fleet.com\/fr\/wp-json\/wp\/v2\/posts\/36315\/revisions\/36318"}],"wp:featuredmedia":[{"embeddable":true,"href":"https:\/\/www.link2fleet.com\/fr\/wp-json\/wp\/v2\/media\/36316"}],"wp:attachment":[{"href":"https:\/\/www.link2fleet.com\/fr\/wp-json\/wp\/v2\/media?parent=36315"}],"wp:term":[{"taxonomy":"category","embeddable":true,"href":"https:\/\/www.link2fleet.com\/fr\/wp-json\/wp\/v2\/categories?post=36315"},{"taxonomy":"post_tag","embeddable":true,"href":"https:\/\/www.link2fleet.com\/fr\/wp-json\/wp\/v2\/tags?post=36315"}],"curies":[{"name":"wp","href":"https:\/\/api.w.org\/{rel}","templated":true}]}}