{"id":36414,"date":"2024-12-03T17:19:22","date_gmt":"2024-12-03T16:19:22","guid":{"rendered":"https:\/\/www.link2fleet.com\/?p=36414"},"modified":"2024-12-03T17:19:22","modified_gmt":"2024-12-03T16:19:22","slug":"2-fois-plus-de-salaries-beneficient-aujourdhui-dune-voiture-de-societe-compare-a-2007","status":"publish","type":"post","link":"https:\/\/www.link2fleet.com\/fr\/2-fois-plus-de-salaries-beneficient-aujourdhui-dune-voiture-de-societe-compare-a-2007\/","title":{"rendered":"2 fois plus de salari\u00e9s b\u00e9n\u00e9ficient aujourd\u2019hui d\u2019une voiture de soci\u00e9t\u00e9 compar\u00e9 \u00e0 2007"},"content":{"rendered":"","protected":false},"excerpt":{"rendered":"","protected":false},"author":4,"featured_media":36415,"comment_status":"closed","ping_status":"closed","sticky":false,"template":"","format":"standard","meta":{"_acf_changed":false,"footnotes":""},"categories":[135],"tags":[],"class_list":["post-36414","post","type-post","status-publish","format-standard","has-post-thumbnail","hentry","category-news-fr"],"acf":[],"yoast_head":"<!-- This site is optimized with the Yoast SEO plugin v27.3 - https:\/\/yoast.com\/product\/yoast-seo-wordpress\/ -->\n<title>2 fois plus de salari\u00e9s b\u00e9n\u00e9ficient aujourd\u2019hui d\u2019une voiture de soci\u00e9t\u00e9 compar\u00e9 \u00e0 2007 - link2fleet<\/title>\n<meta name=\"description\" content=\"Si la voiture de soci\u00e9t\u00e9 \u2013 et son syst\u00e8me fiscal avantageux\u00a0 &#8211; continue de faire pol\u00e9mique, il faut reconna\u00eetre que son succ\u00e8s ne cesse de\u2026\" \/>\n<meta name=\"robots\" content=\"index, follow, max-snippet:-1, max-image-preview:large, max-video-preview:-1\" \/>\n<meta property=\"og:locale\" content=\"fr_FR\" \/>\n<meta property=\"og:type\" content=\"article\" \/>\n<meta property=\"og:title\" content=\"2 fois plus de salari\u00e9s b\u00e9n\u00e9ficient aujourd\u2019hui d\u2019une voiture de soci\u00e9t\u00e9 compar\u00e9 \u00e0 2007 - link2fleet\" \/>\n<meta property=\"og:description\" content=\"Si la voiture de soci\u00e9t\u00e9 \u2013 et son syst\u00e8me fiscal avantageux\u00a0 &#8211; continue de faire pol\u00e9mique, il faut reconna\u00eetre que son succ\u00e8s ne cesse de\u2026\" \/>\n<meta property=\"og:url\" content=\"https:\/\/www.link2fleet.com\/2-fois-plus-de-salaries-beneficient-aujourdhui-dune-voiture-de-societe-compare-a-2007\/\" \/>\n<meta property=\"og:site_name\" content=\"link2fleet\" \/>\n<meta property=\"article:published_time\" content=\"2024-12-03T16:19:22+00:00\" \/>\n<meta property=\"og:image\" content=\"https:\/\/static.link2fleet.com\/wp-content\/uploads\/2024\/12\/voiture-societe-belgique.webp\" \/>\n\t<meta property=\"og:image:width\" content=\"1024\" \/>\n\t<meta property=\"og:image:height\" content=\"1024\" \/>\n\t<meta property=\"og:image:type\" content=\"image\/webp\" \/>\n<meta name=\"author\" content=\"Damien Malvetti\" \/>\n<meta name=\"twitter:card\" content=\"summary_large_image\" \/>\n<meta name=\"twitter:description\" content=\"Si la voiture de soci\u00e9t\u00e9 \u2013 et son syst\u00e8me fiscal avantageux\u00a0 &#8211; continue de faire pol\u00e9mique, il faut reconna\u00eetre que son succ\u00e8s ne cesse de\u2026\" \/>\n<meta name=\"twitter:label1\" content=\"\u00c9crit par\" \/>\n\t<meta name=\"twitter:data1\" content=\"Damien Malvetti\" \/>\n\t<meta name=\"twitter:label2\" content=\"Dur\u00e9e de lecture estim\u00e9e\" \/>\n\t<meta name=\"twitter:data2\" content=\"3 minutes\" \/>\n<script type=\"application\/ld+json\" class=\"yoast-schema-graph\">{\"@context\":\"https:\\\/\\\/schema.org\",\"@graph\":[{\"@type\":\"Article\",\"@id\":\"https:\\\/\\\/www.link2fleet.com\\\/2-fois-plus-de-salaries-beneficient-aujourdhui-dune-voiture-de-societe-compare-a-2007\\\/#article\",\"isPartOf\":{\"@id\":\"https:\\\/\\\/www.link2fleet.com\\\/2-fois-plus-de-salaries-beneficient-aujourdhui-dune-voiture-de-societe-compare-a-2007\\\/\"},\"author\":{\"name\":\"Damien Malvetti\",\"@id\":\"https:\\\/\\\/www.link2fleet.com\\\/fr\\\/#\\\/schema\\\/person\\\/027cd46113c78036b3809c9a054049da\"},\"headline\":\"2 fois plus de salari\u00e9s b\u00e9n\u00e9ficient aujourd\u2019hui d\u2019une voiture de soci\u00e9t\u00e9 compar\u00e9 \u00e0 2007\",\"datePublished\":\"2024-12-03T16:19:22+00:00\",\"mainEntityOfPage\":{\"@id\":\"https:\\\/\\\/www.link2fleet.com\\\/2-fois-plus-de-salaries-beneficient-aujourdhui-dune-voiture-de-societe-compare-a-2007\\\/\"},\"wordCount\":17,\"publisher\":{\"@id\":\"https:\\\/\\\/www.link2fleet.com\\\/fr\\\/#organization\"},\"image\":{\"@id\":\"https:\\\/\\\/www.link2fleet.com\\\/2-fois-plus-de-salaries-beneficient-aujourdhui-dune-voiture-de-societe-compare-a-2007\\\/#primaryimage\"},\"thumbnailUrl\":\"https:\\\/\\\/static.link2fleet.com\\\/wp-content\\\/uploads\\\/2024\\\/12\\\/voiture-societe-belgique.webp\",\"articleSection\":[\"Actus\"],\"inLanguage\":\"fr-FR\"},{\"@type\":\"WebPage\",\"@id\":\"https:\\\/\\\/www.link2fleet.com\\\/2-fois-plus-de-salaries-beneficient-aujourdhui-dune-voiture-de-societe-compare-a-2007\\\/\",\"url\":\"https:\\\/\\\/www.link2fleet.com\\\/2-fois-plus-de-salaries-beneficient-aujourdhui-dune-voiture-de-societe-compare-a-2007\\\/\",\"name\":\"2 fois plus de salari\u00e9s b\u00e9n\u00e9ficient aujourd\u2019hui d\u2019une voiture de soci\u00e9t\u00e9 compar\u00e9 \u00e0 2007 - link2fleet\",\"isPartOf\":{\"@id\":\"https:\\\/\\\/www.link2fleet.com\\\/fr\\\/#website\"},\"primaryImageOfPage\":{\"@id\":\"https:\\\/\\\/www.link2fleet.com\\\/2-fois-plus-de-salaries-beneficient-aujourdhui-dune-voiture-de-societe-compare-a-2007\\\/#primaryimage\"},\"image\":{\"@id\":\"https:\\\/\\\/www.link2fleet.com\\\/2-fois-plus-de-salaries-beneficient-aujourdhui-dune-voiture-de-societe-compare-a-2007\\\/#primaryimage\"},\"thumbnailUrl\":\"https:\\\/\\\/static.link2fleet.com\\\/wp-content\\\/uploads\\\/2024\\\/12\\\/voiture-societe-belgique.webp\",\"datePublished\":\"2024-12-03T16:19:22+00:00\",\"breadcrumb\":{\"@id\":\"https:\\\/\\\/www.link2fleet.com\\\/2-fois-plus-de-salaries-beneficient-aujourdhui-dune-voiture-de-societe-compare-a-2007\\\/#breadcrumb\"},\"inLanguage\":\"fr-FR\",\"potentialAction\":[{\"@type\":\"ReadAction\",\"target\":[\"https:\\\/\\\/www.link2fleet.com\\\/2-fois-plus-de-salaries-beneficient-aujourdhui-dune-voiture-de-societe-compare-a-2007\\\/\"]}]},{\"@type\":\"ImageObject\",\"inLanguage\":\"fr-FR\",\"@id\":\"https:\\\/\\\/www.link2fleet.com\\\/2-fois-plus-de-salaries-beneficient-aujourdhui-dune-voiture-de-societe-compare-a-2007\\\/#primaryimage\",\"url\":\"https:\\\/\\\/static.link2fleet.com\\\/wp-content\\\/uploads\\\/2024\\\/12\\\/voiture-societe-belgique.webp\",\"contentUrl\":\"https:\\\/\\\/static.link2fleet.com\\\/wp-content\\\/uploads\\\/2024\\\/12\\\/voiture-societe-belgique.webp\",\"width\":1024,\"height\":1024},{\"@type\":\"BreadcrumbList\",\"@id\":\"https:\\\/\\\/www.link2fleet.com\\\/2-fois-plus-de-salaries-beneficient-aujourdhui-dune-voiture-de-societe-compare-a-2007\\\/#breadcrumb\",\"itemListElement\":[{\"@type\":\"ListItem\",\"position\":1,\"name\":\"Home\",\"item\":\"https:\\\/\\\/www.link2fleet.com\\\/fr\\\/\"},{\"@type\":\"ListItem\",\"position\":2,\"name\":\"2 fois plus de salari\u00e9s b\u00e9n\u00e9ficient aujourd\u2019hui d\u2019une voiture de soci\u00e9t\u00e9 compar\u00e9 \u00e0 2007\"}]},{\"@type\":\"WebSite\",\"@id\":\"https:\\\/\\\/www.link2fleet.com\\\/fr\\\/#website\",\"url\":\"https:\\\/\\\/www.link2fleet.com\\\/fr\\\/\",\"name\":\"Link2fleet\",\"description\":\"\",\"publisher\":{\"@id\":\"https:\\\/\\\/www.link2fleet.com\\\/fr\\\/#organization\"},\"potentialAction\":[{\"@type\":\"SearchAction\",\"target\":{\"@type\":\"EntryPoint\",\"urlTemplate\":\"https:\\\/\\\/www.link2fleet.com\\\/fr\\\/?s={search_term_string}\"},\"query-input\":{\"@type\":\"PropertyValueSpecification\",\"valueRequired\":true,\"valueName\":\"search_term_string\"}}],\"inLanguage\":\"fr-FR\"},{\"@type\":\"Organization\",\"@id\":\"https:\\\/\\\/www.link2fleet.com\\\/fr\\\/#organization\",\"name\":\"Link2fleet\",\"url\":\"https:\\\/\\\/www.link2fleet.com\\\/fr\\\/\",\"logo\":{\"@type\":\"ImageObject\",\"inLanguage\":\"fr-FR\",\"@id\":\"https:\\\/\\\/www.link2fleet.com\\\/fr\\\/#\\\/schema\\\/logo\\\/image\\\/\",\"url\":\"https:\\\/\\\/static.link2fleet.com\\\/wp-content\\\/uploads\\\/2024\\\/03\\\/share-image.jpg\",\"contentUrl\":\"https:\\\/\\\/static.link2fleet.com\\\/wp-content\\\/uploads\\\/2024\\\/03\\\/share-image.jpg\",\"width\":1200,\"height\":630,\"caption\":\"Link2fleet\"},\"image\":{\"@id\":\"https:\\\/\\\/www.link2fleet.com\\\/fr\\\/#\\\/schema\\\/logo\\\/image\\\/\"},\"sameAs\":[\"https:\\\/\\\/www.linkedin.com\\\/company\\\/link2fleet-belgium\",\"https:\\\/\\\/www.youtube.com\\\/user\\\/MMMBMBE\"]},{\"@type\":\"Person\",\"@id\":\"https:\\\/\\\/www.link2fleet.com\\\/fr\\\/#\\\/schema\\\/person\\\/027cd46113c78036b3809c9a054049da\",\"name\":\"Damien Malvetti\",\"image\":{\"@type\":\"ImageObject\",\"inLanguage\":\"fr-FR\",\"@id\":\"https:\\\/\\\/secure.gravatar.com\\\/avatar\\\/dd8cc03b49466c735f753ac37f8caa371af16dfed347456ed61f02883255eebb?s=96&d=mm&r=g\",\"url\":\"https:\\\/\\\/secure.gravatar.com\\\/avatar\\\/dd8cc03b49466c735f753ac37f8caa371af16dfed347456ed61f02883255eebb?s=96&d=mm&r=g\",\"contentUrl\":\"https:\\\/\\\/secure.gravatar.com\\\/avatar\\\/dd8cc03b49466c735f753ac37f8caa371af16dfed347456ed61f02883255eebb?s=96&d=mm&r=g\",\"caption\":\"Damien Malvetti\"},\"description\":\"Damien Malvetti is opgeleid als journalist en gepassioneerd door wagens, technologie en mobiliteit. Hij is verantwoordelijk voor de redactionele inhoud van link2fleet en beschikt over een uitgebreide kennis van de fleet-sector en elektrische mobiliteit.\",\"sameAs\":[\"https:\\\/\\\/www.linkedin.com\\\/in\\\/damien-malvetti-56601142\\\/\"]}]}<\/script>\n<!-- \/ Yoast SEO plugin. -->","yoast_head_json":{"title":"2 fois plus de salari\u00e9s b\u00e9n\u00e9ficient aujourd\u2019hui d\u2019une voiture de soci\u00e9t\u00e9 compar\u00e9 \u00e0 2007 - link2fleet","description":"Si la voiture de soci\u00e9t\u00e9 \u2013 et son syst\u00e8me fiscal avantageux\u00a0 &#8211; continue de faire pol\u00e9mique, il faut reconna\u00eetre que son succ\u00e8s ne cesse de\u2026","robots":{"index":"index","follow":"follow","max-snippet":"max-snippet:-1","max-image-preview":"max-image-preview:large","max-video-preview":"max-video-preview:-1"},"og_locale":"fr_FR","og_type":"article","og_title":"2 fois plus de salari\u00e9s b\u00e9n\u00e9ficient aujourd\u2019hui d\u2019une voiture de soci\u00e9t\u00e9 compar\u00e9 \u00e0 2007 - link2fleet","og_description":"Si la voiture de soci\u00e9t\u00e9 \u2013 et son syst\u00e8me fiscal avantageux\u00a0 &#8211; continue de faire pol\u00e9mique, il faut reconna\u00eetre que son succ\u00e8s ne cesse de\u2026","og_url":"https:\/\/www.link2fleet.com\/2-fois-plus-de-salaries-beneficient-aujourdhui-dune-voiture-de-societe-compare-a-2007\/","og_site_name":"link2fleet","article_published_time":"2024-12-03T16:19:22+00:00","og_image":[{"width":1024,"height":1024,"url":"https:\/\/static.link2fleet.com\/wp-content\/uploads\/2024\/12\/voiture-societe-belgique.webp","type":"image\/webp"}],"author":"Damien Malvetti","twitter_card":"summary_large_image","twitter_description":"Si la voiture de soci\u00e9t\u00e9 \u2013 et son syst\u00e8me fiscal avantageux\u00a0 &#8211; continue de faire pol\u00e9mique, il faut reconna\u00eetre que son succ\u00e8s ne cesse de\u2026","twitter_misc":{"\u00c9crit par":"Damien Malvetti","Dur\u00e9e de lecture estim\u00e9e":"3 minutes"},"schema":{"@context":"https:\/\/schema.org","@graph":[{"@type":"Article","@id":"https:\/\/www.link2fleet.com\/2-fois-plus-de-salaries-beneficient-aujourdhui-dune-voiture-de-societe-compare-a-2007\/#article","isPartOf":{"@id":"https:\/\/www.link2fleet.com\/2-fois-plus-de-salaries-beneficient-aujourdhui-dune-voiture-de-societe-compare-a-2007\/"},"author":{"name":"Damien Malvetti","@id":"https:\/\/www.link2fleet.com\/fr\/#\/schema\/person\/027cd46113c78036b3809c9a054049da"},"headline":"2 fois plus de salari\u00e9s b\u00e9n\u00e9ficient aujourd\u2019hui d\u2019une voiture de soci\u00e9t\u00e9 compar\u00e9 \u00e0 2007","datePublished":"2024-12-03T16:19:22+00:00","mainEntityOfPage":{"@id":"https:\/\/www.link2fleet.com\/2-fois-plus-de-salaries-beneficient-aujourdhui-dune-voiture-de-societe-compare-a-2007\/"},"wordCount":17,"publisher":{"@id":"https:\/\/www.link2fleet.com\/fr\/#organization"},"image":{"@id":"https:\/\/www.link2fleet.com\/2-fois-plus-de-salaries-beneficient-aujourdhui-dune-voiture-de-societe-compare-a-2007\/#primaryimage"},"thumbnailUrl":"https:\/\/static.link2fleet.com\/wp-content\/uploads\/2024\/12\/voiture-societe-belgique.webp","articleSection":["Actus"],"inLanguage":"fr-FR"},{"@type":"WebPage","@id":"https:\/\/www.link2fleet.com\/2-fois-plus-de-salaries-beneficient-aujourdhui-dune-voiture-de-societe-compare-a-2007\/","url":"https:\/\/www.link2fleet.com\/2-fois-plus-de-salaries-beneficient-aujourdhui-dune-voiture-de-societe-compare-a-2007\/","name":"2 fois plus de salari\u00e9s b\u00e9n\u00e9ficient aujourd\u2019hui d\u2019une voiture de soci\u00e9t\u00e9 compar\u00e9 \u00e0 2007 - link2fleet","isPartOf":{"@id":"https:\/\/www.link2fleet.com\/fr\/#website"},"primaryImageOfPage":{"@id":"https:\/\/www.link2fleet.com\/2-fois-plus-de-salaries-beneficient-aujourdhui-dune-voiture-de-societe-compare-a-2007\/#primaryimage"},"image":{"@id":"https:\/\/www.link2fleet.com\/2-fois-plus-de-salaries-beneficient-aujourdhui-dune-voiture-de-societe-compare-a-2007\/#primaryimage"},"thumbnailUrl":"https:\/\/static.link2fleet.com\/wp-content\/uploads\/2024\/12\/voiture-societe-belgique.webp","datePublished":"2024-12-03T16:19:22+00:00","breadcrumb":{"@id":"https:\/\/www.link2fleet.com\/2-fois-plus-de-salaries-beneficient-aujourdhui-dune-voiture-de-societe-compare-a-2007\/#breadcrumb"},"inLanguage":"fr-FR","potentialAction":[{"@type":"ReadAction","target":["https:\/\/www.link2fleet.com\/2-fois-plus-de-salaries-beneficient-aujourdhui-dune-voiture-de-societe-compare-a-2007\/"]}]},{"@type":"ImageObject","inLanguage":"fr-FR","@id":"https:\/\/www.link2fleet.com\/2-fois-plus-de-salaries-beneficient-aujourdhui-dune-voiture-de-societe-compare-a-2007\/#primaryimage","url":"https:\/\/static.link2fleet.com\/wp-content\/uploads\/2024\/12\/voiture-societe-belgique.webp","contentUrl":"https:\/\/static.link2fleet.com\/wp-content\/uploads\/2024\/12\/voiture-societe-belgique.webp","width":1024,"height":1024},{"@type":"BreadcrumbList","@id":"https:\/\/www.link2fleet.com\/2-fois-plus-de-salaries-beneficient-aujourdhui-dune-voiture-de-societe-compare-a-2007\/#breadcrumb","itemListElement":[{"@type":"ListItem","position":1,"name":"Home","item":"https:\/\/www.link2fleet.com\/fr\/"},{"@type":"ListItem","position":2,"name":"2 fois plus de salari\u00e9s b\u00e9n\u00e9ficient aujourd\u2019hui d\u2019une voiture de soci\u00e9t\u00e9 compar\u00e9 \u00e0 2007"}]},{"@type":"WebSite","@id":"https:\/\/www.link2fleet.com\/fr\/#website","url":"https:\/\/www.link2fleet.com\/fr\/","name":"Link2fleet","description":"","publisher":{"@id":"https:\/\/www.link2fleet.com\/fr\/#organization"},"potentialAction":[{"@type":"SearchAction","target":{"@type":"EntryPoint","urlTemplate":"https:\/\/www.link2fleet.com\/fr\/?s={search_term_string}"},"query-input":{"@type":"PropertyValueSpecification","valueRequired":true,"valueName":"search_term_string"}}],"inLanguage":"fr-FR"},{"@type":"Organization","@id":"https:\/\/www.link2fleet.com\/fr\/#organization","name":"Link2fleet","url":"https:\/\/www.link2fleet.com\/fr\/","logo":{"@type":"ImageObject","inLanguage":"fr-FR","@id":"https:\/\/www.link2fleet.com\/fr\/#\/schema\/logo\/image\/","url":"https:\/\/static.link2fleet.com\/wp-content\/uploads\/2024\/03\/share-image.jpg","contentUrl":"https:\/\/static.link2fleet.com\/wp-content\/uploads\/2024\/03\/share-image.jpg","width":1200,"height":630,"caption":"Link2fleet"},"image":{"@id":"https:\/\/www.link2fleet.com\/fr\/#\/schema\/logo\/image\/"},"sameAs":["https:\/\/www.linkedin.com\/company\/link2fleet-belgium","https:\/\/www.youtube.com\/user\/MMMBMBE"]},{"@type":"Person","@id":"https:\/\/www.link2fleet.com\/fr\/#\/schema\/person\/027cd46113c78036b3809c9a054049da","name":"Damien Malvetti","image":{"@type":"ImageObject","inLanguage":"fr-FR","@id":"https:\/\/secure.gravatar.com\/avatar\/dd8cc03b49466c735f753ac37f8caa371af16dfed347456ed61f02883255eebb?s=96&d=mm&r=g","url":"https:\/\/secure.gravatar.com\/avatar\/dd8cc03b49466c735f753ac37f8caa371af16dfed347456ed61f02883255eebb?s=96&d=mm&r=g","contentUrl":"https:\/\/secure.gravatar.com\/avatar\/dd8cc03b49466c735f753ac37f8caa371af16dfed347456ed61f02883255eebb?s=96&d=mm&r=g","caption":"Damien Malvetti"},"description":"Damien Malvetti is opgeleid als journalist en gepassioneerd door wagens, technologie en mobiliteit. Hij is verantwoordelijk voor de redactionele inhoud van link2fleet en beschikt over een uitgebreide kennis van de fleet-sector en elektrische mobiliteit.","sameAs":["https:\/\/www.linkedin.com\/in\/damien-malvetti-56601142\/"]}]}},"_links":{"self":[{"href":"https:\/\/www.link2fleet.com\/fr\/wp-json\/wp\/v2\/posts\/36414","targetHints":{"allow":["GET"]}}],"collection":[{"href":"https:\/\/www.link2fleet.com\/fr\/wp-json\/wp\/v2\/posts"}],"about":[{"href":"https:\/\/www.link2fleet.com\/fr\/wp-json\/wp\/v2\/types\/post"}],"author":[{"embeddable":true,"href":"https:\/\/www.link2fleet.com\/fr\/wp-json\/wp\/v2\/users\/4"}],"replies":[{"embeddable":true,"href":"https:\/\/www.link2fleet.com\/fr\/wp-json\/wp\/v2\/comments?post=36414"}],"version-history":[{"count":1,"href":"https:\/\/www.link2fleet.com\/fr\/wp-json\/wp\/v2\/posts\/36414\/revisions"}],"predecessor-version":[{"id":36423,"href":"https:\/\/www.link2fleet.com\/fr\/wp-json\/wp\/v2\/posts\/36414\/revisions\/36423"}],"wp:featuredmedia":[{"embeddable":true,"href":"https:\/\/www.link2fleet.com\/fr\/wp-json\/wp\/v2\/media\/36415"}],"wp:attachment":[{"href":"https:\/\/www.link2fleet.com\/fr\/wp-json\/wp\/v2\/media?parent=36414"}],"wp:term":[{"taxonomy":"category","embeddable":true,"href":"https:\/\/www.link2fleet.com\/fr\/wp-json\/wp\/v2\/categories?post=36414"},{"taxonomy":"post_tag","embeddable":true,"href":"https:\/\/www.link2fleet.com\/fr\/wp-json\/wp\/v2\/tags?post=36414"}],"curies":[{"name":"wp","href":"https:\/\/api.w.org\/{rel}","templated":true}]}}