{"id":3645,"date":"2021-01-26T12:11:47","date_gmt":"2021-01-26T11:11:47","guid":{"rendered":"https:\/\/www.link2fleet.com\/etude-sd-worx-impact-des-nouvelles-valeurs-de-reference-sur-les-voitures-de-societe\/"},"modified":"2024-04-17T16:50:32","modified_gmt":"2024-04-17T14:50:32","slug":"etude-sd-worx-impact-des-nouvelles-valeurs-de-reference-sur-les-voitures-de-societe","status":"publish","type":"post","link":"https:\/\/www.link2fleet.com\/fr\/etude-sd-worx-impact-des-nouvelles-valeurs-de-reference-sur-les-voitures-de-societe\/","title":{"rendered":"Etude SD Worx : impact des nouvelles valeurs de r\u00e9f\u00e9rence sur les voitures de soci\u00e9t\u00e9"},"content":{"rendered":"<p><strong>Une nouvelle ann\u00e9e, de nouvelles valeurs de r\u00e9f\u00e9rence<\/strong><strong><br \/>\n<\/strong>Une nouvelle ann\u00e9e marque aussi l\u2019instauration de nouvelles valeurs de r\u00e9f\u00e9rence. Celles-ci sont d\u00e9sormais inf\u00e9rieures, ce qui signifie que les voitures nouvellement immatricul\u00e9es deviennent plus durables et plus \u00e9conomes en carburant.<\/p>\n<p>Pour tous les types de carburant, nous constatons une forte diminution par rapport aux ann\u00e9es pr\u00e9c\u00e9dentes. Les travailleurs et les dirigeants d\u2019entreprise devront d\u00e8s lors payer plus d\u2019imp\u00f4ts sur l\u2019avantage de toute nature li\u00e9 \u00e0 l\u2019usage priv\u00e9 de leur voiture de soci\u00e9t\u00e9.<\/p>\n<p>Pour l\u2019ann\u00e9e de revenus 2021, le coefficient CO2 de base s\u2019\u00e9l\u00e8ve \u00e0 5,5\u00a0% pour une \u00e9mission de r\u00e9f\u00e9rence de\u00a0:<\/p>\n<ul>\n<li>84\u00a0g\/km pour les v\u00e9hicules diesel (au lieu de 91\u00a0g\/km pour l\u2019ann\u00e9e de revenus 2020)\u00a0;<\/li>\n<li>102\u00a0g\/km pour les voitures avec moteur \u00e0 essence, LPG ou gaz naturel (au lieu de 111\u00a0g\/km pour l\u2019ann\u00e9e de revenus 2020)<\/li>\n<\/ul>\n<p>&nbsp;<\/p>\n<p><strong>L\u2019usage priv\u00e9 d\u2019une voiture de soci\u00e9t\u00e9 co\u00fbte au moins 57\u00a0\u20ac par mois<\/strong><b><br \/>\n<\/b>Pour 2021, une nouvelle limite inf\u00e9rieure s\u2019applique \u00e9galement \u00e0 l\u2019ATN imposable, \u00e0 savoir 1.370\u00a0EUR. Cela signifie qu\u2019une voiture de soci\u00e9t\u00e9 vous co\u00fbte au moins 57\u00a0\u20ac net par mois, compte tenu d\u2019un taux d\u2019imposition moyen de 50\u00a0%. C\u2019est surtout valable pour les voitures plus modestes ou les v\u00e9hicules \u00e0 faible \u00e9mission de CO2.<\/p>\n<p>Cette limite inf\u00e9rieure n\u2019encourage pourtant pas la recherche d\u2019une voiture avec une \u00e9mission de CO2 plus faible, \u00e9tant donn\u00e9 que le travailleur n\u2019en retire plus d\u2019avantage fiscal.<\/p>\n<p>Nous donnons un aper\u00e7u des facteurs qui jouent un r\u00f4le.<\/p>\n<p>&nbsp;<\/p>\n<p><strong>Nouveaut\u00e9 \u00e0 partir du 1er\u00a0janvier\u00a0: le gel des \u00e9missions de r\u00e9f\u00e9rence<\/strong><b><br \/>\n<\/b>Le taux d\u2019\u00e9mission de CO2 de r\u00e9f\u00e9rence est revu chaque ann\u00e9e et calcul\u00e9 en fonction de l\u2019\u00e9volution de l\u2019\u00e9mission moyenne de CO2 des voitures immatricul\u00e9es comme neuves.<\/p>\n<p>Les valeurs nouvellement calcul\u00e9es ne sont appliqu\u00e9es dans la formule de calcul que si le r\u00e9sultat est inf\u00e9rieur aux valeurs de r\u00e9f\u00e9rence de l\u2019ann\u00e9e pr\u00e9c\u00e9dente (et ces valeurs deviennent aussit\u00f4t la norme maximale de l\u2019ann\u00e9e suivante\u00a0: ainsi, les valeurs de r\u00e9f\u00e9rence de 2021 deviendront la norme maximale pour 2022). Si le r\u00e9sultat est sup\u00e9rieur, les valeurs de r\u00e9f\u00e9rence de l\u2019ann\u00e9e civile pr\u00e9c\u00e9dente sont utilis\u00e9es.<\/p>\n<p>\u00c0 partir du 1er\u00a0janvier, les \u00e9missions de CO2 de r\u00e9f\u00e9rence pourront uniquement rester les m\u00eames ou diminuer. L\u2019avantage imposable ne peut donc plus que rester identique ou augmenter, si les autres facteurs de la formule de calcul ne varient pas. L\u2019application du facteur d\u2019anciennet\u00e9 \u00e0 la valeur catalogue de la voiture att\u00e9nuera quelque peu l\u2019impact de la modification propos\u00e9e.<\/p>\n<p>&nbsp;<\/p>\n<p><strong>Attention \u00e0 la norme WLTP pour une nouvelle voiture<\/strong><b><br \/>\n<\/b>Depuis le 1er\u00a0septembre\u00a02018, l\u2019\u00e9mission de CO2 d\u2019un v\u00e9hicule est mesur\u00e9e selon la m\u00e9thode WLTP. WLTP signifie \u201cWorldwide Harmonised Light Vehicles Test Procedure\u201d. Les r\u00e9sultats de cette nouvelle proc\u00e9dure de test sont davantage conformes \u00e0 la r\u00e9alit\u00e9 que ceux calcul\u00e9s selon la m\u00e9thode NEDC (\u201cNew European Driving Cycle\u201d) utilis\u00e9e jusqu\u2019\u00e0 pr\u00e9sent. Les valeurs de consommation et d\u2019\u00e9mission augmenteront par cons\u00e9quent de 20\u00a0% en moyenne. Jusqu\u2019en 2020 compris, les constructeurs automobiles \u00e9taient tenus de convertir la valeur WLTP en valeur NEDC\u00a02.0 (g\u00e9n\u00e9ralement plus avantageuse). \u00c0 partir de 2021, ce ne sera plus une obligation pour la plupart des types de v\u00e9hicules, mais ce sera une option. De ce fait, nous verrons progressivement plus de voitures immatricul\u00e9es avec uniquement une valeur WLTP sur le certificat de conformit\u00e9. Dans ce cas, l\u2019employeur devra utiliser la valeur WLTP pour le calcul de l\u2019ATN imposable et celui-ci augmentera par cons\u00e9quent.<\/p>\n<p>&nbsp;<\/p>\n<p><strong>La valeur WLTP deviendra-t-elle obligatoire\u00a0?<\/strong><b><br \/>\n<\/b>Lorsque le certificat de conformit\u00e9 mentionne les deux valeurs, selon l\u2019\u00e9tat actuel de la r\u00e9glementation, l\u2019employeur a le choix. L\u2019employeur peut donc opter pour la valeur NEDC\u00a02.0 inf\u00e9rieure, \u00e0 condition toutefois qu\u2019elle soit \u00e9galement mentionn\u00e9e.\u00a0 Mais la question est de savoir pendant combien de temps les pouvoirs publics l\u2019autoriseront encore. \u00ab\u00a0S<em>i le gouvernement d\u00e9cide de consid\u00e9rer dor\u00e9navant la valeur WLTP comme la norme pour le calcul de l\u2019ATN imposable, cela rendra les voitures de soci\u00e9t\u00e9 beaucoup plus ch\u00e8res<\/em>\u00a0\u00bb, explique Veerle Michiels.<\/p>\n<p>\u00ab<em>\u00a0Cela aurait des cons\u00e9quences non seulement sur l\u2019ATN sur lequel le travailleur est impos\u00e9, mais aussi sur la d\u00e9ductibilit\u00e9 fiscale des frais automobiles pour l\u2019employeur et sur la cotisation de solidarit\u00e9 CO2 due par l\u2019employeur \u00e0 l\u2019ONSS.\u00a0<\/em>\u00bb<\/p>\n<p>&nbsp;<\/p>\n","protected":false},"excerpt":{"rendered":"<p>Une nouvelle ann\u00e9e, de nouvelles valeurs de r\u00e9f\u00e9rence Une nouvelle ann\u00e9e marque aussi l\u2019instauration de nouvelles valeurs de r\u00e9f\u00e9rence. Celles-ci sont d\u00e9sormais inf\u00e9rieures, ce qui signifie que les voitures nouvellement immatricul\u00e9es deviennent plus durables et plus \u00e9conomes en carburant. Pour tous les types de carburant, nous constatons une forte diminution par rapport aux ann\u00e9es pr\u00e9c\u00e9dentes. [&hellip;]<\/p>\n","protected":false},"author":4,"featured_media":1914,"comment_status":"closed","ping_status":"closed","sticky":false,"template":"","format":"standard","meta":{"_acf_changed":false,"footnotes":""},"categories":[91,101],"tags":[],"class_list":["post-3645","post","type-post","status-publish","format-standard","has-post-thumbnail","hentry","category-expertise-et-management","category-tax-legal"],"acf":[],"yoast_head":"<!-- This site is optimized with the Yoast SEO plugin v27.3 - https:\/\/yoast.com\/product\/yoast-seo-wordpress\/ -->\n<title>Etude SD Worx : impact des nouvelles valeurs de r\u00e9f\u00e9rence sur les voitures de soci\u00e9t\u00e9 - link2fleet<\/title>\n<meta name=\"description\" content=\"Avec la publication au Moniteur Belge du nouveau taux d\u2019\u00e9mission de CO2 de r\u00e9f\u00e9rence et l\u2019approbation d\u2019une proposition de loi, le co\u00fbt des voitures de\u2026\" \/>\n<meta name=\"robots\" content=\"index, follow, max-snippet:-1, max-image-preview:large, max-video-preview:-1\" \/>\n<meta property=\"og:locale\" content=\"fr_FR\" \/>\n<meta property=\"og:type\" content=\"article\" \/>\n<meta property=\"og:title\" content=\"Etude SD Worx : impact des nouvelles valeurs de r\u00e9f\u00e9rence sur les voitures de soci\u00e9t\u00e9 - link2fleet\" \/>\n<meta property=\"og:description\" content=\"Avec la publication au Moniteur Belge du nouveau taux d\u2019\u00e9mission de CO2 de r\u00e9f\u00e9rence et l\u2019approbation d\u2019une proposition de loi, le co\u00fbt des voitures de\u2026\" \/>\n<meta property=\"og:url\" content=\"https:\/\/www.link2fleet.com\/fr\/etude-sd-worx-impact-des-nouvelles-valeurs-de-reference-sur-les-voitures-de-societe\/\" \/>\n<meta property=\"og:site_name\" content=\"link2fleet\" \/>\n<meta property=\"article:published_time\" content=\"2021-01-26T11:11:47+00:00\" \/>\n<meta property=\"article:modified_time\" content=\"2024-04-17T14:50:32+00:00\" \/>\n<meta property=\"og:image\" content=\"https:\/\/static.link2fleet.com\/wp-content\/uploads\/2024\/03\/wltp.jpg\" \/>\n\t<meta property=\"og:image:width\" content=\"1660\" \/>\n\t<meta property=\"og:image:height\" content=\"868\" \/>\n\t<meta property=\"og:image:type\" content=\"image\/jpeg\" \/>\n<meta name=\"author\" content=\"Damien Malvetti\" \/>\n<meta name=\"twitter:card\" content=\"summary_large_image\" \/>\n<meta name=\"twitter:description\" content=\"Avec la publication au Moniteur Belge du nouveau taux d\u2019\u00e9mission de CO2 de r\u00e9f\u00e9rence et l\u2019approbation d\u2019une proposition de loi, le co\u00fbt des voitures de\u2026\" \/>\n<meta name=\"twitter:label1\" content=\"\u00c9crit par\" \/>\n\t<meta name=\"twitter:data1\" content=\"Damien Malvetti\" \/>\n\t<meta name=\"twitter:label2\" content=\"Dur\u00e9e de lecture estim\u00e9e\" \/>\n\t<meta name=\"twitter:data2\" content=\"4 minutes\" \/>\n<script type=\"application\/ld+json\" class=\"yoast-schema-graph\">{\"@context\":\"https:\\\/\\\/schema.org\",\"@graph\":[{\"@type\":\"Article\",\"@id\":\"https:\\\/\\\/www.link2fleet.com\\\/fr\\\/etude-sd-worx-impact-des-nouvelles-valeurs-de-reference-sur-les-voitures-de-societe\\\/#article\",\"isPartOf\":{\"@id\":\"https:\\\/\\\/www.link2fleet.com\\\/fr\\\/etude-sd-worx-impact-des-nouvelles-valeurs-de-reference-sur-les-voitures-de-societe\\\/\"},\"author\":{\"name\":\"Damien Malvetti\",\"@id\":\"https:\\\/\\\/www.link2fleet.com\\\/fr\\\/#\\\/schema\\\/person\\\/027cd46113c78036b3809c9a054049da\"},\"headline\":\"Etude SD Worx : impact des nouvelles valeurs de r\u00e9f\u00e9rence sur les voitures de soci\u00e9t\u00e9\",\"datePublished\":\"2021-01-26T11:11:47+00:00\",\"dateModified\":\"2024-04-17T14:50:32+00:00\",\"mainEntityOfPage\":{\"@id\":\"https:\\\/\\\/www.link2fleet.com\\\/fr\\\/etude-sd-worx-impact-des-nouvelles-valeurs-de-reference-sur-les-voitures-de-societe\\\/\"},\"wordCount\":811,\"publisher\":{\"@id\":\"https:\\\/\\\/www.link2fleet.com\\\/fr\\\/#organization\"},\"image\":{\"@id\":\"https:\\\/\\\/www.link2fleet.com\\\/fr\\\/etude-sd-worx-impact-des-nouvelles-valeurs-de-reference-sur-les-voitures-de-societe\\\/#primaryimage\"},\"thumbnailUrl\":\"https:\\\/\\\/static.link2fleet.com\\\/wp-content\\\/uploads\\\/2024\\\/03\\\/wltp.jpg\",\"articleSection\":[\"Gestion de flotte\",\"Tax &amp; legal\"],\"inLanguage\":\"fr-FR\"},{\"@type\":\"WebPage\",\"@id\":\"https:\\\/\\\/www.link2fleet.com\\\/fr\\\/etude-sd-worx-impact-des-nouvelles-valeurs-de-reference-sur-les-voitures-de-societe\\\/\",\"url\":\"https:\\\/\\\/www.link2fleet.com\\\/fr\\\/etude-sd-worx-impact-des-nouvelles-valeurs-de-reference-sur-les-voitures-de-societe\\\/\",\"name\":\"Etude SD Worx : impact des nouvelles valeurs de r\u00e9f\u00e9rence sur les voitures de soci\u00e9t\u00e9 - link2fleet\",\"isPartOf\":{\"@id\":\"https:\\\/\\\/www.link2fleet.com\\\/fr\\\/#website\"},\"primaryImageOfPage\":{\"@id\":\"https:\\\/\\\/www.link2fleet.com\\\/fr\\\/etude-sd-worx-impact-des-nouvelles-valeurs-de-reference-sur-les-voitures-de-societe\\\/#primaryimage\"},\"image\":{\"@id\":\"https:\\\/\\\/www.link2fleet.com\\\/fr\\\/etude-sd-worx-impact-des-nouvelles-valeurs-de-reference-sur-les-voitures-de-societe\\\/#primaryimage\"},\"thumbnailUrl\":\"https:\\\/\\\/static.link2fleet.com\\\/wp-content\\\/uploads\\\/2024\\\/03\\\/wltp.jpg\",\"datePublished\":\"2021-01-26T11:11:47+00:00\",\"dateModified\":\"2024-04-17T14:50:32+00:00\",\"breadcrumb\":{\"@id\":\"https:\\\/\\\/www.link2fleet.com\\\/fr\\\/etude-sd-worx-impact-des-nouvelles-valeurs-de-reference-sur-les-voitures-de-societe\\\/#breadcrumb\"},\"inLanguage\":\"fr-FR\",\"potentialAction\":[{\"@type\":\"ReadAction\",\"target\":[\"https:\\\/\\\/www.link2fleet.com\\\/fr\\\/etude-sd-worx-impact-des-nouvelles-valeurs-de-reference-sur-les-voitures-de-societe\\\/\"]}]},{\"@type\":\"ImageObject\",\"inLanguage\":\"fr-FR\",\"@id\":\"https:\\\/\\\/www.link2fleet.com\\\/fr\\\/etude-sd-worx-impact-des-nouvelles-valeurs-de-reference-sur-les-voitures-de-societe\\\/#primaryimage\",\"url\":\"https:\\\/\\\/static.link2fleet.com\\\/wp-content\\\/uploads\\\/2024\\\/03\\\/wltp.jpg\",\"contentUrl\":\"https:\\\/\\\/static.link2fleet.com\\\/wp-content\\\/uploads\\\/2024\\\/03\\\/wltp.jpg\",\"width\":1660,\"height\":868},{\"@type\":\"BreadcrumbList\",\"@id\":\"https:\\\/\\\/www.link2fleet.com\\\/fr\\\/etude-sd-worx-impact-des-nouvelles-valeurs-de-reference-sur-les-voitures-de-societe\\\/#breadcrumb\",\"itemListElement\":[{\"@type\":\"ListItem\",\"position\":1,\"name\":\"Home\",\"item\":\"https:\\\/\\\/www.link2fleet.com\\\/fr\\\/\"},{\"@type\":\"ListItem\",\"position\":2,\"name\":\"Etude SD Worx : impact des nouvelles valeurs de r\u00e9f\u00e9rence sur les voitures de soci\u00e9t\u00e9\"}]},{\"@type\":\"WebSite\",\"@id\":\"https:\\\/\\\/www.link2fleet.com\\\/fr\\\/#website\",\"url\":\"https:\\\/\\\/www.link2fleet.com\\\/fr\\\/\",\"name\":\"Link2fleet\",\"description\":\"\",\"publisher\":{\"@id\":\"https:\\\/\\\/www.link2fleet.com\\\/fr\\\/#organization\"},\"potentialAction\":[{\"@type\":\"SearchAction\",\"target\":{\"@type\":\"EntryPoint\",\"urlTemplate\":\"https:\\\/\\\/www.link2fleet.com\\\/fr\\\/?s={search_term_string}\"},\"query-input\":{\"@type\":\"PropertyValueSpecification\",\"valueRequired\":true,\"valueName\":\"search_term_string\"}}],\"inLanguage\":\"fr-FR\"},{\"@type\":\"Organization\",\"@id\":\"https:\\\/\\\/www.link2fleet.com\\\/fr\\\/#organization\",\"name\":\"Link2fleet\",\"url\":\"https:\\\/\\\/www.link2fleet.com\\\/fr\\\/\",\"logo\":{\"@type\":\"ImageObject\",\"inLanguage\":\"fr-FR\",\"@id\":\"https:\\\/\\\/www.link2fleet.com\\\/fr\\\/#\\\/schema\\\/logo\\\/image\\\/\",\"url\":\"https:\\\/\\\/static.link2fleet.com\\\/wp-content\\\/uploads\\\/2024\\\/03\\\/share-image.jpg\",\"contentUrl\":\"https:\\\/\\\/static.link2fleet.com\\\/wp-content\\\/uploads\\\/2024\\\/03\\\/share-image.jpg\",\"width\":1200,\"height\":630,\"caption\":\"Link2fleet\"},\"image\":{\"@id\":\"https:\\\/\\\/www.link2fleet.com\\\/fr\\\/#\\\/schema\\\/logo\\\/image\\\/\"},\"sameAs\":[\"https:\\\/\\\/www.linkedin.com\\\/company\\\/link2fleet-belgium\",\"https:\\\/\\\/www.youtube.com\\\/user\\\/MMMBMBE\"]},{\"@type\":\"Person\",\"@id\":\"https:\\\/\\\/www.link2fleet.com\\\/fr\\\/#\\\/schema\\\/person\\\/027cd46113c78036b3809c9a054049da\",\"name\":\"Damien Malvetti\",\"image\":{\"@type\":\"ImageObject\",\"inLanguage\":\"fr-FR\",\"@id\":\"https:\\\/\\\/secure.gravatar.com\\\/avatar\\\/dd8cc03b49466c735f753ac37f8caa371af16dfed347456ed61f02883255eebb?s=96&d=mm&r=g\",\"url\":\"https:\\\/\\\/secure.gravatar.com\\\/avatar\\\/dd8cc03b49466c735f753ac37f8caa371af16dfed347456ed61f02883255eebb?s=96&d=mm&r=g\",\"contentUrl\":\"https:\\\/\\\/secure.gravatar.com\\\/avatar\\\/dd8cc03b49466c735f753ac37f8caa371af16dfed347456ed61f02883255eebb?s=96&d=mm&r=g\",\"caption\":\"Damien Malvetti\"},\"description\":\"Damien Malvetti is opgeleid als journalist en gepassioneerd door wagens, technologie en mobiliteit. Hij is verantwoordelijk voor de redactionele inhoud van link2fleet en beschikt over een uitgebreide kennis van de fleet-sector en elektrische mobiliteit.\",\"sameAs\":[\"https:\\\/\\\/www.linkedin.com\\\/in\\\/damien-malvetti-56601142\\\/\"]}]}<\/script>\n<!-- \/ Yoast SEO plugin. -->","yoast_head_json":{"title":"Etude SD Worx : impact des nouvelles valeurs de r\u00e9f\u00e9rence sur les voitures de soci\u00e9t\u00e9 - link2fleet","description":"Avec la publication au Moniteur Belge du nouveau taux d\u2019\u00e9mission de CO2 de r\u00e9f\u00e9rence et l\u2019approbation d\u2019une proposition de loi, le co\u00fbt des voitures de\u2026","robots":{"index":"index","follow":"follow","max-snippet":"max-snippet:-1","max-image-preview":"max-image-preview:large","max-video-preview":"max-video-preview:-1"},"og_locale":"fr_FR","og_type":"article","og_title":"Etude SD Worx : impact des nouvelles valeurs de r\u00e9f\u00e9rence sur les voitures de soci\u00e9t\u00e9 - link2fleet","og_description":"Avec la publication au Moniteur Belge du nouveau taux d\u2019\u00e9mission de CO2 de r\u00e9f\u00e9rence et l\u2019approbation d\u2019une proposition de loi, le co\u00fbt des voitures de\u2026","og_url":"https:\/\/www.link2fleet.com\/fr\/etude-sd-worx-impact-des-nouvelles-valeurs-de-reference-sur-les-voitures-de-societe\/","og_site_name":"link2fleet","article_published_time":"2021-01-26T11:11:47+00:00","article_modified_time":"2024-04-17T14:50:32+00:00","og_image":[{"width":1660,"height":868,"url":"https:\/\/static.link2fleet.com\/wp-content\/uploads\/2024\/03\/wltp.jpg","type":"image\/jpeg"}],"author":"Damien Malvetti","twitter_card":"summary_large_image","twitter_description":"Avec la publication au Moniteur Belge du nouveau taux d\u2019\u00e9mission de CO2 de r\u00e9f\u00e9rence et l\u2019approbation d\u2019une proposition de loi, le co\u00fbt des voitures de\u2026","twitter_misc":{"\u00c9crit par":"Damien Malvetti","Dur\u00e9e de lecture estim\u00e9e":"4 minutes"},"schema":{"@context":"https:\/\/schema.org","@graph":[{"@type":"Article","@id":"https:\/\/www.link2fleet.com\/fr\/etude-sd-worx-impact-des-nouvelles-valeurs-de-reference-sur-les-voitures-de-societe\/#article","isPartOf":{"@id":"https:\/\/www.link2fleet.com\/fr\/etude-sd-worx-impact-des-nouvelles-valeurs-de-reference-sur-les-voitures-de-societe\/"},"author":{"name":"Damien Malvetti","@id":"https:\/\/www.link2fleet.com\/fr\/#\/schema\/person\/027cd46113c78036b3809c9a054049da"},"headline":"Etude SD Worx : impact des nouvelles valeurs de r\u00e9f\u00e9rence sur les voitures de soci\u00e9t\u00e9","datePublished":"2021-01-26T11:11:47+00:00","dateModified":"2024-04-17T14:50:32+00:00","mainEntityOfPage":{"@id":"https:\/\/www.link2fleet.com\/fr\/etude-sd-worx-impact-des-nouvelles-valeurs-de-reference-sur-les-voitures-de-societe\/"},"wordCount":811,"publisher":{"@id":"https:\/\/www.link2fleet.com\/fr\/#organization"},"image":{"@id":"https:\/\/www.link2fleet.com\/fr\/etude-sd-worx-impact-des-nouvelles-valeurs-de-reference-sur-les-voitures-de-societe\/#primaryimage"},"thumbnailUrl":"https:\/\/static.link2fleet.com\/wp-content\/uploads\/2024\/03\/wltp.jpg","articleSection":["Gestion de flotte","Tax &amp; legal"],"inLanguage":"fr-FR"},{"@type":"WebPage","@id":"https:\/\/www.link2fleet.com\/fr\/etude-sd-worx-impact-des-nouvelles-valeurs-de-reference-sur-les-voitures-de-societe\/","url":"https:\/\/www.link2fleet.com\/fr\/etude-sd-worx-impact-des-nouvelles-valeurs-de-reference-sur-les-voitures-de-societe\/","name":"Etude SD Worx : impact des nouvelles valeurs de r\u00e9f\u00e9rence sur les voitures de soci\u00e9t\u00e9 - link2fleet","isPartOf":{"@id":"https:\/\/www.link2fleet.com\/fr\/#website"},"primaryImageOfPage":{"@id":"https:\/\/www.link2fleet.com\/fr\/etude-sd-worx-impact-des-nouvelles-valeurs-de-reference-sur-les-voitures-de-societe\/#primaryimage"},"image":{"@id":"https:\/\/www.link2fleet.com\/fr\/etude-sd-worx-impact-des-nouvelles-valeurs-de-reference-sur-les-voitures-de-societe\/#primaryimage"},"thumbnailUrl":"https:\/\/static.link2fleet.com\/wp-content\/uploads\/2024\/03\/wltp.jpg","datePublished":"2021-01-26T11:11:47+00:00","dateModified":"2024-04-17T14:50:32+00:00","breadcrumb":{"@id":"https:\/\/www.link2fleet.com\/fr\/etude-sd-worx-impact-des-nouvelles-valeurs-de-reference-sur-les-voitures-de-societe\/#breadcrumb"},"inLanguage":"fr-FR","potentialAction":[{"@type":"ReadAction","target":["https:\/\/www.link2fleet.com\/fr\/etude-sd-worx-impact-des-nouvelles-valeurs-de-reference-sur-les-voitures-de-societe\/"]}]},{"@type":"ImageObject","inLanguage":"fr-FR","@id":"https:\/\/www.link2fleet.com\/fr\/etude-sd-worx-impact-des-nouvelles-valeurs-de-reference-sur-les-voitures-de-societe\/#primaryimage","url":"https:\/\/static.link2fleet.com\/wp-content\/uploads\/2024\/03\/wltp.jpg","contentUrl":"https:\/\/static.link2fleet.com\/wp-content\/uploads\/2024\/03\/wltp.jpg","width":1660,"height":868},{"@type":"BreadcrumbList","@id":"https:\/\/www.link2fleet.com\/fr\/etude-sd-worx-impact-des-nouvelles-valeurs-de-reference-sur-les-voitures-de-societe\/#breadcrumb","itemListElement":[{"@type":"ListItem","position":1,"name":"Home","item":"https:\/\/www.link2fleet.com\/fr\/"},{"@type":"ListItem","position":2,"name":"Etude SD Worx : impact des nouvelles valeurs de r\u00e9f\u00e9rence sur les voitures de soci\u00e9t\u00e9"}]},{"@type":"WebSite","@id":"https:\/\/www.link2fleet.com\/fr\/#website","url":"https:\/\/www.link2fleet.com\/fr\/","name":"Link2fleet","description":"","publisher":{"@id":"https:\/\/www.link2fleet.com\/fr\/#organization"},"potentialAction":[{"@type":"SearchAction","target":{"@type":"EntryPoint","urlTemplate":"https:\/\/www.link2fleet.com\/fr\/?s={search_term_string}"},"query-input":{"@type":"PropertyValueSpecification","valueRequired":true,"valueName":"search_term_string"}}],"inLanguage":"fr-FR"},{"@type":"Organization","@id":"https:\/\/www.link2fleet.com\/fr\/#organization","name":"Link2fleet","url":"https:\/\/www.link2fleet.com\/fr\/","logo":{"@type":"ImageObject","inLanguage":"fr-FR","@id":"https:\/\/www.link2fleet.com\/fr\/#\/schema\/logo\/image\/","url":"https:\/\/static.link2fleet.com\/wp-content\/uploads\/2024\/03\/share-image.jpg","contentUrl":"https:\/\/static.link2fleet.com\/wp-content\/uploads\/2024\/03\/share-image.jpg","width":1200,"height":630,"caption":"Link2fleet"},"image":{"@id":"https:\/\/www.link2fleet.com\/fr\/#\/schema\/logo\/image\/"},"sameAs":["https:\/\/www.linkedin.com\/company\/link2fleet-belgium","https:\/\/www.youtube.com\/user\/MMMBMBE"]},{"@type":"Person","@id":"https:\/\/www.link2fleet.com\/fr\/#\/schema\/person\/027cd46113c78036b3809c9a054049da","name":"Damien Malvetti","image":{"@type":"ImageObject","inLanguage":"fr-FR","@id":"https:\/\/secure.gravatar.com\/avatar\/dd8cc03b49466c735f753ac37f8caa371af16dfed347456ed61f02883255eebb?s=96&d=mm&r=g","url":"https:\/\/secure.gravatar.com\/avatar\/dd8cc03b49466c735f753ac37f8caa371af16dfed347456ed61f02883255eebb?s=96&d=mm&r=g","contentUrl":"https:\/\/secure.gravatar.com\/avatar\/dd8cc03b49466c735f753ac37f8caa371af16dfed347456ed61f02883255eebb?s=96&d=mm&r=g","caption":"Damien Malvetti"},"description":"Damien Malvetti is opgeleid als journalist en gepassioneerd door wagens, technologie en mobiliteit. Hij is verantwoordelijk voor de redactionele inhoud van link2fleet en beschikt over een uitgebreide kennis van de fleet-sector en elektrische mobiliteit.","sameAs":["https:\/\/www.linkedin.com\/in\/damien-malvetti-56601142\/"]}]}},"_links":{"self":[{"href":"https:\/\/www.link2fleet.com\/fr\/wp-json\/wp\/v2\/posts\/3645","targetHints":{"allow":["GET"]}}],"collection":[{"href":"https:\/\/www.link2fleet.com\/fr\/wp-json\/wp\/v2\/posts"}],"about":[{"href":"https:\/\/www.link2fleet.com\/fr\/wp-json\/wp\/v2\/types\/post"}],"author":[{"embeddable":true,"href":"https:\/\/www.link2fleet.com\/fr\/wp-json\/wp\/v2\/users\/4"}],"replies":[{"embeddable":true,"href":"https:\/\/www.link2fleet.com\/fr\/wp-json\/wp\/v2\/comments?post=3645"}],"version-history":[{"count":0,"href":"https:\/\/www.link2fleet.com\/fr\/wp-json\/wp\/v2\/posts\/3645\/revisions"}],"wp:featuredmedia":[{"embeddable":true,"href":"https:\/\/www.link2fleet.com\/fr\/wp-json\/wp\/v2\/media\/1914"}],"wp:attachment":[{"href":"https:\/\/www.link2fleet.com\/fr\/wp-json\/wp\/v2\/media?parent=3645"}],"wp:term":[{"taxonomy":"category","embeddable":true,"href":"https:\/\/www.link2fleet.com\/fr\/wp-json\/wp\/v2\/categories?post=3645"},{"taxonomy":"post_tag","embeddable":true,"href":"https:\/\/www.link2fleet.com\/fr\/wp-json\/wp\/v2\/tags?post=3645"}],"curies":[{"name":"wp","href":"https:\/\/api.w.org\/{rel}","templated":true}]}}