{"id":36585,"date":"2024-12-05T17:47:03","date_gmt":"2024-12-05T16:47:03","guid":{"rendered":"https:\/\/www.link2fleet.com\/fleet-test-opel-frontera-detoxkuur\/"},"modified":"2025-02-03T15:52:39","modified_gmt":"2025-02-03T14:52:39","slug":"fleet-test-opel-frontera-detoxkuur","status":"publish","type":"post","link":"https:\/\/www.link2fleet.com\/fr\/fleet-test-opel-frontera-detoxkuur\/","title":{"rendered":"Fleet test Opel Frontera: cure de detox"},"content":{"rendered":"","protected":false},"excerpt":{"rendered":"","protected":false},"author":49,"featured_media":36478,"comment_status":"closed","ping_status":"closed","sticky":false,"template":"","format":"standard","meta":{"_acf_changed":false,"footnotes":""},"categories":[134],"tags":[155,701,611],"class_list":["post-36585","post","type-post","status-publish","format-standard","has-post-thumbnail","hentry","category-fleet-test","tag-ev-fr","tag-frontera-fr","tag-opel-fr"],"acf":[],"yoast_head":"<!-- This site is optimized with the Yoast SEO plugin v27.3 - https:\/\/yoast.com\/product\/yoast-seo-wordpress\/ -->\n<title>Fleet test Opel Frontera: cure de detox - link2fleet<\/title>\n<meta name=\"description\" content=\"Pour son nouveau Frontera, disponible en mild-hybride et en full \u00e9lectrique, Opel a opt\u00e9 pour une approche pragmatique afin de maintenir le prix \u00e0 un\u2026\" \/>\n<meta name=\"robots\" content=\"index, follow, max-snippet:-1, max-image-preview:large, max-video-preview:-1\" \/>\n<meta property=\"og:locale\" content=\"fr_FR\" \/>\n<meta property=\"og:type\" content=\"article\" \/>\n<meta property=\"og:title\" content=\"Fleet test Opel Frontera: cure de detox - link2fleet\" \/>\n<meta property=\"og:description\" content=\"Pour son nouveau Frontera, disponible en mild-hybride et en full \u00e9lectrique, Opel a opt\u00e9 pour une approche pragmatique afin de maintenir le prix \u00e0 un\u2026\" \/>\n<meta property=\"og:url\" content=\"https:\/\/www.link2fleet.com\/fleet-test-opel-frontera-detoxkuur\/\" \/>\n<meta property=\"og:site_name\" content=\"link2fleet\" \/>\n<meta property=\"article:published_time\" content=\"2024-12-05T16:47:03+00:00\" \/>\n<meta property=\"article:modified_time\" content=\"2025-02-03T14:52:39+00:00\" \/>\n<meta property=\"og:image\" content=\"https:\/\/static.link2fleet.com\/wp-content\/uploads\/2024\/12\/opel-frontera-electric-gs-02.webp\" \/>\n\t<meta property=\"og:image:width\" content=\"1920\" \/>\n\t<meta property=\"og:image:height\" content=\"1080\" \/>\n\t<meta property=\"og:image:type\" content=\"image\/webp\" \/>\n<meta name=\"author\" content=\"Kevin Kersemans\" \/>\n<meta name=\"twitter:card\" content=\"summary_large_image\" \/>\n<meta name=\"twitter:description\" content=\"Pour son nouveau Frontera, disponible en mild-hybride et en full \u00e9lectrique, Opel a opt\u00e9 pour une approche pragmatique afin de maintenir le prix \u00e0 un\u2026\" \/>\n<meta name=\"twitter:label1\" content=\"\u00c9crit par\" \/>\n\t<meta name=\"twitter:data1\" content=\"Kevin Kersemans\" \/>\n\t<meta name=\"twitter:label2\" content=\"Dur\u00e9e de lecture estim\u00e9e\" \/>\n\t<meta name=\"twitter:data2\" content=\"8 minutes\" \/>\n<script type=\"application\/ld+json\" class=\"yoast-schema-graph\">{\"@context\":\"https:\\\/\\\/schema.org\",\"@graph\":[{\"@type\":\"Article\",\"@id\":\"https:\\\/\\\/www.link2fleet.com\\\/fleet-test-opel-frontera-detoxkuur\\\/#article\",\"isPartOf\":{\"@id\":\"https:\\\/\\\/www.link2fleet.com\\\/fleet-test-opel-frontera-detoxkuur\\\/\"},\"author\":{\"name\":\"Kevin Kersemans\",\"@id\":\"https:\\\/\\\/www.link2fleet.com\\\/fr\\\/#\\\/schema\\\/person\\\/877bc89c32c65772066cb11fe1e67bbf\"},\"headline\":\"Fleet test Opel Frontera: cure de detox\",\"datePublished\":\"2024-12-05T16:47:03+00:00\",\"dateModified\":\"2025-02-03T14:52:39+00:00\",\"mainEntityOfPage\":{\"@id\":\"https:\\\/\\\/www.link2fleet.com\\\/fleet-test-opel-frontera-detoxkuur\\\/\"},\"wordCount\":7,\"publisher\":{\"@id\":\"https:\\\/\\\/www.link2fleet.com\\\/fr\\\/#organization\"},\"image\":{\"@id\":\"https:\\\/\\\/www.link2fleet.com\\\/fleet-test-opel-frontera-detoxkuur\\\/#primaryimage\"},\"thumbnailUrl\":\"https:\\\/\\\/static.link2fleet.com\\\/wp-content\\\/uploads\\\/2024\\\/12\\\/opel-frontera-electric-gs-02.webp\",\"keywords\":[\"EV\",\"frontera\",\"opel\"],\"articleSection\":[\"Essais fleet\"],\"inLanguage\":\"fr-FR\"},{\"@type\":\"WebPage\",\"@id\":\"https:\\\/\\\/www.link2fleet.com\\\/fleet-test-opel-frontera-detoxkuur\\\/\",\"url\":\"https:\\\/\\\/www.link2fleet.com\\\/fleet-test-opel-frontera-detoxkuur\\\/\",\"name\":\"Fleet test Opel Frontera: cure de detox - link2fleet\",\"isPartOf\":{\"@id\":\"https:\\\/\\\/www.link2fleet.com\\\/fr\\\/#website\"},\"primaryImageOfPage\":{\"@id\":\"https:\\\/\\\/www.link2fleet.com\\\/fleet-test-opel-frontera-detoxkuur\\\/#primaryimage\"},\"image\":{\"@id\":\"https:\\\/\\\/www.link2fleet.com\\\/fleet-test-opel-frontera-detoxkuur\\\/#primaryimage\"},\"thumbnailUrl\":\"https:\\\/\\\/static.link2fleet.com\\\/wp-content\\\/uploads\\\/2024\\\/12\\\/opel-frontera-electric-gs-02.webp\",\"datePublished\":\"2024-12-05T16:47:03+00:00\",\"dateModified\":\"2025-02-03T14:52:39+00:00\",\"description\":\"Voor zijn nieuwe Frontera, die te krijgen is als mildhybride of volledig elektrisch, ging Opel voor een no-nonsense aanpak om de prijs te drukken. Dat betekent echter niet dat zijn weggedrag werd verwaarloosd, zoals we al konden ontdekken tijdens een testrit.\",\"breadcrumb\":{\"@id\":\"https:\\\/\\\/www.link2fleet.com\\\/fleet-test-opel-frontera-detoxkuur\\\/#breadcrumb\"},\"inLanguage\":\"fr-FR\",\"potentialAction\":[{\"@type\":\"ReadAction\",\"target\":[\"https:\\\/\\\/www.link2fleet.com\\\/fleet-test-opel-frontera-detoxkuur\\\/\"]}]},{\"@type\":\"ImageObject\",\"inLanguage\":\"fr-FR\",\"@id\":\"https:\\\/\\\/www.link2fleet.com\\\/fleet-test-opel-frontera-detoxkuur\\\/#primaryimage\",\"url\":\"https:\\\/\\\/static.link2fleet.com\\\/wp-content\\\/uploads\\\/2024\\\/12\\\/opel-frontera-electric-gs-02.webp\",\"contentUrl\":\"https:\\\/\\\/static.link2fleet.com\\\/wp-content\\\/uploads\\\/2024\\\/12\\\/opel-frontera-electric-gs-02.webp\",\"width\":1920,\"height\":1080},{\"@type\":\"BreadcrumbList\",\"@id\":\"https:\\\/\\\/www.link2fleet.com\\\/fleet-test-opel-frontera-detoxkuur\\\/#breadcrumb\",\"itemListElement\":[{\"@type\":\"ListItem\",\"position\":1,\"name\":\"Home\",\"item\":\"https:\\\/\\\/www.link2fleet.com\\\/fr\\\/\"},{\"@type\":\"ListItem\",\"position\":2,\"name\":\"Fleet test Opel Frontera: cure de detox\"}]},{\"@type\":\"WebSite\",\"@id\":\"https:\\\/\\\/www.link2fleet.com\\\/fr\\\/#website\",\"url\":\"https:\\\/\\\/www.link2fleet.com\\\/fr\\\/\",\"name\":\"Link2fleet\",\"description\":\"\",\"publisher\":{\"@id\":\"https:\\\/\\\/www.link2fleet.com\\\/fr\\\/#organization\"},\"potentialAction\":[{\"@type\":\"SearchAction\",\"target\":{\"@type\":\"EntryPoint\",\"urlTemplate\":\"https:\\\/\\\/www.link2fleet.com\\\/fr\\\/?s={search_term_string}\"},\"query-input\":{\"@type\":\"PropertyValueSpecification\",\"valueRequired\":true,\"valueName\":\"search_term_string\"}}],\"inLanguage\":\"fr-FR\"},{\"@type\":\"Organization\",\"@id\":\"https:\\\/\\\/www.link2fleet.com\\\/fr\\\/#organization\",\"name\":\"Link2fleet\",\"url\":\"https:\\\/\\\/www.link2fleet.com\\\/fr\\\/\",\"logo\":{\"@type\":\"ImageObject\",\"inLanguage\":\"fr-FR\",\"@id\":\"https:\\\/\\\/www.link2fleet.com\\\/fr\\\/#\\\/schema\\\/logo\\\/image\\\/\",\"url\":\"https:\\\/\\\/static.link2fleet.com\\\/wp-content\\\/uploads\\\/2024\\\/03\\\/share-image.jpg\",\"contentUrl\":\"https:\\\/\\\/static.link2fleet.com\\\/wp-content\\\/uploads\\\/2024\\\/03\\\/share-image.jpg\",\"width\":1200,\"height\":630,\"caption\":\"Link2fleet\"},\"image\":{\"@id\":\"https:\\\/\\\/www.link2fleet.com\\\/fr\\\/#\\\/schema\\\/logo\\\/image\\\/\"},\"sameAs\":[\"https:\\\/\\\/www.linkedin.com\\\/company\\\/link2fleet-belgium\",\"https:\\\/\\\/www.youtube.com\\\/user\\\/MMMBMBE\"]},{\"@type\":\"Person\",\"@id\":\"https:\\\/\\\/www.link2fleet.com\\\/fr\\\/#\\\/schema\\\/person\\\/877bc89c32c65772066cb11fe1e67bbf\",\"name\":\"Kevin Kersemans\",\"image\":{\"@type\":\"ImageObject\",\"inLanguage\":\"fr-FR\",\"@id\":\"https:\\\/\\\/secure.gravatar.com\\\/avatar\\\/b12f7d0f252688f677f4c181b6df65bf86880634bfcef3be42c82efcdb33d654?s=96&d=mm&r=g\",\"url\":\"https:\\\/\\\/secure.gravatar.com\\\/avatar\\\/b12f7d0f252688f677f4c181b6df65bf86880634bfcef3be42c82efcdb33d654?s=96&d=mm&r=g\",\"contentUrl\":\"https:\\\/\\\/secure.gravatar.com\\\/avatar\\\/b12f7d0f252688f677f4c181b6df65bf86880634bfcef3be42c82efcdb33d654?s=96&d=mm&r=g\",\"caption\":\"Kevin Kersemans\"},\"description\":\"Kevin Kersemans is autojournalist met al enkele decennia ervaring op de teller. Zijn passie voor auto's en alles op wielen heeft hij al van kindsbeen af. Voor link2fleet volgt hij vooral de auto-actualiteit en test hij nieuwe modellen.\"}]}<\/script>\n<!-- \/ Yoast SEO plugin. -->","yoast_head_json":{"title":"Fleet test Opel Frontera: cure de detox - link2fleet","description":"Pour son nouveau Frontera, disponible en mild-hybride et en full \u00e9lectrique, Opel a opt\u00e9 pour une approche pragmatique afin de maintenir le prix \u00e0 un\u2026","robots":{"index":"index","follow":"follow","max-snippet":"max-snippet:-1","max-image-preview":"max-image-preview:large","max-video-preview":"max-video-preview:-1"},"og_locale":"fr_FR","og_type":"article","og_title":"Fleet test Opel Frontera: cure de detox - link2fleet","og_description":"Pour son nouveau Frontera, disponible en mild-hybride et en full \u00e9lectrique, Opel a opt\u00e9 pour une approche pragmatique afin de maintenir le prix \u00e0 un\u2026","og_url":"https:\/\/www.link2fleet.com\/fleet-test-opel-frontera-detoxkuur\/","og_site_name":"link2fleet","article_published_time":"2024-12-05T16:47:03+00:00","article_modified_time":"2025-02-03T14:52:39+00:00","og_image":[{"width":1920,"height":1080,"url":"https:\/\/static.link2fleet.com\/wp-content\/uploads\/2024\/12\/opel-frontera-electric-gs-02.webp","type":"image\/webp"}],"author":"Kevin Kersemans","twitter_card":"summary_large_image","twitter_description":"Pour son nouveau Frontera, disponible en mild-hybride et en full \u00e9lectrique, Opel a opt\u00e9 pour une approche pragmatique afin de maintenir le prix \u00e0 un\u2026","twitter_misc":{"\u00c9crit par":"Kevin Kersemans","Dur\u00e9e de lecture estim\u00e9e":"8 minutes"},"schema":{"@context":"https:\/\/schema.org","@graph":[{"@type":"Article","@id":"https:\/\/www.link2fleet.com\/fleet-test-opel-frontera-detoxkuur\/#article","isPartOf":{"@id":"https:\/\/www.link2fleet.com\/fleet-test-opel-frontera-detoxkuur\/"},"author":{"name":"Kevin Kersemans","@id":"https:\/\/www.link2fleet.com\/fr\/#\/schema\/person\/877bc89c32c65772066cb11fe1e67bbf"},"headline":"Fleet test Opel Frontera: cure de detox","datePublished":"2024-12-05T16:47:03+00:00","dateModified":"2025-02-03T14:52:39+00:00","mainEntityOfPage":{"@id":"https:\/\/www.link2fleet.com\/fleet-test-opel-frontera-detoxkuur\/"},"wordCount":7,"publisher":{"@id":"https:\/\/www.link2fleet.com\/fr\/#organization"},"image":{"@id":"https:\/\/www.link2fleet.com\/fleet-test-opel-frontera-detoxkuur\/#primaryimage"},"thumbnailUrl":"https:\/\/static.link2fleet.com\/wp-content\/uploads\/2024\/12\/opel-frontera-electric-gs-02.webp","keywords":["EV","frontera","opel"],"articleSection":["Essais fleet"],"inLanguage":"fr-FR"},{"@type":"WebPage","@id":"https:\/\/www.link2fleet.com\/fleet-test-opel-frontera-detoxkuur\/","url":"https:\/\/www.link2fleet.com\/fleet-test-opel-frontera-detoxkuur\/","name":"Fleet test Opel Frontera: cure de detox - link2fleet","isPartOf":{"@id":"https:\/\/www.link2fleet.com\/fr\/#website"},"primaryImageOfPage":{"@id":"https:\/\/www.link2fleet.com\/fleet-test-opel-frontera-detoxkuur\/#primaryimage"},"image":{"@id":"https:\/\/www.link2fleet.com\/fleet-test-opel-frontera-detoxkuur\/#primaryimage"},"thumbnailUrl":"https:\/\/static.link2fleet.com\/wp-content\/uploads\/2024\/12\/opel-frontera-electric-gs-02.webp","datePublished":"2024-12-05T16:47:03+00:00","dateModified":"2025-02-03T14:52:39+00:00","description":"Voor zijn nieuwe Frontera, die te krijgen is als mildhybride of volledig elektrisch, ging Opel voor een no-nonsense aanpak om de prijs te drukken. Dat betekent echter niet dat zijn weggedrag werd verwaarloosd, zoals we al konden ontdekken tijdens een testrit.","breadcrumb":{"@id":"https:\/\/www.link2fleet.com\/fleet-test-opel-frontera-detoxkuur\/#breadcrumb"},"inLanguage":"fr-FR","potentialAction":[{"@type":"ReadAction","target":["https:\/\/www.link2fleet.com\/fleet-test-opel-frontera-detoxkuur\/"]}]},{"@type":"ImageObject","inLanguage":"fr-FR","@id":"https:\/\/www.link2fleet.com\/fleet-test-opel-frontera-detoxkuur\/#primaryimage","url":"https:\/\/static.link2fleet.com\/wp-content\/uploads\/2024\/12\/opel-frontera-electric-gs-02.webp","contentUrl":"https:\/\/static.link2fleet.com\/wp-content\/uploads\/2024\/12\/opel-frontera-electric-gs-02.webp","width":1920,"height":1080},{"@type":"BreadcrumbList","@id":"https:\/\/www.link2fleet.com\/fleet-test-opel-frontera-detoxkuur\/#breadcrumb","itemListElement":[{"@type":"ListItem","position":1,"name":"Home","item":"https:\/\/www.link2fleet.com\/fr\/"},{"@type":"ListItem","position":2,"name":"Fleet test Opel Frontera: cure de detox"}]},{"@type":"WebSite","@id":"https:\/\/www.link2fleet.com\/fr\/#website","url":"https:\/\/www.link2fleet.com\/fr\/","name":"Link2fleet","description":"","publisher":{"@id":"https:\/\/www.link2fleet.com\/fr\/#organization"},"potentialAction":[{"@type":"SearchAction","target":{"@type":"EntryPoint","urlTemplate":"https:\/\/www.link2fleet.com\/fr\/?s={search_term_string}"},"query-input":{"@type":"PropertyValueSpecification","valueRequired":true,"valueName":"search_term_string"}}],"inLanguage":"fr-FR"},{"@type":"Organization","@id":"https:\/\/www.link2fleet.com\/fr\/#organization","name":"Link2fleet","url":"https:\/\/www.link2fleet.com\/fr\/","logo":{"@type":"ImageObject","inLanguage":"fr-FR","@id":"https:\/\/www.link2fleet.com\/fr\/#\/schema\/logo\/image\/","url":"https:\/\/static.link2fleet.com\/wp-content\/uploads\/2024\/03\/share-image.jpg","contentUrl":"https:\/\/static.link2fleet.com\/wp-content\/uploads\/2024\/03\/share-image.jpg","width":1200,"height":630,"caption":"Link2fleet"},"image":{"@id":"https:\/\/www.link2fleet.com\/fr\/#\/schema\/logo\/image\/"},"sameAs":["https:\/\/www.linkedin.com\/company\/link2fleet-belgium","https:\/\/www.youtube.com\/user\/MMMBMBE"]},{"@type":"Person","@id":"https:\/\/www.link2fleet.com\/fr\/#\/schema\/person\/877bc89c32c65772066cb11fe1e67bbf","name":"Kevin Kersemans","image":{"@type":"ImageObject","inLanguage":"fr-FR","@id":"https:\/\/secure.gravatar.com\/avatar\/b12f7d0f252688f677f4c181b6df65bf86880634bfcef3be42c82efcdb33d654?s=96&d=mm&r=g","url":"https:\/\/secure.gravatar.com\/avatar\/b12f7d0f252688f677f4c181b6df65bf86880634bfcef3be42c82efcdb33d654?s=96&d=mm&r=g","contentUrl":"https:\/\/secure.gravatar.com\/avatar\/b12f7d0f252688f677f4c181b6df65bf86880634bfcef3be42c82efcdb33d654?s=96&d=mm&r=g","caption":"Kevin Kersemans"},"description":"Kevin Kersemans is autojournalist met al enkele decennia ervaring op de teller. Zijn passie voor auto's en alles op wielen heeft hij al van kindsbeen af. Voor link2fleet volgt hij vooral de auto-actualiteit en test hij nieuwe modellen."}]}},"_links":{"self":[{"href":"https:\/\/www.link2fleet.com\/fr\/wp-json\/wp\/v2\/posts\/36585","targetHints":{"allow":["GET"]}}],"collection":[{"href":"https:\/\/www.link2fleet.com\/fr\/wp-json\/wp\/v2\/posts"}],"about":[{"href":"https:\/\/www.link2fleet.com\/fr\/wp-json\/wp\/v2\/types\/post"}],"author":[{"embeddable":true,"href":"https:\/\/www.link2fleet.com\/fr\/wp-json\/wp\/v2\/users\/49"}],"replies":[{"embeddable":true,"href":"https:\/\/www.link2fleet.com\/fr\/wp-json\/wp\/v2\/comments?post=36585"}],"version-history":[{"count":4,"href":"https:\/\/www.link2fleet.com\/fr\/wp-json\/wp\/v2\/posts\/36585\/revisions"}],"predecessor-version":[{"id":38093,"href":"https:\/\/www.link2fleet.com\/fr\/wp-json\/wp\/v2\/posts\/36585\/revisions\/38093"}],"wp:featuredmedia":[{"embeddable":true,"href":"https:\/\/www.link2fleet.com\/fr\/wp-json\/wp\/v2\/media\/36478"}],"wp:attachment":[{"href":"https:\/\/www.link2fleet.com\/fr\/wp-json\/wp\/v2\/media?parent=36585"}],"wp:term":[{"taxonomy":"category","embeddable":true,"href":"https:\/\/www.link2fleet.com\/fr\/wp-json\/wp\/v2\/categories?post=36585"},{"taxonomy":"post_tag","embeddable":true,"href":"https:\/\/www.link2fleet.com\/fr\/wp-json\/wp\/v2\/tags?post=36585"}],"curies":[{"name":"wp","href":"https:\/\/api.w.org\/{rel}","templated":true}]}}