{"id":36613,"date":"2024-12-09T15:12:12","date_gmt":"2024-12-09T14:12:12","guid":{"rendered":"https:\/\/www.link2fleet.com\/?p=36613"},"modified":"2024-12-09T15:12:12","modified_gmt":"2024-12-09T14:12:12","slug":"enquete-les-bev-devraient-poursuivre-leur-croissance-au-sein-des-flottes-mondiales-mais-les-vehicules-thermiques-nont-pas-dit-leur-dernier-mot","status":"publish","type":"post","link":"https:\/\/www.link2fleet.com\/fr\/enquete-les-bev-devraient-poursuivre-leur-croissance-au-sein-des-flottes-mondiales-mais-les-vehicules-thermiques-nont-pas-dit-leur-dernier-mot\/","title":{"rendered":"Enqu\u00eate: les BEV devraient poursuivre leur croissance au sein des flottes mondiales, mais les v\u00e9hicules thermiques n&rsquo;ont pas dit leur dernier mot"},"content":{"rendered":"","protected":false},"excerpt":{"rendered":"","protected":false},"author":4,"featured_media":2078,"comment_status":"closed","ping_status":"closed","sticky":false,"template":"","format":"standard","meta":{"_acf_changed":false,"footnotes":""},"categories":[135],"tags":[],"class_list":["post-36613","post","type-post","status-publish","format-standard","has-post-thumbnail","hentry","category-news-fr"],"acf":[],"yoast_head":"<!-- This site is optimized with the Yoast SEO plugin v27.3 - https:\/\/yoast.com\/product\/yoast-seo-wordpress\/ -->\n<title>Enqu\u00eate: les BEV devraient poursuivre leur croissance au sein des flottes mondiales, mais les v\u00e9hicules thermiques n&#039;ont pas dit leur dernier mot - link2fleet<\/title>\n<meta name=\"description\" content=\"L&rsquo;enqu\u00eate Global Fleet Survey 2024, men\u00e9e par nos coll\u00e8gues de Fleet Europe (Nexus Communication) aupr\u00e8s des gestionnaires de flotte du monde entier, montre que la\u2026\" \/>\n<meta name=\"robots\" content=\"index, follow, max-snippet:-1, max-image-preview:large, max-video-preview:-1\" \/>\n<meta property=\"og:locale\" content=\"fr_FR\" \/>\n<meta property=\"og:type\" content=\"article\" \/>\n<meta property=\"og:title\" content=\"Enqu\u00eate: les BEV devraient poursuivre leur croissance au sein des flottes mondiales, mais les v\u00e9hicules thermiques n&#039;ont pas dit leur dernier mot - link2fleet\" \/>\n<meta property=\"og:description\" content=\"L&rsquo;enqu\u00eate Global Fleet Survey 2024, men\u00e9e par nos coll\u00e8gues de Fleet Europe (Nexus Communication) aupr\u00e8s des gestionnaires de flotte du monde entier, montre que la\u2026\" \/>\n<meta property=\"og:url\" content=\"https:\/\/www.link2fleet.com\/enquete-bevs-zullen-wellicht-blijven-groeien-in-de-wereldwijde-wagenparken-maar-brandstofvoertuigen-zijn-nog-niet-uitgezongen\/\" \/>\n<meta property=\"og:site_name\" content=\"link2fleet\" \/>\n<meta property=\"article:published_time\" content=\"2024-12-09T14:12:12+00:00\" \/>\n<meta property=\"og:image\" content=\"https:\/\/static.link2fleet.com\/wp-content\/uploads\/2024\/03\/electric-car.jpg\" \/>\n\t<meta property=\"og:image:width\" content=\"650\" \/>\n\t<meta property=\"og:image:height\" content=\"421\" \/>\n\t<meta property=\"og:image:type\" content=\"image\/jpeg\" \/>\n<meta name=\"author\" content=\"Damien Malvetti\" \/>\n<meta name=\"twitter:card\" content=\"summary_large_image\" \/>\n<meta name=\"twitter:description\" content=\"L&rsquo;enqu\u00eate Global Fleet Survey 2024, men\u00e9e par nos coll\u00e8gues de Fleet Europe (Nexus Communication) aupr\u00e8s des gestionnaires de flotte du monde entier, montre que la\u2026\" \/>\n<meta name=\"twitter:label1\" content=\"\u00c9crit par\" \/>\n\t<meta name=\"twitter:data1\" content=\"Damien Malvetti\" \/>\n\t<meta name=\"twitter:label2\" content=\"Dur\u00e9e de lecture estim\u00e9e\" \/>\n\t<meta name=\"twitter:data2\" content=\"4 minutes\" \/>\n<script type=\"application\/ld+json\" class=\"yoast-schema-graph\">{\"@context\":\"https:\\\/\\\/schema.org\",\"@graph\":[{\"@type\":\"Article\",\"@id\":\"https:\\\/\\\/www.link2fleet.com\\\/enquete-bevs-zullen-wellicht-blijven-groeien-in-de-wereldwijde-wagenparken-maar-brandstofvoertuigen-zijn-nog-niet-uitgezongen\\\/#article\",\"isPartOf\":{\"@id\":\"https:\\\/\\\/www.link2fleet.com\\\/enquete-bevs-zullen-wellicht-blijven-groeien-in-de-wereldwijde-wagenparken-maar-brandstofvoertuigen-zijn-nog-niet-uitgezongen\\\/\"},\"author\":{\"name\":\"Damien Malvetti\",\"@id\":\"https:\\\/\\\/www.link2fleet.com\\\/fr\\\/#\\\/schema\\\/person\\\/027cd46113c78036b3809c9a054049da\"},\"headline\":\"Enqu\u00eate: les BEV devraient poursuivre leur croissance au sein des flottes mondiales, mais les v\u00e9hicules thermiques n&rsquo;ont pas dit leur dernier mot\",\"datePublished\":\"2024-12-09T14:12:12+00:00\",\"mainEntityOfPage\":{\"@id\":\"https:\\\/\\\/www.link2fleet.com\\\/enquete-bevs-zullen-wellicht-blijven-groeien-in-de-wereldwijde-wagenparken-maar-brandstofvoertuigen-zijn-nog-niet-uitgezongen\\\/\"},\"wordCount\":25,\"publisher\":{\"@id\":\"https:\\\/\\\/www.link2fleet.com\\\/fr\\\/#organization\"},\"image\":{\"@id\":\"https:\\\/\\\/www.link2fleet.com\\\/enquete-bevs-zullen-wellicht-blijven-groeien-in-de-wereldwijde-wagenparken-maar-brandstofvoertuigen-zijn-nog-niet-uitgezongen\\\/#primaryimage\"},\"thumbnailUrl\":\"https:\\\/\\\/static.link2fleet.com\\\/wp-content\\\/uploads\\\/2024\\\/03\\\/electric-car.jpg\",\"articleSection\":[\"Actus\"],\"inLanguage\":\"fr-FR\"},{\"@type\":\"WebPage\",\"@id\":\"https:\\\/\\\/www.link2fleet.com\\\/enquete-bevs-zullen-wellicht-blijven-groeien-in-de-wereldwijde-wagenparken-maar-brandstofvoertuigen-zijn-nog-niet-uitgezongen\\\/\",\"url\":\"https:\\\/\\\/www.link2fleet.com\\\/enquete-bevs-zullen-wellicht-blijven-groeien-in-de-wereldwijde-wagenparken-maar-brandstofvoertuigen-zijn-nog-niet-uitgezongen\\\/\",\"name\":\"Enqu\u00eate: les BEV devraient poursuivre leur croissance au sein des flottes mondiales, mais les v\u00e9hicules thermiques n'ont pas dit leur dernier mot - link2fleet\",\"isPartOf\":{\"@id\":\"https:\\\/\\\/www.link2fleet.com\\\/fr\\\/#website\"},\"primaryImageOfPage\":{\"@id\":\"https:\\\/\\\/www.link2fleet.com\\\/enquete-bevs-zullen-wellicht-blijven-groeien-in-de-wereldwijde-wagenparken-maar-brandstofvoertuigen-zijn-nog-niet-uitgezongen\\\/#primaryimage\"},\"image\":{\"@id\":\"https:\\\/\\\/www.link2fleet.com\\\/enquete-bevs-zullen-wellicht-blijven-groeien-in-de-wereldwijde-wagenparken-maar-brandstofvoertuigen-zijn-nog-niet-uitgezongen\\\/#primaryimage\"},\"thumbnailUrl\":\"https:\\\/\\\/static.link2fleet.com\\\/wp-content\\\/uploads\\\/2024\\\/03\\\/electric-car.jpg\",\"datePublished\":\"2024-12-09T14:12:12+00:00\",\"breadcrumb\":{\"@id\":\"https:\\\/\\\/www.link2fleet.com\\\/enquete-bevs-zullen-wellicht-blijven-groeien-in-de-wereldwijde-wagenparken-maar-brandstofvoertuigen-zijn-nog-niet-uitgezongen\\\/#breadcrumb\"},\"inLanguage\":\"fr-FR\",\"potentialAction\":[{\"@type\":\"ReadAction\",\"target\":[\"https:\\\/\\\/www.link2fleet.com\\\/enquete-bevs-zullen-wellicht-blijven-groeien-in-de-wereldwijde-wagenparken-maar-brandstofvoertuigen-zijn-nog-niet-uitgezongen\\\/\"]}]},{\"@type\":\"ImageObject\",\"inLanguage\":\"fr-FR\",\"@id\":\"https:\\\/\\\/www.link2fleet.com\\\/enquete-bevs-zullen-wellicht-blijven-groeien-in-de-wereldwijde-wagenparken-maar-brandstofvoertuigen-zijn-nog-niet-uitgezongen\\\/#primaryimage\",\"url\":\"https:\\\/\\\/static.link2fleet.com\\\/wp-content\\\/uploads\\\/2024\\\/03\\\/electric-car.jpg\",\"contentUrl\":\"https:\\\/\\\/static.link2fleet.com\\\/wp-content\\\/uploads\\\/2024\\\/03\\\/electric-car.jpg\",\"width\":650,\"height\":421},{\"@type\":\"BreadcrumbList\",\"@id\":\"https:\\\/\\\/www.link2fleet.com\\\/enquete-bevs-zullen-wellicht-blijven-groeien-in-de-wereldwijde-wagenparken-maar-brandstofvoertuigen-zijn-nog-niet-uitgezongen\\\/#breadcrumb\",\"itemListElement\":[{\"@type\":\"ListItem\",\"position\":1,\"name\":\"Home\",\"item\":\"https:\\\/\\\/www.link2fleet.com\\\/fr\\\/\"},{\"@type\":\"ListItem\",\"position\":2,\"name\":\"Enqu\u00eate: les BEV devraient poursuivre leur croissance au sein des flottes mondiales, mais les v\u00e9hicules thermiques n&#8217;ont pas dit leur dernier mot\"}]},{\"@type\":\"WebSite\",\"@id\":\"https:\\\/\\\/www.link2fleet.com\\\/fr\\\/#website\",\"url\":\"https:\\\/\\\/www.link2fleet.com\\\/fr\\\/\",\"name\":\"Link2fleet\",\"description\":\"\",\"publisher\":{\"@id\":\"https:\\\/\\\/www.link2fleet.com\\\/fr\\\/#organization\"},\"potentialAction\":[{\"@type\":\"SearchAction\",\"target\":{\"@type\":\"EntryPoint\",\"urlTemplate\":\"https:\\\/\\\/www.link2fleet.com\\\/fr\\\/?s={search_term_string}\"},\"query-input\":{\"@type\":\"PropertyValueSpecification\",\"valueRequired\":true,\"valueName\":\"search_term_string\"}}],\"inLanguage\":\"fr-FR\"},{\"@type\":\"Organization\",\"@id\":\"https:\\\/\\\/www.link2fleet.com\\\/fr\\\/#organization\",\"name\":\"Link2fleet\",\"url\":\"https:\\\/\\\/www.link2fleet.com\\\/fr\\\/\",\"logo\":{\"@type\":\"ImageObject\",\"inLanguage\":\"fr-FR\",\"@id\":\"https:\\\/\\\/www.link2fleet.com\\\/fr\\\/#\\\/schema\\\/logo\\\/image\\\/\",\"url\":\"https:\\\/\\\/static.link2fleet.com\\\/wp-content\\\/uploads\\\/2024\\\/03\\\/share-image.jpg\",\"contentUrl\":\"https:\\\/\\\/static.link2fleet.com\\\/wp-content\\\/uploads\\\/2024\\\/03\\\/share-image.jpg\",\"width\":1200,\"height\":630,\"caption\":\"Link2fleet\"},\"image\":{\"@id\":\"https:\\\/\\\/www.link2fleet.com\\\/fr\\\/#\\\/schema\\\/logo\\\/image\\\/\"},\"sameAs\":[\"https:\\\/\\\/www.linkedin.com\\\/company\\\/link2fleet-belgium\",\"https:\\\/\\\/www.youtube.com\\\/user\\\/MMMBMBE\"]},{\"@type\":\"Person\",\"@id\":\"https:\\\/\\\/www.link2fleet.com\\\/fr\\\/#\\\/schema\\\/person\\\/027cd46113c78036b3809c9a054049da\",\"name\":\"Damien Malvetti\",\"image\":{\"@type\":\"ImageObject\",\"inLanguage\":\"fr-FR\",\"@id\":\"https:\\\/\\\/secure.gravatar.com\\\/avatar\\\/dd8cc03b49466c735f753ac37f8caa371af16dfed347456ed61f02883255eebb?s=96&d=mm&r=g\",\"url\":\"https:\\\/\\\/secure.gravatar.com\\\/avatar\\\/dd8cc03b49466c735f753ac37f8caa371af16dfed347456ed61f02883255eebb?s=96&d=mm&r=g\",\"contentUrl\":\"https:\\\/\\\/secure.gravatar.com\\\/avatar\\\/dd8cc03b49466c735f753ac37f8caa371af16dfed347456ed61f02883255eebb?s=96&d=mm&r=g\",\"caption\":\"Damien Malvetti\"},\"description\":\"Damien Malvetti is opgeleid als journalist en gepassioneerd door wagens, technologie en mobiliteit. Hij is verantwoordelijk voor de redactionele inhoud van link2fleet en beschikt over een uitgebreide kennis van de fleet-sector en elektrische mobiliteit.\",\"sameAs\":[\"https:\\\/\\\/www.linkedin.com\\\/in\\\/damien-malvetti-56601142\\\/\"]}]}<\/script>\n<!-- \/ Yoast SEO plugin. -->","yoast_head_json":{"title":"Enqu\u00eate: les BEV devraient poursuivre leur croissance au sein des flottes mondiales, mais les v\u00e9hicules thermiques n'ont pas dit leur dernier mot - link2fleet","description":"L&rsquo;enqu\u00eate Global Fleet Survey 2024, men\u00e9e par nos coll\u00e8gues de Fleet Europe (Nexus Communication) aupr\u00e8s des gestionnaires de flotte du monde entier, montre que la\u2026","robots":{"index":"index","follow":"follow","max-snippet":"max-snippet:-1","max-image-preview":"max-image-preview:large","max-video-preview":"max-video-preview:-1"},"og_locale":"fr_FR","og_type":"article","og_title":"Enqu\u00eate: les BEV devraient poursuivre leur croissance au sein des flottes mondiales, mais les v\u00e9hicules thermiques n'ont pas dit leur dernier mot - link2fleet","og_description":"L&rsquo;enqu\u00eate Global Fleet Survey 2024, men\u00e9e par nos coll\u00e8gues de Fleet Europe (Nexus Communication) aupr\u00e8s des gestionnaires de flotte du monde entier, montre que la\u2026","og_url":"https:\/\/www.link2fleet.com\/enquete-bevs-zullen-wellicht-blijven-groeien-in-de-wereldwijde-wagenparken-maar-brandstofvoertuigen-zijn-nog-niet-uitgezongen\/","og_site_name":"link2fleet","article_published_time":"2024-12-09T14:12:12+00:00","og_image":[{"width":650,"height":421,"url":"https:\/\/static.link2fleet.com\/wp-content\/uploads\/2024\/03\/electric-car.jpg","type":"image\/jpeg"}],"author":"Damien Malvetti","twitter_card":"summary_large_image","twitter_description":"L&rsquo;enqu\u00eate Global Fleet Survey 2024, men\u00e9e par nos coll\u00e8gues de Fleet Europe (Nexus Communication) aupr\u00e8s des gestionnaires de flotte du monde entier, montre que la\u2026","twitter_misc":{"\u00c9crit par":"Damien Malvetti","Dur\u00e9e de lecture estim\u00e9e":"4 minutes"},"schema":{"@context":"https:\/\/schema.org","@graph":[{"@type":"Article","@id":"https:\/\/www.link2fleet.com\/enquete-bevs-zullen-wellicht-blijven-groeien-in-de-wereldwijde-wagenparken-maar-brandstofvoertuigen-zijn-nog-niet-uitgezongen\/#article","isPartOf":{"@id":"https:\/\/www.link2fleet.com\/enquete-bevs-zullen-wellicht-blijven-groeien-in-de-wereldwijde-wagenparken-maar-brandstofvoertuigen-zijn-nog-niet-uitgezongen\/"},"author":{"name":"Damien Malvetti","@id":"https:\/\/www.link2fleet.com\/fr\/#\/schema\/person\/027cd46113c78036b3809c9a054049da"},"headline":"Enqu\u00eate: les BEV devraient poursuivre leur croissance au sein des flottes mondiales, mais les v\u00e9hicules thermiques n&rsquo;ont pas dit leur dernier mot","datePublished":"2024-12-09T14:12:12+00:00","mainEntityOfPage":{"@id":"https:\/\/www.link2fleet.com\/enquete-bevs-zullen-wellicht-blijven-groeien-in-de-wereldwijde-wagenparken-maar-brandstofvoertuigen-zijn-nog-niet-uitgezongen\/"},"wordCount":25,"publisher":{"@id":"https:\/\/www.link2fleet.com\/fr\/#organization"},"image":{"@id":"https:\/\/www.link2fleet.com\/enquete-bevs-zullen-wellicht-blijven-groeien-in-de-wereldwijde-wagenparken-maar-brandstofvoertuigen-zijn-nog-niet-uitgezongen\/#primaryimage"},"thumbnailUrl":"https:\/\/static.link2fleet.com\/wp-content\/uploads\/2024\/03\/electric-car.jpg","articleSection":["Actus"],"inLanguage":"fr-FR"},{"@type":"WebPage","@id":"https:\/\/www.link2fleet.com\/enquete-bevs-zullen-wellicht-blijven-groeien-in-de-wereldwijde-wagenparken-maar-brandstofvoertuigen-zijn-nog-niet-uitgezongen\/","url":"https:\/\/www.link2fleet.com\/enquete-bevs-zullen-wellicht-blijven-groeien-in-de-wereldwijde-wagenparken-maar-brandstofvoertuigen-zijn-nog-niet-uitgezongen\/","name":"Enqu\u00eate: les BEV devraient poursuivre leur croissance au sein des flottes mondiales, mais les v\u00e9hicules thermiques n'ont pas dit leur dernier mot - link2fleet","isPartOf":{"@id":"https:\/\/www.link2fleet.com\/fr\/#website"},"primaryImageOfPage":{"@id":"https:\/\/www.link2fleet.com\/enquete-bevs-zullen-wellicht-blijven-groeien-in-de-wereldwijde-wagenparken-maar-brandstofvoertuigen-zijn-nog-niet-uitgezongen\/#primaryimage"},"image":{"@id":"https:\/\/www.link2fleet.com\/enquete-bevs-zullen-wellicht-blijven-groeien-in-de-wereldwijde-wagenparken-maar-brandstofvoertuigen-zijn-nog-niet-uitgezongen\/#primaryimage"},"thumbnailUrl":"https:\/\/static.link2fleet.com\/wp-content\/uploads\/2024\/03\/electric-car.jpg","datePublished":"2024-12-09T14:12:12+00:00","breadcrumb":{"@id":"https:\/\/www.link2fleet.com\/enquete-bevs-zullen-wellicht-blijven-groeien-in-de-wereldwijde-wagenparken-maar-brandstofvoertuigen-zijn-nog-niet-uitgezongen\/#breadcrumb"},"inLanguage":"fr-FR","potentialAction":[{"@type":"ReadAction","target":["https:\/\/www.link2fleet.com\/enquete-bevs-zullen-wellicht-blijven-groeien-in-de-wereldwijde-wagenparken-maar-brandstofvoertuigen-zijn-nog-niet-uitgezongen\/"]}]},{"@type":"ImageObject","inLanguage":"fr-FR","@id":"https:\/\/www.link2fleet.com\/enquete-bevs-zullen-wellicht-blijven-groeien-in-de-wereldwijde-wagenparken-maar-brandstofvoertuigen-zijn-nog-niet-uitgezongen\/#primaryimage","url":"https:\/\/static.link2fleet.com\/wp-content\/uploads\/2024\/03\/electric-car.jpg","contentUrl":"https:\/\/static.link2fleet.com\/wp-content\/uploads\/2024\/03\/electric-car.jpg","width":650,"height":421},{"@type":"BreadcrumbList","@id":"https:\/\/www.link2fleet.com\/enquete-bevs-zullen-wellicht-blijven-groeien-in-de-wereldwijde-wagenparken-maar-brandstofvoertuigen-zijn-nog-niet-uitgezongen\/#breadcrumb","itemListElement":[{"@type":"ListItem","position":1,"name":"Home","item":"https:\/\/www.link2fleet.com\/fr\/"},{"@type":"ListItem","position":2,"name":"Enqu\u00eate: les BEV devraient poursuivre leur croissance au sein des flottes mondiales, mais les v\u00e9hicules thermiques n&#8217;ont pas dit leur dernier mot"}]},{"@type":"WebSite","@id":"https:\/\/www.link2fleet.com\/fr\/#website","url":"https:\/\/www.link2fleet.com\/fr\/","name":"Link2fleet","description":"","publisher":{"@id":"https:\/\/www.link2fleet.com\/fr\/#organization"},"potentialAction":[{"@type":"SearchAction","target":{"@type":"EntryPoint","urlTemplate":"https:\/\/www.link2fleet.com\/fr\/?s={search_term_string}"},"query-input":{"@type":"PropertyValueSpecification","valueRequired":true,"valueName":"search_term_string"}}],"inLanguage":"fr-FR"},{"@type":"Organization","@id":"https:\/\/www.link2fleet.com\/fr\/#organization","name":"Link2fleet","url":"https:\/\/www.link2fleet.com\/fr\/","logo":{"@type":"ImageObject","inLanguage":"fr-FR","@id":"https:\/\/www.link2fleet.com\/fr\/#\/schema\/logo\/image\/","url":"https:\/\/static.link2fleet.com\/wp-content\/uploads\/2024\/03\/share-image.jpg","contentUrl":"https:\/\/static.link2fleet.com\/wp-content\/uploads\/2024\/03\/share-image.jpg","width":1200,"height":630,"caption":"Link2fleet"},"image":{"@id":"https:\/\/www.link2fleet.com\/fr\/#\/schema\/logo\/image\/"},"sameAs":["https:\/\/www.linkedin.com\/company\/link2fleet-belgium","https:\/\/www.youtube.com\/user\/MMMBMBE"]},{"@type":"Person","@id":"https:\/\/www.link2fleet.com\/fr\/#\/schema\/person\/027cd46113c78036b3809c9a054049da","name":"Damien Malvetti","image":{"@type":"ImageObject","inLanguage":"fr-FR","@id":"https:\/\/secure.gravatar.com\/avatar\/dd8cc03b49466c735f753ac37f8caa371af16dfed347456ed61f02883255eebb?s=96&d=mm&r=g","url":"https:\/\/secure.gravatar.com\/avatar\/dd8cc03b49466c735f753ac37f8caa371af16dfed347456ed61f02883255eebb?s=96&d=mm&r=g","contentUrl":"https:\/\/secure.gravatar.com\/avatar\/dd8cc03b49466c735f753ac37f8caa371af16dfed347456ed61f02883255eebb?s=96&d=mm&r=g","caption":"Damien Malvetti"},"description":"Damien Malvetti is opgeleid als journalist en gepassioneerd door wagens, technologie en mobiliteit. Hij is verantwoordelijk voor de redactionele inhoud van link2fleet en beschikt over een uitgebreide kennis van de fleet-sector en elektrische mobiliteit.","sameAs":["https:\/\/www.linkedin.com\/in\/damien-malvetti-56601142\/"]}]}},"_links":{"self":[{"href":"https:\/\/www.link2fleet.com\/fr\/wp-json\/wp\/v2\/posts\/36613","targetHints":{"allow":["GET"]}}],"collection":[{"href":"https:\/\/www.link2fleet.com\/fr\/wp-json\/wp\/v2\/posts"}],"about":[{"href":"https:\/\/www.link2fleet.com\/fr\/wp-json\/wp\/v2\/types\/post"}],"author":[{"embeddable":true,"href":"https:\/\/www.link2fleet.com\/fr\/wp-json\/wp\/v2\/users\/4"}],"replies":[{"embeddable":true,"href":"https:\/\/www.link2fleet.com\/fr\/wp-json\/wp\/v2\/comments?post=36613"}],"version-history":[{"count":1,"href":"https:\/\/www.link2fleet.com\/fr\/wp-json\/wp\/v2\/posts\/36613\/revisions"}],"predecessor-version":[{"id":36620,"href":"https:\/\/www.link2fleet.com\/fr\/wp-json\/wp\/v2\/posts\/36613\/revisions\/36620"}],"wp:featuredmedia":[{"embeddable":true,"href":"https:\/\/www.link2fleet.com\/fr\/wp-json\/wp\/v2\/media\/2078"}],"wp:attachment":[{"href":"https:\/\/www.link2fleet.com\/fr\/wp-json\/wp\/v2\/media?parent=36613"}],"wp:term":[{"taxonomy":"category","embeddable":true,"href":"https:\/\/www.link2fleet.com\/fr\/wp-json\/wp\/v2\/categories?post=36613"},{"taxonomy":"post_tag","embeddable":true,"href":"https:\/\/www.link2fleet.com\/fr\/wp-json\/wp\/v2\/tags?post=36613"}],"curies":[{"name":"wp","href":"https:\/\/api.w.org\/{rel}","templated":true}]}}