{"id":3662,"date":"2021-02-03T07:23:08","date_gmt":"2021-02-03T06:23:08","guid":{"rendered":"https:\/\/www.link2fleet.com\/arval-lance-de-nouveaux-services-de-mobilite-avec-son-offre-360-mobility\/"},"modified":"2024-04-17T16:50:31","modified_gmt":"2024-04-17T14:50:31","slug":"arval-lance-de-nouveaux-services-de-mobilite-avec-son-offre-360-mobility","status":"publish","type":"post","link":"https:\/\/www.link2fleet.com\/fr\/arval-lance-de-nouveaux-services-de-mobilite-avec-son-offre-360-mobility\/","title":{"rendered":"Arval lance de nouveaux services de mobilit\u00e9 avec son offre 360\u00b0 Mobility"},"content":{"rendered":"<p><strong>Avec le d\u00e9ploiement de cette nouvelle offre 360\u00b0 Mobility, qui fait partie du plan strat\u00e9gique Arval Beyond, Arval a comme ambition de devenir un acteur central de la mobilit\u00e9 durable. Sur cette base et \u00e0 la suite du r\u00e9cent lancement du leasing de v\u00e9los dans huit pays, la nouvelle triple approche comprend :<\/strong><\/p>\n<ul>\n<li><strong><u>le Mobility Hub Arval<\/u><\/strong><strong>, qui rassemble <\/strong><strong>des solutions de mobilit\u00e9 partag\u00e9e<\/strong><strong>, comme la voiture, le v\u00e9lo, le scooter et les solutions de micro mobilit\u00e9, en les rendant accessibles aux collaborateurs des clients Corporate d\u2019Arval;<\/strong><\/li>\n<li><strong><u>l&rsquo;Application Arval Mobility<\/u><\/strong><strong>, qui permet aux collaborateurs de choisir en quelques clics la solution de mobilit\u00e9 la plus appropri\u00e9e \u00e0 leurs trajets;<\/strong><\/li>\n<li><strong><u>Arval Mobility Consulting, <\/u><\/strong><strong>une solution sp\u00e9ciale con\u00e7ue par Arval Consulting pour aider ses clients \u00e0 param\u00e9trer et \u00e0 mettre en place leurs nouvelles politiques de mobilit\u00e9.<\/strong><\/li>\n<\/ul>\n<p><strong>L&rsquo;Application<\/strong><strong> Arval Mobilit<\/strong><strong>y <\/strong><strong>est<\/strong><strong> d\u00e9sormais disponible en France et en Allemagne, apr\u00e8s un lancement r\u00e9ussi aux Pays-Bas. Un Mobility Hub Arval est aussi en cours de lancement en France. Les services vont ensuite \u00eatre progressivement d\u00e9ploy\u00e9s dans le reste de l&rsquo;Europe. Arval est soutenue par BNP Paribas Cash Management et Axepta BNP Paribas Solutions pour le volet paiement de ses services de mobilit\u00e9.<\/strong> <strong>Arval Mobility Consulting est quant \u00e0 lui propos\u00e9 dans 11\u00a0pays d&rsquo;Europe. <\/strong><\/p>\n<p><strong>Une nouvelle offre pour mieux r\u00e9pondre aux besoins des entreprises<\/strong><br \/>\nLes entreprises ont des besoins bien identifi\u00e9s quant \u00e0 leurs politiques de mobilit\u00e9. D&rsquo;apr\u00e8s la derni\u00e8re \u00e9dition du barom\u00e8tre de l\u2019Arval Mobility Observatory, 74% des soci\u00e9t\u00e9s europ\u00e9ennes ont d\u00e9j\u00e0 mis en place au moins une solution de mobilit\u00e9 alternative pour leurs collaborateurs, ou pr\u00e9voient de le faire dans les trois ann\u00e9es \u00e0 venir. Elles veulent ainsi r\u00e9duire leur empreinte \u00e9cologique, am\u00e9liorer leur attractivit\u00e9 en tant qu&#8217;employeurs et faire baisser leurs co\u00fbts.<\/p>\n<p><em>\u201cLes entreprises savent que leur avenir en termes de mobilit\u00e9 des collaborateurs r\u00e9side dans leur capacit\u00e9 \u00e0 proposer \u00e0 tous, pas uniquement \u00e0 ceux qui peuvent obtenir un v\u00e9hicule de soci\u00e9t\u00e9, un ensemble de solutions de mobilit\u00e9 \u00e0 usage professionnel et personnel. Chez Arval, l&rsquo;une de nos missions est de faire de cet avenir une r\u00e9alit\u00e9. Nous proposons une gamme compl\u00e8te de services de mobilit\u00e9 int\u00e9gr\u00e9s en une seule application, ainsi que des options de transports en commun au niveau <\/em>local. Pour aller encore plus loin, et avec l&rsquo;aide d&rsquo;Arval Mobility Consulting, nous proposons \u00e0 nos clients un accompagnement d\u2019A \u00e0 Z pour mettre en place leur nouvelle politique de mobilit\u00e9 multi-facette\u201d, a expliqu\u00e9 Alain van Groenendael, le Pr\u00e9sident et CEO d&rsquo;Arval.<\/p>\n<p><strong>Le Hub Mobility Arval, l\u00e0 o\u00f9 les employ\u00e9s trouvent la solution de mobilit\u00e9 partag\u00e9e qu&rsquo;il leur faut <\/strong><br \/>\nArval veut simplifier les trajets quotidiens des employ\u00e9s, quel que soit leur mode de d\u00e9placement ou leur but (t\u00e9l\u00e9travail, r\u00e9unions d&rsquo;affaires, usage personnel, etc.). Gr\u00e2ce au Mobility Hub d&rsquo;Arval, ils peuvent s\u00e9lectionner au m\u00eame endroit la solution de mobilit\u00e9 durable qui leur convient : autopartage, partage de v\u00e9los, micro-mobilit\u00e9 partag\u00e9e.<\/p>\n<p><strong>L&rsquo;Application Arval Mobility : un outil digital de mobilit\u00e9 con\u00e7u pour les entreprises et leurs collaborateurs<\/strong><br \/>\nEn rassemblant plusieurs solutions de mobilit\u00e9 dans une m\u00eame application, Arval permet \u00e0 ses clients de rendre leurs politiques de mobilit\u00e9 tangibles et facilement accessibles \u00e0 tous leurs collaborateurs. Ces derniers peuvent \u00e0 leur tour pr\u00e9voir, r\u00e9server et payer \u00e0 la demande les solutions de mobilit\u00e9 qui correspondent le mieux \u00e0 leurs besoins pour optimiser leurs d\u00e9placements.<\/p>\n<p><strong>Lancement d&rsquo;Arval Mobility Consulting <\/strong><br \/>\nAfin d&rsquo;aider ses clients \u00e0 d\u00e9velopper une politique de mobilit\u00e9 adapt\u00e9e \u00e0 leurs besoins et \u00e0 ceux de leurs collaborateurs, Arval lance en parall\u00e8le \u201cArval Mobility Consulting\u201d, une solution de conseil int\u00e9gr\u00e9e sp\u00e9cialement con\u00e7ue pour la mise en \u0153uvre de politiques de mobilit\u00e9 multi-facette. D\u00e9riv\u00e9e de l&rsquo;approche Arval SMaRT lanc\u00e9e en 2018, elle comporte trois \u00e9tapes :<\/p>\n<ol>\n<li>d\u00e9terminer les objectifs et les ambitions du client concernant la transition vers la mobilit\u00e9 durable\u00a0;<\/li>\n<li>comprendre ses pratiques de mobilit\u00e9 actuelles\u00a0;<\/li>\n<li>recommander et mettre en place les solutions adapt\u00e9es au profil de chaque collaborateur.<\/li>\n<\/ol>\n<p><strong>Une approche globale<\/strong><br \/>\nFid\u00e8le \u00e0 ses promesses, Arval teste toujours ses nouveaux produits et services au sein de ses propres \u00e9quipes pour s&rsquo;assurer qu&rsquo;ils r\u00e9pondent parfaitement aux besoins et aux attentes de ses clients au niveau local et international. Ainsi, en France et en Allemagne, l&rsquo;Application Arval Mobility a d&rsquo;abord \u00e9t\u00e9 lanc\u00e9e en interne, avant d&rsquo;\u00eatre propos\u00e9e \u00e0 ses clients.<\/p>\n","protected":false},"excerpt":{"rendered":"<p>Avec le d\u00e9ploiement de cette nouvelle offre 360\u00b0 Mobility, qui fait partie du plan strat\u00e9gique Arval Beyond, Arval a comme ambition de devenir un acteur central de la mobilit\u00e9 durable. Sur cette base et \u00e0 la suite du r\u00e9cent lancement du leasing de v\u00e9los dans huit pays, la nouvelle triple approche comprend : le Mobility [&hellip;]<\/p>\n","protected":false},"author":4,"featured_media":3663,"comment_status":"closed","ping_status":"closed","sticky":false,"template":"","format":"standard","meta":{"_acf_changed":false,"footnotes":""},"categories":[91,79],"tags":[],"class_list":["post-3662","post","type-post","status-publish","format-standard","has-post-thumbnail","hentry","category-expertise-et-management","category-societes-de-leasing"],"acf":[],"yoast_head":"<!-- This site is optimized with the Yoast SEO plugin v27.3 - https:\/\/yoast.com\/product\/yoast-seo-wordpress\/ -->\n<title>Arval lance de nouveaux services de mobilit\u00e9 avec son offre 360\u00b0 Mobility - link2fleet<\/title>\n<meta name=\"description\" content=\"Arval renforce encore son ambition de devenir le leader de la mobilit\u00e9 durable en lan\u00e7ant un nouvel ensemble de services de mobilit\u00e9, qui repr\u00e9sentent une\u2026\" \/>\n<meta name=\"robots\" content=\"index, follow, max-snippet:-1, max-image-preview:large, max-video-preview:-1\" \/>\n<meta property=\"og:locale\" content=\"fr_FR\" \/>\n<meta property=\"og:type\" content=\"article\" \/>\n<meta property=\"og:title\" content=\"Arval lance de nouveaux services de mobilit\u00e9 avec son offre 360\u00b0 Mobility - link2fleet\" \/>\n<meta property=\"og:description\" content=\"Arval renforce encore son ambition de devenir le leader de la mobilit\u00e9 durable en lan\u00e7ant un nouvel ensemble de services de mobilit\u00e9, qui repr\u00e9sentent une\u2026\" \/>\n<meta property=\"og:url\" content=\"https:\/\/www.link2fleet.com\/fr\/arval-lance-de-nouveaux-services-de-mobilite-avec-son-offre-360-mobility\/\" \/>\n<meta property=\"og:site_name\" content=\"link2fleet\" \/>\n<meta property=\"article:published_time\" content=\"2021-02-03T06:23:08+00:00\" \/>\n<meta property=\"article:modified_time\" content=\"2024-04-17T14:50:31+00:00\" \/>\n<meta property=\"og:image\" content=\"https:\/\/static.link2fleet.com\/wp-content\/uploads\/2024\/03\/arval-mobility-icons-en.jpg\" \/>\n\t<meta property=\"og:image:width\" content=\"1500\" \/>\n\t<meta property=\"og:image:height\" content=\"500\" \/>\n\t<meta property=\"og:image:type\" content=\"image\/jpeg\" \/>\n<meta name=\"author\" content=\"Damien Malvetti\" \/>\n<meta name=\"twitter:card\" content=\"summary_large_image\" \/>\n<meta name=\"twitter:description\" content=\"Arval renforce encore son ambition de devenir le leader de la mobilit\u00e9 durable en lan\u00e7ant un nouvel ensemble de services de mobilit\u00e9, qui repr\u00e9sentent une\u2026\" \/>\n<meta name=\"twitter:label1\" content=\"\u00c9crit par\" \/>\n\t<meta name=\"twitter:data1\" content=\"Damien Malvetti\" \/>\n\t<meta name=\"twitter:label2\" content=\"Dur\u00e9e de lecture estim\u00e9e\" \/>\n\t<meta name=\"twitter:data2\" content=\"4 minutes\" \/>\n<script type=\"application\/ld+json\" class=\"yoast-schema-graph\">{\"@context\":\"https:\\\/\\\/schema.org\",\"@graph\":[{\"@type\":\"Article\",\"@id\":\"https:\\\/\\\/www.link2fleet.com\\\/fr\\\/arval-lance-de-nouveaux-services-de-mobilite-avec-son-offre-360-mobility\\\/#article\",\"isPartOf\":{\"@id\":\"https:\\\/\\\/www.link2fleet.com\\\/fr\\\/arval-lance-de-nouveaux-services-de-mobilite-avec-son-offre-360-mobility\\\/\"},\"author\":{\"name\":\"Damien Malvetti\",\"@id\":\"https:\\\/\\\/www.link2fleet.com\\\/fr\\\/#\\\/schema\\\/person\\\/027cd46113c78036b3809c9a054049da\"},\"headline\":\"Arval lance de nouveaux services de mobilit\u00e9 avec son offre 360\u00b0 Mobility\",\"datePublished\":\"2021-02-03T06:23:08+00:00\",\"dateModified\":\"2024-04-17T14:50:31+00:00\",\"mainEntityOfPage\":{\"@id\":\"https:\\\/\\\/www.link2fleet.com\\\/fr\\\/arval-lance-de-nouveaux-services-de-mobilite-avec-son-offre-360-mobility\\\/\"},\"wordCount\":784,\"publisher\":{\"@id\":\"https:\\\/\\\/www.link2fleet.com\\\/fr\\\/#organization\"},\"image\":{\"@id\":\"https:\\\/\\\/www.link2fleet.com\\\/fr\\\/arval-lance-de-nouveaux-services-de-mobilite-avec-son-offre-360-mobility\\\/#primaryimage\"},\"thumbnailUrl\":\"https:\\\/\\\/static.link2fleet.com\\\/wp-content\\\/uploads\\\/2024\\\/03\\\/arval-mobility-icons-en.jpg\",\"articleSection\":[\"Gestion de flotte\",\"Location long-terme\"],\"inLanguage\":\"fr-FR\"},{\"@type\":\"WebPage\",\"@id\":\"https:\\\/\\\/www.link2fleet.com\\\/fr\\\/arval-lance-de-nouveaux-services-de-mobilite-avec-son-offre-360-mobility\\\/\",\"url\":\"https:\\\/\\\/www.link2fleet.com\\\/fr\\\/arval-lance-de-nouveaux-services-de-mobilite-avec-son-offre-360-mobility\\\/\",\"name\":\"Arval lance de nouveaux services de mobilit\u00e9 avec son offre 360\u00b0 Mobility - link2fleet\",\"isPartOf\":{\"@id\":\"https:\\\/\\\/www.link2fleet.com\\\/fr\\\/#website\"},\"primaryImageOfPage\":{\"@id\":\"https:\\\/\\\/www.link2fleet.com\\\/fr\\\/arval-lance-de-nouveaux-services-de-mobilite-avec-son-offre-360-mobility\\\/#primaryimage\"},\"image\":{\"@id\":\"https:\\\/\\\/www.link2fleet.com\\\/fr\\\/arval-lance-de-nouveaux-services-de-mobilite-avec-son-offre-360-mobility\\\/#primaryimage\"},\"thumbnailUrl\":\"https:\\\/\\\/static.link2fleet.com\\\/wp-content\\\/uploads\\\/2024\\\/03\\\/arval-mobility-icons-en.jpg\",\"datePublished\":\"2021-02-03T06:23:08+00:00\",\"dateModified\":\"2024-04-17T14:50:31+00:00\",\"breadcrumb\":{\"@id\":\"https:\\\/\\\/www.link2fleet.com\\\/fr\\\/arval-lance-de-nouveaux-services-de-mobilite-avec-son-offre-360-mobility\\\/#breadcrumb\"},\"inLanguage\":\"fr-FR\",\"potentialAction\":[{\"@type\":\"ReadAction\",\"target\":[\"https:\\\/\\\/www.link2fleet.com\\\/fr\\\/arval-lance-de-nouveaux-services-de-mobilite-avec-son-offre-360-mobility\\\/\"]}]},{\"@type\":\"ImageObject\",\"inLanguage\":\"fr-FR\",\"@id\":\"https:\\\/\\\/www.link2fleet.com\\\/fr\\\/arval-lance-de-nouveaux-services-de-mobilite-avec-son-offre-360-mobility\\\/#primaryimage\",\"url\":\"https:\\\/\\\/static.link2fleet.com\\\/wp-content\\\/uploads\\\/2024\\\/03\\\/arval-mobility-icons-en.jpg\",\"contentUrl\":\"https:\\\/\\\/static.link2fleet.com\\\/wp-content\\\/uploads\\\/2024\\\/03\\\/arval-mobility-icons-en.jpg\",\"width\":1500,\"height\":500},{\"@type\":\"BreadcrumbList\",\"@id\":\"https:\\\/\\\/www.link2fleet.com\\\/fr\\\/arval-lance-de-nouveaux-services-de-mobilite-avec-son-offre-360-mobility\\\/#breadcrumb\",\"itemListElement\":[{\"@type\":\"ListItem\",\"position\":1,\"name\":\"Home\",\"item\":\"https:\\\/\\\/www.link2fleet.com\\\/fr\\\/\"},{\"@type\":\"ListItem\",\"position\":2,\"name\":\"Arval lance de nouveaux services de mobilit\u00e9 avec son offre 360\u00b0 Mobility\"}]},{\"@type\":\"WebSite\",\"@id\":\"https:\\\/\\\/www.link2fleet.com\\\/fr\\\/#website\",\"url\":\"https:\\\/\\\/www.link2fleet.com\\\/fr\\\/\",\"name\":\"Link2fleet\",\"description\":\"\",\"publisher\":{\"@id\":\"https:\\\/\\\/www.link2fleet.com\\\/fr\\\/#organization\"},\"potentialAction\":[{\"@type\":\"SearchAction\",\"target\":{\"@type\":\"EntryPoint\",\"urlTemplate\":\"https:\\\/\\\/www.link2fleet.com\\\/fr\\\/?s={search_term_string}\"},\"query-input\":{\"@type\":\"PropertyValueSpecification\",\"valueRequired\":true,\"valueName\":\"search_term_string\"}}],\"inLanguage\":\"fr-FR\"},{\"@type\":\"Organization\",\"@id\":\"https:\\\/\\\/www.link2fleet.com\\\/fr\\\/#organization\",\"name\":\"Link2fleet\",\"url\":\"https:\\\/\\\/www.link2fleet.com\\\/fr\\\/\",\"logo\":{\"@type\":\"ImageObject\",\"inLanguage\":\"fr-FR\",\"@id\":\"https:\\\/\\\/www.link2fleet.com\\\/fr\\\/#\\\/schema\\\/logo\\\/image\\\/\",\"url\":\"https:\\\/\\\/static.link2fleet.com\\\/wp-content\\\/uploads\\\/2024\\\/03\\\/share-image.jpg\",\"contentUrl\":\"https:\\\/\\\/static.link2fleet.com\\\/wp-content\\\/uploads\\\/2024\\\/03\\\/share-image.jpg\",\"width\":1200,\"height\":630,\"caption\":\"Link2fleet\"},\"image\":{\"@id\":\"https:\\\/\\\/www.link2fleet.com\\\/fr\\\/#\\\/schema\\\/logo\\\/image\\\/\"},\"sameAs\":[\"https:\\\/\\\/www.linkedin.com\\\/company\\\/link2fleet-belgium\",\"https:\\\/\\\/www.youtube.com\\\/user\\\/MMMBMBE\"]},{\"@type\":\"Person\",\"@id\":\"https:\\\/\\\/www.link2fleet.com\\\/fr\\\/#\\\/schema\\\/person\\\/027cd46113c78036b3809c9a054049da\",\"name\":\"Damien Malvetti\",\"image\":{\"@type\":\"ImageObject\",\"inLanguage\":\"fr-FR\",\"@id\":\"https:\\\/\\\/secure.gravatar.com\\\/avatar\\\/dd8cc03b49466c735f753ac37f8caa371af16dfed347456ed61f02883255eebb?s=96&d=mm&r=g\",\"url\":\"https:\\\/\\\/secure.gravatar.com\\\/avatar\\\/dd8cc03b49466c735f753ac37f8caa371af16dfed347456ed61f02883255eebb?s=96&d=mm&r=g\",\"contentUrl\":\"https:\\\/\\\/secure.gravatar.com\\\/avatar\\\/dd8cc03b49466c735f753ac37f8caa371af16dfed347456ed61f02883255eebb?s=96&d=mm&r=g\",\"caption\":\"Damien Malvetti\"},\"description\":\"Damien Malvetti is opgeleid als journalist en gepassioneerd door wagens, technologie en mobiliteit. Hij is verantwoordelijk voor de redactionele inhoud van link2fleet en beschikt over een uitgebreide kennis van de fleet-sector en elektrische mobiliteit.\",\"sameAs\":[\"https:\\\/\\\/www.linkedin.com\\\/in\\\/damien-malvetti-56601142\\\/\"]}]}<\/script>\n<!-- \/ Yoast SEO plugin. -->","yoast_head_json":{"title":"Arval lance de nouveaux services de mobilit\u00e9 avec son offre 360\u00b0 Mobility - link2fleet","description":"Arval renforce encore son ambition de devenir le leader de la mobilit\u00e9 durable en lan\u00e7ant un nouvel ensemble de services de mobilit\u00e9, qui repr\u00e9sentent une\u2026","robots":{"index":"index","follow":"follow","max-snippet":"max-snippet:-1","max-image-preview":"max-image-preview:large","max-video-preview":"max-video-preview:-1"},"og_locale":"fr_FR","og_type":"article","og_title":"Arval lance de nouveaux services de mobilit\u00e9 avec son offre 360\u00b0 Mobility - link2fleet","og_description":"Arval renforce encore son ambition de devenir le leader de la mobilit\u00e9 durable en lan\u00e7ant un nouvel ensemble de services de mobilit\u00e9, qui repr\u00e9sentent une\u2026","og_url":"https:\/\/www.link2fleet.com\/fr\/arval-lance-de-nouveaux-services-de-mobilite-avec-son-offre-360-mobility\/","og_site_name":"link2fleet","article_published_time":"2021-02-03T06:23:08+00:00","article_modified_time":"2024-04-17T14:50:31+00:00","og_image":[{"width":1500,"height":500,"url":"https:\/\/static.link2fleet.com\/wp-content\/uploads\/2024\/03\/arval-mobility-icons-en.jpg","type":"image\/jpeg"}],"author":"Damien Malvetti","twitter_card":"summary_large_image","twitter_description":"Arval renforce encore son ambition de devenir le leader de la mobilit\u00e9 durable en lan\u00e7ant un nouvel ensemble de services de mobilit\u00e9, qui repr\u00e9sentent une\u2026","twitter_misc":{"\u00c9crit par":"Damien Malvetti","Dur\u00e9e de lecture estim\u00e9e":"4 minutes"},"schema":{"@context":"https:\/\/schema.org","@graph":[{"@type":"Article","@id":"https:\/\/www.link2fleet.com\/fr\/arval-lance-de-nouveaux-services-de-mobilite-avec-son-offre-360-mobility\/#article","isPartOf":{"@id":"https:\/\/www.link2fleet.com\/fr\/arval-lance-de-nouveaux-services-de-mobilite-avec-son-offre-360-mobility\/"},"author":{"name":"Damien Malvetti","@id":"https:\/\/www.link2fleet.com\/fr\/#\/schema\/person\/027cd46113c78036b3809c9a054049da"},"headline":"Arval lance de nouveaux services de mobilit\u00e9 avec son offre 360\u00b0 Mobility","datePublished":"2021-02-03T06:23:08+00:00","dateModified":"2024-04-17T14:50:31+00:00","mainEntityOfPage":{"@id":"https:\/\/www.link2fleet.com\/fr\/arval-lance-de-nouveaux-services-de-mobilite-avec-son-offre-360-mobility\/"},"wordCount":784,"publisher":{"@id":"https:\/\/www.link2fleet.com\/fr\/#organization"},"image":{"@id":"https:\/\/www.link2fleet.com\/fr\/arval-lance-de-nouveaux-services-de-mobilite-avec-son-offre-360-mobility\/#primaryimage"},"thumbnailUrl":"https:\/\/static.link2fleet.com\/wp-content\/uploads\/2024\/03\/arval-mobility-icons-en.jpg","articleSection":["Gestion de flotte","Location long-terme"],"inLanguage":"fr-FR"},{"@type":"WebPage","@id":"https:\/\/www.link2fleet.com\/fr\/arval-lance-de-nouveaux-services-de-mobilite-avec-son-offre-360-mobility\/","url":"https:\/\/www.link2fleet.com\/fr\/arval-lance-de-nouveaux-services-de-mobilite-avec-son-offre-360-mobility\/","name":"Arval lance de nouveaux services de mobilit\u00e9 avec son offre 360\u00b0 Mobility - link2fleet","isPartOf":{"@id":"https:\/\/www.link2fleet.com\/fr\/#website"},"primaryImageOfPage":{"@id":"https:\/\/www.link2fleet.com\/fr\/arval-lance-de-nouveaux-services-de-mobilite-avec-son-offre-360-mobility\/#primaryimage"},"image":{"@id":"https:\/\/www.link2fleet.com\/fr\/arval-lance-de-nouveaux-services-de-mobilite-avec-son-offre-360-mobility\/#primaryimage"},"thumbnailUrl":"https:\/\/static.link2fleet.com\/wp-content\/uploads\/2024\/03\/arval-mobility-icons-en.jpg","datePublished":"2021-02-03T06:23:08+00:00","dateModified":"2024-04-17T14:50:31+00:00","breadcrumb":{"@id":"https:\/\/www.link2fleet.com\/fr\/arval-lance-de-nouveaux-services-de-mobilite-avec-son-offre-360-mobility\/#breadcrumb"},"inLanguage":"fr-FR","potentialAction":[{"@type":"ReadAction","target":["https:\/\/www.link2fleet.com\/fr\/arval-lance-de-nouveaux-services-de-mobilite-avec-son-offre-360-mobility\/"]}]},{"@type":"ImageObject","inLanguage":"fr-FR","@id":"https:\/\/www.link2fleet.com\/fr\/arval-lance-de-nouveaux-services-de-mobilite-avec-son-offre-360-mobility\/#primaryimage","url":"https:\/\/static.link2fleet.com\/wp-content\/uploads\/2024\/03\/arval-mobility-icons-en.jpg","contentUrl":"https:\/\/static.link2fleet.com\/wp-content\/uploads\/2024\/03\/arval-mobility-icons-en.jpg","width":1500,"height":500},{"@type":"BreadcrumbList","@id":"https:\/\/www.link2fleet.com\/fr\/arval-lance-de-nouveaux-services-de-mobilite-avec-son-offre-360-mobility\/#breadcrumb","itemListElement":[{"@type":"ListItem","position":1,"name":"Home","item":"https:\/\/www.link2fleet.com\/fr\/"},{"@type":"ListItem","position":2,"name":"Arval lance de nouveaux services de mobilit\u00e9 avec son offre 360\u00b0 Mobility"}]},{"@type":"WebSite","@id":"https:\/\/www.link2fleet.com\/fr\/#website","url":"https:\/\/www.link2fleet.com\/fr\/","name":"Link2fleet","description":"","publisher":{"@id":"https:\/\/www.link2fleet.com\/fr\/#organization"},"potentialAction":[{"@type":"SearchAction","target":{"@type":"EntryPoint","urlTemplate":"https:\/\/www.link2fleet.com\/fr\/?s={search_term_string}"},"query-input":{"@type":"PropertyValueSpecification","valueRequired":true,"valueName":"search_term_string"}}],"inLanguage":"fr-FR"},{"@type":"Organization","@id":"https:\/\/www.link2fleet.com\/fr\/#organization","name":"Link2fleet","url":"https:\/\/www.link2fleet.com\/fr\/","logo":{"@type":"ImageObject","inLanguage":"fr-FR","@id":"https:\/\/www.link2fleet.com\/fr\/#\/schema\/logo\/image\/","url":"https:\/\/static.link2fleet.com\/wp-content\/uploads\/2024\/03\/share-image.jpg","contentUrl":"https:\/\/static.link2fleet.com\/wp-content\/uploads\/2024\/03\/share-image.jpg","width":1200,"height":630,"caption":"Link2fleet"},"image":{"@id":"https:\/\/www.link2fleet.com\/fr\/#\/schema\/logo\/image\/"},"sameAs":["https:\/\/www.linkedin.com\/company\/link2fleet-belgium","https:\/\/www.youtube.com\/user\/MMMBMBE"]},{"@type":"Person","@id":"https:\/\/www.link2fleet.com\/fr\/#\/schema\/person\/027cd46113c78036b3809c9a054049da","name":"Damien Malvetti","image":{"@type":"ImageObject","inLanguage":"fr-FR","@id":"https:\/\/secure.gravatar.com\/avatar\/dd8cc03b49466c735f753ac37f8caa371af16dfed347456ed61f02883255eebb?s=96&d=mm&r=g","url":"https:\/\/secure.gravatar.com\/avatar\/dd8cc03b49466c735f753ac37f8caa371af16dfed347456ed61f02883255eebb?s=96&d=mm&r=g","contentUrl":"https:\/\/secure.gravatar.com\/avatar\/dd8cc03b49466c735f753ac37f8caa371af16dfed347456ed61f02883255eebb?s=96&d=mm&r=g","caption":"Damien Malvetti"},"description":"Damien Malvetti is opgeleid als journalist en gepassioneerd door wagens, technologie en mobiliteit. Hij is verantwoordelijk voor de redactionele inhoud van link2fleet en beschikt over een uitgebreide kennis van de fleet-sector en elektrische mobiliteit.","sameAs":["https:\/\/www.linkedin.com\/in\/damien-malvetti-56601142\/"]}]}},"_links":{"self":[{"href":"https:\/\/www.link2fleet.com\/fr\/wp-json\/wp\/v2\/posts\/3662","targetHints":{"allow":["GET"]}}],"collection":[{"href":"https:\/\/www.link2fleet.com\/fr\/wp-json\/wp\/v2\/posts"}],"about":[{"href":"https:\/\/www.link2fleet.com\/fr\/wp-json\/wp\/v2\/types\/post"}],"author":[{"embeddable":true,"href":"https:\/\/www.link2fleet.com\/fr\/wp-json\/wp\/v2\/users\/4"}],"replies":[{"embeddable":true,"href":"https:\/\/www.link2fleet.com\/fr\/wp-json\/wp\/v2\/comments?post=3662"}],"version-history":[{"count":0,"href":"https:\/\/www.link2fleet.com\/fr\/wp-json\/wp\/v2\/posts\/3662\/revisions"}],"wp:featuredmedia":[{"embeddable":true,"href":"https:\/\/www.link2fleet.com\/fr\/wp-json\/wp\/v2\/media\/3663"}],"wp:attachment":[{"href":"https:\/\/www.link2fleet.com\/fr\/wp-json\/wp\/v2\/media?parent=3662"}],"wp:term":[{"taxonomy":"category","embeddable":true,"href":"https:\/\/www.link2fleet.com\/fr\/wp-json\/wp\/v2\/categories?post=3662"},{"taxonomy":"post_tag","embeddable":true,"href":"https:\/\/www.link2fleet.com\/fr\/wp-json\/wp\/v2\/tags?post=3662"}],"curies":[{"name":"wp","href":"https:\/\/api.w.org\/{rel}","templated":true}]}}