{"id":36624,"date":"2024-12-09T16:42:52","date_gmt":"2024-12-09T15:42:52","guid":{"rendered":"https:\/\/www.link2fleet.com\/?p=36624"},"modified":"2024-12-10T10:01:54","modified_gmt":"2024-12-10T09:01:54","slug":"voiture-familiale-de-lannee-vab-2025-la-mg3-et-la-hyundai-i30-wagon-recompensees","status":"publish","type":"post","link":"https:\/\/www.link2fleet.com\/fr\/voiture-familiale-de-lannee-vab-2025-la-mg3-et-la-hyundai-i30-wagon-recompensees\/","title":{"rendered":"Voiture familiale de l&rsquo;ann\u00e9e VAB 2025: la MG3 et la Hyundai i30 Wagon r\u00e9compens\u00e9es"},"content":{"rendered":"","protected":false},"excerpt":{"rendered":"","protected":false},"author":4,"featured_media":36645,"comment_status":"closed","ping_status":"closed","sticky":false,"template":"","format":"standard","meta":{"_acf_changed":false,"footnotes":""},"categories":[135],"tags":[],"class_list":["post-36624","post","type-post","status-publish","format-standard","has-post-thumbnail","hentry","category-news-fr"],"acf":[],"yoast_head":"<!-- This site is optimized with the Yoast SEO plugin v27.3 - https:\/\/yoast.com\/product\/yoast-seo-wordpress\/ -->\n<title>Voiture familiale de l&#039;ann\u00e9e VAB 2025: la MG3 et la Hyundai i30 Wagon r\u00e9compens\u00e9es - link2fleet<\/title>\n<meta name=\"description\" content=\"VAB a annonc\u00e9 fin de semaine derni\u00e8re les r\u00e9sultats de la 38e \u00e9lection de la Voiture Familiale de l&rsquo;ann\u00e9e. Apr\u00e8s les victoires de BYD et\u2026\" \/>\n<meta name=\"robots\" content=\"index, follow, max-snippet:-1, max-image-preview:large, max-video-preview:-1\" \/>\n<meta property=\"og:locale\" content=\"fr_FR\" \/>\n<meta property=\"og:type\" content=\"article\" \/>\n<meta property=\"og:title\" content=\"Voiture familiale de l&#039;ann\u00e9e VAB 2025: la MG3 et la Hyundai i30 Wagon r\u00e9compens\u00e9es - link2fleet\" \/>\n<meta property=\"og:description\" content=\"VAB a annonc\u00e9 fin de semaine derni\u00e8re les r\u00e9sultats de la 38e \u00e9lection de la Voiture Familiale de l&rsquo;ann\u00e9e. Apr\u00e8s les victoires de BYD et\u2026\" \/>\n<meta property=\"og:url\" content=\"https:\/\/www.link2fleet.com\/vab-gezinswagen-van-het-jaar-2025-mg3-en-hyundai-i30-wagon-bekroond\/\" \/>\n<meta property=\"og:site_name\" content=\"link2fleet\" \/>\n<meta property=\"article:published_time\" content=\"2024-12-09T15:42:52+00:00\" \/>\n<meta property=\"article:modified_time\" content=\"2024-12-10T09:01:54+00:00\" \/>\n<meta property=\"og:image\" content=\"https:\/\/static.link2fleet.com\/wp-content\/uploads\/2024\/12\/vab-gezinswagens.jpg\" \/>\n\t<meta property=\"og:image:width\" content=\"2260\" \/>\n\t<meta property=\"og:image:height\" content=\"930\" \/>\n\t<meta property=\"og:image:type\" content=\"image\/jpeg\" \/>\n<meta name=\"author\" content=\"Damien Malvetti\" \/>\n<meta name=\"twitter:card\" content=\"summary_large_image\" \/>\n<meta name=\"twitter:description\" content=\"VAB a annonc\u00e9 fin de semaine derni\u00e8re les r\u00e9sultats de la 38e \u00e9lection de la Voiture Familiale de l&rsquo;ann\u00e9e. Apr\u00e8s les victoires de BYD et\u2026\" \/>\n<meta name=\"twitter:label1\" content=\"\u00c9crit par\" \/>\n\t<meta name=\"twitter:data1\" content=\"Damien Malvetti\" \/>\n\t<meta name=\"twitter:label2\" content=\"Dur\u00e9e de lecture estim\u00e9e\" \/>\n\t<meta name=\"twitter:data2\" content=\"5 minutes\" \/>\n<script type=\"application\/ld+json\" class=\"yoast-schema-graph\">{\"@context\":\"https:\\\/\\\/schema.org\",\"@graph\":[{\"@type\":\"Article\",\"@id\":\"https:\\\/\\\/www.link2fleet.com\\\/vab-gezinswagen-van-het-jaar-2025-mg3-en-hyundai-i30-wagon-bekroond\\\/#article\",\"isPartOf\":{\"@id\":\"https:\\\/\\\/www.link2fleet.com\\\/vab-gezinswagen-van-het-jaar-2025-mg3-en-hyundai-i30-wagon-bekroond\\\/\"},\"author\":{\"name\":\"Damien Malvetti\",\"@id\":\"https:\\\/\\\/www.link2fleet.com\\\/fr\\\/#\\\/schema\\\/person\\\/027cd46113c78036b3809c9a054049da\"},\"headline\":\"Voiture familiale de l&rsquo;ann\u00e9e VAB 2025: la MG3 et la Hyundai i30 Wagon r\u00e9compens\u00e9es\",\"datePublished\":\"2024-12-09T15:42:52+00:00\",\"dateModified\":\"2024-12-10T09:01:54+00:00\",\"mainEntityOfPage\":{\"@id\":\"https:\\\/\\\/www.link2fleet.com\\\/vab-gezinswagen-van-het-jaar-2025-mg3-en-hyundai-i30-wagon-bekroond\\\/\"},\"wordCount\":17,\"publisher\":{\"@id\":\"https:\\\/\\\/www.link2fleet.com\\\/fr\\\/#organization\"},\"image\":{\"@id\":\"https:\\\/\\\/www.link2fleet.com\\\/vab-gezinswagen-van-het-jaar-2025-mg3-en-hyundai-i30-wagon-bekroond\\\/#primaryimage\"},\"thumbnailUrl\":\"https:\\\/\\\/static.link2fleet.com\\\/wp-content\\\/uploads\\\/2024\\\/12\\\/vab-gezinswagens.jpg\",\"articleSection\":[\"Actus\"],\"inLanguage\":\"fr-FR\"},{\"@type\":\"WebPage\",\"@id\":\"https:\\\/\\\/www.link2fleet.com\\\/vab-gezinswagen-van-het-jaar-2025-mg3-en-hyundai-i30-wagon-bekroond\\\/\",\"url\":\"https:\\\/\\\/www.link2fleet.com\\\/vab-gezinswagen-van-het-jaar-2025-mg3-en-hyundai-i30-wagon-bekroond\\\/\",\"name\":\"Voiture familiale de l'ann\u00e9e VAB 2025: la MG3 et la Hyundai i30 Wagon r\u00e9compens\u00e9es - link2fleet\",\"isPartOf\":{\"@id\":\"https:\\\/\\\/www.link2fleet.com\\\/fr\\\/#website\"},\"primaryImageOfPage\":{\"@id\":\"https:\\\/\\\/www.link2fleet.com\\\/vab-gezinswagen-van-het-jaar-2025-mg3-en-hyundai-i30-wagon-bekroond\\\/#primaryimage\"},\"image\":{\"@id\":\"https:\\\/\\\/www.link2fleet.com\\\/vab-gezinswagen-van-het-jaar-2025-mg3-en-hyundai-i30-wagon-bekroond\\\/#primaryimage\"},\"thumbnailUrl\":\"https:\\\/\\\/static.link2fleet.com\\\/wp-content\\\/uploads\\\/2024\\\/12\\\/vab-gezinswagens.jpg\",\"datePublished\":\"2024-12-09T15:42:52+00:00\",\"dateModified\":\"2024-12-10T09:01:54+00:00\",\"breadcrumb\":{\"@id\":\"https:\\\/\\\/www.link2fleet.com\\\/vab-gezinswagen-van-het-jaar-2025-mg3-en-hyundai-i30-wagon-bekroond\\\/#breadcrumb\"},\"inLanguage\":\"fr-FR\",\"potentialAction\":[{\"@type\":\"ReadAction\",\"target\":[\"https:\\\/\\\/www.link2fleet.com\\\/vab-gezinswagen-van-het-jaar-2025-mg3-en-hyundai-i30-wagon-bekroond\\\/\"]}]},{\"@type\":\"ImageObject\",\"inLanguage\":\"fr-FR\",\"@id\":\"https:\\\/\\\/www.link2fleet.com\\\/vab-gezinswagen-van-het-jaar-2025-mg3-en-hyundai-i30-wagon-bekroond\\\/#primaryimage\",\"url\":\"https:\\\/\\\/static.link2fleet.com\\\/wp-content\\\/uploads\\\/2024\\\/12\\\/vab-gezinswagens.jpg\",\"contentUrl\":\"https:\\\/\\\/static.link2fleet.com\\\/wp-content\\\/uploads\\\/2024\\\/12\\\/vab-gezinswagens.jpg\",\"width\":2260,\"height\":930,\"caption\":\"Screenshot\"},{\"@type\":\"BreadcrumbList\",\"@id\":\"https:\\\/\\\/www.link2fleet.com\\\/vab-gezinswagen-van-het-jaar-2025-mg3-en-hyundai-i30-wagon-bekroond\\\/#breadcrumb\",\"itemListElement\":[{\"@type\":\"ListItem\",\"position\":1,\"name\":\"Home\",\"item\":\"https:\\\/\\\/www.link2fleet.com\\\/fr\\\/\"},{\"@type\":\"ListItem\",\"position\":2,\"name\":\"Voiture familiale de l&#8217;ann\u00e9e VAB 2025: la MG3 et la Hyundai i30 Wagon r\u00e9compens\u00e9es\"}]},{\"@type\":\"WebSite\",\"@id\":\"https:\\\/\\\/www.link2fleet.com\\\/fr\\\/#website\",\"url\":\"https:\\\/\\\/www.link2fleet.com\\\/fr\\\/\",\"name\":\"Link2fleet\",\"description\":\"\",\"publisher\":{\"@id\":\"https:\\\/\\\/www.link2fleet.com\\\/fr\\\/#organization\"},\"potentialAction\":[{\"@type\":\"SearchAction\",\"target\":{\"@type\":\"EntryPoint\",\"urlTemplate\":\"https:\\\/\\\/www.link2fleet.com\\\/fr\\\/?s={search_term_string}\"},\"query-input\":{\"@type\":\"PropertyValueSpecification\",\"valueRequired\":true,\"valueName\":\"search_term_string\"}}],\"inLanguage\":\"fr-FR\"},{\"@type\":\"Organization\",\"@id\":\"https:\\\/\\\/www.link2fleet.com\\\/fr\\\/#organization\",\"name\":\"Link2fleet\",\"url\":\"https:\\\/\\\/www.link2fleet.com\\\/fr\\\/\",\"logo\":{\"@type\":\"ImageObject\",\"inLanguage\":\"fr-FR\",\"@id\":\"https:\\\/\\\/www.link2fleet.com\\\/fr\\\/#\\\/schema\\\/logo\\\/image\\\/\",\"url\":\"https:\\\/\\\/static.link2fleet.com\\\/wp-content\\\/uploads\\\/2024\\\/03\\\/share-image.jpg\",\"contentUrl\":\"https:\\\/\\\/static.link2fleet.com\\\/wp-content\\\/uploads\\\/2024\\\/03\\\/share-image.jpg\",\"width\":1200,\"height\":630,\"caption\":\"Link2fleet\"},\"image\":{\"@id\":\"https:\\\/\\\/www.link2fleet.com\\\/fr\\\/#\\\/schema\\\/logo\\\/image\\\/\"},\"sameAs\":[\"https:\\\/\\\/www.linkedin.com\\\/company\\\/link2fleet-belgium\",\"https:\\\/\\\/www.youtube.com\\\/user\\\/MMMBMBE\"]},{\"@type\":\"Person\",\"@id\":\"https:\\\/\\\/www.link2fleet.com\\\/fr\\\/#\\\/schema\\\/person\\\/027cd46113c78036b3809c9a054049da\",\"name\":\"Damien Malvetti\",\"image\":{\"@type\":\"ImageObject\",\"inLanguage\":\"fr-FR\",\"@id\":\"https:\\\/\\\/secure.gravatar.com\\\/avatar\\\/dd8cc03b49466c735f753ac37f8caa371af16dfed347456ed61f02883255eebb?s=96&d=mm&r=g\",\"url\":\"https:\\\/\\\/secure.gravatar.com\\\/avatar\\\/dd8cc03b49466c735f753ac37f8caa371af16dfed347456ed61f02883255eebb?s=96&d=mm&r=g\",\"contentUrl\":\"https:\\\/\\\/secure.gravatar.com\\\/avatar\\\/dd8cc03b49466c735f753ac37f8caa371af16dfed347456ed61f02883255eebb?s=96&d=mm&r=g\",\"caption\":\"Damien Malvetti\"},\"description\":\"Damien Malvetti is opgeleid als journalist en gepassioneerd door wagens, technologie en mobiliteit. Hij is verantwoordelijk voor de redactionele inhoud van link2fleet en beschikt over een uitgebreide kennis van de fleet-sector en elektrische mobiliteit.\",\"sameAs\":[\"https:\\\/\\\/www.linkedin.com\\\/in\\\/damien-malvetti-56601142\\\/\"]}]}<\/script>\n<!-- \/ Yoast SEO plugin. -->","yoast_head_json":{"title":"Voiture familiale de l'ann\u00e9e VAB 2025: la MG3 et la Hyundai i30 Wagon r\u00e9compens\u00e9es - link2fleet","description":"VAB a annonc\u00e9 fin de semaine derni\u00e8re les r\u00e9sultats de la 38e \u00e9lection de la Voiture Familiale de l&rsquo;ann\u00e9e. Apr\u00e8s les victoires de BYD et\u2026","robots":{"index":"index","follow":"follow","max-snippet":"max-snippet:-1","max-image-preview":"max-image-preview:large","max-video-preview":"max-video-preview:-1"},"og_locale":"fr_FR","og_type":"article","og_title":"Voiture familiale de l'ann\u00e9e VAB 2025: la MG3 et la Hyundai i30 Wagon r\u00e9compens\u00e9es - link2fleet","og_description":"VAB a annonc\u00e9 fin de semaine derni\u00e8re les r\u00e9sultats de la 38e \u00e9lection de la Voiture Familiale de l&rsquo;ann\u00e9e. Apr\u00e8s les victoires de BYD et\u2026","og_url":"https:\/\/www.link2fleet.com\/vab-gezinswagen-van-het-jaar-2025-mg3-en-hyundai-i30-wagon-bekroond\/","og_site_name":"link2fleet","article_published_time":"2024-12-09T15:42:52+00:00","article_modified_time":"2024-12-10T09:01:54+00:00","og_image":[{"width":2260,"height":930,"url":"https:\/\/static.link2fleet.com\/wp-content\/uploads\/2024\/12\/vab-gezinswagens.jpg","type":"image\/jpeg"}],"author":"Damien Malvetti","twitter_card":"summary_large_image","twitter_description":"VAB a annonc\u00e9 fin de semaine derni\u00e8re les r\u00e9sultats de la 38e \u00e9lection de la Voiture Familiale de l&rsquo;ann\u00e9e. Apr\u00e8s les victoires de BYD et\u2026","twitter_misc":{"\u00c9crit par":"Damien Malvetti","Dur\u00e9e de lecture estim\u00e9e":"5 minutes"},"schema":{"@context":"https:\/\/schema.org","@graph":[{"@type":"Article","@id":"https:\/\/www.link2fleet.com\/vab-gezinswagen-van-het-jaar-2025-mg3-en-hyundai-i30-wagon-bekroond\/#article","isPartOf":{"@id":"https:\/\/www.link2fleet.com\/vab-gezinswagen-van-het-jaar-2025-mg3-en-hyundai-i30-wagon-bekroond\/"},"author":{"name":"Damien Malvetti","@id":"https:\/\/www.link2fleet.com\/fr\/#\/schema\/person\/027cd46113c78036b3809c9a054049da"},"headline":"Voiture familiale de l&rsquo;ann\u00e9e VAB 2025: la MG3 et la Hyundai i30 Wagon r\u00e9compens\u00e9es","datePublished":"2024-12-09T15:42:52+00:00","dateModified":"2024-12-10T09:01:54+00:00","mainEntityOfPage":{"@id":"https:\/\/www.link2fleet.com\/vab-gezinswagen-van-het-jaar-2025-mg3-en-hyundai-i30-wagon-bekroond\/"},"wordCount":17,"publisher":{"@id":"https:\/\/www.link2fleet.com\/fr\/#organization"},"image":{"@id":"https:\/\/www.link2fleet.com\/vab-gezinswagen-van-het-jaar-2025-mg3-en-hyundai-i30-wagon-bekroond\/#primaryimage"},"thumbnailUrl":"https:\/\/static.link2fleet.com\/wp-content\/uploads\/2024\/12\/vab-gezinswagens.jpg","articleSection":["Actus"],"inLanguage":"fr-FR"},{"@type":"WebPage","@id":"https:\/\/www.link2fleet.com\/vab-gezinswagen-van-het-jaar-2025-mg3-en-hyundai-i30-wagon-bekroond\/","url":"https:\/\/www.link2fleet.com\/vab-gezinswagen-van-het-jaar-2025-mg3-en-hyundai-i30-wagon-bekroond\/","name":"Voiture familiale de l'ann\u00e9e VAB 2025: la MG3 et la Hyundai i30 Wagon r\u00e9compens\u00e9es - link2fleet","isPartOf":{"@id":"https:\/\/www.link2fleet.com\/fr\/#website"},"primaryImageOfPage":{"@id":"https:\/\/www.link2fleet.com\/vab-gezinswagen-van-het-jaar-2025-mg3-en-hyundai-i30-wagon-bekroond\/#primaryimage"},"image":{"@id":"https:\/\/www.link2fleet.com\/vab-gezinswagen-van-het-jaar-2025-mg3-en-hyundai-i30-wagon-bekroond\/#primaryimage"},"thumbnailUrl":"https:\/\/static.link2fleet.com\/wp-content\/uploads\/2024\/12\/vab-gezinswagens.jpg","datePublished":"2024-12-09T15:42:52+00:00","dateModified":"2024-12-10T09:01:54+00:00","breadcrumb":{"@id":"https:\/\/www.link2fleet.com\/vab-gezinswagen-van-het-jaar-2025-mg3-en-hyundai-i30-wagon-bekroond\/#breadcrumb"},"inLanguage":"fr-FR","potentialAction":[{"@type":"ReadAction","target":["https:\/\/www.link2fleet.com\/vab-gezinswagen-van-het-jaar-2025-mg3-en-hyundai-i30-wagon-bekroond\/"]}]},{"@type":"ImageObject","inLanguage":"fr-FR","@id":"https:\/\/www.link2fleet.com\/vab-gezinswagen-van-het-jaar-2025-mg3-en-hyundai-i30-wagon-bekroond\/#primaryimage","url":"https:\/\/static.link2fleet.com\/wp-content\/uploads\/2024\/12\/vab-gezinswagens.jpg","contentUrl":"https:\/\/static.link2fleet.com\/wp-content\/uploads\/2024\/12\/vab-gezinswagens.jpg","width":2260,"height":930,"caption":"Screenshot"},{"@type":"BreadcrumbList","@id":"https:\/\/www.link2fleet.com\/vab-gezinswagen-van-het-jaar-2025-mg3-en-hyundai-i30-wagon-bekroond\/#breadcrumb","itemListElement":[{"@type":"ListItem","position":1,"name":"Home","item":"https:\/\/www.link2fleet.com\/fr\/"},{"@type":"ListItem","position":2,"name":"Voiture familiale de l&#8217;ann\u00e9e VAB 2025: la MG3 et la Hyundai i30 Wagon r\u00e9compens\u00e9es"}]},{"@type":"WebSite","@id":"https:\/\/www.link2fleet.com\/fr\/#website","url":"https:\/\/www.link2fleet.com\/fr\/","name":"Link2fleet","description":"","publisher":{"@id":"https:\/\/www.link2fleet.com\/fr\/#organization"},"potentialAction":[{"@type":"SearchAction","target":{"@type":"EntryPoint","urlTemplate":"https:\/\/www.link2fleet.com\/fr\/?s={search_term_string}"},"query-input":{"@type":"PropertyValueSpecification","valueRequired":true,"valueName":"search_term_string"}}],"inLanguage":"fr-FR"},{"@type":"Organization","@id":"https:\/\/www.link2fleet.com\/fr\/#organization","name":"Link2fleet","url":"https:\/\/www.link2fleet.com\/fr\/","logo":{"@type":"ImageObject","inLanguage":"fr-FR","@id":"https:\/\/www.link2fleet.com\/fr\/#\/schema\/logo\/image\/","url":"https:\/\/static.link2fleet.com\/wp-content\/uploads\/2024\/03\/share-image.jpg","contentUrl":"https:\/\/static.link2fleet.com\/wp-content\/uploads\/2024\/03\/share-image.jpg","width":1200,"height":630,"caption":"Link2fleet"},"image":{"@id":"https:\/\/www.link2fleet.com\/fr\/#\/schema\/logo\/image\/"},"sameAs":["https:\/\/www.linkedin.com\/company\/link2fleet-belgium","https:\/\/www.youtube.com\/user\/MMMBMBE"]},{"@type":"Person","@id":"https:\/\/www.link2fleet.com\/fr\/#\/schema\/person\/027cd46113c78036b3809c9a054049da","name":"Damien Malvetti","image":{"@type":"ImageObject","inLanguage":"fr-FR","@id":"https:\/\/secure.gravatar.com\/avatar\/dd8cc03b49466c735f753ac37f8caa371af16dfed347456ed61f02883255eebb?s=96&d=mm&r=g","url":"https:\/\/secure.gravatar.com\/avatar\/dd8cc03b49466c735f753ac37f8caa371af16dfed347456ed61f02883255eebb?s=96&d=mm&r=g","contentUrl":"https:\/\/secure.gravatar.com\/avatar\/dd8cc03b49466c735f753ac37f8caa371af16dfed347456ed61f02883255eebb?s=96&d=mm&r=g","caption":"Damien Malvetti"},"description":"Damien Malvetti is opgeleid als journalist en gepassioneerd door wagens, technologie en mobiliteit. Hij is verantwoordelijk voor de redactionele inhoud van link2fleet en beschikt over een uitgebreide kennis van de fleet-sector en elektrische mobiliteit.","sameAs":["https:\/\/www.linkedin.com\/in\/damien-malvetti-56601142\/"]}]}},"_links":{"self":[{"href":"https:\/\/www.link2fleet.com\/fr\/wp-json\/wp\/v2\/posts\/36624","targetHints":{"allow":["GET"]}}],"collection":[{"href":"https:\/\/www.link2fleet.com\/fr\/wp-json\/wp\/v2\/posts"}],"about":[{"href":"https:\/\/www.link2fleet.com\/fr\/wp-json\/wp\/v2\/types\/post"}],"author":[{"embeddable":true,"href":"https:\/\/www.link2fleet.com\/fr\/wp-json\/wp\/v2\/users\/4"}],"replies":[{"embeddable":true,"href":"https:\/\/www.link2fleet.com\/fr\/wp-json\/wp\/v2\/comments?post=36624"}],"version-history":[{"count":2,"href":"https:\/\/www.link2fleet.com\/fr\/wp-json\/wp\/v2\/posts\/36624\/revisions"}],"predecessor-version":[{"id":36661,"href":"https:\/\/www.link2fleet.com\/fr\/wp-json\/wp\/v2\/posts\/36624\/revisions\/36661"}],"wp:featuredmedia":[{"embeddable":true,"href":"https:\/\/www.link2fleet.com\/fr\/wp-json\/wp\/v2\/media\/36645"}],"wp:attachment":[{"href":"https:\/\/www.link2fleet.com\/fr\/wp-json\/wp\/v2\/media?parent=36624"}],"wp:term":[{"taxonomy":"category","embeddable":true,"href":"https:\/\/www.link2fleet.com\/fr\/wp-json\/wp\/v2\/categories?post=36624"},{"taxonomy":"post_tag","embeddable":true,"href":"https:\/\/www.link2fleet.com\/fr\/wp-json\/wp\/v2\/tags?post=36624"}],"curies":[{"name":"wp","href":"https:\/\/api.w.org\/{rel}","templated":true}]}}