{"id":36703,"date":"2024-12-10T17:54:42","date_gmt":"2024-12-10T16:54:42","guid":{"rendered":"https:\/\/www.link2fleet.com\/?p=36703"},"modified":"2025-01-08T13:57:04","modified_gmt":"2025-01-08T12:57:04","slug":"salon-de-lauto-2025-63-marques-annoncees-dont-15-inedites","status":"publish","type":"post","link":"https:\/\/www.link2fleet.com\/fr\/salon-de-lauto-2025-63-marques-annoncees-dont-15-inedites\/","title":{"rendered":"Salon de l\u2019Auto 2025: 63 marques annonc\u00e9es dont 15 in\u00e9dites"},"content":{"rendered":"","protected":false},"excerpt":{"rendered":"","protected":false},"author":4,"featured_media":36704,"comment_status":"closed","ping_status":"closed","sticky":false,"template":"","format":"standard","meta":{"_acf_changed":false,"footnotes":""},"categories":[135],"tags":[],"class_list":["post-36703","post","type-post","status-publish","format-standard","has-post-thumbnail","hentry","category-news-fr"],"acf":[],"yoast_head":"<!-- This site is optimized with the Yoast SEO plugin v27.3 - https:\/\/yoast.com\/product\/yoast-seo-wordpress\/ -->\n<title>Salon de l\u2019Auto 2025: 63 marques annonc\u00e9es dont 15 in\u00e9dites - link2fleet<\/title>\n<meta name=\"description\" content=\"On vous l\u2019avait d\u00e9j\u00e0 annonc\u00e9 il y a quelques mois, le Salon de l\u2019Auto sera de retour dans sa forme traditionnelle \u00e0 Bruxelles du 11\u2026\" \/>\n<meta name=\"robots\" content=\"index, follow, max-snippet:-1, max-image-preview:large, max-video-preview:-1\" \/>\n<meta property=\"og:locale\" content=\"fr_FR\" \/>\n<meta property=\"og:type\" content=\"article\" \/>\n<meta property=\"og:title\" content=\"Salon de l\u2019Auto 2025: 63 marques annonc\u00e9es dont 15 in\u00e9dites - link2fleet\" \/>\n<meta property=\"og:description\" content=\"On vous l\u2019avait d\u00e9j\u00e0 annonc\u00e9 il y a quelques mois, le Salon de l\u2019Auto sera de retour dans sa forme traditionnelle \u00e0 Bruxelles du 11\u2026\" \/>\n<meta property=\"og:url\" content=\"https:\/\/www.link2fleet.com\/salon-de-lauto-2025-63-marques-annoncees-dont-15-inedites\/\" \/>\n<meta property=\"og:site_name\" content=\"link2fleet\" \/>\n<meta property=\"article:published_time\" content=\"2024-12-10T16:54:42+00:00\" \/>\n<meta property=\"article:modified_time\" content=\"2025-01-08T12:57:04+00:00\" \/>\n<meta property=\"og:image\" content=\"https:\/\/static.link2fleet.com\/wp-content\/uploads\/2024\/12\/salon-2025.webp\" \/>\n\t<meta property=\"og:image:width\" content=\"1792\" \/>\n\t<meta property=\"og:image:height\" content=\"1024\" \/>\n\t<meta property=\"og:image:type\" content=\"image\/webp\" \/>\n<meta name=\"author\" content=\"Damien Malvetti\" \/>\n<meta name=\"twitter:card\" content=\"summary_large_image\" \/>\n<meta name=\"twitter:description\" content=\"On vous l\u2019avait d\u00e9j\u00e0 annonc\u00e9 il y a quelques mois, le Salon de l\u2019Auto sera de retour dans sa forme traditionnelle \u00e0 Bruxelles du 11\u2026\" \/>\n<meta name=\"twitter:label1\" content=\"\u00c9crit par\" \/>\n\t<meta name=\"twitter:data1\" content=\"Damien Malvetti\" \/>\n\t<meta name=\"twitter:label2\" content=\"Dur\u00e9e de lecture estim\u00e9e\" \/>\n\t<meta name=\"twitter:data2\" content=\"5 minutes\" \/>\n<script type=\"application\/ld+json\" class=\"yoast-schema-graph\">{\"@context\":\"https:\\\/\\\/schema.org\",\"@graph\":[{\"@type\":\"Article\",\"@id\":\"https:\\\/\\\/www.link2fleet.com\\\/salon-de-lauto-2025-63-marques-annoncees-dont-15-inedites\\\/#article\",\"isPartOf\":{\"@id\":\"https:\\\/\\\/www.link2fleet.com\\\/salon-de-lauto-2025-63-marques-annoncees-dont-15-inedites\\\/\"},\"author\":{\"name\":\"Damien Malvetti\",\"@id\":\"https:\\\/\\\/www.link2fleet.com\\\/fr\\\/#\\\/schema\\\/person\\\/027cd46113c78036b3809c9a054049da\"},\"headline\":\"Salon de l\u2019Auto 2025: 63 marques annonc\u00e9es dont 15 in\u00e9dites\",\"datePublished\":\"2024-12-10T16:54:42+00:00\",\"dateModified\":\"2025-01-08T12:57:04+00:00\",\"mainEntityOfPage\":{\"@id\":\"https:\\\/\\\/www.link2fleet.com\\\/salon-de-lauto-2025-63-marques-annoncees-dont-15-inedites\\\/\"},\"wordCount\":10,\"publisher\":{\"@id\":\"https:\\\/\\\/www.link2fleet.com\\\/fr\\\/#organization\"},\"image\":{\"@id\":\"https:\\\/\\\/www.link2fleet.com\\\/salon-de-lauto-2025-63-marques-annoncees-dont-15-inedites\\\/#primaryimage\"},\"thumbnailUrl\":\"https:\\\/\\\/static.link2fleet.com\\\/wp-content\\\/uploads\\\/2024\\\/12\\\/salon-2025.webp\",\"articleSection\":[\"Actus\"],\"inLanguage\":\"fr-FR\"},{\"@type\":\"WebPage\",\"@id\":\"https:\\\/\\\/www.link2fleet.com\\\/salon-de-lauto-2025-63-marques-annoncees-dont-15-inedites\\\/\",\"url\":\"https:\\\/\\\/www.link2fleet.com\\\/salon-de-lauto-2025-63-marques-annoncees-dont-15-inedites\\\/\",\"name\":\"Salon de l\u2019Auto 2025: 63 marques annonc\u00e9es dont 15 in\u00e9dites - link2fleet\",\"isPartOf\":{\"@id\":\"https:\\\/\\\/www.link2fleet.com\\\/fr\\\/#website\"},\"primaryImageOfPage\":{\"@id\":\"https:\\\/\\\/www.link2fleet.com\\\/salon-de-lauto-2025-63-marques-annoncees-dont-15-inedites\\\/#primaryimage\"},\"image\":{\"@id\":\"https:\\\/\\\/www.link2fleet.com\\\/salon-de-lauto-2025-63-marques-annoncees-dont-15-inedites\\\/#primaryimage\"},\"thumbnailUrl\":\"https:\\\/\\\/static.link2fleet.com\\\/wp-content\\\/uploads\\\/2024\\\/12\\\/salon-2025.webp\",\"datePublished\":\"2024-12-10T16:54:42+00:00\",\"dateModified\":\"2025-01-08T12:57:04+00:00\",\"breadcrumb\":{\"@id\":\"https:\\\/\\\/www.link2fleet.com\\\/salon-de-lauto-2025-63-marques-annoncees-dont-15-inedites\\\/#breadcrumb\"},\"inLanguage\":\"fr-FR\",\"potentialAction\":[{\"@type\":\"ReadAction\",\"target\":[\"https:\\\/\\\/www.link2fleet.com\\\/salon-de-lauto-2025-63-marques-annoncees-dont-15-inedites\\\/\"]}]},{\"@type\":\"ImageObject\",\"inLanguage\":\"fr-FR\",\"@id\":\"https:\\\/\\\/www.link2fleet.com\\\/salon-de-lauto-2025-63-marques-annoncees-dont-15-inedites\\\/#primaryimage\",\"url\":\"https:\\\/\\\/static.link2fleet.com\\\/wp-content\\\/uploads\\\/2024\\\/12\\\/salon-2025.webp\",\"contentUrl\":\"https:\\\/\\\/static.link2fleet.com\\\/wp-content\\\/uploads\\\/2024\\\/12\\\/salon-2025.webp\",\"width\":1792,\"height\":1024},{\"@type\":\"BreadcrumbList\",\"@id\":\"https:\\\/\\\/www.link2fleet.com\\\/salon-de-lauto-2025-63-marques-annoncees-dont-15-inedites\\\/#breadcrumb\",\"itemListElement\":[{\"@type\":\"ListItem\",\"position\":1,\"name\":\"Home\",\"item\":\"https:\\\/\\\/www.link2fleet.com\\\/fr\\\/\"},{\"@type\":\"ListItem\",\"position\":2,\"name\":\"Salon de l\u2019Auto 2025: 63 marques annonc\u00e9es dont 15 in\u00e9dites\"}]},{\"@type\":\"WebSite\",\"@id\":\"https:\\\/\\\/www.link2fleet.com\\\/fr\\\/#website\",\"url\":\"https:\\\/\\\/www.link2fleet.com\\\/fr\\\/\",\"name\":\"Link2fleet\",\"description\":\"\",\"publisher\":{\"@id\":\"https:\\\/\\\/www.link2fleet.com\\\/fr\\\/#organization\"},\"potentialAction\":[{\"@type\":\"SearchAction\",\"target\":{\"@type\":\"EntryPoint\",\"urlTemplate\":\"https:\\\/\\\/www.link2fleet.com\\\/fr\\\/?s={search_term_string}\"},\"query-input\":{\"@type\":\"PropertyValueSpecification\",\"valueRequired\":true,\"valueName\":\"search_term_string\"}}],\"inLanguage\":\"fr-FR\"},{\"@type\":\"Organization\",\"@id\":\"https:\\\/\\\/www.link2fleet.com\\\/fr\\\/#organization\",\"name\":\"Link2fleet\",\"url\":\"https:\\\/\\\/www.link2fleet.com\\\/fr\\\/\",\"logo\":{\"@type\":\"ImageObject\",\"inLanguage\":\"fr-FR\",\"@id\":\"https:\\\/\\\/www.link2fleet.com\\\/fr\\\/#\\\/schema\\\/logo\\\/image\\\/\",\"url\":\"https:\\\/\\\/static.link2fleet.com\\\/wp-content\\\/uploads\\\/2024\\\/03\\\/share-image.jpg\",\"contentUrl\":\"https:\\\/\\\/static.link2fleet.com\\\/wp-content\\\/uploads\\\/2024\\\/03\\\/share-image.jpg\",\"width\":1200,\"height\":630,\"caption\":\"Link2fleet\"},\"image\":{\"@id\":\"https:\\\/\\\/www.link2fleet.com\\\/fr\\\/#\\\/schema\\\/logo\\\/image\\\/\"},\"sameAs\":[\"https:\\\/\\\/www.linkedin.com\\\/company\\\/link2fleet-belgium\",\"https:\\\/\\\/www.youtube.com\\\/user\\\/MMMBMBE\"]},{\"@type\":\"Person\",\"@id\":\"https:\\\/\\\/www.link2fleet.com\\\/fr\\\/#\\\/schema\\\/person\\\/027cd46113c78036b3809c9a054049da\",\"name\":\"Damien Malvetti\",\"image\":{\"@type\":\"ImageObject\",\"inLanguage\":\"fr-FR\",\"@id\":\"https:\\\/\\\/secure.gravatar.com\\\/avatar\\\/dd8cc03b49466c735f753ac37f8caa371af16dfed347456ed61f02883255eebb?s=96&d=mm&r=g\",\"url\":\"https:\\\/\\\/secure.gravatar.com\\\/avatar\\\/dd8cc03b49466c735f753ac37f8caa371af16dfed347456ed61f02883255eebb?s=96&d=mm&r=g\",\"contentUrl\":\"https:\\\/\\\/secure.gravatar.com\\\/avatar\\\/dd8cc03b49466c735f753ac37f8caa371af16dfed347456ed61f02883255eebb?s=96&d=mm&r=g\",\"caption\":\"Damien Malvetti\"},\"description\":\"Damien Malvetti is opgeleid als journalist en gepassioneerd door wagens, technologie en mobiliteit. Hij is verantwoordelijk voor de redactionele inhoud van link2fleet en beschikt over een uitgebreide kennis van de fleet-sector en elektrische mobiliteit.\",\"sameAs\":[\"https:\\\/\\\/www.linkedin.com\\\/in\\\/damien-malvetti-56601142\\\/\"]}]}<\/script>\n<!-- \/ Yoast SEO plugin. -->","yoast_head_json":{"title":"Salon de l\u2019Auto 2025: 63 marques annonc\u00e9es dont 15 in\u00e9dites - link2fleet","description":"On vous l\u2019avait d\u00e9j\u00e0 annonc\u00e9 il y a quelques mois, le Salon de l\u2019Auto sera de retour dans sa forme traditionnelle \u00e0 Bruxelles du 11\u2026","robots":{"index":"index","follow":"follow","max-snippet":"max-snippet:-1","max-image-preview":"max-image-preview:large","max-video-preview":"max-video-preview:-1"},"og_locale":"fr_FR","og_type":"article","og_title":"Salon de l\u2019Auto 2025: 63 marques annonc\u00e9es dont 15 in\u00e9dites - link2fleet","og_description":"On vous l\u2019avait d\u00e9j\u00e0 annonc\u00e9 il y a quelques mois, le Salon de l\u2019Auto sera de retour dans sa forme traditionnelle \u00e0 Bruxelles du 11\u2026","og_url":"https:\/\/www.link2fleet.com\/salon-de-lauto-2025-63-marques-annoncees-dont-15-inedites\/","og_site_name":"link2fleet","article_published_time":"2024-12-10T16:54:42+00:00","article_modified_time":"2025-01-08T12:57:04+00:00","og_image":[{"width":1792,"height":1024,"url":"https:\/\/static.link2fleet.com\/wp-content\/uploads\/2024\/12\/salon-2025.webp","type":"image\/webp"}],"author":"Damien Malvetti","twitter_card":"summary_large_image","twitter_description":"On vous l\u2019avait d\u00e9j\u00e0 annonc\u00e9 il y a quelques mois, le Salon de l\u2019Auto sera de retour dans sa forme traditionnelle \u00e0 Bruxelles du 11\u2026","twitter_misc":{"\u00c9crit par":"Damien Malvetti","Dur\u00e9e de lecture estim\u00e9e":"5 minutes"},"schema":{"@context":"https:\/\/schema.org","@graph":[{"@type":"Article","@id":"https:\/\/www.link2fleet.com\/salon-de-lauto-2025-63-marques-annoncees-dont-15-inedites\/#article","isPartOf":{"@id":"https:\/\/www.link2fleet.com\/salon-de-lauto-2025-63-marques-annoncees-dont-15-inedites\/"},"author":{"name":"Damien Malvetti","@id":"https:\/\/www.link2fleet.com\/fr\/#\/schema\/person\/027cd46113c78036b3809c9a054049da"},"headline":"Salon de l\u2019Auto 2025: 63 marques annonc\u00e9es dont 15 in\u00e9dites","datePublished":"2024-12-10T16:54:42+00:00","dateModified":"2025-01-08T12:57:04+00:00","mainEntityOfPage":{"@id":"https:\/\/www.link2fleet.com\/salon-de-lauto-2025-63-marques-annoncees-dont-15-inedites\/"},"wordCount":10,"publisher":{"@id":"https:\/\/www.link2fleet.com\/fr\/#organization"},"image":{"@id":"https:\/\/www.link2fleet.com\/salon-de-lauto-2025-63-marques-annoncees-dont-15-inedites\/#primaryimage"},"thumbnailUrl":"https:\/\/static.link2fleet.com\/wp-content\/uploads\/2024\/12\/salon-2025.webp","articleSection":["Actus"],"inLanguage":"fr-FR"},{"@type":"WebPage","@id":"https:\/\/www.link2fleet.com\/salon-de-lauto-2025-63-marques-annoncees-dont-15-inedites\/","url":"https:\/\/www.link2fleet.com\/salon-de-lauto-2025-63-marques-annoncees-dont-15-inedites\/","name":"Salon de l\u2019Auto 2025: 63 marques annonc\u00e9es dont 15 in\u00e9dites - link2fleet","isPartOf":{"@id":"https:\/\/www.link2fleet.com\/fr\/#website"},"primaryImageOfPage":{"@id":"https:\/\/www.link2fleet.com\/salon-de-lauto-2025-63-marques-annoncees-dont-15-inedites\/#primaryimage"},"image":{"@id":"https:\/\/www.link2fleet.com\/salon-de-lauto-2025-63-marques-annoncees-dont-15-inedites\/#primaryimage"},"thumbnailUrl":"https:\/\/static.link2fleet.com\/wp-content\/uploads\/2024\/12\/salon-2025.webp","datePublished":"2024-12-10T16:54:42+00:00","dateModified":"2025-01-08T12:57:04+00:00","breadcrumb":{"@id":"https:\/\/www.link2fleet.com\/salon-de-lauto-2025-63-marques-annoncees-dont-15-inedites\/#breadcrumb"},"inLanguage":"fr-FR","potentialAction":[{"@type":"ReadAction","target":["https:\/\/www.link2fleet.com\/salon-de-lauto-2025-63-marques-annoncees-dont-15-inedites\/"]}]},{"@type":"ImageObject","inLanguage":"fr-FR","@id":"https:\/\/www.link2fleet.com\/salon-de-lauto-2025-63-marques-annoncees-dont-15-inedites\/#primaryimage","url":"https:\/\/static.link2fleet.com\/wp-content\/uploads\/2024\/12\/salon-2025.webp","contentUrl":"https:\/\/static.link2fleet.com\/wp-content\/uploads\/2024\/12\/salon-2025.webp","width":1792,"height":1024},{"@type":"BreadcrumbList","@id":"https:\/\/www.link2fleet.com\/salon-de-lauto-2025-63-marques-annoncees-dont-15-inedites\/#breadcrumb","itemListElement":[{"@type":"ListItem","position":1,"name":"Home","item":"https:\/\/www.link2fleet.com\/fr\/"},{"@type":"ListItem","position":2,"name":"Salon de l\u2019Auto 2025: 63 marques annonc\u00e9es dont 15 in\u00e9dites"}]},{"@type":"WebSite","@id":"https:\/\/www.link2fleet.com\/fr\/#website","url":"https:\/\/www.link2fleet.com\/fr\/","name":"Link2fleet","description":"","publisher":{"@id":"https:\/\/www.link2fleet.com\/fr\/#organization"},"potentialAction":[{"@type":"SearchAction","target":{"@type":"EntryPoint","urlTemplate":"https:\/\/www.link2fleet.com\/fr\/?s={search_term_string}"},"query-input":{"@type":"PropertyValueSpecification","valueRequired":true,"valueName":"search_term_string"}}],"inLanguage":"fr-FR"},{"@type":"Organization","@id":"https:\/\/www.link2fleet.com\/fr\/#organization","name":"Link2fleet","url":"https:\/\/www.link2fleet.com\/fr\/","logo":{"@type":"ImageObject","inLanguage":"fr-FR","@id":"https:\/\/www.link2fleet.com\/fr\/#\/schema\/logo\/image\/","url":"https:\/\/static.link2fleet.com\/wp-content\/uploads\/2024\/03\/share-image.jpg","contentUrl":"https:\/\/static.link2fleet.com\/wp-content\/uploads\/2024\/03\/share-image.jpg","width":1200,"height":630,"caption":"Link2fleet"},"image":{"@id":"https:\/\/www.link2fleet.com\/fr\/#\/schema\/logo\/image\/"},"sameAs":["https:\/\/www.linkedin.com\/company\/link2fleet-belgium","https:\/\/www.youtube.com\/user\/MMMBMBE"]},{"@type":"Person","@id":"https:\/\/www.link2fleet.com\/fr\/#\/schema\/person\/027cd46113c78036b3809c9a054049da","name":"Damien Malvetti","image":{"@type":"ImageObject","inLanguage":"fr-FR","@id":"https:\/\/secure.gravatar.com\/avatar\/dd8cc03b49466c735f753ac37f8caa371af16dfed347456ed61f02883255eebb?s=96&d=mm&r=g","url":"https:\/\/secure.gravatar.com\/avatar\/dd8cc03b49466c735f753ac37f8caa371af16dfed347456ed61f02883255eebb?s=96&d=mm&r=g","contentUrl":"https:\/\/secure.gravatar.com\/avatar\/dd8cc03b49466c735f753ac37f8caa371af16dfed347456ed61f02883255eebb?s=96&d=mm&r=g","caption":"Damien Malvetti"},"description":"Damien Malvetti is opgeleid als journalist en gepassioneerd door wagens, technologie en mobiliteit. Hij is verantwoordelijk voor de redactionele inhoud van link2fleet en beschikt over een uitgebreide kennis van de fleet-sector en elektrische mobiliteit.","sameAs":["https:\/\/www.linkedin.com\/in\/damien-malvetti-56601142\/"]}]}},"_links":{"self":[{"href":"https:\/\/www.link2fleet.com\/fr\/wp-json\/wp\/v2\/posts\/36703","targetHints":{"allow":["GET"]}}],"collection":[{"href":"https:\/\/www.link2fleet.com\/fr\/wp-json\/wp\/v2\/posts"}],"about":[{"href":"https:\/\/www.link2fleet.com\/fr\/wp-json\/wp\/v2\/types\/post"}],"author":[{"embeddable":true,"href":"https:\/\/www.link2fleet.com\/fr\/wp-json\/wp\/v2\/users\/4"}],"replies":[{"embeddable":true,"href":"https:\/\/www.link2fleet.com\/fr\/wp-json\/wp\/v2\/comments?post=36703"}],"version-history":[{"count":6,"href":"https:\/\/www.link2fleet.com\/fr\/wp-json\/wp\/v2\/posts\/36703\/revisions"}],"predecessor-version":[{"id":37652,"href":"https:\/\/www.link2fleet.com\/fr\/wp-json\/wp\/v2\/posts\/36703\/revisions\/37652"}],"wp:featuredmedia":[{"embeddable":true,"href":"https:\/\/www.link2fleet.com\/fr\/wp-json\/wp\/v2\/media\/36704"}],"wp:attachment":[{"href":"https:\/\/www.link2fleet.com\/fr\/wp-json\/wp\/v2\/media?parent=36703"}],"wp:term":[{"taxonomy":"category","embeddable":true,"href":"https:\/\/www.link2fleet.com\/fr\/wp-json\/wp\/v2\/categories?post=36703"},{"taxonomy":"post_tag","embeddable":true,"href":"https:\/\/www.link2fleet.com\/fr\/wp-json\/wp\/v2\/tags?post=36703"}],"curies":[{"name":"wp","href":"https:\/\/api.w.org\/{rel}","templated":true}]}}