{"id":36792,"date":"2024-12-12T10:30:13","date_gmt":"2024-12-12T09:30:13","guid":{"rendered":"https:\/\/www.link2fleet.com\/?p=36792"},"modified":"2024-12-12T09:33:19","modified_gmt":"2024-12-12T08:33:19","slug":"10-van-de-chauffeurs-viel-ooit-in-slaap-achter-het-stuur","status":"publish","type":"post","link":"https:\/\/www.link2fleet.com\/fr\/10-van-de-chauffeurs-viel-ooit-in-slaap-achter-het-stuur\/","title":{"rendered":"10% des chauffeurs routiers s&rsquo;endorment au volant"},"content":{"rendered":"","protected":false},"excerpt":{"rendered":"","protected":false},"author":43,"featured_media":36778,"comment_status":"closed","ping_status":"closed","sticky":false,"template":"","format":"standard","meta":{"_acf_changed":false,"footnotes":""},"categories":[135],"tags":[],"class_list":["post-36792","post","type-post","status-publish","format-standard","has-post-thumbnail","hentry","category-news-fr"],"acf":[],"yoast_head":"<!-- This site is optimized with the Yoast SEO plugin v27.3 - https:\/\/yoast.com\/product\/yoast-seo-wordpress\/ -->\n<title>10% des chauffeurs routiers s&#039;endorment au volant - link2fleet<\/title>\n<meta name=\"description\" content=\"En ce 12 d\u00e9cembre, c&rsquo;est la journ\u00e9e des chauffeurs routiers. D\u00e8s lors, aujourd&rsquo;hui, la s\u00e9curit\u00e9 routi\u00e8re dans le secteur des transports occupe le devant de\u2026\" \/>\n<meta name=\"robots\" content=\"index, follow, max-snippet:-1, max-image-preview:large, max-video-preview:-1\" \/>\n<meta property=\"og:locale\" content=\"fr_FR\" \/>\n<meta property=\"og:type\" content=\"article\" \/>\n<meta property=\"og:title\" content=\"10% des chauffeurs routiers s&#039;endorment au volant - link2fleet\" \/>\n<meta property=\"og:description\" content=\"En ce 12 d\u00e9cembre, c&rsquo;est la journ\u00e9e des chauffeurs routiers. D\u00e8s lors, aujourd&rsquo;hui, la s\u00e9curit\u00e9 routi\u00e8re dans le secteur des transports occupe le devant de\u2026\" \/>\n<meta property=\"og:url\" content=\"https:\/\/www.link2fleet.com\/10-van-de-chauffeurs-viel-ooit-in-slaap-achter-het-stuur\/\" \/>\n<meta property=\"og:site_name\" content=\"link2fleet\" \/>\n<meta property=\"article:published_time\" content=\"2024-12-12T09:30:13+00:00\" \/>\n<meta property=\"og:image\" content=\"https:\/\/static.link2fleet.com\/wp-content\/uploads\/2024\/12\/pexels-minhle17vn-977213-2-scaled.jpg\" \/>\n\t<meta property=\"og:image:width\" content=\"2560\" \/>\n\t<meta property=\"og:image:height\" content=\"1707\" \/>\n\t<meta property=\"og:image:type\" content=\"image\/jpeg\" \/>\n<meta name=\"author\" content=\"Jeroen Evens\" \/>\n<meta name=\"twitter:card\" content=\"summary_large_image\" \/>\n<meta name=\"twitter:description\" content=\"En ce 12 d\u00e9cembre, c&rsquo;est la journ\u00e9e des chauffeurs routiers. D\u00e8s lors, aujourd&rsquo;hui, la s\u00e9curit\u00e9 routi\u00e8re dans le secteur des transports occupe le devant de\u2026\" \/>\n<meta name=\"twitter:label1\" content=\"\u00c9crit par\" \/>\n\t<meta name=\"twitter:data1\" content=\"Jeroen Evens\" \/>\n\t<meta name=\"twitter:label2\" content=\"Dur\u00e9e de lecture estim\u00e9e\" \/>\n\t<meta name=\"twitter:data2\" content=\"3 minutes\" \/>\n<script type=\"application\/ld+json\" class=\"yoast-schema-graph\">{\"@context\":\"https:\\\/\\\/schema.org\",\"@graph\":[{\"@type\":\"Article\",\"@id\":\"https:\\\/\\\/www.link2fleet.com\\\/10-van-de-chauffeurs-viel-ooit-in-slaap-achter-het-stuur\\\/#article\",\"isPartOf\":{\"@id\":\"https:\\\/\\\/www.link2fleet.com\\\/10-van-de-chauffeurs-viel-ooit-in-slaap-achter-het-stuur\\\/\"},\"author\":{\"name\":\"Jeroen Evens\",\"@id\":\"https:\\\/\\\/www.link2fleet.com\\\/fr\\\/#\\\/schema\\\/person\\\/3f23fa5cf039e25761156c930f6bf38f\"},\"headline\":\"10% des chauffeurs routiers s&rsquo;endorment au volant\",\"datePublished\":\"2024-12-12T09:30:13+00:00\",\"mainEntityOfPage\":{\"@id\":\"https:\\\/\\\/www.link2fleet.com\\\/10-van-de-chauffeurs-viel-ooit-in-slaap-achter-het-stuur\\\/\"},\"wordCount\":7,\"publisher\":{\"@id\":\"https:\\\/\\\/www.link2fleet.com\\\/fr\\\/#organization\"},\"image\":{\"@id\":\"https:\\\/\\\/www.link2fleet.com\\\/10-van-de-chauffeurs-viel-ooit-in-slaap-achter-het-stuur\\\/#primaryimage\"},\"thumbnailUrl\":\"https:\\\/\\\/static.link2fleet.com\\\/wp-content\\\/uploads\\\/2024\\\/12\\\/pexels-minhle17vn-977213-2-scaled.jpg\",\"articleSection\":[\"Actus\"],\"inLanguage\":\"fr-FR\"},{\"@type\":\"WebPage\",\"@id\":\"https:\\\/\\\/www.link2fleet.com\\\/10-van-de-chauffeurs-viel-ooit-in-slaap-achter-het-stuur\\\/\",\"url\":\"https:\\\/\\\/www.link2fleet.com\\\/10-van-de-chauffeurs-viel-ooit-in-slaap-achter-het-stuur\\\/\",\"name\":\"10% des chauffeurs routiers s'endorment au volant - link2fleet\",\"isPartOf\":{\"@id\":\"https:\\\/\\\/www.link2fleet.com\\\/fr\\\/#website\"},\"primaryImageOfPage\":{\"@id\":\"https:\\\/\\\/www.link2fleet.com\\\/10-van-de-chauffeurs-viel-ooit-in-slaap-achter-het-stuur\\\/#primaryimage\"},\"image\":{\"@id\":\"https:\\\/\\\/www.link2fleet.com\\\/10-van-de-chauffeurs-viel-ooit-in-slaap-achter-het-stuur\\\/#primaryimage\"},\"thumbnailUrl\":\"https:\\\/\\\/static.link2fleet.com\\\/wp-content\\\/uploads\\\/2024\\\/12\\\/pexels-minhle17vn-977213-2-scaled.jpg\",\"datePublished\":\"2024-12-12T09:30:13+00:00\",\"description\":\"Des chiffres inqui\u00e9tants montrent que le comportement humain, notamment la fatigue, est responsable de 90% des accidents de la route.\",\"breadcrumb\":{\"@id\":\"https:\\\/\\\/www.link2fleet.com\\\/10-van-de-chauffeurs-viel-ooit-in-slaap-achter-het-stuur\\\/#breadcrumb\"},\"inLanguage\":\"fr-FR\",\"potentialAction\":[{\"@type\":\"ReadAction\",\"target\":[\"https:\\\/\\\/www.link2fleet.com\\\/10-van-de-chauffeurs-viel-ooit-in-slaap-achter-het-stuur\\\/\"]}]},{\"@type\":\"ImageObject\",\"inLanguage\":\"fr-FR\",\"@id\":\"https:\\\/\\\/www.link2fleet.com\\\/10-van-de-chauffeurs-viel-ooit-in-slaap-achter-het-stuur\\\/#primaryimage\",\"url\":\"https:\\\/\\\/static.link2fleet.com\\\/wp-content\\\/uploads\\\/2024\\\/12\\\/pexels-minhle17vn-977213-2-scaled.jpg\",\"contentUrl\":\"https:\\\/\\\/static.link2fleet.com\\\/wp-content\\\/uploads\\\/2024\\\/12\\\/pexels-minhle17vn-977213-2-scaled.jpg\",\"width\":2560,\"height\":1707},{\"@type\":\"BreadcrumbList\",\"@id\":\"https:\\\/\\\/www.link2fleet.com\\\/10-van-de-chauffeurs-viel-ooit-in-slaap-achter-het-stuur\\\/#breadcrumb\",\"itemListElement\":[{\"@type\":\"ListItem\",\"position\":1,\"name\":\"Home\",\"item\":\"https:\\\/\\\/www.link2fleet.com\\\/fr\\\/\"},{\"@type\":\"ListItem\",\"position\":2,\"name\":\"10% des chauffeurs routiers s&#8217;endorment au volant\"}]},{\"@type\":\"WebSite\",\"@id\":\"https:\\\/\\\/www.link2fleet.com\\\/fr\\\/#website\",\"url\":\"https:\\\/\\\/www.link2fleet.com\\\/fr\\\/\",\"name\":\"Link2fleet\",\"description\":\"\",\"publisher\":{\"@id\":\"https:\\\/\\\/www.link2fleet.com\\\/fr\\\/#organization\"},\"potentialAction\":[{\"@type\":\"SearchAction\",\"target\":{\"@type\":\"EntryPoint\",\"urlTemplate\":\"https:\\\/\\\/www.link2fleet.com\\\/fr\\\/?s={search_term_string}\"},\"query-input\":{\"@type\":\"PropertyValueSpecification\",\"valueRequired\":true,\"valueName\":\"search_term_string\"}}],\"inLanguage\":\"fr-FR\"},{\"@type\":\"Organization\",\"@id\":\"https:\\\/\\\/www.link2fleet.com\\\/fr\\\/#organization\",\"name\":\"Link2fleet\",\"url\":\"https:\\\/\\\/www.link2fleet.com\\\/fr\\\/\",\"logo\":{\"@type\":\"ImageObject\",\"inLanguage\":\"fr-FR\",\"@id\":\"https:\\\/\\\/www.link2fleet.com\\\/fr\\\/#\\\/schema\\\/logo\\\/image\\\/\",\"url\":\"https:\\\/\\\/static.link2fleet.com\\\/wp-content\\\/uploads\\\/2024\\\/03\\\/share-image.jpg\",\"contentUrl\":\"https:\\\/\\\/static.link2fleet.com\\\/wp-content\\\/uploads\\\/2024\\\/03\\\/share-image.jpg\",\"width\":1200,\"height\":630,\"caption\":\"Link2fleet\"},\"image\":{\"@id\":\"https:\\\/\\\/www.link2fleet.com\\\/fr\\\/#\\\/schema\\\/logo\\\/image\\\/\"},\"sameAs\":[\"https:\\\/\\\/www.linkedin.com\\\/company\\\/link2fleet-belgium\",\"https:\\\/\\\/www.youtube.com\\\/user\\\/MMMBMBE\"]},{\"@type\":\"Person\",\"@id\":\"https:\\\/\\\/www.link2fleet.com\\\/fr\\\/#\\\/schema\\\/person\\\/3f23fa5cf039e25761156c930f6bf38f\",\"name\":\"Jeroen Evens\",\"image\":{\"@type\":\"ImageObject\",\"inLanguage\":\"fr-FR\",\"@id\":\"https:\\\/\\\/secure.gravatar.com\\\/avatar\\\/6e059523a84fbec54e5ec5d0f3fb4322b7b077be22b323085f823d1d7f00f32e?s=96&d=mm&r=g\",\"url\":\"https:\\\/\\\/secure.gravatar.com\\\/avatar\\\/6e059523a84fbec54e5ec5d0f3fb4322b7b077be22b323085f823d1d7f00f32e?s=96&d=mm&r=g\",\"contentUrl\":\"https:\\\/\\\/secure.gravatar.com\\\/avatar\\\/6e059523a84fbec54e5ec5d0f3fb4322b7b077be22b323085f823d1d7f00f32e?s=96&d=mm&r=g\",\"caption\":\"Jeroen Evens\"},\"description\":\"Jeroen Evens is opgeleid in de Communicatiewetenschappen (KULeuven) en is een enthousiaste volger van alles wat met mobiliteit en bedrijfswagens te maken heeft. Als freelance journalist gespecialiseerd in de fleetsector houdt hij al drie jaar lang de vinger aan de pols van de laatste ontwikkelingen in onze sector.\"}]}<\/script>\n<!-- \/ Yoast SEO plugin. -->","yoast_head_json":{"title":"10% des chauffeurs routiers s'endorment au volant - link2fleet","description":"En ce 12 d\u00e9cembre, c&rsquo;est la journ\u00e9e des chauffeurs routiers. D\u00e8s lors, aujourd&rsquo;hui, la s\u00e9curit\u00e9 routi\u00e8re dans le secteur des transports occupe le devant de\u2026","robots":{"index":"index","follow":"follow","max-snippet":"max-snippet:-1","max-image-preview":"max-image-preview:large","max-video-preview":"max-video-preview:-1"},"og_locale":"fr_FR","og_type":"article","og_title":"10% des chauffeurs routiers s'endorment au volant - link2fleet","og_description":"En ce 12 d\u00e9cembre, c&rsquo;est la journ\u00e9e des chauffeurs routiers. D\u00e8s lors, aujourd&rsquo;hui, la s\u00e9curit\u00e9 routi\u00e8re dans le secteur des transports occupe le devant de\u2026","og_url":"https:\/\/www.link2fleet.com\/10-van-de-chauffeurs-viel-ooit-in-slaap-achter-het-stuur\/","og_site_name":"link2fleet","article_published_time":"2024-12-12T09:30:13+00:00","og_image":[{"width":2560,"height":1707,"url":"https:\/\/static.link2fleet.com\/wp-content\/uploads\/2024\/12\/pexels-minhle17vn-977213-2-scaled.jpg","type":"image\/jpeg"}],"author":"Jeroen Evens","twitter_card":"summary_large_image","twitter_description":"En ce 12 d\u00e9cembre, c&rsquo;est la journ\u00e9e des chauffeurs routiers. D\u00e8s lors, aujourd&rsquo;hui, la s\u00e9curit\u00e9 routi\u00e8re dans le secteur des transports occupe le devant de\u2026","twitter_misc":{"\u00c9crit par":"Jeroen Evens","Dur\u00e9e de lecture estim\u00e9e":"3 minutes"},"schema":{"@context":"https:\/\/schema.org","@graph":[{"@type":"Article","@id":"https:\/\/www.link2fleet.com\/10-van-de-chauffeurs-viel-ooit-in-slaap-achter-het-stuur\/#article","isPartOf":{"@id":"https:\/\/www.link2fleet.com\/10-van-de-chauffeurs-viel-ooit-in-slaap-achter-het-stuur\/"},"author":{"name":"Jeroen Evens","@id":"https:\/\/www.link2fleet.com\/fr\/#\/schema\/person\/3f23fa5cf039e25761156c930f6bf38f"},"headline":"10% des chauffeurs routiers s&rsquo;endorment au volant","datePublished":"2024-12-12T09:30:13+00:00","mainEntityOfPage":{"@id":"https:\/\/www.link2fleet.com\/10-van-de-chauffeurs-viel-ooit-in-slaap-achter-het-stuur\/"},"wordCount":7,"publisher":{"@id":"https:\/\/www.link2fleet.com\/fr\/#organization"},"image":{"@id":"https:\/\/www.link2fleet.com\/10-van-de-chauffeurs-viel-ooit-in-slaap-achter-het-stuur\/#primaryimage"},"thumbnailUrl":"https:\/\/static.link2fleet.com\/wp-content\/uploads\/2024\/12\/pexels-minhle17vn-977213-2-scaled.jpg","articleSection":["Actus"],"inLanguage":"fr-FR"},{"@type":"WebPage","@id":"https:\/\/www.link2fleet.com\/10-van-de-chauffeurs-viel-ooit-in-slaap-achter-het-stuur\/","url":"https:\/\/www.link2fleet.com\/10-van-de-chauffeurs-viel-ooit-in-slaap-achter-het-stuur\/","name":"10% des chauffeurs routiers s'endorment au volant - link2fleet","isPartOf":{"@id":"https:\/\/www.link2fleet.com\/fr\/#website"},"primaryImageOfPage":{"@id":"https:\/\/www.link2fleet.com\/10-van-de-chauffeurs-viel-ooit-in-slaap-achter-het-stuur\/#primaryimage"},"image":{"@id":"https:\/\/www.link2fleet.com\/10-van-de-chauffeurs-viel-ooit-in-slaap-achter-het-stuur\/#primaryimage"},"thumbnailUrl":"https:\/\/static.link2fleet.com\/wp-content\/uploads\/2024\/12\/pexels-minhle17vn-977213-2-scaled.jpg","datePublished":"2024-12-12T09:30:13+00:00","description":"Des chiffres inqui\u00e9tants montrent que le comportement humain, notamment la fatigue, est responsable de 90% des accidents de la route.","breadcrumb":{"@id":"https:\/\/www.link2fleet.com\/10-van-de-chauffeurs-viel-ooit-in-slaap-achter-het-stuur\/#breadcrumb"},"inLanguage":"fr-FR","potentialAction":[{"@type":"ReadAction","target":["https:\/\/www.link2fleet.com\/10-van-de-chauffeurs-viel-ooit-in-slaap-achter-het-stuur\/"]}]},{"@type":"ImageObject","inLanguage":"fr-FR","@id":"https:\/\/www.link2fleet.com\/10-van-de-chauffeurs-viel-ooit-in-slaap-achter-het-stuur\/#primaryimage","url":"https:\/\/static.link2fleet.com\/wp-content\/uploads\/2024\/12\/pexels-minhle17vn-977213-2-scaled.jpg","contentUrl":"https:\/\/static.link2fleet.com\/wp-content\/uploads\/2024\/12\/pexels-minhle17vn-977213-2-scaled.jpg","width":2560,"height":1707},{"@type":"BreadcrumbList","@id":"https:\/\/www.link2fleet.com\/10-van-de-chauffeurs-viel-ooit-in-slaap-achter-het-stuur\/#breadcrumb","itemListElement":[{"@type":"ListItem","position":1,"name":"Home","item":"https:\/\/www.link2fleet.com\/fr\/"},{"@type":"ListItem","position":2,"name":"10% des chauffeurs routiers s&#8217;endorment au volant"}]},{"@type":"WebSite","@id":"https:\/\/www.link2fleet.com\/fr\/#website","url":"https:\/\/www.link2fleet.com\/fr\/","name":"Link2fleet","description":"","publisher":{"@id":"https:\/\/www.link2fleet.com\/fr\/#organization"},"potentialAction":[{"@type":"SearchAction","target":{"@type":"EntryPoint","urlTemplate":"https:\/\/www.link2fleet.com\/fr\/?s={search_term_string}"},"query-input":{"@type":"PropertyValueSpecification","valueRequired":true,"valueName":"search_term_string"}}],"inLanguage":"fr-FR"},{"@type":"Organization","@id":"https:\/\/www.link2fleet.com\/fr\/#organization","name":"Link2fleet","url":"https:\/\/www.link2fleet.com\/fr\/","logo":{"@type":"ImageObject","inLanguage":"fr-FR","@id":"https:\/\/www.link2fleet.com\/fr\/#\/schema\/logo\/image\/","url":"https:\/\/static.link2fleet.com\/wp-content\/uploads\/2024\/03\/share-image.jpg","contentUrl":"https:\/\/static.link2fleet.com\/wp-content\/uploads\/2024\/03\/share-image.jpg","width":1200,"height":630,"caption":"Link2fleet"},"image":{"@id":"https:\/\/www.link2fleet.com\/fr\/#\/schema\/logo\/image\/"},"sameAs":["https:\/\/www.linkedin.com\/company\/link2fleet-belgium","https:\/\/www.youtube.com\/user\/MMMBMBE"]},{"@type":"Person","@id":"https:\/\/www.link2fleet.com\/fr\/#\/schema\/person\/3f23fa5cf039e25761156c930f6bf38f","name":"Jeroen Evens","image":{"@type":"ImageObject","inLanguage":"fr-FR","@id":"https:\/\/secure.gravatar.com\/avatar\/6e059523a84fbec54e5ec5d0f3fb4322b7b077be22b323085f823d1d7f00f32e?s=96&d=mm&r=g","url":"https:\/\/secure.gravatar.com\/avatar\/6e059523a84fbec54e5ec5d0f3fb4322b7b077be22b323085f823d1d7f00f32e?s=96&d=mm&r=g","contentUrl":"https:\/\/secure.gravatar.com\/avatar\/6e059523a84fbec54e5ec5d0f3fb4322b7b077be22b323085f823d1d7f00f32e?s=96&d=mm&r=g","caption":"Jeroen Evens"},"description":"Jeroen Evens is opgeleid in de Communicatiewetenschappen (KULeuven) en is een enthousiaste volger van alles wat met mobiliteit en bedrijfswagens te maken heeft. Als freelance journalist gespecialiseerd in de fleetsector houdt hij al drie jaar lang de vinger aan de pols van de laatste ontwikkelingen in onze sector."}]}},"_links":{"self":[{"href":"https:\/\/www.link2fleet.com\/fr\/wp-json\/wp\/v2\/posts\/36792","targetHints":{"allow":["GET"]}}],"collection":[{"href":"https:\/\/www.link2fleet.com\/fr\/wp-json\/wp\/v2\/posts"}],"about":[{"href":"https:\/\/www.link2fleet.com\/fr\/wp-json\/wp\/v2\/types\/post"}],"author":[{"embeddable":true,"href":"https:\/\/www.link2fleet.com\/fr\/wp-json\/wp\/v2\/users\/43"}],"replies":[{"embeddable":true,"href":"https:\/\/www.link2fleet.com\/fr\/wp-json\/wp\/v2\/comments?post=36792"}],"version-history":[{"count":5,"href":"https:\/\/www.link2fleet.com\/fr\/wp-json\/wp\/v2\/posts\/36792\/revisions"}],"predecessor-version":[{"id":36801,"href":"https:\/\/www.link2fleet.com\/fr\/wp-json\/wp\/v2\/posts\/36792\/revisions\/36801"}],"wp:featuredmedia":[{"embeddable":true,"href":"https:\/\/www.link2fleet.com\/fr\/wp-json\/wp\/v2\/media\/36778"}],"wp:attachment":[{"href":"https:\/\/www.link2fleet.com\/fr\/wp-json\/wp\/v2\/media?parent=36792"}],"wp:term":[{"taxonomy":"category","embeddable":true,"href":"https:\/\/www.link2fleet.com\/fr\/wp-json\/wp\/v2\/categories?post=36792"},{"taxonomy":"post_tag","embeddable":true,"href":"https:\/\/www.link2fleet.com\/fr\/wp-json\/wp\/v2\/tags?post=36792"}],"curies":[{"name":"wp","href":"https:\/\/api.w.org\/{rel}","templated":true}]}}