{"id":3698,"date":"2021-02-11T10:10:08","date_gmt":"2021-02-11T09:10:08","guid":{"rendered":"https:\/\/www.link2fleet.com\/2020-une-annee-de-croissance-reussie-pour-arval\/"},"modified":"2024-04-17T16:50:29","modified_gmt":"2024-04-17T14:50:29","slug":"2020-une-annee-de-croissance-reussie-pour-arval","status":"publish","type":"post","link":"https:\/\/www.link2fleet.com\/fr\/2020-une-annee-de-croissance-reussie-pour-arval\/","title":{"rendered":"2020, une ann\u00e9e de croissance r\u00e9ussie pour Arval"},"content":{"rendered":"<div>En 2020, <strong>la flotte lou\u00e9e d\u2019Arval a connu une croissance de 6,4\u00a0%* par rapport \u00e0 2019<\/strong>, pour atteindre <strong>1 381 555 v\u00e9hicules<\/strong>. <strong>La flotte des clients entreprises a atteint le million de v\u00e9hicules<\/strong> en <strong>2020<\/strong>. La flotte <strong>Retail (petites, moyennes entreprises et particuliers)<\/strong> a connu une <strong>croissance de 15,7 %<\/strong>, dont 100 000 v\u00e9hicules lou\u00e9s \u00e0 des particuliers. <strong>La flotte en location moyenne dur\u00e9e a augment\u00e9 de 6\u00a0%<\/strong>. Les <strong>7 200 collaborateurs d&rsquo;Arval<\/strong> accompagnent <strong>300\u00a0000 clients,<\/strong> dans <strong>30 pays<\/strong>.<\/div>\n<p><strong>2020, une ann\u00e9e solide malgr\u00e9 la pand\u00e9mie<\/strong><\/p>\n<div>Pendant la crise sanitaire, les \u00e9quipes d&rsquo;Arval se sont mobilis\u00e9es dans le monde entier pour assurer aux clients la continuit\u00e9 du service. Gr\u00e2ce \u00e0 une infrastructure informatique solide, plus de 99\u00a0% des collaborateurs d&rsquo;Arval ont pu travailler depuis leur domicile en toute s\u00e9curit\u00e9 \u00e0 partir de mars 2020. L&rsquo;entreprise a \u00e9galement mis gracieusement \u00e0 disposition du personnel de sant\u00e9 pr\u00e8s de 350 v\u00e9hicules dans 12 pays. Dans ce contexte, Arval a activement accompagn\u00e9 ses clients tout au long de la crise en leur offrant une flexibilit\u00e9 dans ses conditions contractuelles ainsi que des extensions de contrats. Arval a acc\u00e9l\u00e9r\u00e9 sa strat\u00e9gie de revente de v\u00e9hicules d\u2019occasion tout au long de la crise de la Covid-19, en compl\u00e9tant ses activit\u00e9s de vente B2B par une approche <em>Retail<\/em> avec un parcours client enti\u00e8rement digitalis\u00e9. En r\u00e9ponse aux nouvelles tendances de mobilit\u00e9 apr\u00e8s le confinement, l&rsquo;entreprise a lanc\u00e9 en mai 2020 <strong>\u00ab\u00a0<em>The Journey Goes On<\/em>\u00ab\u00a0<\/strong>, une offre pionni\u00e8re con\u00e7ue pour aider et soutenir les clients d&rsquo;Arval dans le red\u00e9marrage de leur activit\u00e9 gr\u00e2ce \u00e0 des solutions de mobilit\u00e9 s\u00fbres, durables et \u00e9conomiques.<\/div>\n<p><strong>Faits marquants 2020<\/strong><\/p>\n<div>Apr\u00e8s son 30<sup>\u00e8me<\/sup> anniversaire en 2019, Arval a franchi une \u00e9tape importante en pr\u00e9sentant son nouveau plan strat\u00e9gique <strong>Arval Beyond<\/strong> en octobre 2020. Il permet \u00e0 Arval de se transformer dans un monde en pleine \u00e9volution, en s&rsquo;appuyant sur ses principaux atouts mais en r\u00e9inventant son mod\u00e8le \u00e9conomique pour r\u00e9pondre aux nouveaux besoins des clients.<\/p>\n<p>Arval Beyond se d\u00e9cline en quatre offres : la mobilit\u00e9 au-del\u00e0 de la voiture avec par exemple le r\u00e9cent lancement de la location longue dur\u00e9e de v\u00e9los dans 8 pays (<strong>360\u00b0 Mobility<\/strong>), la technologie au service des clients (<strong>Connected &amp; Flexible<\/strong>), des partenariats solides (<strong>Arval Inside<\/strong>), la responsabilit\u00e9 et le d\u00e9veloppement durable au c\u0153ur de nos pr\u00e9occupations (<strong>Good for you, Good for all<\/strong>).<\/p>\n<p>Anim\u00e9 par sa responsabilit\u00e9 envers la soci\u00e9t\u00e9 et ses clients, Arval a d\u00e9velopp\u00e9 en 2020 une <strong>strat\u00e9gie RSE ambitieuse,<\/strong> en r\u00e9ponse aux enjeux environnementaux, en se fixant des objectifs in\u00e9gal\u00e9s pour 2025 : une flotte de 500 000 v\u00e9hicules \u00e9lectrifi\u00e9s et -30\u00a0% d&rsquo;\u00e9missions de CO<sub>2 <\/sub>en moyenne sur l&rsquo;ensemble de sa flotte. En 2020, Arval a assum\u00e9 son r\u00f4le de prescripteur de la mobilit\u00e9 \u00e9lectrique avec une croissance deux fois sup\u00e9rieure \u00e0 celle des march\u00e9s dans lesquels l\u2019entreprise op\u00e8re, en nombre de commandes de v\u00e9hicules \u00e9lectriques \u00e0 batterie. Arval int\u00e8gre \u00e9galement dans sa politique RSE les enjeux de diversit\u00e9. Par exemple, avec le programme <strong>\u00ab\u00a0<em>Arval Women in Action<\/em>\u00ab\u00a0<\/strong>, Arval est convaincue que les femmes d&rsquo;aujourd&rsquo;hui ouvriront la voie \u00e0 celles de demain.<\/div>\n<p>&nbsp;<\/p>\n<div>En parfaite ad\u00e9quation avec la nouvelle offre <strong>Arval Inside<\/strong>, l&rsquo;ann\u00e9e 2020 a vu le renouvellement ou la naissance de partenariats conclus avec des partenaires importants dans le monde entier tels que <strong>SIXT<\/strong>(en commen\u00e7ant par l&rsquo;Allemagne, la France, les Pays-Bas, le Royaume-Uni et la Belgique) et <strong>CaixaBank<\/strong>Payments &amp; Consumer group, en Espagne et Portugal. Un nouvel accord de coop\u00e9ration a \u00e9galement \u00e9t\u00e9 sign\u00e9 avec <strong>Unicredit Bank Austria<\/strong>, renfor\u00e7ant la position d&rsquo;Arval dans le pays avec l&rsquo;acquisition d&rsquo;<strong>UniCredit Leasing Fuhrparkmanagement GmbH<\/strong>. Tous ces partenariats mettent fortement l&rsquo;accent sur la <strong>digitalisation <\/strong>de l&rsquo;exp\u00e9rience client et l&rsquo;\u00e9largissement de la gamme de produits et de services avec des solutions de mobilit\u00e9 partag\u00e9es, connect\u00e9es et \u00e9lectrifi\u00e9es.<\/p>\n<p>La croissance d&rsquo;Arval en 2020 ne se traduit pas seulement en termes de partenariats solides, mais aussi \u00e0 travers son <strong>expansion g\u00e9ographique<\/strong>. L\u2019entreprise a renforc\u00e9 sa pr\u00e9sence en Am\u00e9rique latine avec l&rsquo;ouverture d\u2019une nouvelle filiale en Colombie, en partenariat avec Relsa. Elle confirme le d\u00e9veloppement d&rsquo;Arval avec ses partenaires dans la r\u00e9gion.<\/div>\n<p><strong>Des nouveaux horizons en 2021 avec la premi\u00e8re ann\u00e9e d&rsquo;Arval Beyond<\/strong><\/p>\n<p>En 2021, Arval continuera \u00e0 d\u00e9ployer sa strat\u00e9gie par des <strong>r\u00e9alisations<\/strong> concr\u00e8tes en lien avec ses objectifs. Parmi les projets pour cette nouvelle ann\u00e9e, on peut citer\u00a0:<\/p>\n<ul>\n<li>De nouveaux services pour mieux r\u00e9pondre aux besoins des entreprises : Arval Mobility Hub, Arval Mobility App, Arval Mobility Consulting, lanc\u00e9s \u00e0 l\u2019international dans le cadre de l&rsquo;offre 360\u00b0 Mobility d&rsquo;Arval Beyond<\/li>\n<\/ul>\n<ul>\n<li>Une ambition renouvel\u00e9e de doubler le march\u00e9 des commandes de v\u00e9hicules \u00e9lectriques \u00e0 batterie, soutenue par un projet RSE transformant qui sera lanc\u00e9 en juin 2021<\/li>\n<\/ul>\n<ul>\n<li>Un programme ambitieux de partenariats pour atteindre de nouvelles cibles et de nouvelles fronti\u00e8res<\/li>\n<\/ul>\n<div>\n<em>\u00ab\u00a0La crise en 2020 a confirm\u00e9 que les priorit\u00e9s que nous avions d\u00e9finies pour Arval Beyond r\u00e9pondaient parfaitement aux besoins de nos clients. Arval est encore plus fort aujourd&rsquo;hui et se distingue en termes de performance, d\u2019esprit pionnier et d&rsquo;ambition RSE sur le march\u00e9. Je suis tr\u00e8s confiant pour cette ann\u00e9e, nous avons de nombreux projets et initiatives \u00e0 venir. L&rsquo;investissement que nous faisons aujourd&rsquo;hui renforcera encore notre position en 2021 et pour les ann\u00e9es \u00e0 venir, et nous avons pour objectif cette ann\u00e9e de d\u00e9passer la performance de 2020 en termes de croissance de la flotte\u00a0\u00bb,<\/em> d\u00e9clare Alain van Groenendael, Pr\u00e9sident et Directeur G\u00e9n\u00e9ral d&rsquo;Arval.<\/div>\n<p><strong><em>En compl\u00e9ment de ses r\u00e9sultats d&rsquo;activit\u00e9 en 2020, Arval communiquera \u00e0 la presse ses r\u00e9sultats financiers annuels le 10 mars 2021.<\/em><\/strong><\/p>\n<p><strong>Arval Belgique, une affaire qui roule !<\/strong><\/p>\n<div>\nArval Belgique annonce malgr\u00e9 la pand\u00e9mie de Covid-19 une belle croissance de 7,9 % et passe presque la barre des 82.000 v\u00e9hicules fin 2020. Ce beau r\u00e9sultat a notamment \u00e9t\u00e9 port\u00e9 par la progression des immatriculations EV et PHEV. En effet, Arval note une augmentation de 93% par rapport \u00e0 2019 en ce qui concerne la part des v\u00e9hicules 100% \u00e9lectriques dans ses immatriculations et une augmentation de 122% en ce qui concerne les v\u00e9hicules hybrides.<\/div>\n<p>&nbsp;<\/p>\n<div>Sans oublier, la progression exponentielle de produits de mobilit\u00e9 existants tel qu\u2019Arval Bike Lease avec une croissance de +71% de la flotte de v\u00e9los.<\/div>\n<p>&nbsp;<\/p>\n<div>2021 vient de commencer et Arval Belgique s\u2019impose comme l\u2019un des fournisseurs incontournables de solutions de mobilit\u00e9 durable int\u00e9grant la voiture. Arval Belgique continue de renforcer et d\u00e9velopper ses offres, ses produits et ses \u00e9quipes et se veut toujours plus innovante et digitale. Laurent Loncke, general manager d\u2019Arval Belgique ajoute : <em>\u00ab Nous soutenons nos clients depuis un certain temps en termes de transition \u00e9nerg\u00e9tique et de mix mobilit\u00e9 avec notre approche SMaRT et nos experts Consulting. Notre offre, tr\u00e8s compl\u00e8te, r\u00e9pond \u00e0 la demande de multi modalit\u00e9 et d\u2019\u00e9lectrification. 2021 sera encore une tr\u00e8s belle ann\u00e9e marqu\u00e9e par notre envie de changer la donne et d\u2019apporter une dimension davantage responsable ! \u00bb<\/em><\/div>\n<p><em>*Taux de croissance fin de p\u00e9riode 2019-2020 sur une base comparable.<br \/>\n** location longue dur\u00e9e multimarque<\/em><\/p>\n","protected":false},"excerpt":{"rendered":"<p>En 2020, la flotte lou\u00e9e d\u2019Arval a connu une croissance de 6,4\u00a0%* par rapport \u00e0 2019, pour atteindre 1 381 555 v\u00e9hicules. La flotte des clients entreprises a atteint le million de v\u00e9hicules en 2020. La flotte Retail (petites, moyennes entreprises et particuliers) a connu une croissance de 15,7 %, dont 100 000 v\u00e9hicules lou\u00e9s [&hellip;]<\/p>\n","protected":false},"author":4,"featured_media":3699,"comment_status":"closed","ping_status":"closed","sticky":false,"template":"","format":"standard","meta":{"_acf_changed":false,"footnotes":""},"categories":[91,79],"tags":[],"class_list":["post-3698","post","type-post","status-publish","format-standard","has-post-thumbnail","hentry","category-expertise-et-management","category-societes-de-leasing"],"acf":[],"yoast_head":"<!-- This site is optimized with the Yoast SEO plugin v27.3 - https:\/\/yoast.com\/product\/yoast-seo-wordpress\/ -->\n<title>2020, une ann\u00e9e de croissance r\u00e9ussie pour Arval - link2fleet<\/title>\n<meta name=\"description\" content=\"Arval est le sp\u00e9cialiste de la location longue dur\u00e9e de v\u00e9hicules et des nouvelles solutions de mobilit\u00e9 durable. Gr\u00e2ce \u00e0 la qualit\u00e9 de ses services,\u2026\" \/>\n<meta name=\"robots\" content=\"index, follow, max-snippet:-1, max-image-preview:large, max-video-preview:-1\" \/>\n<meta property=\"og:locale\" content=\"fr_FR\" \/>\n<meta property=\"og:type\" content=\"article\" \/>\n<meta property=\"og:title\" content=\"2020, une ann\u00e9e de croissance r\u00e9ussie pour Arval - link2fleet\" \/>\n<meta property=\"og:description\" content=\"Arval est le sp\u00e9cialiste de la location longue dur\u00e9e de v\u00e9hicules et des nouvelles solutions de mobilit\u00e9 durable. Gr\u00e2ce \u00e0 la qualit\u00e9 de ses services,\u2026\" \/>\n<meta property=\"og:url\" content=\"https:\/\/www.link2fleet.com\/fr\/2020-une-annee-de-croissance-reussie-pour-arval\/\" \/>\n<meta property=\"og:site_name\" content=\"link2fleet\" \/>\n<meta property=\"article:published_time\" content=\"2021-02-11T09:10:08+00:00\" \/>\n<meta property=\"article:modified_time\" content=\"2024-04-17T14:50:29+00:00\" \/>\n<meta property=\"og:image\" content=\"https:\/\/static.link2fleet.com\/wp-content\/uploads\/2024\/03\/arval-belgium.jpg\" \/>\n\t<meta property=\"og:image:width\" content=\"1024\" \/>\n\t<meta property=\"og:image:height\" content=\"680\" \/>\n\t<meta property=\"og:image:type\" content=\"image\/jpeg\" \/>\n<meta name=\"author\" content=\"Damien Malvetti\" \/>\n<meta name=\"twitter:card\" content=\"summary_large_image\" \/>\n<meta name=\"twitter:description\" content=\"Arval est le sp\u00e9cialiste de la location longue dur\u00e9e de v\u00e9hicules et des nouvelles solutions de mobilit\u00e9 durable. Gr\u00e2ce \u00e0 la qualit\u00e9 de ses services,\u2026\" \/>\n<meta name=\"twitter:label1\" content=\"\u00c9crit par\" \/>\n\t<meta name=\"twitter:data1\" content=\"Damien Malvetti\" \/>\n\t<meta name=\"twitter:label2\" content=\"Dur\u00e9e de lecture estim\u00e9e\" \/>\n\t<meta name=\"twitter:data2\" content=\"6 minutes\" \/>\n<script type=\"application\/ld+json\" class=\"yoast-schema-graph\">{\"@context\":\"https:\\\/\\\/schema.org\",\"@graph\":[{\"@type\":\"Article\",\"@id\":\"https:\\\/\\\/www.link2fleet.com\\\/fr\\\/2020-une-annee-de-croissance-reussie-pour-arval\\\/#article\",\"isPartOf\":{\"@id\":\"https:\\\/\\\/www.link2fleet.com\\\/fr\\\/2020-une-annee-de-croissance-reussie-pour-arval\\\/\"},\"author\":{\"name\":\"Damien Malvetti\",\"@id\":\"https:\\\/\\\/www.link2fleet.com\\\/fr\\\/#\\\/schema\\\/person\\\/027cd46113c78036b3809c9a054049da\"},\"headline\":\"2020, une ann\u00e9e de croissance r\u00e9ussie pour Arval\",\"datePublished\":\"2021-02-11T09:10:08+00:00\",\"dateModified\":\"2024-04-17T14:50:29+00:00\",\"mainEntityOfPage\":{\"@id\":\"https:\\\/\\\/www.link2fleet.com\\\/fr\\\/2020-une-annee-de-croissance-reussie-pour-arval\\\/\"},\"wordCount\":1230,\"publisher\":{\"@id\":\"https:\\\/\\\/www.link2fleet.com\\\/fr\\\/#organization\"},\"image\":{\"@id\":\"https:\\\/\\\/www.link2fleet.com\\\/fr\\\/2020-une-annee-de-croissance-reussie-pour-arval\\\/#primaryimage\"},\"thumbnailUrl\":\"https:\\\/\\\/static.link2fleet.com\\\/wp-content\\\/uploads\\\/2024\\\/03\\\/arval-belgium.jpg\",\"articleSection\":[\"Gestion de flotte\",\"Location long-terme\"],\"inLanguage\":\"fr-FR\"},{\"@type\":\"WebPage\",\"@id\":\"https:\\\/\\\/www.link2fleet.com\\\/fr\\\/2020-une-annee-de-croissance-reussie-pour-arval\\\/\",\"url\":\"https:\\\/\\\/www.link2fleet.com\\\/fr\\\/2020-une-annee-de-croissance-reussie-pour-arval\\\/\",\"name\":\"2020, une ann\u00e9e de croissance r\u00e9ussie pour Arval - link2fleet\",\"isPartOf\":{\"@id\":\"https:\\\/\\\/www.link2fleet.com\\\/fr\\\/#website\"},\"primaryImageOfPage\":{\"@id\":\"https:\\\/\\\/www.link2fleet.com\\\/fr\\\/2020-une-annee-de-croissance-reussie-pour-arval\\\/#primaryimage\"},\"image\":{\"@id\":\"https:\\\/\\\/www.link2fleet.com\\\/fr\\\/2020-une-annee-de-croissance-reussie-pour-arval\\\/#primaryimage\"},\"thumbnailUrl\":\"https:\\\/\\\/static.link2fleet.com\\\/wp-content\\\/uploads\\\/2024\\\/03\\\/arval-belgium.jpg\",\"datePublished\":\"2021-02-11T09:10:08+00:00\",\"dateModified\":\"2024-04-17T14:50:29+00:00\",\"breadcrumb\":{\"@id\":\"https:\\\/\\\/www.link2fleet.com\\\/fr\\\/2020-une-annee-de-croissance-reussie-pour-arval\\\/#breadcrumb\"},\"inLanguage\":\"fr-FR\",\"potentialAction\":[{\"@type\":\"ReadAction\",\"target\":[\"https:\\\/\\\/www.link2fleet.com\\\/fr\\\/2020-une-annee-de-croissance-reussie-pour-arval\\\/\"]}]},{\"@type\":\"ImageObject\",\"inLanguage\":\"fr-FR\",\"@id\":\"https:\\\/\\\/www.link2fleet.com\\\/fr\\\/2020-une-annee-de-croissance-reussie-pour-arval\\\/#primaryimage\",\"url\":\"https:\\\/\\\/static.link2fleet.com\\\/wp-content\\\/uploads\\\/2024\\\/03\\\/arval-belgium.jpg\",\"contentUrl\":\"https:\\\/\\\/static.link2fleet.com\\\/wp-content\\\/uploads\\\/2024\\\/03\\\/arval-belgium.jpg\",\"width\":1024,\"height\":680},{\"@type\":\"BreadcrumbList\",\"@id\":\"https:\\\/\\\/www.link2fleet.com\\\/fr\\\/2020-une-annee-de-croissance-reussie-pour-arval\\\/#breadcrumb\",\"itemListElement\":[{\"@type\":\"ListItem\",\"position\":1,\"name\":\"Home\",\"item\":\"https:\\\/\\\/www.link2fleet.com\\\/fr\\\/\"},{\"@type\":\"ListItem\",\"position\":2,\"name\":\"2020, une ann\u00e9e de croissance r\u00e9ussie pour Arval\"}]},{\"@type\":\"WebSite\",\"@id\":\"https:\\\/\\\/www.link2fleet.com\\\/fr\\\/#website\",\"url\":\"https:\\\/\\\/www.link2fleet.com\\\/fr\\\/\",\"name\":\"Link2fleet\",\"description\":\"\",\"publisher\":{\"@id\":\"https:\\\/\\\/www.link2fleet.com\\\/fr\\\/#organization\"},\"potentialAction\":[{\"@type\":\"SearchAction\",\"target\":{\"@type\":\"EntryPoint\",\"urlTemplate\":\"https:\\\/\\\/www.link2fleet.com\\\/fr\\\/?s={search_term_string}\"},\"query-input\":{\"@type\":\"PropertyValueSpecification\",\"valueRequired\":true,\"valueName\":\"search_term_string\"}}],\"inLanguage\":\"fr-FR\"},{\"@type\":\"Organization\",\"@id\":\"https:\\\/\\\/www.link2fleet.com\\\/fr\\\/#organization\",\"name\":\"Link2fleet\",\"url\":\"https:\\\/\\\/www.link2fleet.com\\\/fr\\\/\",\"logo\":{\"@type\":\"ImageObject\",\"inLanguage\":\"fr-FR\",\"@id\":\"https:\\\/\\\/www.link2fleet.com\\\/fr\\\/#\\\/schema\\\/logo\\\/image\\\/\",\"url\":\"https:\\\/\\\/static.link2fleet.com\\\/wp-content\\\/uploads\\\/2024\\\/03\\\/share-image.jpg\",\"contentUrl\":\"https:\\\/\\\/static.link2fleet.com\\\/wp-content\\\/uploads\\\/2024\\\/03\\\/share-image.jpg\",\"width\":1200,\"height\":630,\"caption\":\"Link2fleet\"},\"image\":{\"@id\":\"https:\\\/\\\/www.link2fleet.com\\\/fr\\\/#\\\/schema\\\/logo\\\/image\\\/\"},\"sameAs\":[\"https:\\\/\\\/www.linkedin.com\\\/company\\\/link2fleet-belgium\",\"https:\\\/\\\/www.youtube.com\\\/user\\\/MMMBMBE\"]},{\"@type\":\"Person\",\"@id\":\"https:\\\/\\\/www.link2fleet.com\\\/fr\\\/#\\\/schema\\\/person\\\/027cd46113c78036b3809c9a054049da\",\"name\":\"Damien Malvetti\",\"image\":{\"@type\":\"ImageObject\",\"inLanguage\":\"fr-FR\",\"@id\":\"https:\\\/\\\/secure.gravatar.com\\\/avatar\\\/dd8cc03b49466c735f753ac37f8caa371af16dfed347456ed61f02883255eebb?s=96&d=mm&r=g\",\"url\":\"https:\\\/\\\/secure.gravatar.com\\\/avatar\\\/dd8cc03b49466c735f753ac37f8caa371af16dfed347456ed61f02883255eebb?s=96&d=mm&r=g\",\"contentUrl\":\"https:\\\/\\\/secure.gravatar.com\\\/avatar\\\/dd8cc03b49466c735f753ac37f8caa371af16dfed347456ed61f02883255eebb?s=96&d=mm&r=g\",\"caption\":\"Damien Malvetti\"},\"description\":\"Damien Malvetti is opgeleid als journalist en gepassioneerd door wagens, technologie en mobiliteit. Hij is verantwoordelijk voor de redactionele inhoud van link2fleet en beschikt over een uitgebreide kennis van de fleet-sector en elektrische mobiliteit.\",\"sameAs\":[\"https:\\\/\\\/www.linkedin.com\\\/in\\\/damien-malvetti-56601142\\\/\"]}]}<\/script>\n<!-- \/ Yoast SEO plugin. -->","yoast_head_json":{"title":"2020, une ann\u00e9e de croissance r\u00e9ussie pour Arval - link2fleet","description":"Arval est le sp\u00e9cialiste de la location longue dur\u00e9e de v\u00e9hicules et des nouvelles solutions de mobilit\u00e9 durable. Gr\u00e2ce \u00e0 la qualit\u00e9 de ses services,\u2026","robots":{"index":"index","follow":"follow","max-snippet":"max-snippet:-1","max-image-preview":"max-image-preview:large","max-video-preview":"max-video-preview:-1"},"og_locale":"fr_FR","og_type":"article","og_title":"2020, une ann\u00e9e de croissance r\u00e9ussie pour Arval - link2fleet","og_description":"Arval est le sp\u00e9cialiste de la location longue dur\u00e9e de v\u00e9hicules et des nouvelles solutions de mobilit\u00e9 durable. Gr\u00e2ce \u00e0 la qualit\u00e9 de ses services,\u2026","og_url":"https:\/\/www.link2fleet.com\/fr\/2020-une-annee-de-croissance-reussie-pour-arval\/","og_site_name":"link2fleet","article_published_time":"2021-02-11T09:10:08+00:00","article_modified_time":"2024-04-17T14:50:29+00:00","og_image":[{"width":1024,"height":680,"url":"https:\/\/static.link2fleet.com\/wp-content\/uploads\/2024\/03\/arval-belgium.jpg","type":"image\/jpeg"}],"author":"Damien Malvetti","twitter_card":"summary_large_image","twitter_description":"Arval est le sp\u00e9cialiste de la location longue dur\u00e9e de v\u00e9hicules et des nouvelles solutions de mobilit\u00e9 durable. Gr\u00e2ce \u00e0 la qualit\u00e9 de ses services,\u2026","twitter_misc":{"\u00c9crit par":"Damien Malvetti","Dur\u00e9e de lecture estim\u00e9e":"6 minutes"},"schema":{"@context":"https:\/\/schema.org","@graph":[{"@type":"Article","@id":"https:\/\/www.link2fleet.com\/fr\/2020-une-annee-de-croissance-reussie-pour-arval\/#article","isPartOf":{"@id":"https:\/\/www.link2fleet.com\/fr\/2020-une-annee-de-croissance-reussie-pour-arval\/"},"author":{"name":"Damien Malvetti","@id":"https:\/\/www.link2fleet.com\/fr\/#\/schema\/person\/027cd46113c78036b3809c9a054049da"},"headline":"2020, une ann\u00e9e de croissance r\u00e9ussie pour Arval","datePublished":"2021-02-11T09:10:08+00:00","dateModified":"2024-04-17T14:50:29+00:00","mainEntityOfPage":{"@id":"https:\/\/www.link2fleet.com\/fr\/2020-une-annee-de-croissance-reussie-pour-arval\/"},"wordCount":1230,"publisher":{"@id":"https:\/\/www.link2fleet.com\/fr\/#organization"},"image":{"@id":"https:\/\/www.link2fleet.com\/fr\/2020-une-annee-de-croissance-reussie-pour-arval\/#primaryimage"},"thumbnailUrl":"https:\/\/static.link2fleet.com\/wp-content\/uploads\/2024\/03\/arval-belgium.jpg","articleSection":["Gestion de flotte","Location long-terme"],"inLanguage":"fr-FR"},{"@type":"WebPage","@id":"https:\/\/www.link2fleet.com\/fr\/2020-une-annee-de-croissance-reussie-pour-arval\/","url":"https:\/\/www.link2fleet.com\/fr\/2020-une-annee-de-croissance-reussie-pour-arval\/","name":"2020, une ann\u00e9e de croissance r\u00e9ussie pour Arval - link2fleet","isPartOf":{"@id":"https:\/\/www.link2fleet.com\/fr\/#website"},"primaryImageOfPage":{"@id":"https:\/\/www.link2fleet.com\/fr\/2020-une-annee-de-croissance-reussie-pour-arval\/#primaryimage"},"image":{"@id":"https:\/\/www.link2fleet.com\/fr\/2020-une-annee-de-croissance-reussie-pour-arval\/#primaryimage"},"thumbnailUrl":"https:\/\/static.link2fleet.com\/wp-content\/uploads\/2024\/03\/arval-belgium.jpg","datePublished":"2021-02-11T09:10:08+00:00","dateModified":"2024-04-17T14:50:29+00:00","breadcrumb":{"@id":"https:\/\/www.link2fleet.com\/fr\/2020-une-annee-de-croissance-reussie-pour-arval\/#breadcrumb"},"inLanguage":"fr-FR","potentialAction":[{"@type":"ReadAction","target":["https:\/\/www.link2fleet.com\/fr\/2020-une-annee-de-croissance-reussie-pour-arval\/"]}]},{"@type":"ImageObject","inLanguage":"fr-FR","@id":"https:\/\/www.link2fleet.com\/fr\/2020-une-annee-de-croissance-reussie-pour-arval\/#primaryimage","url":"https:\/\/static.link2fleet.com\/wp-content\/uploads\/2024\/03\/arval-belgium.jpg","contentUrl":"https:\/\/static.link2fleet.com\/wp-content\/uploads\/2024\/03\/arval-belgium.jpg","width":1024,"height":680},{"@type":"BreadcrumbList","@id":"https:\/\/www.link2fleet.com\/fr\/2020-une-annee-de-croissance-reussie-pour-arval\/#breadcrumb","itemListElement":[{"@type":"ListItem","position":1,"name":"Home","item":"https:\/\/www.link2fleet.com\/fr\/"},{"@type":"ListItem","position":2,"name":"2020, une ann\u00e9e de croissance r\u00e9ussie pour Arval"}]},{"@type":"WebSite","@id":"https:\/\/www.link2fleet.com\/fr\/#website","url":"https:\/\/www.link2fleet.com\/fr\/","name":"Link2fleet","description":"","publisher":{"@id":"https:\/\/www.link2fleet.com\/fr\/#organization"},"potentialAction":[{"@type":"SearchAction","target":{"@type":"EntryPoint","urlTemplate":"https:\/\/www.link2fleet.com\/fr\/?s={search_term_string}"},"query-input":{"@type":"PropertyValueSpecification","valueRequired":true,"valueName":"search_term_string"}}],"inLanguage":"fr-FR"},{"@type":"Organization","@id":"https:\/\/www.link2fleet.com\/fr\/#organization","name":"Link2fleet","url":"https:\/\/www.link2fleet.com\/fr\/","logo":{"@type":"ImageObject","inLanguage":"fr-FR","@id":"https:\/\/www.link2fleet.com\/fr\/#\/schema\/logo\/image\/","url":"https:\/\/static.link2fleet.com\/wp-content\/uploads\/2024\/03\/share-image.jpg","contentUrl":"https:\/\/static.link2fleet.com\/wp-content\/uploads\/2024\/03\/share-image.jpg","width":1200,"height":630,"caption":"Link2fleet"},"image":{"@id":"https:\/\/www.link2fleet.com\/fr\/#\/schema\/logo\/image\/"},"sameAs":["https:\/\/www.linkedin.com\/company\/link2fleet-belgium","https:\/\/www.youtube.com\/user\/MMMBMBE"]},{"@type":"Person","@id":"https:\/\/www.link2fleet.com\/fr\/#\/schema\/person\/027cd46113c78036b3809c9a054049da","name":"Damien Malvetti","image":{"@type":"ImageObject","inLanguage":"fr-FR","@id":"https:\/\/secure.gravatar.com\/avatar\/dd8cc03b49466c735f753ac37f8caa371af16dfed347456ed61f02883255eebb?s=96&d=mm&r=g","url":"https:\/\/secure.gravatar.com\/avatar\/dd8cc03b49466c735f753ac37f8caa371af16dfed347456ed61f02883255eebb?s=96&d=mm&r=g","contentUrl":"https:\/\/secure.gravatar.com\/avatar\/dd8cc03b49466c735f753ac37f8caa371af16dfed347456ed61f02883255eebb?s=96&d=mm&r=g","caption":"Damien Malvetti"},"description":"Damien Malvetti is opgeleid als journalist en gepassioneerd door wagens, technologie en mobiliteit. Hij is verantwoordelijk voor de redactionele inhoud van link2fleet en beschikt over een uitgebreide kennis van de fleet-sector en elektrische mobiliteit.","sameAs":["https:\/\/www.linkedin.com\/in\/damien-malvetti-56601142\/"]}]}},"_links":{"self":[{"href":"https:\/\/www.link2fleet.com\/fr\/wp-json\/wp\/v2\/posts\/3698","targetHints":{"allow":["GET"]}}],"collection":[{"href":"https:\/\/www.link2fleet.com\/fr\/wp-json\/wp\/v2\/posts"}],"about":[{"href":"https:\/\/www.link2fleet.com\/fr\/wp-json\/wp\/v2\/types\/post"}],"author":[{"embeddable":true,"href":"https:\/\/www.link2fleet.com\/fr\/wp-json\/wp\/v2\/users\/4"}],"replies":[{"embeddable":true,"href":"https:\/\/www.link2fleet.com\/fr\/wp-json\/wp\/v2\/comments?post=3698"}],"version-history":[{"count":0,"href":"https:\/\/www.link2fleet.com\/fr\/wp-json\/wp\/v2\/posts\/3698\/revisions"}],"wp:featuredmedia":[{"embeddable":true,"href":"https:\/\/www.link2fleet.com\/fr\/wp-json\/wp\/v2\/media\/3699"}],"wp:attachment":[{"href":"https:\/\/www.link2fleet.com\/fr\/wp-json\/wp\/v2\/media?parent=3698"}],"wp:term":[{"taxonomy":"category","embeddable":true,"href":"https:\/\/www.link2fleet.com\/fr\/wp-json\/wp\/v2\/categories?post=3698"},{"taxonomy":"post_tag","embeddable":true,"href":"https:\/\/www.link2fleet.com\/fr\/wp-json\/wp\/v2\/tags?post=3698"}],"curies":[{"name":"wp","href":"https:\/\/api.w.org\/{rel}","templated":true}]}}