{"id":3704,"date":"2021-02-12T07:16:14","date_gmt":"2021-02-12T06:16:14","guid":{"rendered":"https:\/\/www.link2fleet.com\/febiac-renta-et-traxio-sunissent-au-sein-de-mobia\/"},"modified":"2021-02-12T07:16:14","modified_gmt":"2021-02-12T06:16:14","slug":"febiac-renta-et-traxio-sunissent-au-sein-de-mobia","status":"publish","type":"post","link":"https:\/\/www.link2fleet.com\/fr\/febiac-renta-et-traxio-sunissent-au-sein-de-mobia\/","title":{"rendered":"Febiac, Renta et Traxio s\u2019unissent au sein de Mobia"},"content":{"rendered":"<p><span lang=\"FR-BE\">Mobia ne constitue pas une fusion mais fait office de coupole qui permettra aux 3 f\u00e9d\u00e9rations de travailler conjointement et plus \u00e9troitement sur l\u2019int\u00e9gralit\u00e9 de leurs th\u00e9matiques communes. Chacune des trois f\u00e9d\u00e9rations fondatrices conserve donc sa propre identit\u00e9 et son organisation parall\u00e8lement \u00e0 son implication dans Mobia.<\/span><\/p>\n<h2>Combinaison de forces<\/h2>\n<p>Mobia entend proc\u00e9der \u00e0 une cr\u00e9ation de valeur ajout\u00e9e suppl\u00e9mentaire pour ses membres respectifs, pour leurs clients mais aussi pour la soci\u00e9t\u00e9 de mani\u00e8re g\u00e9n\u00e9rale et ce, gr\u00e2ce aux forces et au savoir-faire combin\u00e9s de Febiac, Renta et Traxio. Mobia fera ainsi office d\u2019interlocuteur pour les diff\u00e9rentes parties prenantes ext\u00e9rieures dans toutes les mati\u00e8res d\u2019int\u00e9r\u00eat commun aux 3 organisations.<\/p>\n<blockquote>\n<div><span class=\"Quotebold\"><strong>Fran\u00e7ois-Xavier Dubois<\/strong>, D\u00e9l\u00e9gu\u00e9 \u00e0 la gestion journali\u00e8re <\/span>: \u201cMobia se d\u00e9veloppera en une puissante plate-forme centralis\u00e9e pour l&rsquo;analyse des data et des \u00e9volutions de la mobilit\u00e9. Nous formulerons \u00e9galement une vision pour une fiscalit\u00e9 de la mobilit\u00e9 plus durable et adapt\u00e9e aux besoins de notre \u00e9poque.\u201d<\/div>\n<\/blockquote>\n<div>\n<blockquote>\n<div><b>Stefan Delaet, Pr\u00e9sident de Mobia : <\/b>\u201cMobia suivra \u00e9galement de pr\u00e8s les \u00e9volutions sociales et techniques et s&rsquo;y impliquera. Par exemple, la relation entre \u00ab\u00a0le produit de mobilit\u00e9\u00a0\u00bb et \u00ab\u00a0le service de mobilit\u00e9\u00a0\u00bb devient floue. Au sein de Mobia, nous allons donc mettre en place une unit\u00e9 \u00ab\u00a0Smart Mobility\u00a0\u00bb au sein de laquelle nous allons r\u00e9agir fortement \u00e0 cette tendance pour aider \u00e0 en fa\u00e7onner la base du soutien social et \u00e0 fournir la meilleure pr\u00e9paration et les meilleurs services possibles \u00e0 nos membres. L&rsquo;attention port\u00e9e \u00e0 la durabilit\u00e9 sera \u00e9galement le fil rouge de tous nos projets.\u201d<\/div>\n<\/blockquote>\n<div>\n<h2>Domaines d\u2019action communs<\/h2>\n<p>Mobia combinera les forces des trois f\u00e9d\u00e9rations autour de diff\u00e9rents domaines sur lesquels Febiac, Renta et Traxio ont d\u00e9j\u00e0 pu collaborer par le pass\u00e9, tels notamment la communication et la formation. D\u2019autres domaines d\u2019activit\u00e9 \u00e9tofferont cette liste au fil du temps, selon les \u00e9volutions du march\u00e9 et les attentes sp\u00e9cifiques aux membres respectifs de Mobia. En outre, la Commission de conciliation AUTO-MOTO, mise en place par FEBIAC et TRAXIO, fait \u00e9galement partie int\u00e9grante de Mobia.<br \/>\nStefan Delaet, pr\u00e9sident de Renta, pr\u00e9sidera Mobia durant les deux premi\u00e8res ann\u00e9es. Philippe Dehennin et Didier Perwez, respectivement Pr\u00e9sidents de Febiac et de Traxio, en sont les vice-pr\u00e9sidents. La gestion journali\u00e8re de Mobia est plac\u00e9e entre les mains de Fran\u00e7ois-Xavier Dubois. Luc De Moor agira quant \u00e0 lui en tant que mod\u00e9rateur. Le conseil d&rsquo;administration de Mobia est compos\u00e9 de 9 administrateurs, 3 de chaque membre fondateur. La pr\u00e9sidence de Mobia changera tous les 2 ans entre les 3 f\u00e9d\u00e9rations. Les fonds de fonctionnement de Mobia proviennent des 3 f\u00e9d\u00e9rations fondatrices.<\/p>\n<\/div>\n<\/div>\n<p>&nbsp;<\/p>\n<p><a href=\"https:\/\/www.link2fleet.com\/wp-content\/uploads\/2021\/02\/mobia.png\"><img loading=\"lazy\" decoding=\"async\" class=\"aligncenter size-large wp-image-1265861\" src=\"https:\/\/www.link2fleet.com\/wp-content\/uploads\/2021\/02\/mobia-1024x329.png\" alt=\"\" width=\"640\" height=\"206\" \/><\/a><\/p>\n","protected":false},"excerpt":{"rendered":"<p>Mobia ne constitue pas une fusion mais fait office de coupole qui permettra aux 3 f\u00e9d\u00e9rations de travailler conjointement et plus \u00e9troitement sur l\u2019int\u00e9gralit\u00e9 de leurs th\u00e9matiques communes. Chacune des trois f\u00e9d\u00e9rations fondatrices conserve donc sa propre identit\u00e9 et son organisation parall\u00e8lement \u00e0 son implication dans Mobia. Combinaison de forces Mobia entend proc\u00e9der \u00e0 une [&hellip;]<\/p>\n","protected":false},"author":4,"featured_media":3705,"comment_status":"closed","ping_status":"closed","sticky":false,"template":"","format":"standard","meta":{"_acf_changed":false,"footnotes":""},"categories":[95,91],"tags":[],"class_list":["post-3704","post","type-post","status-publish","format-standard","has-post-thumbnail","hentry","category-organisations-professionnelles-federations-experts","category-expertise-et-management"],"acf":[],"yoast_head":"<!-- This site is optimized with the Yoast SEO plugin v27.3 - https:\/\/yoast.com\/product\/yoast-seo-wordpress\/ -->\n<title>Febiac, Renta et Traxio s\u2019unissent au sein de Mobia - link2fleet<\/title>\n<meta name=\"description\" content=\"A la date symbolique du 14 f\u00e9vrier 2021, Febiac, Renta et Traxio vont s&rsquo;unir au sein de \u00ab\u00a0Mobia\u00a0\u00bb. Cette coupole permettra aux trois f\u00e9d\u00e9rations d&rsquo;\u00e9laborer,\u2026\" \/>\n<meta name=\"robots\" content=\"index, follow, max-snippet:-1, max-image-preview:large, max-video-preview:-1\" \/>\n<meta property=\"og:locale\" content=\"fr_FR\" \/>\n<meta property=\"og:type\" content=\"article\" \/>\n<meta property=\"og:title\" content=\"Febiac, Renta et Traxio s\u2019unissent au sein de Mobia - link2fleet\" \/>\n<meta property=\"og:description\" content=\"A la date symbolique du 14 f\u00e9vrier 2021, Febiac, Renta et Traxio vont s&rsquo;unir au sein de \u00ab\u00a0Mobia\u00a0\u00bb. Cette coupole permettra aux trois f\u00e9d\u00e9rations d&rsquo;\u00e9laborer,\u2026\" \/>\n<meta property=\"og:url\" content=\"https:\/\/www.link2fleet.com\/fr\/febiac-renta-et-traxio-sunissent-au-sein-de-mobia\/\" \/>\n<meta property=\"og:site_name\" content=\"link2fleet\" \/>\n<meta property=\"article:published_time\" content=\"2021-02-12T06:16:14+00:00\" \/>\n<meta property=\"og:image\" content=\"https:\/\/static.link2fleet.com\/wp-content\/uploads\/2024\/03\/new-project-8.png\" \/>\n\t<meta property=\"og:image:width\" content=\"536\" \/>\n\t<meta property=\"og:image:height\" content=\"352\" \/>\n\t<meta property=\"og:image:type\" content=\"image\/png\" \/>\n<meta name=\"author\" content=\"Damien Malvetti\" \/>\n<meta name=\"twitter:card\" content=\"summary_large_image\" \/>\n<meta name=\"twitter:description\" content=\"A la date symbolique du 14 f\u00e9vrier 2021, Febiac, Renta et Traxio vont s&rsquo;unir au sein de \u00ab\u00a0Mobia\u00a0\u00bb. Cette coupole permettra aux trois f\u00e9d\u00e9rations d&rsquo;\u00e9laborer,\u2026\" \/>\n<meta name=\"twitter:label1\" content=\"\u00c9crit par\" \/>\n\t<meta name=\"twitter:data1\" content=\"Damien Malvetti\" \/>\n\t<meta name=\"twitter:label2\" content=\"Dur\u00e9e de lecture estim\u00e9e\" \/>\n\t<meta name=\"twitter:data2\" content=\"2 minutes\" \/>\n<script type=\"application\/ld+json\" class=\"yoast-schema-graph\">{\"@context\":\"https:\\\/\\\/schema.org\",\"@graph\":[{\"@type\":\"Article\",\"@id\":\"https:\\\/\\\/www.link2fleet.com\\\/fr\\\/febiac-renta-et-traxio-sunissent-au-sein-de-mobia\\\/#article\",\"isPartOf\":{\"@id\":\"https:\\\/\\\/www.link2fleet.com\\\/fr\\\/febiac-renta-et-traxio-sunissent-au-sein-de-mobia\\\/\"},\"author\":{\"name\":\"Damien Malvetti\",\"@id\":\"https:\\\/\\\/www.link2fleet.com\\\/fr\\\/#\\\/schema\\\/person\\\/027cd46113c78036b3809c9a054049da\"},\"headline\":\"Febiac, Renta et Traxio s\u2019unissent au sein de Mobia\",\"datePublished\":\"2021-02-12T06:16:14+00:00\",\"mainEntityOfPage\":{\"@id\":\"https:\\\/\\\/www.link2fleet.com\\\/fr\\\/febiac-renta-et-traxio-sunissent-au-sein-de-mobia\\\/\"},\"wordCount\":481,\"publisher\":{\"@id\":\"https:\\\/\\\/www.link2fleet.com\\\/fr\\\/#organization\"},\"image\":{\"@id\":\"https:\\\/\\\/www.link2fleet.com\\\/fr\\\/febiac-renta-et-traxio-sunissent-au-sein-de-mobia\\\/#primaryimage\"},\"thumbnailUrl\":\"https:\\\/\\\/static.link2fleet.com\\\/wp-content\\\/uploads\\\/2024\\\/03\\\/new-project-8.png\",\"articleSection\":[\"Expertise et f\u00e9d\u00e9rations\",\"Gestion de flotte\"],\"inLanguage\":\"fr-FR\"},{\"@type\":\"WebPage\",\"@id\":\"https:\\\/\\\/www.link2fleet.com\\\/fr\\\/febiac-renta-et-traxio-sunissent-au-sein-de-mobia\\\/\",\"url\":\"https:\\\/\\\/www.link2fleet.com\\\/fr\\\/febiac-renta-et-traxio-sunissent-au-sein-de-mobia\\\/\",\"name\":\"Febiac, Renta et Traxio s\u2019unissent au sein de Mobia - link2fleet\",\"isPartOf\":{\"@id\":\"https:\\\/\\\/www.link2fleet.com\\\/fr\\\/#website\"},\"primaryImageOfPage\":{\"@id\":\"https:\\\/\\\/www.link2fleet.com\\\/fr\\\/febiac-renta-et-traxio-sunissent-au-sein-de-mobia\\\/#primaryimage\"},\"image\":{\"@id\":\"https:\\\/\\\/www.link2fleet.com\\\/fr\\\/febiac-renta-et-traxio-sunissent-au-sein-de-mobia\\\/#primaryimage\"},\"thumbnailUrl\":\"https:\\\/\\\/static.link2fleet.com\\\/wp-content\\\/uploads\\\/2024\\\/03\\\/new-project-8.png\",\"datePublished\":\"2021-02-12T06:16:14+00:00\",\"breadcrumb\":{\"@id\":\"https:\\\/\\\/www.link2fleet.com\\\/fr\\\/febiac-renta-et-traxio-sunissent-au-sein-de-mobia\\\/#breadcrumb\"},\"inLanguage\":\"fr-FR\",\"potentialAction\":[{\"@type\":\"ReadAction\",\"target\":[\"https:\\\/\\\/www.link2fleet.com\\\/fr\\\/febiac-renta-et-traxio-sunissent-au-sein-de-mobia\\\/\"]}]},{\"@type\":\"ImageObject\",\"inLanguage\":\"fr-FR\",\"@id\":\"https:\\\/\\\/www.link2fleet.com\\\/fr\\\/febiac-renta-et-traxio-sunissent-au-sein-de-mobia\\\/#primaryimage\",\"url\":\"https:\\\/\\\/static.link2fleet.com\\\/wp-content\\\/uploads\\\/2024\\\/03\\\/new-project-8.png\",\"contentUrl\":\"https:\\\/\\\/static.link2fleet.com\\\/wp-content\\\/uploads\\\/2024\\\/03\\\/new-project-8.png\",\"width\":536,\"height\":352,\"caption\":\"|\"},{\"@type\":\"BreadcrumbList\",\"@id\":\"https:\\\/\\\/www.link2fleet.com\\\/fr\\\/febiac-renta-et-traxio-sunissent-au-sein-de-mobia\\\/#breadcrumb\",\"itemListElement\":[{\"@type\":\"ListItem\",\"position\":1,\"name\":\"Home\",\"item\":\"https:\\\/\\\/www.link2fleet.com\\\/fr\\\/\"},{\"@type\":\"ListItem\",\"position\":2,\"name\":\"Febiac, Renta et Traxio s\u2019unissent au sein de Mobia\"}]},{\"@type\":\"WebSite\",\"@id\":\"https:\\\/\\\/www.link2fleet.com\\\/fr\\\/#website\",\"url\":\"https:\\\/\\\/www.link2fleet.com\\\/fr\\\/\",\"name\":\"Link2fleet\",\"description\":\"\",\"publisher\":{\"@id\":\"https:\\\/\\\/www.link2fleet.com\\\/fr\\\/#organization\"},\"potentialAction\":[{\"@type\":\"SearchAction\",\"target\":{\"@type\":\"EntryPoint\",\"urlTemplate\":\"https:\\\/\\\/www.link2fleet.com\\\/fr\\\/?s={search_term_string}\"},\"query-input\":{\"@type\":\"PropertyValueSpecification\",\"valueRequired\":true,\"valueName\":\"search_term_string\"}}],\"inLanguage\":\"fr-FR\"},{\"@type\":\"Organization\",\"@id\":\"https:\\\/\\\/www.link2fleet.com\\\/fr\\\/#organization\",\"name\":\"Link2fleet\",\"url\":\"https:\\\/\\\/www.link2fleet.com\\\/fr\\\/\",\"logo\":{\"@type\":\"ImageObject\",\"inLanguage\":\"fr-FR\",\"@id\":\"https:\\\/\\\/www.link2fleet.com\\\/fr\\\/#\\\/schema\\\/logo\\\/image\\\/\",\"url\":\"https:\\\/\\\/static.link2fleet.com\\\/wp-content\\\/uploads\\\/2024\\\/03\\\/share-image.jpg\",\"contentUrl\":\"https:\\\/\\\/static.link2fleet.com\\\/wp-content\\\/uploads\\\/2024\\\/03\\\/share-image.jpg\",\"width\":1200,\"height\":630,\"caption\":\"Link2fleet\"},\"image\":{\"@id\":\"https:\\\/\\\/www.link2fleet.com\\\/fr\\\/#\\\/schema\\\/logo\\\/image\\\/\"},\"sameAs\":[\"https:\\\/\\\/www.linkedin.com\\\/company\\\/link2fleet-belgium\",\"https:\\\/\\\/www.youtube.com\\\/user\\\/MMMBMBE\"]},{\"@type\":\"Person\",\"@id\":\"https:\\\/\\\/www.link2fleet.com\\\/fr\\\/#\\\/schema\\\/person\\\/027cd46113c78036b3809c9a054049da\",\"name\":\"Damien Malvetti\",\"image\":{\"@type\":\"ImageObject\",\"inLanguage\":\"fr-FR\",\"@id\":\"https:\\\/\\\/secure.gravatar.com\\\/avatar\\\/dd8cc03b49466c735f753ac37f8caa371af16dfed347456ed61f02883255eebb?s=96&d=mm&r=g\",\"url\":\"https:\\\/\\\/secure.gravatar.com\\\/avatar\\\/dd8cc03b49466c735f753ac37f8caa371af16dfed347456ed61f02883255eebb?s=96&d=mm&r=g\",\"contentUrl\":\"https:\\\/\\\/secure.gravatar.com\\\/avatar\\\/dd8cc03b49466c735f753ac37f8caa371af16dfed347456ed61f02883255eebb?s=96&d=mm&r=g\",\"caption\":\"Damien Malvetti\"},\"description\":\"Damien Malvetti is opgeleid als journalist en gepassioneerd door wagens, technologie en mobiliteit. Hij is verantwoordelijk voor de redactionele inhoud van link2fleet en beschikt over een uitgebreide kennis van de fleet-sector en elektrische mobiliteit.\",\"sameAs\":[\"https:\\\/\\\/www.linkedin.com\\\/in\\\/damien-malvetti-56601142\\\/\"]}]}<\/script>\n<!-- \/ Yoast SEO plugin. -->","yoast_head_json":{"title":"Febiac, Renta et Traxio s\u2019unissent au sein de Mobia - link2fleet","description":"A la date symbolique du 14 f\u00e9vrier 2021, Febiac, Renta et Traxio vont s&rsquo;unir au sein de \u00ab\u00a0Mobia\u00a0\u00bb. Cette coupole permettra aux trois f\u00e9d\u00e9rations d&rsquo;\u00e9laborer,\u2026","robots":{"index":"index","follow":"follow","max-snippet":"max-snippet:-1","max-image-preview":"max-image-preview:large","max-video-preview":"max-video-preview:-1"},"og_locale":"fr_FR","og_type":"article","og_title":"Febiac, Renta et Traxio s\u2019unissent au sein de Mobia - link2fleet","og_description":"A la date symbolique du 14 f\u00e9vrier 2021, Febiac, Renta et Traxio vont s&rsquo;unir au sein de \u00ab\u00a0Mobia\u00a0\u00bb. Cette coupole permettra aux trois f\u00e9d\u00e9rations d&rsquo;\u00e9laborer,\u2026","og_url":"https:\/\/www.link2fleet.com\/fr\/febiac-renta-et-traxio-sunissent-au-sein-de-mobia\/","og_site_name":"link2fleet","article_published_time":"2021-02-12T06:16:14+00:00","og_image":[{"width":536,"height":352,"url":"https:\/\/static.link2fleet.com\/wp-content\/uploads\/2024\/03\/new-project-8.png","type":"image\/png"}],"author":"Damien Malvetti","twitter_card":"summary_large_image","twitter_description":"A la date symbolique du 14 f\u00e9vrier 2021, Febiac, Renta et Traxio vont s&rsquo;unir au sein de \u00ab\u00a0Mobia\u00a0\u00bb. Cette coupole permettra aux trois f\u00e9d\u00e9rations d&rsquo;\u00e9laborer,\u2026","twitter_misc":{"\u00c9crit par":"Damien Malvetti","Dur\u00e9e de lecture estim\u00e9e":"2 minutes"},"schema":{"@context":"https:\/\/schema.org","@graph":[{"@type":"Article","@id":"https:\/\/www.link2fleet.com\/fr\/febiac-renta-et-traxio-sunissent-au-sein-de-mobia\/#article","isPartOf":{"@id":"https:\/\/www.link2fleet.com\/fr\/febiac-renta-et-traxio-sunissent-au-sein-de-mobia\/"},"author":{"name":"Damien Malvetti","@id":"https:\/\/www.link2fleet.com\/fr\/#\/schema\/person\/027cd46113c78036b3809c9a054049da"},"headline":"Febiac, Renta et Traxio s\u2019unissent au sein de Mobia","datePublished":"2021-02-12T06:16:14+00:00","mainEntityOfPage":{"@id":"https:\/\/www.link2fleet.com\/fr\/febiac-renta-et-traxio-sunissent-au-sein-de-mobia\/"},"wordCount":481,"publisher":{"@id":"https:\/\/www.link2fleet.com\/fr\/#organization"},"image":{"@id":"https:\/\/www.link2fleet.com\/fr\/febiac-renta-et-traxio-sunissent-au-sein-de-mobia\/#primaryimage"},"thumbnailUrl":"https:\/\/static.link2fleet.com\/wp-content\/uploads\/2024\/03\/new-project-8.png","articleSection":["Expertise et f\u00e9d\u00e9rations","Gestion de flotte"],"inLanguage":"fr-FR"},{"@type":"WebPage","@id":"https:\/\/www.link2fleet.com\/fr\/febiac-renta-et-traxio-sunissent-au-sein-de-mobia\/","url":"https:\/\/www.link2fleet.com\/fr\/febiac-renta-et-traxio-sunissent-au-sein-de-mobia\/","name":"Febiac, Renta et Traxio s\u2019unissent au sein de Mobia - link2fleet","isPartOf":{"@id":"https:\/\/www.link2fleet.com\/fr\/#website"},"primaryImageOfPage":{"@id":"https:\/\/www.link2fleet.com\/fr\/febiac-renta-et-traxio-sunissent-au-sein-de-mobia\/#primaryimage"},"image":{"@id":"https:\/\/www.link2fleet.com\/fr\/febiac-renta-et-traxio-sunissent-au-sein-de-mobia\/#primaryimage"},"thumbnailUrl":"https:\/\/static.link2fleet.com\/wp-content\/uploads\/2024\/03\/new-project-8.png","datePublished":"2021-02-12T06:16:14+00:00","breadcrumb":{"@id":"https:\/\/www.link2fleet.com\/fr\/febiac-renta-et-traxio-sunissent-au-sein-de-mobia\/#breadcrumb"},"inLanguage":"fr-FR","potentialAction":[{"@type":"ReadAction","target":["https:\/\/www.link2fleet.com\/fr\/febiac-renta-et-traxio-sunissent-au-sein-de-mobia\/"]}]},{"@type":"ImageObject","inLanguage":"fr-FR","@id":"https:\/\/www.link2fleet.com\/fr\/febiac-renta-et-traxio-sunissent-au-sein-de-mobia\/#primaryimage","url":"https:\/\/static.link2fleet.com\/wp-content\/uploads\/2024\/03\/new-project-8.png","contentUrl":"https:\/\/static.link2fleet.com\/wp-content\/uploads\/2024\/03\/new-project-8.png","width":536,"height":352,"caption":"|"},{"@type":"BreadcrumbList","@id":"https:\/\/www.link2fleet.com\/fr\/febiac-renta-et-traxio-sunissent-au-sein-de-mobia\/#breadcrumb","itemListElement":[{"@type":"ListItem","position":1,"name":"Home","item":"https:\/\/www.link2fleet.com\/fr\/"},{"@type":"ListItem","position":2,"name":"Febiac, Renta et Traxio s\u2019unissent au sein de Mobia"}]},{"@type":"WebSite","@id":"https:\/\/www.link2fleet.com\/fr\/#website","url":"https:\/\/www.link2fleet.com\/fr\/","name":"Link2fleet","description":"","publisher":{"@id":"https:\/\/www.link2fleet.com\/fr\/#organization"},"potentialAction":[{"@type":"SearchAction","target":{"@type":"EntryPoint","urlTemplate":"https:\/\/www.link2fleet.com\/fr\/?s={search_term_string}"},"query-input":{"@type":"PropertyValueSpecification","valueRequired":true,"valueName":"search_term_string"}}],"inLanguage":"fr-FR"},{"@type":"Organization","@id":"https:\/\/www.link2fleet.com\/fr\/#organization","name":"Link2fleet","url":"https:\/\/www.link2fleet.com\/fr\/","logo":{"@type":"ImageObject","inLanguage":"fr-FR","@id":"https:\/\/www.link2fleet.com\/fr\/#\/schema\/logo\/image\/","url":"https:\/\/static.link2fleet.com\/wp-content\/uploads\/2024\/03\/share-image.jpg","contentUrl":"https:\/\/static.link2fleet.com\/wp-content\/uploads\/2024\/03\/share-image.jpg","width":1200,"height":630,"caption":"Link2fleet"},"image":{"@id":"https:\/\/www.link2fleet.com\/fr\/#\/schema\/logo\/image\/"},"sameAs":["https:\/\/www.linkedin.com\/company\/link2fleet-belgium","https:\/\/www.youtube.com\/user\/MMMBMBE"]},{"@type":"Person","@id":"https:\/\/www.link2fleet.com\/fr\/#\/schema\/person\/027cd46113c78036b3809c9a054049da","name":"Damien Malvetti","image":{"@type":"ImageObject","inLanguage":"fr-FR","@id":"https:\/\/secure.gravatar.com\/avatar\/dd8cc03b49466c735f753ac37f8caa371af16dfed347456ed61f02883255eebb?s=96&d=mm&r=g","url":"https:\/\/secure.gravatar.com\/avatar\/dd8cc03b49466c735f753ac37f8caa371af16dfed347456ed61f02883255eebb?s=96&d=mm&r=g","contentUrl":"https:\/\/secure.gravatar.com\/avatar\/dd8cc03b49466c735f753ac37f8caa371af16dfed347456ed61f02883255eebb?s=96&d=mm&r=g","caption":"Damien Malvetti"},"description":"Damien Malvetti is opgeleid als journalist en gepassioneerd door wagens, technologie en mobiliteit. Hij is verantwoordelijk voor de redactionele inhoud van link2fleet en beschikt over een uitgebreide kennis van de fleet-sector en elektrische mobiliteit.","sameAs":["https:\/\/www.linkedin.com\/in\/damien-malvetti-56601142\/"]}]}},"_links":{"self":[{"href":"https:\/\/www.link2fleet.com\/fr\/wp-json\/wp\/v2\/posts\/3704","targetHints":{"allow":["GET"]}}],"collection":[{"href":"https:\/\/www.link2fleet.com\/fr\/wp-json\/wp\/v2\/posts"}],"about":[{"href":"https:\/\/www.link2fleet.com\/fr\/wp-json\/wp\/v2\/types\/post"}],"author":[{"embeddable":true,"href":"https:\/\/www.link2fleet.com\/fr\/wp-json\/wp\/v2\/users\/4"}],"replies":[{"embeddable":true,"href":"https:\/\/www.link2fleet.com\/fr\/wp-json\/wp\/v2\/comments?post=3704"}],"version-history":[{"count":0,"href":"https:\/\/www.link2fleet.com\/fr\/wp-json\/wp\/v2\/posts\/3704\/revisions"}],"wp:featuredmedia":[{"embeddable":true,"href":"https:\/\/www.link2fleet.com\/fr\/wp-json\/wp\/v2\/media\/3705"}],"wp:attachment":[{"href":"https:\/\/www.link2fleet.com\/fr\/wp-json\/wp\/v2\/media?parent=3704"}],"wp:term":[{"taxonomy":"category","embeddable":true,"href":"https:\/\/www.link2fleet.com\/fr\/wp-json\/wp\/v2\/categories?post=3704"},{"taxonomy":"post_tag","embeddable":true,"href":"https:\/\/www.link2fleet.com\/fr\/wp-json\/wp\/v2\/tags?post=3704"}],"curies":[{"name":"wp","href":"https:\/\/api.w.org\/{rel}","templated":true}]}}