{"id":37398,"date":"2024-12-30T14:10:39","date_gmt":"2024-12-30T13:10:39","guid":{"rendered":"https:\/\/www.link2fleet.com\/?p=37398"},"modified":"2024-12-30T14:10:39","modified_gmt":"2024-12-30T13:10:39","slug":"salon-de-bruxelles-lelection-de-la-voiture-de-lannee-y-fait-son-retour","status":"publish","type":"post","link":"https:\/\/www.link2fleet.com\/fr\/salon-de-bruxelles-lelection-de-la-voiture-de-lannee-y-fait-son-retour\/","title":{"rendered":"Salon de Bruxelles\u00a0: l\u2019\u00e9lection de la Voiture de l\u2019Ann\u00e9e y fait son retour\u00a0!"},"content":{"rendered":"","protected":false},"excerpt":{"rendered":"","protected":false},"author":4,"featured_media":37413,"comment_status":"closed","ping_status":"closed","sticky":false,"template":"","format":"standard","meta":{"_acf_changed":false,"footnotes":""},"categories":[135,77,76],"tags":[],"class_list":["post-37398","post","type-post","status-publish","format-standard","has-post-thumbnail","hentry","category-news-fr","category-importateurs-et-constructeurs-automobiles-vp","category-car"],"acf":[],"yoast_head":"<!-- This site is optimized with the Yoast SEO plugin v27.3 - https:\/\/yoast.com\/product\/yoast-seo-wordpress\/ -->\n<title>Salon de Bruxelles\u00a0: l\u2019\u00e9lection de la Voiture de l\u2019Ann\u00e9e y fait son retour\u00a0! - link2fleet<\/title>\n<meta name=\"description\" content=\"Apr\u00e8s y avoir d\u00e9j\u00e0 \u00e9t\u00e9 h\u00e9berg\u00e9e en 2023, l\u2019\u00e9lection Car of The Year fera son grand retour au Heysel en 2025. Un grand honneur pour\u2026\" \/>\n<meta name=\"robots\" content=\"index, follow, max-snippet:-1, max-image-preview:large, max-video-preview:-1\" \/>\n<meta property=\"og:locale\" content=\"fr_FR\" \/>\n<meta property=\"og:type\" content=\"article\" \/>\n<meta property=\"og:title\" content=\"Salon de Bruxelles\u00a0: l\u2019\u00e9lection de la Voiture de l\u2019Ann\u00e9e y fait son retour\u00a0! - link2fleet\" \/>\n<meta property=\"og:description\" content=\"Apr\u00e8s y avoir d\u00e9j\u00e0 \u00e9t\u00e9 h\u00e9berg\u00e9e en 2023, l\u2019\u00e9lection Car of The Year fera son grand retour au Heysel en 2025. Un grand honneur pour\u2026\" \/>\n<meta property=\"og:url\" content=\"https:\/\/www.link2fleet.com\/salon-van-brussel-de-verkiezing-auto-van-het-jaar-vindt-er-opnieuw-plaats\/\" \/>\n<meta property=\"og:site_name\" content=\"link2fleet\" \/>\n<meta property=\"article:published_time\" content=\"2024-12-30T13:10:39+00:00\" \/>\n<meta property=\"og:image\" content=\"https:\/\/static.link2fleet.com\/wp-content\/uploads\/2024\/12\/car-of-the-year-2025.jpg\" \/>\n\t<meta property=\"og:image:width\" content=\"1000\" \/>\n\t<meta property=\"og:image:height\" content=\"700\" \/>\n\t<meta property=\"og:image:type\" content=\"image\/jpeg\" \/>\n<meta name=\"author\" content=\"Damien Malvetti\" \/>\n<meta name=\"twitter:card\" content=\"summary_large_image\" \/>\n<meta name=\"twitter:description\" content=\"Apr\u00e8s y avoir d\u00e9j\u00e0 \u00e9t\u00e9 h\u00e9berg\u00e9e en 2023, l\u2019\u00e9lection Car of The Year fera son grand retour au Heysel en 2025. Un grand honneur pour\u2026\" \/>\n<meta name=\"twitter:label1\" content=\"\u00c9crit par\" \/>\n\t<meta name=\"twitter:data1\" content=\"Damien Malvetti\" \/>\n\t<meta name=\"twitter:label2\" content=\"Dur\u00e9e de lecture estim\u00e9e\" \/>\n\t<meta name=\"twitter:data2\" content=\"2 minutes\" \/>\n<script type=\"application\/ld+json\" class=\"yoast-schema-graph\">{\"@context\":\"https:\\\/\\\/schema.org\",\"@graph\":[{\"@type\":\"Article\",\"@id\":\"https:\\\/\\\/www.link2fleet.com\\\/salon-van-brussel-de-verkiezing-auto-van-het-jaar-vindt-er-opnieuw-plaats\\\/#article\",\"isPartOf\":{\"@id\":\"https:\\\/\\\/www.link2fleet.com\\\/salon-van-brussel-de-verkiezing-auto-van-het-jaar-vindt-er-opnieuw-plaats\\\/\"},\"author\":{\"name\":\"Damien Malvetti\",\"@id\":\"https:\\\/\\\/www.link2fleet.com\\\/fr\\\/#\\\/schema\\\/person\\\/027cd46113c78036b3809c9a054049da\"},\"headline\":\"Salon de Bruxelles\u00a0: l\u2019\u00e9lection de la Voiture de l\u2019Ann\u00e9e y fait son retour\u00a0!\",\"datePublished\":\"2024-12-30T13:10:39+00:00\",\"mainEntityOfPage\":{\"@id\":\"https:\\\/\\\/www.link2fleet.com\\\/salon-van-brussel-de-verkiezing-auto-van-het-jaar-vindt-er-opnieuw-plaats\\\/\"},\"wordCount\":16,\"publisher\":{\"@id\":\"https:\\\/\\\/www.link2fleet.com\\\/fr\\\/#organization\"},\"image\":{\"@id\":\"https:\\\/\\\/www.link2fleet.com\\\/salon-van-brussel-de-verkiezing-auto-van-het-jaar-vindt-er-opnieuw-plaats\\\/#primaryimage\"},\"thumbnailUrl\":\"https:\\\/\\\/static.link2fleet.com\\\/wp-content\\\/uploads\\\/2024\\\/12\\\/car-of-the-year-2025.jpg\",\"articleSection\":[\"Actus\",\"Importateurs et constructeurs\",\"V\u00e9hicules\"],\"inLanguage\":\"fr-FR\"},{\"@type\":\"WebPage\",\"@id\":\"https:\\\/\\\/www.link2fleet.com\\\/salon-van-brussel-de-verkiezing-auto-van-het-jaar-vindt-er-opnieuw-plaats\\\/\",\"url\":\"https:\\\/\\\/www.link2fleet.com\\\/salon-van-brussel-de-verkiezing-auto-van-het-jaar-vindt-er-opnieuw-plaats\\\/\",\"name\":\"Salon de Bruxelles\u00a0: l\u2019\u00e9lection de la Voiture de l\u2019Ann\u00e9e y fait son retour\u00a0! - link2fleet\",\"isPartOf\":{\"@id\":\"https:\\\/\\\/www.link2fleet.com\\\/fr\\\/#website\"},\"primaryImageOfPage\":{\"@id\":\"https:\\\/\\\/www.link2fleet.com\\\/salon-van-brussel-de-verkiezing-auto-van-het-jaar-vindt-er-opnieuw-plaats\\\/#primaryimage\"},\"image\":{\"@id\":\"https:\\\/\\\/www.link2fleet.com\\\/salon-van-brussel-de-verkiezing-auto-van-het-jaar-vindt-er-opnieuw-plaats\\\/#primaryimage\"},\"thumbnailUrl\":\"https:\\\/\\\/static.link2fleet.com\\\/wp-content\\\/uploads\\\/2024\\\/12\\\/car-of-the-year-2025.jpg\",\"datePublished\":\"2024-12-30T13:10:39+00:00\",\"breadcrumb\":{\"@id\":\"https:\\\/\\\/www.link2fleet.com\\\/salon-van-brussel-de-verkiezing-auto-van-het-jaar-vindt-er-opnieuw-plaats\\\/#breadcrumb\"},\"inLanguage\":\"fr-FR\",\"potentialAction\":[{\"@type\":\"ReadAction\",\"target\":[\"https:\\\/\\\/www.link2fleet.com\\\/salon-van-brussel-de-verkiezing-auto-van-het-jaar-vindt-er-opnieuw-plaats\\\/\"]}]},{\"@type\":\"ImageObject\",\"inLanguage\":\"fr-FR\",\"@id\":\"https:\\\/\\\/www.link2fleet.com\\\/salon-van-brussel-de-verkiezing-auto-van-het-jaar-vindt-er-opnieuw-plaats\\\/#primaryimage\",\"url\":\"https:\\\/\\\/static.link2fleet.com\\\/wp-content\\\/uploads\\\/2024\\\/12\\\/car-of-the-year-2025.jpg\",\"contentUrl\":\"https:\\\/\\\/static.link2fleet.com\\\/wp-content\\\/uploads\\\/2024\\\/12\\\/car-of-the-year-2025.jpg\",\"width\":1000,\"height\":700},{\"@type\":\"BreadcrumbList\",\"@id\":\"https:\\\/\\\/www.link2fleet.com\\\/salon-van-brussel-de-verkiezing-auto-van-het-jaar-vindt-er-opnieuw-plaats\\\/#breadcrumb\",\"itemListElement\":[{\"@type\":\"ListItem\",\"position\":1,\"name\":\"Home\",\"item\":\"https:\\\/\\\/www.link2fleet.com\\\/fr\\\/\"},{\"@type\":\"ListItem\",\"position\":2,\"name\":\"Salon de Bruxelles\u00a0: l\u2019\u00e9lection de la Voiture de l\u2019Ann\u00e9e y fait son retour\u00a0!\"}]},{\"@type\":\"WebSite\",\"@id\":\"https:\\\/\\\/www.link2fleet.com\\\/fr\\\/#website\",\"url\":\"https:\\\/\\\/www.link2fleet.com\\\/fr\\\/\",\"name\":\"Link2fleet\",\"description\":\"\",\"publisher\":{\"@id\":\"https:\\\/\\\/www.link2fleet.com\\\/fr\\\/#organization\"},\"potentialAction\":[{\"@type\":\"SearchAction\",\"target\":{\"@type\":\"EntryPoint\",\"urlTemplate\":\"https:\\\/\\\/www.link2fleet.com\\\/fr\\\/?s={search_term_string}\"},\"query-input\":{\"@type\":\"PropertyValueSpecification\",\"valueRequired\":true,\"valueName\":\"search_term_string\"}}],\"inLanguage\":\"fr-FR\"},{\"@type\":\"Organization\",\"@id\":\"https:\\\/\\\/www.link2fleet.com\\\/fr\\\/#organization\",\"name\":\"Link2fleet\",\"url\":\"https:\\\/\\\/www.link2fleet.com\\\/fr\\\/\",\"logo\":{\"@type\":\"ImageObject\",\"inLanguage\":\"fr-FR\",\"@id\":\"https:\\\/\\\/www.link2fleet.com\\\/fr\\\/#\\\/schema\\\/logo\\\/image\\\/\",\"url\":\"https:\\\/\\\/static.link2fleet.com\\\/wp-content\\\/uploads\\\/2024\\\/03\\\/share-image.jpg\",\"contentUrl\":\"https:\\\/\\\/static.link2fleet.com\\\/wp-content\\\/uploads\\\/2024\\\/03\\\/share-image.jpg\",\"width\":1200,\"height\":630,\"caption\":\"Link2fleet\"},\"image\":{\"@id\":\"https:\\\/\\\/www.link2fleet.com\\\/fr\\\/#\\\/schema\\\/logo\\\/image\\\/\"},\"sameAs\":[\"https:\\\/\\\/www.linkedin.com\\\/company\\\/link2fleet-belgium\",\"https:\\\/\\\/www.youtube.com\\\/user\\\/MMMBMBE\"]},{\"@type\":\"Person\",\"@id\":\"https:\\\/\\\/www.link2fleet.com\\\/fr\\\/#\\\/schema\\\/person\\\/027cd46113c78036b3809c9a054049da\",\"name\":\"Damien Malvetti\",\"image\":{\"@type\":\"ImageObject\",\"inLanguage\":\"fr-FR\",\"@id\":\"https:\\\/\\\/secure.gravatar.com\\\/avatar\\\/dd8cc03b49466c735f753ac37f8caa371af16dfed347456ed61f02883255eebb?s=96&d=mm&r=g\",\"url\":\"https:\\\/\\\/secure.gravatar.com\\\/avatar\\\/dd8cc03b49466c735f753ac37f8caa371af16dfed347456ed61f02883255eebb?s=96&d=mm&r=g\",\"contentUrl\":\"https:\\\/\\\/secure.gravatar.com\\\/avatar\\\/dd8cc03b49466c735f753ac37f8caa371af16dfed347456ed61f02883255eebb?s=96&d=mm&r=g\",\"caption\":\"Damien Malvetti\"},\"description\":\"Damien Malvetti is opgeleid als journalist en gepassioneerd door wagens, technologie en mobiliteit. Hij is verantwoordelijk voor de redactionele inhoud van link2fleet en beschikt over een uitgebreide kennis van de fleet-sector en elektrische mobiliteit.\",\"sameAs\":[\"https:\\\/\\\/www.linkedin.com\\\/in\\\/damien-malvetti-56601142\\\/\"]}]}<\/script>\n<!-- \/ Yoast SEO plugin. -->","yoast_head_json":{"title":"Salon de Bruxelles\u00a0: l\u2019\u00e9lection de la Voiture de l\u2019Ann\u00e9e y fait son retour\u00a0! - link2fleet","description":"Apr\u00e8s y avoir d\u00e9j\u00e0 \u00e9t\u00e9 h\u00e9berg\u00e9e en 2023, l\u2019\u00e9lection Car of The Year fera son grand retour au Heysel en 2025. Un grand honneur pour\u2026","robots":{"index":"index","follow":"follow","max-snippet":"max-snippet:-1","max-image-preview":"max-image-preview:large","max-video-preview":"max-video-preview:-1"},"og_locale":"fr_FR","og_type":"article","og_title":"Salon de Bruxelles\u00a0: l\u2019\u00e9lection de la Voiture de l\u2019Ann\u00e9e y fait son retour\u00a0! - link2fleet","og_description":"Apr\u00e8s y avoir d\u00e9j\u00e0 \u00e9t\u00e9 h\u00e9berg\u00e9e en 2023, l\u2019\u00e9lection Car of The Year fera son grand retour au Heysel en 2025. Un grand honneur pour\u2026","og_url":"https:\/\/www.link2fleet.com\/salon-van-brussel-de-verkiezing-auto-van-het-jaar-vindt-er-opnieuw-plaats\/","og_site_name":"link2fleet","article_published_time":"2024-12-30T13:10:39+00:00","og_image":[{"width":1000,"height":700,"url":"https:\/\/static.link2fleet.com\/wp-content\/uploads\/2024\/12\/car-of-the-year-2025.jpg","type":"image\/jpeg"}],"author":"Damien Malvetti","twitter_card":"summary_large_image","twitter_description":"Apr\u00e8s y avoir d\u00e9j\u00e0 \u00e9t\u00e9 h\u00e9berg\u00e9e en 2023, l\u2019\u00e9lection Car of The Year fera son grand retour au Heysel en 2025. Un grand honneur pour\u2026","twitter_misc":{"\u00c9crit par":"Damien Malvetti","Dur\u00e9e de lecture estim\u00e9e":"2 minutes"},"schema":{"@context":"https:\/\/schema.org","@graph":[{"@type":"Article","@id":"https:\/\/www.link2fleet.com\/salon-van-brussel-de-verkiezing-auto-van-het-jaar-vindt-er-opnieuw-plaats\/#article","isPartOf":{"@id":"https:\/\/www.link2fleet.com\/salon-van-brussel-de-verkiezing-auto-van-het-jaar-vindt-er-opnieuw-plaats\/"},"author":{"name":"Damien Malvetti","@id":"https:\/\/www.link2fleet.com\/fr\/#\/schema\/person\/027cd46113c78036b3809c9a054049da"},"headline":"Salon de Bruxelles\u00a0: l\u2019\u00e9lection de la Voiture de l\u2019Ann\u00e9e y fait son retour\u00a0!","datePublished":"2024-12-30T13:10:39+00:00","mainEntityOfPage":{"@id":"https:\/\/www.link2fleet.com\/salon-van-brussel-de-verkiezing-auto-van-het-jaar-vindt-er-opnieuw-plaats\/"},"wordCount":16,"publisher":{"@id":"https:\/\/www.link2fleet.com\/fr\/#organization"},"image":{"@id":"https:\/\/www.link2fleet.com\/salon-van-brussel-de-verkiezing-auto-van-het-jaar-vindt-er-opnieuw-plaats\/#primaryimage"},"thumbnailUrl":"https:\/\/static.link2fleet.com\/wp-content\/uploads\/2024\/12\/car-of-the-year-2025.jpg","articleSection":["Actus","Importateurs et constructeurs","V\u00e9hicules"],"inLanguage":"fr-FR"},{"@type":"WebPage","@id":"https:\/\/www.link2fleet.com\/salon-van-brussel-de-verkiezing-auto-van-het-jaar-vindt-er-opnieuw-plaats\/","url":"https:\/\/www.link2fleet.com\/salon-van-brussel-de-verkiezing-auto-van-het-jaar-vindt-er-opnieuw-plaats\/","name":"Salon de Bruxelles\u00a0: l\u2019\u00e9lection de la Voiture de l\u2019Ann\u00e9e y fait son retour\u00a0! - link2fleet","isPartOf":{"@id":"https:\/\/www.link2fleet.com\/fr\/#website"},"primaryImageOfPage":{"@id":"https:\/\/www.link2fleet.com\/salon-van-brussel-de-verkiezing-auto-van-het-jaar-vindt-er-opnieuw-plaats\/#primaryimage"},"image":{"@id":"https:\/\/www.link2fleet.com\/salon-van-brussel-de-verkiezing-auto-van-het-jaar-vindt-er-opnieuw-plaats\/#primaryimage"},"thumbnailUrl":"https:\/\/static.link2fleet.com\/wp-content\/uploads\/2024\/12\/car-of-the-year-2025.jpg","datePublished":"2024-12-30T13:10:39+00:00","breadcrumb":{"@id":"https:\/\/www.link2fleet.com\/salon-van-brussel-de-verkiezing-auto-van-het-jaar-vindt-er-opnieuw-plaats\/#breadcrumb"},"inLanguage":"fr-FR","potentialAction":[{"@type":"ReadAction","target":["https:\/\/www.link2fleet.com\/salon-van-brussel-de-verkiezing-auto-van-het-jaar-vindt-er-opnieuw-plaats\/"]}]},{"@type":"ImageObject","inLanguage":"fr-FR","@id":"https:\/\/www.link2fleet.com\/salon-van-brussel-de-verkiezing-auto-van-het-jaar-vindt-er-opnieuw-plaats\/#primaryimage","url":"https:\/\/static.link2fleet.com\/wp-content\/uploads\/2024\/12\/car-of-the-year-2025.jpg","contentUrl":"https:\/\/static.link2fleet.com\/wp-content\/uploads\/2024\/12\/car-of-the-year-2025.jpg","width":1000,"height":700},{"@type":"BreadcrumbList","@id":"https:\/\/www.link2fleet.com\/salon-van-brussel-de-verkiezing-auto-van-het-jaar-vindt-er-opnieuw-plaats\/#breadcrumb","itemListElement":[{"@type":"ListItem","position":1,"name":"Home","item":"https:\/\/www.link2fleet.com\/fr\/"},{"@type":"ListItem","position":2,"name":"Salon de Bruxelles\u00a0: l\u2019\u00e9lection de la Voiture de l\u2019Ann\u00e9e y fait son retour\u00a0!"}]},{"@type":"WebSite","@id":"https:\/\/www.link2fleet.com\/fr\/#website","url":"https:\/\/www.link2fleet.com\/fr\/","name":"Link2fleet","description":"","publisher":{"@id":"https:\/\/www.link2fleet.com\/fr\/#organization"},"potentialAction":[{"@type":"SearchAction","target":{"@type":"EntryPoint","urlTemplate":"https:\/\/www.link2fleet.com\/fr\/?s={search_term_string}"},"query-input":{"@type":"PropertyValueSpecification","valueRequired":true,"valueName":"search_term_string"}}],"inLanguage":"fr-FR"},{"@type":"Organization","@id":"https:\/\/www.link2fleet.com\/fr\/#organization","name":"Link2fleet","url":"https:\/\/www.link2fleet.com\/fr\/","logo":{"@type":"ImageObject","inLanguage":"fr-FR","@id":"https:\/\/www.link2fleet.com\/fr\/#\/schema\/logo\/image\/","url":"https:\/\/static.link2fleet.com\/wp-content\/uploads\/2024\/03\/share-image.jpg","contentUrl":"https:\/\/static.link2fleet.com\/wp-content\/uploads\/2024\/03\/share-image.jpg","width":1200,"height":630,"caption":"Link2fleet"},"image":{"@id":"https:\/\/www.link2fleet.com\/fr\/#\/schema\/logo\/image\/"},"sameAs":["https:\/\/www.linkedin.com\/company\/link2fleet-belgium","https:\/\/www.youtube.com\/user\/MMMBMBE"]},{"@type":"Person","@id":"https:\/\/www.link2fleet.com\/fr\/#\/schema\/person\/027cd46113c78036b3809c9a054049da","name":"Damien Malvetti","image":{"@type":"ImageObject","inLanguage":"fr-FR","@id":"https:\/\/secure.gravatar.com\/avatar\/dd8cc03b49466c735f753ac37f8caa371af16dfed347456ed61f02883255eebb?s=96&d=mm&r=g","url":"https:\/\/secure.gravatar.com\/avatar\/dd8cc03b49466c735f753ac37f8caa371af16dfed347456ed61f02883255eebb?s=96&d=mm&r=g","contentUrl":"https:\/\/secure.gravatar.com\/avatar\/dd8cc03b49466c735f753ac37f8caa371af16dfed347456ed61f02883255eebb?s=96&d=mm&r=g","caption":"Damien Malvetti"},"description":"Damien Malvetti is opgeleid als journalist en gepassioneerd door wagens, technologie en mobiliteit. Hij is verantwoordelijk voor de redactionele inhoud van link2fleet en beschikt over een uitgebreide kennis van de fleet-sector en elektrische mobiliteit.","sameAs":["https:\/\/www.linkedin.com\/in\/damien-malvetti-56601142\/"]}]}},"_links":{"self":[{"href":"https:\/\/www.link2fleet.com\/fr\/wp-json\/wp\/v2\/posts\/37398","targetHints":{"allow":["GET"]}}],"collection":[{"href":"https:\/\/www.link2fleet.com\/fr\/wp-json\/wp\/v2\/posts"}],"about":[{"href":"https:\/\/www.link2fleet.com\/fr\/wp-json\/wp\/v2\/types\/post"}],"author":[{"embeddable":true,"href":"https:\/\/www.link2fleet.com\/fr\/wp-json\/wp\/v2\/users\/4"}],"replies":[{"embeddable":true,"href":"https:\/\/www.link2fleet.com\/fr\/wp-json\/wp\/v2\/comments?post=37398"}],"version-history":[{"count":1,"href":"https:\/\/www.link2fleet.com\/fr\/wp-json\/wp\/v2\/posts\/37398\/revisions"}],"predecessor-version":[{"id":37415,"href":"https:\/\/www.link2fleet.com\/fr\/wp-json\/wp\/v2\/posts\/37398\/revisions\/37415"}],"wp:featuredmedia":[{"embeddable":true,"href":"https:\/\/www.link2fleet.com\/fr\/wp-json\/wp\/v2\/media\/37413"}],"wp:attachment":[{"href":"https:\/\/www.link2fleet.com\/fr\/wp-json\/wp\/v2\/media?parent=37398"}],"wp:term":[{"taxonomy":"category","embeddable":true,"href":"https:\/\/www.link2fleet.com\/fr\/wp-json\/wp\/v2\/categories?post=37398"},{"taxonomy":"post_tag","embeddable":true,"href":"https:\/\/www.link2fleet.com\/fr\/wp-json\/wp\/v2\/tags?post=37398"}],"curies":[{"name":"wp","href":"https:\/\/api.w.org\/{rel}","templated":true}]}}