{"id":37954,"date":"2025-01-28T10:11:52","date_gmt":"2025-01-28T09:11:52","guid":{"rendered":"https:\/\/www.link2fleet.com\/?p=37954"},"modified":"2025-01-28T10:11:52","modified_gmt":"2025-01-28T09:11:52","slug":"peut-on-interdire-lusage-de-la-voiture-de-societe-a-letranger","status":"publish","type":"post","link":"https:\/\/www.link2fleet.com\/fr\/peut-on-interdire-lusage-de-la-voiture-de-societe-a-letranger\/","title":{"rendered":"Peut-on interdire l&rsquo;usage de la voiture de soci\u00e9t\u00e9 \u00e0 l&rsquo;\u00e9tranger?"},"content":{"rendered":"","protected":false},"excerpt":{"rendered":"","protected":false},"author":4,"featured_media":37958,"comment_status":"closed","ping_status":"closed","sticky":false,"template":"","format":"standard","meta":{"_acf_changed":false,"footnotes":""},"categories":[91,101],"tags":[],"class_list":["post-37954","post","type-post","status-publish","format-standard","has-post-thumbnail","hentry","category-expertise-et-management","category-tax-legal"],"acf":[],"yoast_head":"<!-- This site is optimized with the Yoast SEO plugin v27.3 - https:\/\/yoast.com\/product\/yoast-seo-wordpress\/ -->\n<title>Peut-on interdire l&#039;usage de la voiture de soci\u00e9t\u00e9 \u00e0 l&#039;\u00e9tranger? - link2fleet<\/title>\n<meta name=\"description\" content=\"L&rsquo;affaire a fait grand bruit ces derniers jours. L&rsquo;entreprise TEM-Technilift \u00e0 Forest a annonc\u00e9 \u00e0 ses collaborateurs qu&rsquo;ils ne pourraient d\u00e9sormais plus utiliser leur voiture\u2026\" \/>\n<meta name=\"robots\" content=\"index, follow, max-snippet:-1, max-image-preview:large, max-video-preview:-1\" \/>\n<meta property=\"og:locale\" content=\"fr_FR\" \/>\n<meta property=\"og:type\" content=\"article\" \/>\n<meta property=\"og:title\" content=\"Peut-on interdire l&#039;usage de la voiture de soci\u00e9t\u00e9 \u00e0 l&#039;\u00e9tranger? - link2fleet\" \/>\n<meta property=\"og:description\" content=\"L&rsquo;affaire a fait grand bruit ces derniers jours. L&rsquo;entreprise TEM-Technilift \u00e0 Forest a annonc\u00e9 \u00e0 ses collaborateurs qu&rsquo;ils ne pourraient d\u00e9sormais plus utiliser leur voiture\u2026\" \/>\n<meta property=\"og:url\" content=\"https:\/\/www.link2fleet.com\/het-gebruik-van-een-bedrijfswagen-in-het-buitenland-verbieden-kan-dat\/\" \/>\n<meta property=\"og:site_name\" content=\"link2fleet\" \/>\n<meta property=\"article:published_time\" content=\"2025-01-28T09:11:52+00:00\" \/>\n<meta property=\"og:image\" content=\"https:\/\/static.link2fleet.com\/wp-content\/uploads\/2025\/01\/pexels-mcraftpix-21014-scaled.jpg\" \/>\n\t<meta property=\"og:image:width\" content=\"2560\" \/>\n\t<meta property=\"og:image:height\" content=\"1707\" \/>\n\t<meta property=\"og:image:type\" content=\"image\/jpeg\" \/>\n<meta name=\"author\" content=\"Damien Malvetti\" \/>\n<meta name=\"twitter:card\" content=\"summary_large_image\" \/>\n<meta name=\"twitter:description\" content=\"L&rsquo;affaire a fait grand bruit ces derniers jours. L&rsquo;entreprise TEM-Technilift \u00e0 Forest a annonc\u00e9 \u00e0 ses collaborateurs qu&rsquo;ils ne pourraient d\u00e9sormais plus utiliser leur voiture\u2026\" \/>\n<meta name=\"twitter:label1\" content=\"\u00c9crit par\" \/>\n\t<meta name=\"twitter:data1\" content=\"Damien Malvetti\" \/>\n\t<meta name=\"twitter:label2\" content=\"Dur\u00e9e de lecture estim\u00e9e\" \/>\n\t<meta name=\"twitter:data2\" content=\"3 minutes\" \/>\n<script type=\"application\/ld+json\" class=\"yoast-schema-graph\">{\"@context\":\"https:\\\/\\\/schema.org\",\"@graph\":[{\"@type\":\"Article\",\"@id\":\"https:\\\/\\\/www.link2fleet.com\\\/het-gebruik-van-een-bedrijfswagen-in-het-buitenland-verbieden-kan-dat\\\/#article\",\"isPartOf\":{\"@id\":\"https:\\\/\\\/www.link2fleet.com\\\/het-gebruik-van-een-bedrijfswagen-in-het-buitenland-verbieden-kan-dat\\\/\"},\"author\":{\"name\":\"Damien Malvetti\",\"@id\":\"https:\\\/\\\/www.link2fleet.com\\\/fr\\\/#\\\/schema\\\/person\\\/027cd46113c78036b3809c9a054049da\"},\"headline\":\"Peut-on interdire l&rsquo;usage de la voiture de soci\u00e9t\u00e9 \u00e0 l&rsquo;\u00e9tranger?\",\"datePublished\":\"2025-01-28T09:11:52+00:00\",\"mainEntityOfPage\":{\"@id\":\"https:\\\/\\\/www.link2fleet.com\\\/het-gebruik-van-een-bedrijfswagen-in-het-buitenland-verbieden-kan-dat\\\/\"},\"wordCount\":12,\"publisher\":{\"@id\":\"https:\\\/\\\/www.link2fleet.com\\\/fr\\\/#organization\"},\"image\":{\"@id\":\"https:\\\/\\\/www.link2fleet.com\\\/het-gebruik-van-een-bedrijfswagen-in-het-buitenland-verbieden-kan-dat\\\/#primaryimage\"},\"thumbnailUrl\":\"https:\\\/\\\/static.link2fleet.com\\\/wp-content\\\/uploads\\\/2025\\\/01\\\/pexels-mcraftpix-21014-scaled.jpg\",\"articleSection\":[\"Gestion de flotte\",\"Tax &amp; legal\"],\"inLanguage\":\"fr-FR\"},{\"@type\":\"WebPage\",\"@id\":\"https:\\\/\\\/www.link2fleet.com\\\/het-gebruik-van-een-bedrijfswagen-in-het-buitenland-verbieden-kan-dat\\\/\",\"url\":\"https:\\\/\\\/www.link2fleet.com\\\/het-gebruik-van-een-bedrijfswagen-in-het-buitenland-verbieden-kan-dat\\\/\",\"name\":\"Peut-on interdire l'usage de la voiture de soci\u00e9t\u00e9 \u00e0 l'\u00e9tranger? - link2fleet\",\"isPartOf\":{\"@id\":\"https:\\\/\\\/www.link2fleet.com\\\/fr\\\/#website\"},\"primaryImageOfPage\":{\"@id\":\"https:\\\/\\\/www.link2fleet.com\\\/het-gebruik-van-een-bedrijfswagen-in-het-buitenland-verbieden-kan-dat\\\/#primaryimage\"},\"image\":{\"@id\":\"https:\\\/\\\/www.link2fleet.com\\\/het-gebruik-van-een-bedrijfswagen-in-het-buitenland-verbieden-kan-dat\\\/#primaryimage\"},\"thumbnailUrl\":\"https:\\\/\\\/static.link2fleet.com\\\/wp-content\\\/uploads\\\/2025\\\/01\\\/pexels-mcraftpix-21014-scaled.jpg\",\"datePublished\":\"2025-01-28T09:11:52+00:00\",\"breadcrumb\":{\"@id\":\"https:\\\/\\\/www.link2fleet.com\\\/het-gebruik-van-een-bedrijfswagen-in-het-buitenland-verbieden-kan-dat\\\/#breadcrumb\"},\"inLanguage\":\"fr-FR\",\"potentialAction\":[{\"@type\":\"ReadAction\",\"target\":[\"https:\\\/\\\/www.link2fleet.com\\\/het-gebruik-van-een-bedrijfswagen-in-het-buitenland-verbieden-kan-dat\\\/\"]}]},{\"@type\":\"ImageObject\",\"inLanguage\":\"fr-FR\",\"@id\":\"https:\\\/\\\/www.link2fleet.com\\\/het-gebruik-van-een-bedrijfswagen-in-het-buitenland-verbieden-kan-dat\\\/#primaryimage\",\"url\":\"https:\\\/\\\/static.link2fleet.com\\\/wp-content\\\/uploads\\\/2025\\\/01\\\/pexels-mcraftpix-21014-scaled.jpg\",\"contentUrl\":\"https:\\\/\\\/static.link2fleet.com\\\/wp-content\\\/uploads\\\/2025\\\/01\\\/pexels-mcraftpix-21014-scaled.jpg\",\"width\":2560,\"height\":1707},{\"@type\":\"BreadcrumbList\",\"@id\":\"https:\\\/\\\/www.link2fleet.com\\\/het-gebruik-van-een-bedrijfswagen-in-het-buitenland-verbieden-kan-dat\\\/#breadcrumb\",\"itemListElement\":[{\"@type\":\"ListItem\",\"position\":1,\"name\":\"Home\",\"item\":\"https:\\\/\\\/www.link2fleet.com\\\/fr\\\/\"},{\"@type\":\"ListItem\",\"position\":2,\"name\":\"Peut-on interdire l&#8217;usage de la voiture de soci\u00e9t\u00e9 \u00e0 l&#8217;\u00e9tranger?\"}]},{\"@type\":\"WebSite\",\"@id\":\"https:\\\/\\\/www.link2fleet.com\\\/fr\\\/#website\",\"url\":\"https:\\\/\\\/www.link2fleet.com\\\/fr\\\/\",\"name\":\"Link2fleet\",\"description\":\"\",\"publisher\":{\"@id\":\"https:\\\/\\\/www.link2fleet.com\\\/fr\\\/#organization\"},\"potentialAction\":[{\"@type\":\"SearchAction\",\"target\":{\"@type\":\"EntryPoint\",\"urlTemplate\":\"https:\\\/\\\/www.link2fleet.com\\\/fr\\\/?s={search_term_string}\"},\"query-input\":{\"@type\":\"PropertyValueSpecification\",\"valueRequired\":true,\"valueName\":\"search_term_string\"}}],\"inLanguage\":\"fr-FR\"},{\"@type\":\"Organization\",\"@id\":\"https:\\\/\\\/www.link2fleet.com\\\/fr\\\/#organization\",\"name\":\"Link2fleet\",\"url\":\"https:\\\/\\\/www.link2fleet.com\\\/fr\\\/\",\"logo\":{\"@type\":\"ImageObject\",\"inLanguage\":\"fr-FR\",\"@id\":\"https:\\\/\\\/www.link2fleet.com\\\/fr\\\/#\\\/schema\\\/logo\\\/image\\\/\",\"url\":\"https:\\\/\\\/static.link2fleet.com\\\/wp-content\\\/uploads\\\/2024\\\/03\\\/share-image.jpg\",\"contentUrl\":\"https:\\\/\\\/static.link2fleet.com\\\/wp-content\\\/uploads\\\/2024\\\/03\\\/share-image.jpg\",\"width\":1200,\"height\":630,\"caption\":\"Link2fleet\"},\"image\":{\"@id\":\"https:\\\/\\\/www.link2fleet.com\\\/fr\\\/#\\\/schema\\\/logo\\\/image\\\/\"},\"sameAs\":[\"https:\\\/\\\/www.linkedin.com\\\/company\\\/link2fleet-belgium\",\"https:\\\/\\\/www.youtube.com\\\/user\\\/MMMBMBE\"]},{\"@type\":\"Person\",\"@id\":\"https:\\\/\\\/www.link2fleet.com\\\/fr\\\/#\\\/schema\\\/person\\\/027cd46113c78036b3809c9a054049da\",\"name\":\"Damien Malvetti\",\"image\":{\"@type\":\"ImageObject\",\"inLanguage\":\"fr-FR\",\"@id\":\"https:\\\/\\\/secure.gravatar.com\\\/avatar\\\/dd8cc03b49466c735f753ac37f8caa371af16dfed347456ed61f02883255eebb?s=96&d=mm&r=g\",\"url\":\"https:\\\/\\\/secure.gravatar.com\\\/avatar\\\/dd8cc03b49466c735f753ac37f8caa371af16dfed347456ed61f02883255eebb?s=96&d=mm&r=g\",\"contentUrl\":\"https:\\\/\\\/secure.gravatar.com\\\/avatar\\\/dd8cc03b49466c735f753ac37f8caa371af16dfed347456ed61f02883255eebb?s=96&d=mm&r=g\",\"caption\":\"Damien Malvetti\"},\"description\":\"Damien Malvetti is opgeleid als journalist en gepassioneerd door wagens, technologie en mobiliteit. Hij is verantwoordelijk voor de redactionele inhoud van link2fleet en beschikt over een uitgebreide kennis van de fleet-sector en elektrische mobiliteit.\",\"sameAs\":[\"https:\\\/\\\/www.linkedin.com\\\/in\\\/damien-malvetti-56601142\\\/\"]}]}<\/script>\n<!-- \/ Yoast SEO plugin. -->","yoast_head_json":{"title":"Peut-on interdire l'usage de la voiture de soci\u00e9t\u00e9 \u00e0 l'\u00e9tranger? - link2fleet","description":"L&rsquo;affaire a fait grand bruit ces derniers jours. L&rsquo;entreprise TEM-Technilift \u00e0 Forest a annonc\u00e9 \u00e0 ses collaborateurs qu&rsquo;ils ne pourraient d\u00e9sormais plus utiliser leur voiture\u2026","robots":{"index":"index","follow":"follow","max-snippet":"max-snippet:-1","max-image-preview":"max-image-preview:large","max-video-preview":"max-video-preview:-1"},"og_locale":"fr_FR","og_type":"article","og_title":"Peut-on interdire l'usage de la voiture de soci\u00e9t\u00e9 \u00e0 l'\u00e9tranger? - link2fleet","og_description":"L&rsquo;affaire a fait grand bruit ces derniers jours. L&rsquo;entreprise TEM-Technilift \u00e0 Forest a annonc\u00e9 \u00e0 ses collaborateurs qu&rsquo;ils ne pourraient d\u00e9sormais plus utiliser leur voiture\u2026","og_url":"https:\/\/www.link2fleet.com\/het-gebruik-van-een-bedrijfswagen-in-het-buitenland-verbieden-kan-dat\/","og_site_name":"link2fleet","article_published_time":"2025-01-28T09:11:52+00:00","og_image":[{"width":2560,"height":1707,"url":"https:\/\/static.link2fleet.com\/wp-content\/uploads\/2025\/01\/pexels-mcraftpix-21014-scaled.jpg","type":"image\/jpeg"}],"author":"Damien Malvetti","twitter_card":"summary_large_image","twitter_description":"L&rsquo;affaire a fait grand bruit ces derniers jours. L&rsquo;entreprise TEM-Technilift \u00e0 Forest a annonc\u00e9 \u00e0 ses collaborateurs qu&rsquo;ils ne pourraient d\u00e9sormais plus utiliser leur voiture\u2026","twitter_misc":{"\u00c9crit par":"Damien Malvetti","Dur\u00e9e de lecture estim\u00e9e":"3 minutes"},"schema":{"@context":"https:\/\/schema.org","@graph":[{"@type":"Article","@id":"https:\/\/www.link2fleet.com\/het-gebruik-van-een-bedrijfswagen-in-het-buitenland-verbieden-kan-dat\/#article","isPartOf":{"@id":"https:\/\/www.link2fleet.com\/het-gebruik-van-een-bedrijfswagen-in-het-buitenland-verbieden-kan-dat\/"},"author":{"name":"Damien Malvetti","@id":"https:\/\/www.link2fleet.com\/fr\/#\/schema\/person\/027cd46113c78036b3809c9a054049da"},"headline":"Peut-on interdire l&rsquo;usage de la voiture de soci\u00e9t\u00e9 \u00e0 l&rsquo;\u00e9tranger?","datePublished":"2025-01-28T09:11:52+00:00","mainEntityOfPage":{"@id":"https:\/\/www.link2fleet.com\/het-gebruik-van-een-bedrijfswagen-in-het-buitenland-verbieden-kan-dat\/"},"wordCount":12,"publisher":{"@id":"https:\/\/www.link2fleet.com\/fr\/#organization"},"image":{"@id":"https:\/\/www.link2fleet.com\/het-gebruik-van-een-bedrijfswagen-in-het-buitenland-verbieden-kan-dat\/#primaryimage"},"thumbnailUrl":"https:\/\/static.link2fleet.com\/wp-content\/uploads\/2025\/01\/pexels-mcraftpix-21014-scaled.jpg","articleSection":["Gestion de flotte","Tax &amp; legal"],"inLanguage":"fr-FR"},{"@type":"WebPage","@id":"https:\/\/www.link2fleet.com\/het-gebruik-van-een-bedrijfswagen-in-het-buitenland-verbieden-kan-dat\/","url":"https:\/\/www.link2fleet.com\/het-gebruik-van-een-bedrijfswagen-in-het-buitenland-verbieden-kan-dat\/","name":"Peut-on interdire l'usage de la voiture de soci\u00e9t\u00e9 \u00e0 l'\u00e9tranger? - link2fleet","isPartOf":{"@id":"https:\/\/www.link2fleet.com\/fr\/#website"},"primaryImageOfPage":{"@id":"https:\/\/www.link2fleet.com\/het-gebruik-van-een-bedrijfswagen-in-het-buitenland-verbieden-kan-dat\/#primaryimage"},"image":{"@id":"https:\/\/www.link2fleet.com\/het-gebruik-van-een-bedrijfswagen-in-het-buitenland-verbieden-kan-dat\/#primaryimage"},"thumbnailUrl":"https:\/\/static.link2fleet.com\/wp-content\/uploads\/2025\/01\/pexels-mcraftpix-21014-scaled.jpg","datePublished":"2025-01-28T09:11:52+00:00","breadcrumb":{"@id":"https:\/\/www.link2fleet.com\/het-gebruik-van-een-bedrijfswagen-in-het-buitenland-verbieden-kan-dat\/#breadcrumb"},"inLanguage":"fr-FR","potentialAction":[{"@type":"ReadAction","target":["https:\/\/www.link2fleet.com\/het-gebruik-van-een-bedrijfswagen-in-het-buitenland-verbieden-kan-dat\/"]}]},{"@type":"ImageObject","inLanguage":"fr-FR","@id":"https:\/\/www.link2fleet.com\/het-gebruik-van-een-bedrijfswagen-in-het-buitenland-verbieden-kan-dat\/#primaryimage","url":"https:\/\/static.link2fleet.com\/wp-content\/uploads\/2025\/01\/pexels-mcraftpix-21014-scaled.jpg","contentUrl":"https:\/\/static.link2fleet.com\/wp-content\/uploads\/2025\/01\/pexels-mcraftpix-21014-scaled.jpg","width":2560,"height":1707},{"@type":"BreadcrumbList","@id":"https:\/\/www.link2fleet.com\/het-gebruik-van-een-bedrijfswagen-in-het-buitenland-verbieden-kan-dat\/#breadcrumb","itemListElement":[{"@type":"ListItem","position":1,"name":"Home","item":"https:\/\/www.link2fleet.com\/fr\/"},{"@type":"ListItem","position":2,"name":"Peut-on interdire l&#8217;usage de la voiture de soci\u00e9t\u00e9 \u00e0 l&#8217;\u00e9tranger?"}]},{"@type":"WebSite","@id":"https:\/\/www.link2fleet.com\/fr\/#website","url":"https:\/\/www.link2fleet.com\/fr\/","name":"Link2fleet","description":"","publisher":{"@id":"https:\/\/www.link2fleet.com\/fr\/#organization"},"potentialAction":[{"@type":"SearchAction","target":{"@type":"EntryPoint","urlTemplate":"https:\/\/www.link2fleet.com\/fr\/?s={search_term_string}"},"query-input":{"@type":"PropertyValueSpecification","valueRequired":true,"valueName":"search_term_string"}}],"inLanguage":"fr-FR"},{"@type":"Organization","@id":"https:\/\/www.link2fleet.com\/fr\/#organization","name":"Link2fleet","url":"https:\/\/www.link2fleet.com\/fr\/","logo":{"@type":"ImageObject","inLanguage":"fr-FR","@id":"https:\/\/www.link2fleet.com\/fr\/#\/schema\/logo\/image\/","url":"https:\/\/static.link2fleet.com\/wp-content\/uploads\/2024\/03\/share-image.jpg","contentUrl":"https:\/\/static.link2fleet.com\/wp-content\/uploads\/2024\/03\/share-image.jpg","width":1200,"height":630,"caption":"Link2fleet"},"image":{"@id":"https:\/\/www.link2fleet.com\/fr\/#\/schema\/logo\/image\/"},"sameAs":["https:\/\/www.linkedin.com\/company\/link2fleet-belgium","https:\/\/www.youtube.com\/user\/MMMBMBE"]},{"@type":"Person","@id":"https:\/\/www.link2fleet.com\/fr\/#\/schema\/person\/027cd46113c78036b3809c9a054049da","name":"Damien Malvetti","image":{"@type":"ImageObject","inLanguage":"fr-FR","@id":"https:\/\/secure.gravatar.com\/avatar\/dd8cc03b49466c735f753ac37f8caa371af16dfed347456ed61f02883255eebb?s=96&d=mm&r=g","url":"https:\/\/secure.gravatar.com\/avatar\/dd8cc03b49466c735f753ac37f8caa371af16dfed347456ed61f02883255eebb?s=96&d=mm&r=g","contentUrl":"https:\/\/secure.gravatar.com\/avatar\/dd8cc03b49466c735f753ac37f8caa371af16dfed347456ed61f02883255eebb?s=96&d=mm&r=g","caption":"Damien Malvetti"},"description":"Damien Malvetti is opgeleid als journalist en gepassioneerd door wagens, technologie en mobiliteit. Hij is verantwoordelijk voor de redactionele inhoud van link2fleet en beschikt over een uitgebreide kennis van de fleet-sector en elektrische mobiliteit.","sameAs":["https:\/\/www.linkedin.com\/in\/damien-malvetti-56601142\/"]}]}},"_links":{"self":[{"href":"https:\/\/www.link2fleet.com\/fr\/wp-json\/wp\/v2\/posts\/37954","targetHints":{"allow":["GET"]}}],"collection":[{"href":"https:\/\/www.link2fleet.com\/fr\/wp-json\/wp\/v2\/posts"}],"about":[{"href":"https:\/\/www.link2fleet.com\/fr\/wp-json\/wp\/v2\/types\/post"}],"author":[{"embeddable":true,"href":"https:\/\/www.link2fleet.com\/fr\/wp-json\/wp\/v2\/users\/4"}],"replies":[{"embeddable":true,"href":"https:\/\/www.link2fleet.com\/fr\/wp-json\/wp\/v2\/comments?post=37954"}],"version-history":[{"count":2,"href":"https:\/\/www.link2fleet.com\/fr\/wp-json\/wp\/v2\/posts\/37954\/revisions"}],"predecessor-version":[{"id":37960,"href":"https:\/\/www.link2fleet.com\/fr\/wp-json\/wp\/v2\/posts\/37954\/revisions\/37960"}],"wp:featuredmedia":[{"embeddable":true,"href":"https:\/\/www.link2fleet.com\/fr\/wp-json\/wp\/v2\/media\/37958"}],"wp:attachment":[{"href":"https:\/\/www.link2fleet.com\/fr\/wp-json\/wp\/v2\/media?parent=37954"}],"wp:term":[{"taxonomy":"category","embeddable":true,"href":"https:\/\/www.link2fleet.com\/fr\/wp-json\/wp\/v2\/categories?post=37954"},{"taxonomy":"post_tag","embeddable":true,"href":"https:\/\/www.link2fleet.com\/fr\/wp-json\/wp\/v2\/tags?post=37954"}],"curies":[{"name":"wp","href":"https:\/\/api.w.org\/{rel}","templated":true}]}}