{"id":38089,"date":"2025-02-04T08:00:09","date_gmt":"2025-02-04T07:00:09","guid":{"rendered":"https:\/\/www.link2fleet.com\/?p=38089"},"modified":"2025-02-03T14:54:29","modified_gmt":"2025-02-03T13:54:29","slug":"4-tendances-pour-les-gestionnaires-de-flotte-en-2025","status":"publish","type":"post","link":"https:\/\/www.link2fleet.com\/fr\/4-tendances-pour-les-gestionnaires-de-flotte-en-2025\/","title":{"rendered":"4 tendances pour les gestionnaires de flotte en 2025"},"content":{"rendered":"","protected":false},"excerpt":{"rendered":"","protected":false},"author":18,"featured_media":38090,"comment_status":"closed","ping_status":"closed","sticky":false,"template":"","format":"standard","meta":{"_acf_changed":false,"footnotes":""},"categories":[91,82],"tags":[236,744,712],"class_list":["post-38089","post","type-post","status-publish","format-standard","has-post-thumbnail","hentry","category-expertise-et-management","category-connected-car-devices","tag-fleet-management-fr","tag-geotab","tag-telematique"],"acf":[],"yoast_head":"<!-- This site is optimized with the Yoast SEO plugin v27.3 - https:\/\/yoast.com\/product\/yoast-seo-wordpress\/ -->\n<title>4 tendances pour les gestionnaires de flotte en 2025 - link2fleet<\/title>\n<meta name=\"description\" content=\"Entre objectifs de d\u00e9veloppement durable, connectivit\u00e9 avanc\u00e9e des v\u00e9hicules, probl\u00e9matiques li\u00e9es \u00e0 la recharge (notamment \u00e0 domicile) et utilisation de l\u2019IA, de nombreux d\u00e9fis \u00e9mergent\u2026\" \/>\n<meta name=\"robots\" content=\"index, follow, max-snippet:-1, max-image-preview:large, max-video-preview:-1\" \/>\n<meta property=\"og:locale\" content=\"fr_FR\" \/>\n<meta property=\"og:type\" content=\"article\" \/>\n<meta property=\"og:title\" content=\"4 tendances pour les gestionnaires de flotte en 2025 - link2fleet\" \/>\n<meta property=\"og:description\" content=\"Entre objectifs de d\u00e9veloppement durable, connectivit\u00e9 avanc\u00e9e des v\u00e9hicules, probl\u00e9matiques li\u00e9es \u00e0 la recharge (notamment \u00e0 domicile) et utilisation de l\u2019IA, de nombreux d\u00e9fis \u00e9mergent\u2026\" \/>\n<meta property=\"og:url\" content=\"https:\/\/www.link2fleet.com\/fr\/4-tendances-pour-les-gestionnaires-de-flotte-en-2025\/\" \/>\n<meta property=\"og:site_name\" content=\"link2fleet\" \/>\n<meta property=\"article:published_time\" content=\"2025-02-04T07:00:09+00:00\" \/>\n<meta property=\"og:image\" content=\"https:\/\/static.link2fleet.com\/wp-content\/uploads\/2025\/02\/connected-car-blog-adobestock-190904424-823729237-card2x.jpg\" \/>\n\t<meta property=\"og:image:width\" content=\"960\" \/>\n\t<meta property=\"og:image:height\" content=\"540\" \/>\n\t<meta property=\"og:image:type\" content=\"image\/jpeg\" \/>\n<meta name=\"author\" content=\"Maxime Pasture\" \/>\n<meta name=\"twitter:card\" content=\"summary_large_image\" \/>\n<meta name=\"twitter:description\" content=\"Entre objectifs de d\u00e9veloppement durable, connectivit\u00e9 avanc\u00e9e des v\u00e9hicules, probl\u00e9matiques li\u00e9es \u00e0 la recharge (notamment \u00e0 domicile) et utilisation de l\u2019IA, de nombreux d\u00e9fis \u00e9mergent\u2026\" \/>\n<meta name=\"twitter:label1\" content=\"\u00c9crit par\" \/>\n\t<meta name=\"twitter:data1\" content=\"Journaliste de formation, Maxime est tr\u00e8s curieux mais surtout passionn\u00e9 d&#039;automobile. Sa curiosit\u00e9 l&#039;am\u00e8ne \u00e0 traiter de sujets divers et vari\u00e9s li\u00e9s \u00e0 la mobilit\u00e9 au sens large et bien plus encore !\" \/>\n\t<meta name=\"twitter:label2\" content=\"Dur\u00e9e de lecture estim\u00e9e\" \/>\n\t<meta name=\"twitter:data2\" content=\"4 minutes\" \/>\n<script type=\"application\/ld+json\" class=\"yoast-schema-graph\">{\"@context\":\"https:\\\/\\\/schema.org\",\"@graph\":[{\"@type\":\"Article\",\"@id\":\"https:\\\/\\\/www.link2fleet.com\\\/fr\\\/4-tendances-pour-les-gestionnaires-de-flotte-en-2025\\\/#article\",\"isPartOf\":{\"@id\":\"https:\\\/\\\/www.link2fleet.com\\\/fr\\\/4-tendances-pour-les-gestionnaires-de-flotte-en-2025\\\/\"},\"author\":{\"name\":\"Maxime Pasture\",\"@id\":\"https:\\\/\\\/www.link2fleet.com\\\/fr\\\/#\\\/schema\\\/person\\\/36f3d48d12a83e110d72b602b5bebc11\"},\"headline\":\"4 tendances pour les gestionnaires de flotte en 2025\",\"datePublished\":\"2025-02-04T07:00:09+00:00\",\"mainEntityOfPage\":{\"@id\":\"https:\\\/\\\/www.link2fleet.com\\\/fr\\\/4-tendances-pour-les-gestionnaires-de-flotte-en-2025\\\/\"},\"wordCount\":7,\"publisher\":{\"@id\":\"https:\\\/\\\/www.link2fleet.com\\\/fr\\\/#organization\"},\"image\":{\"@id\":\"https:\\\/\\\/www.link2fleet.com\\\/fr\\\/4-tendances-pour-les-gestionnaires-de-flotte-en-2025\\\/#primaryimage\"},\"thumbnailUrl\":\"https:\\\/\\\/static.link2fleet.com\\\/wp-content\\\/uploads\\\/2025\\\/02\\\/connected-car-blog-adobestock-190904424-823729237-card2x.jpg\",\"keywords\":[\"fleet management\",\"geotab\",\"Telematique\"],\"articleSection\":[\"Gestion de flotte\",\"IT management et Connected cars\"],\"inLanguage\":\"fr-FR\"},{\"@type\":\"WebPage\",\"@id\":\"https:\\\/\\\/www.link2fleet.com\\\/fr\\\/4-tendances-pour-les-gestionnaires-de-flotte-en-2025\\\/\",\"url\":\"https:\\\/\\\/www.link2fleet.com\\\/fr\\\/4-tendances-pour-les-gestionnaires-de-flotte-en-2025\\\/\",\"name\":\"4 tendances pour les gestionnaires de flotte en 2025 - link2fleet\",\"isPartOf\":{\"@id\":\"https:\\\/\\\/www.link2fleet.com\\\/fr\\\/#website\"},\"primaryImageOfPage\":{\"@id\":\"https:\\\/\\\/www.link2fleet.com\\\/fr\\\/4-tendances-pour-les-gestionnaires-de-flotte-en-2025\\\/#primaryimage\"},\"image\":{\"@id\":\"https:\\\/\\\/www.link2fleet.com\\\/fr\\\/4-tendances-pour-les-gestionnaires-de-flotte-en-2025\\\/#primaryimage\"},\"thumbnailUrl\":\"https:\\\/\\\/static.link2fleet.com\\\/wp-content\\\/uploads\\\/2025\\\/02\\\/connected-car-blog-adobestock-190904424-823729237-card2x.jpg\",\"datePublished\":\"2025-02-04T07:00:09+00:00\",\"description\":\"Entre objectifs de d\u00e9veloppement durable, connectivit\u00e9 avanc\u00e9e des v\u00e9hicules, probl\u00e9matiques li\u00e9es \u00e0 la recharge (notamment \u00e0 domicile) et utilisation de l\u2019IA, de nombreux d\u00e9fis \u00e9mergent dans le secteur des flottes automobiles.\",\"breadcrumb\":{\"@id\":\"https:\\\/\\\/www.link2fleet.com\\\/fr\\\/4-tendances-pour-les-gestionnaires-de-flotte-en-2025\\\/#breadcrumb\"},\"inLanguage\":\"fr-FR\",\"potentialAction\":[{\"@type\":\"ReadAction\",\"target\":[\"https:\\\/\\\/www.link2fleet.com\\\/fr\\\/4-tendances-pour-les-gestionnaires-de-flotte-en-2025\\\/\"]}]},{\"@type\":\"ImageObject\",\"inLanguage\":\"fr-FR\",\"@id\":\"https:\\\/\\\/www.link2fleet.com\\\/fr\\\/4-tendances-pour-les-gestionnaires-de-flotte-en-2025\\\/#primaryimage\",\"url\":\"https:\\\/\\\/static.link2fleet.com\\\/wp-content\\\/uploads\\\/2025\\\/02\\\/connected-car-blog-adobestock-190904424-823729237-card2x.jpg\",\"contentUrl\":\"https:\\\/\\\/static.link2fleet.com\\\/wp-content\\\/uploads\\\/2025\\\/02\\\/connected-car-blog-adobestock-190904424-823729237-card2x.jpg\",\"width\":960,\"height\":540,\"caption\":\"Intelligent car, intelligent vehicle and smart cars concept with smart phones. Symbol of the car and information via wireless communication about security, parking location, fuel, drive analysis, service and car settings.\"},{\"@type\":\"BreadcrumbList\",\"@id\":\"https:\\\/\\\/www.link2fleet.com\\\/fr\\\/4-tendances-pour-les-gestionnaires-de-flotte-en-2025\\\/#breadcrumb\",\"itemListElement\":[{\"@type\":\"ListItem\",\"position\":1,\"name\":\"Home\",\"item\":\"https:\\\/\\\/www.link2fleet.com\\\/fr\\\/\"},{\"@type\":\"ListItem\",\"position\":2,\"name\":\"4 tendances pour les gestionnaires de flotte en 2025\"}]},{\"@type\":\"WebSite\",\"@id\":\"https:\\\/\\\/www.link2fleet.com\\\/fr\\\/#website\",\"url\":\"https:\\\/\\\/www.link2fleet.com\\\/fr\\\/\",\"name\":\"Link2fleet\",\"description\":\"\",\"publisher\":{\"@id\":\"https:\\\/\\\/www.link2fleet.com\\\/fr\\\/#organization\"},\"potentialAction\":[{\"@type\":\"SearchAction\",\"target\":{\"@type\":\"EntryPoint\",\"urlTemplate\":\"https:\\\/\\\/www.link2fleet.com\\\/fr\\\/?s={search_term_string}\"},\"query-input\":{\"@type\":\"PropertyValueSpecification\",\"valueRequired\":true,\"valueName\":\"search_term_string\"}}],\"inLanguage\":\"fr-FR\"},{\"@type\":\"Organization\",\"@id\":\"https:\\\/\\\/www.link2fleet.com\\\/fr\\\/#organization\",\"name\":\"Link2fleet\",\"url\":\"https:\\\/\\\/www.link2fleet.com\\\/fr\\\/\",\"logo\":{\"@type\":\"ImageObject\",\"inLanguage\":\"fr-FR\",\"@id\":\"https:\\\/\\\/www.link2fleet.com\\\/fr\\\/#\\\/schema\\\/logo\\\/image\\\/\",\"url\":\"https:\\\/\\\/static.link2fleet.com\\\/wp-content\\\/uploads\\\/2024\\\/03\\\/share-image.jpg\",\"contentUrl\":\"https:\\\/\\\/static.link2fleet.com\\\/wp-content\\\/uploads\\\/2024\\\/03\\\/share-image.jpg\",\"width\":1200,\"height\":630,\"caption\":\"Link2fleet\"},\"image\":{\"@id\":\"https:\\\/\\\/www.link2fleet.com\\\/fr\\\/#\\\/schema\\\/logo\\\/image\\\/\"},\"sameAs\":[\"https:\\\/\\\/www.linkedin.com\\\/company\\\/link2fleet-belgium\",\"https:\\\/\\\/www.youtube.com\\\/user\\\/MMMBMBE\"]},{\"@type\":\"Person\",\"@id\":\"https:\\\/\\\/www.link2fleet.com\\\/fr\\\/#\\\/schema\\\/person\\\/36f3d48d12a83e110d72b602b5bebc11\",\"name\":\"Maxime Pasture\",\"image\":{\"@type\":\"ImageObject\",\"inLanguage\":\"fr-FR\",\"@id\":\"https:\\\/\\\/secure.gravatar.com\\\/avatar\\\/a17c47a11dd3996c69a173e291c692b6a028e82349994bf0d9f60936c9795b9f?s=96&d=mm&r=g\",\"url\":\"https:\\\/\\\/secure.gravatar.com\\\/avatar\\\/a17c47a11dd3996c69a173e291c692b6a028e82349994bf0d9f60936c9795b9f?s=96&d=mm&r=g\",\"contentUrl\":\"https:\\\/\\\/secure.gravatar.com\\\/avatar\\\/a17c47a11dd3996c69a173e291c692b6a028e82349994bf0d9f60936c9795b9f?s=96&d=mm&r=g\",\"caption\":\"Maxime Pasture\"},\"description\":\"Journaliste de formation, Maxime est tr\u00e8s curieux mais surtout passionn\u00e9 d'automobile. Sa curiosit\u00e9 l'am\u00e8ne \u00e0 traiter de sujets divers et vari\u00e9s li\u00e9s \u00e0 la mobilit\u00e9 au sens large et bien plus encore !\"}]}<\/script>\n<!-- \/ Yoast SEO plugin. -->","yoast_head_json":{"title":"4 tendances pour les gestionnaires de flotte en 2025 - link2fleet","description":"Entre objectifs de d\u00e9veloppement durable, connectivit\u00e9 avanc\u00e9e des v\u00e9hicules, probl\u00e9matiques li\u00e9es \u00e0 la recharge (notamment \u00e0 domicile) et utilisation de l\u2019IA, de nombreux d\u00e9fis \u00e9mergent\u2026","robots":{"index":"index","follow":"follow","max-snippet":"max-snippet:-1","max-image-preview":"max-image-preview:large","max-video-preview":"max-video-preview:-1"},"og_locale":"fr_FR","og_type":"article","og_title":"4 tendances pour les gestionnaires de flotte en 2025 - link2fleet","og_description":"Entre objectifs de d\u00e9veloppement durable, connectivit\u00e9 avanc\u00e9e des v\u00e9hicules, probl\u00e9matiques li\u00e9es \u00e0 la recharge (notamment \u00e0 domicile) et utilisation de l\u2019IA, de nombreux d\u00e9fis \u00e9mergent\u2026","og_url":"https:\/\/www.link2fleet.com\/fr\/4-tendances-pour-les-gestionnaires-de-flotte-en-2025\/","og_site_name":"link2fleet","article_published_time":"2025-02-04T07:00:09+00:00","og_image":[{"width":960,"height":540,"url":"https:\/\/static.link2fleet.com\/wp-content\/uploads\/2025\/02\/connected-car-blog-adobestock-190904424-823729237-card2x.jpg","type":"image\/jpeg"}],"author":"Maxime Pasture","twitter_card":"summary_large_image","twitter_description":"Entre objectifs de d\u00e9veloppement durable, connectivit\u00e9 avanc\u00e9e des v\u00e9hicules, probl\u00e9matiques li\u00e9es \u00e0 la recharge (notamment \u00e0 domicile) et utilisation de l\u2019IA, de nombreux d\u00e9fis \u00e9mergent\u2026","twitter_misc":{"\u00c9crit par":"Journaliste de formation, Maxime est tr\u00e8s curieux mais surtout passionn\u00e9 d'automobile. Sa curiosit\u00e9 l'am\u00e8ne \u00e0 traiter de sujets divers et vari\u00e9s li\u00e9s \u00e0 la mobilit\u00e9 au sens large et bien plus encore !","Dur\u00e9e de lecture estim\u00e9e":"4 minutes"},"schema":{"@context":"https:\/\/schema.org","@graph":[{"@type":"Article","@id":"https:\/\/www.link2fleet.com\/fr\/4-tendances-pour-les-gestionnaires-de-flotte-en-2025\/#article","isPartOf":{"@id":"https:\/\/www.link2fleet.com\/fr\/4-tendances-pour-les-gestionnaires-de-flotte-en-2025\/"},"author":{"name":"Maxime Pasture","@id":"https:\/\/www.link2fleet.com\/fr\/#\/schema\/person\/36f3d48d12a83e110d72b602b5bebc11"},"headline":"4 tendances pour les gestionnaires de flotte en 2025","datePublished":"2025-02-04T07:00:09+00:00","mainEntityOfPage":{"@id":"https:\/\/www.link2fleet.com\/fr\/4-tendances-pour-les-gestionnaires-de-flotte-en-2025\/"},"wordCount":7,"publisher":{"@id":"https:\/\/www.link2fleet.com\/fr\/#organization"},"image":{"@id":"https:\/\/www.link2fleet.com\/fr\/4-tendances-pour-les-gestionnaires-de-flotte-en-2025\/#primaryimage"},"thumbnailUrl":"https:\/\/static.link2fleet.com\/wp-content\/uploads\/2025\/02\/connected-car-blog-adobestock-190904424-823729237-card2x.jpg","keywords":["fleet management","geotab","Telematique"],"articleSection":["Gestion de flotte","IT management et Connected cars"],"inLanguage":"fr-FR"},{"@type":"WebPage","@id":"https:\/\/www.link2fleet.com\/fr\/4-tendances-pour-les-gestionnaires-de-flotte-en-2025\/","url":"https:\/\/www.link2fleet.com\/fr\/4-tendances-pour-les-gestionnaires-de-flotte-en-2025\/","name":"4 tendances pour les gestionnaires de flotte en 2025 - link2fleet","isPartOf":{"@id":"https:\/\/www.link2fleet.com\/fr\/#website"},"primaryImageOfPage":{"@id":"https:\/\/www.link2fleet.com\/fr\/4-tendances-pour-les-gestionnaires-de-flotte-en-2025\/#primaryimage"},"image":{"@id":"https:\/\/www.link2fleet.com\/fr\/4-tendances-pour-les-gestionnaires-de-flotte-en-2025\/#primaryimage"},"thumbnailUrl":"https:\/\/static.link2fleet.com\/wp-content\/uploads\/2025\/02\/connected-car-blog-adobestock-190904424-823729237-card2x.jpg","datePublished":"2025-02-04T07:00:09+00:00","description":"Entre objectifs de d\u00e9veloppement durable, connectivit\u00e9 avanc\u00e9e des v\u00e9hicules, probl\u00e9matiques li\u00e9es \u00e0 la recharge (notamment \u00e0 domicile) et utilisation de l\u2019IA, de nombreux d\u00e9fis \u00e9mergent dans le secteur des flottes automobiles.","breadcrumb":{"@id":"https:\/\/www.link2fleet.com\/fr\/4-tendances-pour-les-gestionnaires-de-flotte-en-2025\/#breadcrumb"},"inLanguage":"fr-FR","potentialAction":[{"@type":"ReadAction","target":["https:\/\/www.link2fleet.com\/fr\/4-tendances-pour-les-gestionnaires-de-flotte-en-2025\/"]}]},{"@type":"ImageObject","inLanguage":"fr-FR","@id":"https:\/\/www.link2fleet.com\/fr\/4-tendances-pour-les-gestionnaires-de-flotte-en-2025\/#primaryimage","url":"https:\/\/static.link2fleet.com\/wp-content\/uploads\/2025\/02\/connected-car-blog-adobestock-190904424-823729237-card2x.jpg","contentUrl":"https:\/\/static.link2fleet.com\/wp-content\/uploads\/2025\/02\/connected-car-blog-adobestock-190904424-823729237-card2x.jpg","width":960,"height":540,"caption":"Intelligent car, intelligent vehicle and smart cars concept with smart phones. Symbol of the car and information via wireless communication about security, parking location, fuel, drive analysis, service and car settings."},{"@type":"BreadcrumbList","@id":"https:\/\/www.link2fleet.com\/fr\/4-tendances-pour-les-gestionnaires-de-flotte-en-2025\/#breadcrumb","itemListElement":[{"@type":"ListItem","position":1,"name":"Home","item":"https:\/\/www.link2fleet.com\/fr\/"},{"@type":"ListItem","position":2,"name":"4 tendances pour les gestionnaires de flotte en 2025"}]},{"@type":"WebSite","@id":"https:\/\/www.link2fleet.com\/fr\/#website","url":"https:\/\/www.link2fleet.com\/fr\/","name":"Link2fleet","description":"","publisher":{"@id":"https:\/\/www.link2fleet.com\/fr\/#organization"},"potentialAction":[{"@type":"SearchAction","target":{"@type":"EntryPoint","urlTemplate":"https:\/\/www.link2fleet.com\/fr\/?s={search_term_string}"},"query-input":{"@type":"PropertyValueSpecification","valueRequired":true,"valueName":"search_term_string"}}],"inLanguage":"fr-FR"},{"@type":"Organization","@id":"https:\/\/www.link2fleet.com\/fr\/#organization","name":"Link2fleet","url":"https:\/\/www.link2fleet.com\/fr\/","logo":{"@type":"ImageObject","inLanguage":"fr-FR","@id":"https:\/\/www.link2fleet.com\/fr\/#\/schema\/logo\/image\/","url":"https:\/\/static.link2fleet.com\/wp-content\/uploads\/2024\/03\/share-image.jpg","contentUrl":"https:\/\/static.link2fleet.com\/wp-content\/uploads\/2024\/03\/share-image.jpg","width":1200,"height":630,"caption":"Link2fleet"},"image":{"@id":"https:\/\/www.link2fleet.com\/fr\/#\/schema\/logo\/image\/"},"sameAs":["https:\/\/www.linkedin.com\/company\/link2fleet-belgium","https:\/\/www.youtube.com\/user\/MMMBMBE"]},{"@type":"Person","@id":"https:\/\/www.link2fleet.com\/fr\/#\/schema\/person\/36f3d48d12a83e110d72b602b5bebc11","name":"Maxime Pasture","image":{"@type":"ImageObject","inLanguage":"fr-FR","@id":"https:\/\/secure.gravatar.com\/avatar\/a17c47a11dd3996c69a173e291c692b6a028e82349994bf0d9f60936c9795b9f?s=96&d=mm&r=g","url":"https:\/\/secure.gravatar.com\/avatar\/a17c47a11dd3996c69a173e291c692b6a028e82349994bf0d9f60936c9795b9f?s=96&d=mm&r=g","contentUrl":"https:\/\/secure.gravatar.com\/avatar\/a17c47a11dd3996c69a173e291c692b6a028e82349994bf0d9f60936c9795b9f?s=96&d=mm&r=g","caption":"Maxime Pasture"},"description":"Journaliste de formation, Maxime est tr\u00e8s curieux mais surtout passionn\u00e9 d'automobile. Sa curiosit\u00e9 l'am\u00e8ne \u00e0 traiter de sujets divers et vari\u00e9s li\u00e9s \u00e0 la mobilit\u00e9 au sens large et bien plus encore !"}]}},"_links":{"self":[{"href":"https:\/\/www.link2fleet.com\/fr\/wp-json\/wp\/v2\/posts\/38089","targetHints":{"allow":["GET"]}}],"collection":[{"href":"https:\/\/www.link2fleet.com\/fr\/wp-json\/wp\/v2\/posts"}],"about":[{"href":"https:\/\/www.link2fleet.com\/fr\/wp-json\/wp\/v2\/types\/post"}],"author":[{"embeddable":true,"href":"https:\/\/www.link2fleet.com\/fr\/wp-json\/wp\/v2\/users\/18"}],"replies":[{"embeddable":true,"href":"https:\/\/www.link2fleet.com\/fr\/wp-json\/wp\/v2\/comments?post=38089"}],"version-history":[{"count":1,"href":"https:\/\/www.link2fleet.com\/fr\/wp-json\/wp\/v2\/posts\/38089\/revisions"}],"predecessor-version":[{"id":38092,"href":"https:\/\/www.link2fleet.com\/fr\/wp-json\/wp\/v2\/posts\/38089\/revisions\/38092"}],"wp:featuredmedia":[{"embeddable":true,"href":"https:\/\/www.link2fleet.com\/fr\/wp-json\/wp\/v2\/media\/38090"}],"wp:attachment":[{"href":"https:\/\/www.link2fleet.com\/fr\/wp-json\/wp\/v2\/media?parent=38089"}],"wp:term":[{"taxonomy":"category","embeddable":true,"href":"https:\/\/www.link2fleet.com\/fr\/wp-json\/wp\/v2\/categories?post=38089"},{"taxonomy":"post_tag","embeddable":true,"href":"https:\/\/www.link2fleet.com\/fr\/wp-json\/wp\/v2\/tags?post=38089"}],"curies":[{"name":"wp","href":"https:\/\/api.w.org\/{rel}","templated":true}]}}