{"id":3861,"date":"2021-03-05T08:08:08","date_gmt":"2021-03-05T07:08:08","guid":{"rendered":"https:\/\/www.link2fleet.com\/arval-et-climateseed-lancent-un-partenariat-mondial-pour-accompagner-les-clients-darval-dans-leur-transition-energetique\/"},"modified":"2021-03-05T08:08:08","modified_gmt":"2021-03-05T07:08:08","slug":"arval-et-climateseed-lancent-un-partenariat-mondial-pour-accompagner-les-clients-darval-dans-leur-transition-energetique","status":"publish","type":"post","link":"https:\/\/www.link2fleet.com\/fr\/arval-et-climateseed-lancent-un-partenariat-mondial-pour-accompagner-les-clients-darval-dans-leur-transition-energetique\/","title":{"rendered":"Arval et Climateseed lancent un partenariat mondial pour accompagner les clients d&rsquo;Arval dans leur transition \u00e9nerg\u00e9tique"},"content":{"rendered":"<p>Les cons\u00e9quences du changement climatique sont d\u00e9j\u00e0 visibles et s&rsquo;acc\u00e9l\u00e8rent. Atteindre la neutralit\u00e9 carbone au niveau mondial d&rsquo;ici 2050 semble \u00eatre la solution pour atteindre l\u2019objectif principal de l&rsquo;Accord de Paris\u00a0: limiter l\u2019augmentation de la temp\u00e9rature mondiale \u00e0 1,5\u00b0C. Les entreprises et la soci\u00e9t\u00e9 dans son ensemble peuvent contribuer \u00e0 la neutralit\u00e9 carbone mondiale gr\u00e2ce \u00e0 deux leviers principaux : diminuer les \u00e9missions \u00e0 l\u2019\u00e9chelle mondiale et augmenter le nombre de puits de carbone. Les entreprises doivent d&rsquo;abord mesurer leurs propres \u00e9missions de CO<sub>2<\/sub>, les r\u00e9duire, puis, pour les \u00e9missions r\u00e9siduelles, effectuer une <strong>contribution climatique<\/strong> par le biais de projets de r\u00e9duction du CO<sub>2<\/sub>.<\/p>\n<p>Depuis 2018, <strong>Arval<\/strong> accompagne ses clients dans leur transition \u00e9nerg\u00e9tique gr\u00e2ce \u00e0 l\u2019approche SMaRT (<em>Sustainable Mobility and Responsibility Targets<\/em>). M\u00eame en mettant en \u0153uvre cette m\u00e9thodologie, les clients peuvent se trouver confront\u00e9s \u00e0 des \u00e9missions r\u00e9siduelles de CO<sub>2<\/sub> qu&rsquo;ils ne pourront pas supprimer \u00e0 court terme. La participation \u00e0 des projets de r\u00e9duction de CO<sub>2 <\/sub>\u2013 tels que la conservation des for\u00eats, la reforestation, l&rsquo;efficacit\u00e9 \u00e9nerg\u00e9tique, les \u00e9nergies renouvelables, les projets communautaires, la gestion de l&rsquo;eau et des d\u00e9chets \u2013 devient donc essentielle.<\/p>\n<p><strong>ClimateSeed<\/strong> est le premier <em>Social Business<\/em> lanc\u00e9 en collaboration avec l&rsquo;\u00e9quipe du professeur Yunus, prix Nobel de la paix, et une filiale \u00e0 100 % du Groupe BNP Paribas, qui r\u00e9investit tous ses b\u00e9n\u00e9fices dans des projets environnementaux. L&rsquo;offre de <strong>ClimateSeed<\/strong> compl\u00e8te l&rsquo;approche SMaRT (Sustainable Mobility and Responsibility Targets) d&rsquo;Arval, en allant au-del\u00e0 d&rsquo;une solution de mesure et de r\u00e9duction en offrant la possibilit\u00e9 de <strong>contribuer \u00e0 des projets de r\u00e9duction de carbone<\/strong> ayant de forts impacts sociaux et environnementaux.<\/p>\n<p>Ce partenariat entre les deux entreprises comporte cinq \u00e9tapes :<\/p>\n<ul>\n<li>Gr\u00e2ce \u00e0 l&rsquo;approche SMaRT, les \u00e9quipes d&rsquo;Arval Consulting sont en mesure d&rsquo;\u00e9tablir un plan de r\u00e9duction des \u00e9missions de CO<sub>2<\/sub> pour la flotte de leurs clients.<\/li>\n<li>Les \u00e9quipes d&rsquo;Arval Consulting calculent ensuite leur nouvelle empreinte carbone.<\/li>\n<li>Pour compenser les \u00e9ventuelles \u00e9missions r\u00e9siduelles de CO<sub>2<\/sub>, les clients auront un acc\u00e8s gratuit \u00e0 la plateforme ClimateSeed.<\/li>\n<li>Ils s\u00e9lectionneront et contribueront \u00e0 des projets certifi\u00e9s de r\u00e9duction de CO<sub>2<\/sub> via la plateforme ClimateSeed et obtiendront un certificat pour les projets soutenus.<\/li>\n<li>Pour que les clients puissent afficher les actions qu&rsquo;ils ont entreprises, ils recevront \u00e9galement un kit de communication externe et interne.<\/li>\n<\/ul>\n<p><strong>Un partenariat gagnant-gagnant-gagnant<\/strong><\/p>\n<p>Ce partenariat b\u00e9n\u00e9ficiera \u00e0 la fois aux entreprises et \u00e0 leurs clients. Pour ClimateSeed, il permettra au plus grand nombre d&rsquo;acc\u00e9der \u00e0 son catalogue de projets certifi\u00e9s. Pour Arval, c\u2019est une \u00e9tape suppl\u00e9mentaire dans le renforcement de son engagement en tant que leader de la mobilit\u00e9 durable tel que d\u00e9crit par sa nouvelle strat\u00e9gie <strong>Arval Beyond<\/strong>.<\/p>\n<p>Le <em>Social Business<\/em> est la valeur centrale de ce partenariat ; c&rsquo;est pourquoi Arval et ClimateSeed s&rsquo;engagent \u00e0 r\u00e9investir tous les b\u00e9n\u00e9fices soit au profit des clients d&rsquo;Arval (programmes de formation au d\u00e9veloppement durable, initiatives de sensibilisation des salari\u00e9s), soit \u00e0 la cr\u00e9ation de nouveaux programmes de contribution au climat.<\/p>\n<p>\u00ab\u00a0<em>Nous sommes tr\u00e8s heureux de lancer cette nouvelle coop\u00e9ration avec notre partenaire ClimateSeed, car nous faisons tous deux partie du m\u00eame groupe, BNP Paribas. Dans un environnement o\u00f9 la confiance est essentielle, il est fondamental d&rsquo;offrir aux clients d&rsquo;Arval la possibilit\u00e9 de travailler avec un partenaire climatique reconnu pour atteindre leurs objectifs en mati\u00e8re de RSE<\/em>\u00a0\u00bb, d\u00e9clare Shams Dine El Mouden, Directeur d&rsquo;Arval Consulting.<\/p>\n<p>\u00ab\u00a0<em>ClimateSeed est fier d&rsquo;\u00eatre le partenaire \u00ab\u00a0climat\u00a0\u00bb d&rsquo;Arval, et de fournir \u00e0 ses clients une solution pour acc\u00e9l\u00e9rer la transition vers une mobilit\u00e9 plus verte. La d\u00e9carbonisation et la contribution aux projets de r\u00e9duction du CO<sub>2<\/sub> sont des \u00e9tapes n\u00e9cessaires pour atteindre la neutralit\u00e9 carbone mondiale. Tous les projets ont non seulement des impacts environnementaux et sociaux positifs, mais ils soutiennent \u00e9galement les communaut\u00e9s locales et prot\u00e8gent la plan\u00e8te et sa biodiversit\u00e9<\/em>\u00a0\u00bb, d\u00e9clare S\u00e9bastien Nunes, PDG de ClimateSeed.<\/p>\n","protected":false},"excerpt":{"rendered":"<p>Les cons\u00e9quences du changement climatique sont d\u00e9j\u00e0 visibles et s&rsquo;acc\u00e9l\u00e8rent. Atteindre la neutralit\u00e9 carbone au niveau mondial d&rsquo;ici 2050 semble \u00eatre la solution pour atteindre l\u2019objectif principal de l&rsquo;Accord de Paris\u00a0: limiter l\u2019augmentation de la temp\u00e9rature mondiale \u00e0 1,5\u00b0C. Les entreprises et la soci\u00e9t\u00e9 dans son ensemble peuvent contribuer \u00e0 la neutralit\u00e9 carbone mondiale gr\u00e2ce [&hellip;]<\/p>\n","protected":false},"author":4,"featured_media":3862,"comment_status":"closed","ping_status":"closed","sticky":false,"template":"","format":"standard","meta":{"_acf_changed":false,"footnotes":""},"categories":[91,79],"tags":[],"class_list":["post-3861","post","type-post","status-publish","format-standard","has-post-thumbnail","hentry","category-expertise-et-management","category-societes-de-leasing"],"acf":[],"yoast_head":"<!-- This site is optimized with the Yoast SEO plugin v27.3 - https:\/\/yoast.com\/product\/yoast-seo-wordpress\/ -->\n<title>Arval et Climateseed lancent un partenariat mondial pour accompagner les clients d&#039;Arval dans leur transition \u00e9nerg\u00e9tique - link2fleet<\/title>\n<meta name=\"description\" content=\"Arval et ClimateSeed signent un partenariat environnemental \u00e0 l\u2019\u00e9chelle internationale. Avec ce partenariat, Arval compl\u00e8te son offre pour accompagner ses clients dans leur objectif \u00ab\u2026\" \/>\n<meta name=\"robots\" content=\"index, follow, max-snippet:-1, max-image-preview:large, max-video-preview:-1\" \/>\n<meta property=\"og:locale\" content=\"fr_FR\" \/>\n<meta property=\"og:type\" content=\"article\" \/>\n<meta property=\"og:title\" content=\"Arval et Climateseed lancent un partenariat mondial pour accompagner les clients d&#039;Arval dans leur transition \u00e9nerg\u00e9tique - link2fleet\" \/>\n<meta property=\"og:description\" content=\"Arval et ClimateSeed signent un partenariat environnemental \u00e0 l\u2019\u00e9chelle internationale. Avec ce partenariat, Arval compl\u00e8te son offre pour accompagner ses clients dans leur objectif \u00ab\u2026\" \/>\n<meta property=\"og:url\" content=\"https:\/\/www.link2fleet.com\/fr\/arval-et-climateseed-lancent-un-partenariat-mondial-pour-accompagner-les-clients-darval-dans-leur-transition-energetique\/\" \/>\n<meta property=\"og:site_name\" content=\"link2fleet\" \/>\n<meta property=\"article:published_time\" content=\"2021-03-05T07:08:08+00:00\" \/>\n<meta property=\"og:image\" content=\"https:\/\/static.link2fleet.com\/wp-content\/uploads\/2024\/03\/energietransitie.jpg\" \/>\n\t<meta property=\"og:image:width\" content=\"700\" \/>\n\t<meta property=\"og:image:height\" content=\"250\" \/>\n\t<meta property=\"og:image:type\" content=\"image\/jpeg\" \/>\n<meta name=\"author\" content=\"Damien Malvetti\" \/>\n<meta name=\"twitter:card\" content=\"summary_large_image\" \/>\n<meta name=\"twitter:description\" content=\"Arval et ClimateSeed signent un partenariat environnemental \u00e0 l\u2019\u00e9chelle internationale. Avec ce partenariat, Arval compl\u00e8te son offre pour accompagner ses clients dans leur objectif \u00ab\u2026\" \/>\n<meta name=\"twitter:label1\" content=\"\u00c9crit par\" \/>\n\t<meta name=\"twitter:data1\" content=\"Damien Malvetti\" \/>\n\t<meta name=\"twitter:label2\" content=\"Dur\u00e9e de lecture estim\u00e9e\" \/>\n\t<meta name=\"twitter:data2\" content=\"3 minutes\" \/>\n<script type=\"application\/ld+json\" class=\"yoast-schema-graph\">{\"@context\":\"https:\\\/\\\/schema.org\",\"@graph\":[{\"@type\":\"Article\",\"@id\":\"https:\\\/\\\/www.link2fleet.com\\\/fr\\\/arval-et-climateseed-lancent-un-partenariat-mondial-pour-accompagner-les-clients-darval-dans-leur-transition-energetique\\\/#article\",\"isPartOf\":{\"@id\":\"https:\\\/\\\/www.link2fleet.com\\\/fr\\\/arval-et-climateseed-lancent-un-partenariat-mondial-pour-accompagner-les-clients-darval-dans-leur-transition-energetique\\\/\"},\"author\":{\"name\":\"Damien Malvetti\",\"@id\":\"https:\\\/\\\/www.link2fleet.com\\\/fr\\\/#\\\/schema\\\/person\\\/027cd46113c78036b3809c9a054049da\"},\"headline\":\"Arval et Climateseed lancent un partenariat mondial pour accompagner les clients d&rsquo;Arval dans leur transition \u00e9nerg\u00e9tique\",\"datePublished\":\"2021-03-05T07:08:08+00:00\",\"mainEntityOfPage\":{\"@id\":\"https:\\\/\\\/www.link2fleet.com\\\/fr\\\/arval-et-climateseed-lancent-un-partenariat-mondial-pour-accompagner-les-clients-darval-dans-leur-transition-energetique\\\/\"},\"wordCount\":709,\"publisher\":{\"@id\":\"https:\\\/\\\/www.link2fleet.com\\\/fr\\\/#organization\"},\"image\":{\"@id\":\"https:\\\/\\\/www.link2fleet.com\\\/fr\\\/arval-et-climateseed-lancent-un-partenariat-mondial-pour-accompagner-les-clients-darval-dans-leur-transition-energetique\\\/#primaryimage\"},\"thumbnailUrl\":\"https:\\\/\\\/static.link2fleet.com\\\/wp-content\\\/uploads\\\/2024\\\/03\\\/energietransitie.jpg\",\"articleSection\":[\"Gestion de flotte\",\"Location long-terme\"],\"inLanguage\":\"fr-FR\"},{\"@type\":\"WebPage\",\"@id\":\"https:\\\/\\\/www.link2fleet.com\\\/fr\\\/arval-et-climateseed-lancent-un-partenariat-mondial-pour-accompagner-les-clients-darval-dans-leur-transition-energetique\\\/\",\"url\":\"https:\\\/\\\/www.link2fleet.com\\\/fr\\\/arval-et-climateseed-lancent-un-partenariat-mondial-pour-accompagner-les-clients-darval-dans-leur-transition-energetique\\\/\",\"name\":\"Arval et Climateseed lancent un partenariat mondial pour accompagner les clients d'Arval dans leur transition \u00e9nerg\u00e9tique - link2fleet\",\"isPartOf\":{\"@id\":\"https:\\\/\\\/www.link2fleet.com\\\/fr\\\/#website\"},\"primaryImageOfPage\":{\"@id\":\"https:\\\/\\\/www.link2fleet.com\\\/fr\\\/arval-et-climateseed-lancent-un-partenariat-mondial-pour-accompagner-les-clients-darval-dans-leur-transition-energetique\\\/#primaryimage\"},\"image\":{\"@id\":\"https:\\\/\\\/www.link2fleet.com\\\/fr\\\/arval-et-climateseed-lancent-un-partenariat-mondial-pour-accompagner-les-clients-darval-dans-leur-transition-energetique\\\/#primaryimage\"},\"thumbnailUrl\":\"https:\\\/\\\/static.link2fleet.com\\\/wp-content\\\/uploads\\\/2024\\\/03\\\/energietransitie.jpg\",\"datePublished\":\"2021-03-05T07:08:08+00:00\",\"breadcrumb\":{\"@id\":\"https:\\\/\\\/www.link2fleet.com\\\/fr\\\/arval-et-climateseed-lancent-un-partenariat-mondial-pour-accompagner-les-clients-darval-dans-leur-transition-energetique\\\/#breadcrumb\"},\"inLanguage\":\"fr-FR\",\"potentialAction\":[{\"@type\":\"ReadAction\",\"target\":[\"https:\\\/\\\/www.link2fleet.com\\\/fr\\\/arval-et-climateseed-lancent-un-partenariat-mondial-pour-accompagner-les-clients-darval-dans-leur-transition-energetique\\\/\"]}]},{\"@type\":\"ImageObject\",\"inLanguage\":\"fr-FR\",\"@id\":\"https:\\\/\\\/www.link2fleet.com\\\/fr\\\/arval-et-climateseed-lancent-un-partenariat-mondial-pour-accompagner-les-clients-darval-dans-leur-transition-energetique\\\/#primaryimage\",\"url\":\"https:\\\/\\\/static.link2fleet.com\\\/wp-content\\\/uploads\\\/2024\\\/03\\\/energietransitie.jpg\",\"contentUrl\":\"https:\\\/\\\/static.link2fleet.com\\\/wp-content\\\/uploads\\\/2024\\\/03\\\/energietransitie.jpg\",\"width\":700,\"height\":250,\"caption\":\"Vector illustration of evolution from industrial pollution to clean energy. Greening of the world banner. Traditional and alternative natural electricity resources. Development green technology\"},{\"@type\":\"BreadcrumbList\",\"@id\":\"https:\\\/\\\/www.link2fleet.com\\\/fr\\\/arval-et-climateseed-lancent-un-partenariat-mondial-pour-accompagner-les-clients-darval-dans-leur-transition-energetique\\\/#breadcrumb\",\"itemListElement\":[{\"@type\":\"ListItem\",\"position\":1,\"name\":\"Home\",\"item\":\"https:\\\/\\\/www.link2fleet.com\\\/fr\\\/\"},{\"@type\":\"ListItem\",\"position\":2,\"name\":\"Arval et Climateseed lancent un partenariat mondial pour accompagner les clients d&#8217;Arval dans leur transition \u00e9nerg\u00e9tique\"}]},{\"@type\":\"WebSite\",\"@id\":\"https:\\\/\\\/www.link2fleet.com\\\/fr\\\/#website\",\"url\":\"https:\\\/\\\/www.link2fleet.com\\\/fr\\\/\",\"name\":\"Link2fleet\",\"description\":\"\",\"publisher\":{\"@id\":\"https:\\\/\\\/www.link2fleet.com\\\/fr\\\/#organization\"},\"potentialAction\":[{\"@type\":\"SearchAction\",\"target\":{\"@type\":\"EntryPoint\",\"urlTemplate\":\"https:\\\/\\\/www.link2fleet.com\\\/fr\\\/?s={search_term_string}\"},\"query-input\":{\"@type\":\"PropertyValueSpecification\",\"valueRequired\":true,\"valueName\":\"search_term_string\"}}],\"inLanguage\":\"fr-FR\"},{\"@type\":\"Organization\",\"@id\":\"https:\\\/\\\/www.link2fleet.com\\\/fr\\\/#organization\",\"name\":\"Link2fleet\",\"url\":\"https:\\\/\\\/www.link2fleet.com\\\/fr\\\/\",\"logo\":{\"@type\":\"ImageObject\",\"inLanguage\":\"fr-FR\",\"@id\":\"https:\\\/\\\/www.link2fleet.com\\\/fr\\\/#\\\/schema\\\/logo\\\/image\\\/\",\"url\":\"https:\\\/\\\/static.link2fleet.com\\\/wp-content\\\/uploads\\\/2024\\\/03\\\/share-image.jpg\",\"contentUrl\":\"https:\\\/\\\/static.link2fleet.com\\\/wp-content\\\/uploads\\\/2024\\\/03\\\/share-image.jpg\",\"width\":1200,\"height\":630,\"caption\":\"Link2fleet\"},\"image\":{\"@id\":\"https:\\\/\\\/www.link2fleet.com\\\/fr\\\/#\\\/schema\\\/logo\\\/image\\\/\"},\"sameAs\":[\"https:\\\/\\\/www.linkedin.com\\\/company\\\/link2fleet-belgium\",\"https:\\\/\\\/www.youtube.com\\\/user\\\/MMMBMBE\"]},{\"@type\":\"Person\",\"@id\":\"https:\\\/\\\/www.link2fleet.com\\\/fr\\\/#\\\/schema\\\/person\\\/027cd46113c78036b3809c9a054049da\",\"name\":\"Damien Malvetti\",\"image\":{\"@type\":\"ImageObject\",\"inLanguage\":\"fr-FR\",\"@id\":\"https:\\\/\\\/secure.gravatar.com\\\/avatar\\\/dd8cc03b49466c735f753ac37f8caa371af16dfed347456ed61f02883255eebb?s=96&d=mm&r=g\",\"url\":\"https:\\\/\\\/secure.gravatar.com\\\/avatar\\\/dd8cc03b49466c735f753ac37f8caa371af16dfed347456ed61f02883255eebb?s=96&d=mm&r=g\",\"contentUrl\":\"https:\\\/\\\/secure.gravatar.com\\\/avatar\\\/dd8cc03b49466c735f753ac37f8caa371af16dfed347456ed61f02883255eebb?s=96&d=mm&r=g\",\"caption\":\"Damien Malvetti\"},\"description\":\"Damien Malvetti is opgeleid als journalist en gepassioneerd door wagens, technologie en mobiliteit. Hij is verantwoordelijk voor de redactionele inhoud van link2fleet en beschikt over een uitgebreide kennis van de fleet-sector en elektrische mobiliteit.\",\"sameAs\":[\"https:\\\/\\\/www.linkedin.com\\\/in\\\/damien-malvetti-56601142\\\/\"]}]}<\/script>\n<!-- \/ Yoast SEO plugin. -->","yoast_head_json":{"title":"Arval et Climateseed lancent un partenariat mondial pour accompagner les clients d'Arval dans leur transition \u00e9nerg\u00e9tique - link2fleet","description":"Arval et ClimateSeed signent un partenariat environnemental \u00e0 l\u2019\u00e9chelle internationale. Avec ce partenariat, Arval compl\u00e8te son offre pour accompagner ses clients dans leur objectif \u00ab\u2026","robots":{"index":"index","follow":"follow","max-snippet":"max-snippet:-1","max-image-preview":"max-image-preview:large","max-video-preview":"max-video-preview:-1"},"og_locale":"fr_FR","og_type":"article","og_title":"Arval et Climateseed lancent un partenariat mondial pour accompagner les clients d'Arval dans leur transition \u00e9nerg\u00e9tique - link2fleet","og_description":"Arval et ClimateSeed signent un partenariat environnemental \u00e0 l\u2019\u00e9chelle internationale. Avec ce partenariat, Arval compl\u00e8te son offre pour accompagner ses clients dans leur objectif \u00ab\u2026","og_url":"https:\/\/www.link2fleet.com\/fr\/arval-et-climateseed-lancent-un-partenariat-mondial-pour-accompagner-les-clients-darval-dans-leur-transition-energetique\/","og_site_name":"link2fleet","article_published_time":"2021-03-05T07:08:08+00:00","og_image":[{"width":700,"height":250,"url":"https:\/\/static.link2fleet.com\/wp-content\/uploads\/2024\/03\/energietransitie.jpg","type":"image\/jpeg"}],"author":"Damien Malvetti","twitter_card":"summary_large_image","twitter_description":"Arval et ClimateSeed signent un partenariat environnemental \u00e0 l\u2019\u00e9chelle internationale. Avec ce partenariat, Arval compl\u00e8te son offre pour accompagner ses clients dans leur objectif \u00ab\u2026","twitter_misc":{"\u00c9crit par":"Damien Malvetti","Dur\u00e9e de lecture estim\u00e9e":"3 minutes"},"schema":{"@context":"https:\/\/schema.org","@graph":[{"@type":"Article","@id":"https:\/\/www.link2fleet.com\/fr\/arval-et-climateseed-lancent-un-partenariat-mondial-pour-accompagner-les-clients-darval-dans-leur-transition-energetique\/#article","isPartOf":{"@id":"https:\/\/www.link2fleet.com\/fr\/arval-et-climateseed-lancent-un-partenariat-mondial-pour-accompagner-les-clients-darval-dans-leur-transition-energetique\/"},"author":{"name":"Damien Malvetti","@id":"https:\/\/www.link2fleet.com\/fr\/#\/schema\/person\/027cd46113c78036b3809c9a054049da"},"headline":"Arval et Climateseed lancent un partenariat mondial pour accompagner les clients d&rsquo;Arval dans leur transition \u00e9nerg\u00e9tique","datePublished":"2021-03-05T07:08:08+00:00","mainEntityOfPage":{"@id":"https:\/\/www.link2fleet.com\/fr\/arval-et-climateseed-lancent-un-partenariat-mondial-pour-accompagner-les-clients-darval-dans-leur-transition-energetique\/"},"wordCount":709,"publisher":{"@id":"https:\/\/www.link2fleet.com\/fr\/#organization"},"image":{"@id":"https:\/\/www.link2fleet.com\/fr\/arval-et-climateseed-lancent-un-partenariat-mondial-pour-accompagner-les-clients-darval-dans-leur-transition-energetique\/#primaryimage"},"thumbnailUrl":"https:\/\/static.link2fleet.com\/wp-content\/uploads\/2024\/03\/energietransitie.jpg","articleSection":["Gestion de flotte","Location long-terme"],"inLanguage":"fr-FR"},{"@type":"WebPage","@id":"https:\/\/www.link2fleet.com\/fr\/arval-et-climateseed-lancent-un-partenariat-mondial-pour-accompagner-les-clients-darval-dans-leur-transition-energetique\/","url":"https:\/\/www.link2fleet.com\/fr\/arval-et-climateseed-lancent-un-partenariat-mondial-pour-accompagner-les-clients-darval-dans-leur-transition-energetique\/","name":"Arval et Climateseed lancent un partenariat mondial pour accompagner les clients d'Arval dans leur transition \u00e9nerg\u00e9tique - link2fleet","isPartOf":{"@id":"https:\/\/www.link2fleet.com\/fr\/#website"},"primaryImageOfPage":{"@id":"https:\/\/www.link2fleet.com\/fr\/arval-et-climateseed-lancent-un-partenariat-mondial-pour-accompagner-les-clients-darval-dans-leur-transition-energetique\/#primaryimage"},"image":{"@id":"https:\/\/www.link2fleet.com\/fr\/arval-et-climateseed-lancent-un-partenariat-mondial-pour-accompagner-les-clients-darval-dans-leur-transition-energetique\/#primaryimage"},"thumbnailUrl":"https:\/\/static.link2fleet.com\/wp-content\/uploads\/2024\/03\/energietransitie.jpg","datePublished":"2021-03-05T07:08:08+00:00","breadcrumb":{"@id":"https:\/\/www.link2fleet.com\/fr\/arval-et-climateseed-lancent-un-partenariat-mondial-pour-accompagner-les-clients-darval-dans-leur-transition-energetique\/#breadcrumb"},"inLanguage":"fr-FR","potentialAction":[{"@type":"ReadAction","target":["https:\/\/www.link2fleet.com\/fr\/arval-et-climateseed-lancent-un-partenariat-mondial-pour-accompagner-les-clients-darval-dans-leur-transition-energetique\/"]}]},{"@type":"ImageObject","inLanguage":"fr-FR","@id":"https:\/\/www.link2fleet.com\/fr\/arval-et-climateseed-lancent-un-partenariat-mondial-pour-accompagner-les-clients-darval-dans-leur-transition-energetique\/#primaryimage","url":"https:\/\/static.link2fleet.com\/wp-content\/uploads\/2024\/03\/energietransitie.jpg","contentUrl":"https:\/\/static.link2fleet.com\/wp-content\/uploads\/2024\/03\/energietransitie.jpg","width":700,"height":250,"caption":"Vector illustration of evolution from industrial pollution to clean energy. Greening of the world banner. Traditional and alternative natural electricity resources. Development green technology"},{"@type":"BreadcrumbList","@id":"https:\/\/www.link2fleet.com\/fr\/arval-et-climateseed-lancent-un-partenariat-mondial-pour-accompagner-les-clients-darval-dans-leur-transition-energetique\/#breadcrumb","itemListElement":[{"@type":"ListItem","position":1,"name":"Home","item":"https:\/\/www.link2fleet.com\/fr\/"},{"@type":"ListItem","position":2,"name":"Arval et Climateseed lancent un partenariat mondial pour accompagner les clients d&#8217;Arval dans leur transition \u00e9nerg\u00e9tique"}]},{"@type":"WebSite","@id":"https:\/\/www.link2fleet.com\/fr\/#website","url":"https:\/\/www.link2fleet.com\/fr\/","name":"Link2fleet","description":"","publisher":{"@id":"https:\/\/www.link2fleet.com\/fr\/#organization"},"potentialAction":[{"@type":"SearchAction","target":{"@type":"EntryPoint","urlTemplate":"https:\/\/www.link2fleet.com\/fr\/?s={search_term_string}"},"query-input":{"@type":"PropertyValueSpecification","valueRequired":true,"valueName":"search_term_string"}}],"inLanguage":"fr-FR"},{"@type":"Organization","@id":"https:\/\/www.link2fleet.com\/fr\/#organization","name":"Link2fleet","url":"https:\/\/www.link2fleet.com\/fr\/","logo":{"@type":"ImageObject","inLanguage":"fr-FR","@id":"https:\/\/www.link2fleet.com\/fr\/#\/schema\/logo\/image\/","url":"https:\/\/static.link2fleet.com\/wp-content\/uploads\/2024\/03\/share-image.jpg","contentUrl":"https:\/\/static.link2fleet.com\/wp-content\/uploads\/2024\/03\/share-image.jpg","width":1200,"height":630,"caption":"Link2fleet"},"image":{"@id":"https:\/\/www.link2fleet.com\/fr\/#\/schema\/logo\/image\/"},"sameAs":["https:\/\/www.linkedin.com\/company\/link2fleet-belgium","https:\/\/www.youtube.com\/user\/MMMBMBE"]},{"@type":"Person","@id":"https:\/\/www.link2fleet.com\/fr\/#\/schema\/person\/027cd46113c78036b3809c9a054049da","name":"Damien Malvetti","image":{"@type":"ImageObject","inLanguage":"fr-FR","@id":"https:\/\/secure.gravatar.com\/avatar\/dd8cc03b49466c735f753ac37f8caa371af16dfed347456ed61f02883255eebb?s=96&d=mm&r=g","url":"https:\/\/secure.gravatar.com\/avatar\/dd8cc03b49466c735f753ac37f8caa371af16dfed347456ed61f02883255eebb?s=96&d=mm&r=g","contentUrl":"https:\/\/secure.gravatar.com\/avatar\/dd8cc03b49466c735f753ac37f8caa371af16dfed347456ed61f02883255eebb?s=96&d=mm&r=g","caption":"Damien Malvetti"},"description":"Damien Malvetti is opgeleid als journalist en gepassioneerd door wagens, technologie en mobiliteit. Hij is verantwoordelijk voor de redactionele inhoud van link2fleet en beschikt over een uitgebreide kennis van de fleet-sector en elektrische mobiliteit.","sameAs":["https:\/\/www.linkedin.com\/in\/damien-malvetti-56601142\/"]}]}},"_links":{"self":[{"href":"https:\/\/www.link2fleet.com\/fr\/wp-json\/wp\/v2\/posts\/3861","targetHints":{"allow":["GET"]}}],"collection":[{"href":"https:\/\/www.link2fleet.com\/fr\/wp-json\/wp\/v2\/posts"}],"about":[{"href":"https:\/\/www.link2fleet.com\/fr\/wp-json\/wp\/v2\/types\/post"}],"author":[{"embeddable":true,"href":"https:\/\/www.link2fleet.com\/fr\/wp-json\/wp\/v2\/users\/4"}],"replies":[{"embeddable":true,"href":"https:\/\/www.link2fleet.com\/fr\/wp-json\/wp\/v2\/comments?post=3861"}],"version-history":[{"count":0,"href":"https:\/\/www.link2fleet.com\/fr\/wp-json\/wp\/v2\/posts\/3861\/revisions"}],"wp:featuredmedia":[{"embeddable":true,"href":"https:\/\/www.link2fleet.com\/fr\/wp-json\/wp\/v2\/media\/3862"}],"wp:attachment":[{"href":"https:\/\/www.link2fleet.com\/fr\/wp-json\/wp\/v2\/media?parent=3861"}],"wp:term":[{"taxonomy":"category","embeddable":true,"href":"https:\/\/www.link2fleet.com\/fr\/wp-json\/wp\/v2\/categories?post=3861"},{"taxonomy":"post_tag","embeddable":true,"href":"https:\/\/www.link2fleet.com\/fr\/wp-json\/wp\/v2\/tags?post=3861"}],"curies":[{"name":"wp","href":"https:\/\/api.w.org\/{rel}","templated":true}]}}