{"id":3867,"date":"2021-03-05T15:58:16","date_gmt":"2021-03-05T14:58:16","guid":{"rendered":"https:\/\/www.link2fleet.com\/essai-opel-mokka-e-la-nouvelle-apparence-dopel\/"},"modified":"2024-04-17T16:50:17","modified_gmt":"2024-04-17T14:50:17","slug":"essai-opel-mokka-e-la-nouvelle-apparence-dopel","status":"publish","type":"post","link":"https:\/\/www.link2fleet.com\/fr\/essai-opel-mokka-e-la-nouvelle-apparence-dopel\/","title":{"rendered":"Essai \u2013 Opel Mokka-e: la nouvelle apparence d\u2019Opel"},"content":{"rendered":"<p>L&rsquo;Opel Vizor s&rsquo;inspire de la visi\u00e8re protectrice d&rsquo;un casque int\u00e9gral. Le nouveau visage de la famille se caract\u00e9rise par la fluidit\u00e9 de la combinaison de la calandre, du logo de la marque &#8211; l&rsquo;Opel Blitz a \u00e9galement fait l&rsquo;objet d&rsquo;un relooking &#8211; et des phares en un seul module.<\/p>\n<p><a href=\"https:\/\/www.link2fleet.com\/wp-content\/uploads\/2021\/03\/opel_mokka_1-scaled.jpg\"><img loading=\"lazy\" decoding=\"async\" class=\" wp-image-1266319 alignright\" src=\"https:\/\/www.link2fleet.com\/wp-content\/uploads\/2021\/03\/opel_mokka_1-1024x497.jpg\" alt=\"\" width=\"484\" height=\"235\" \/><\/a><\/p>\n<p>Toutes les versions disposent d\u2019optiques avant \u00e0 LED. Le niveau de finition le plus \u00e9lev\u00e9 \u2013 e-Ultimate \u2013 profite de la toute nouvelle g\u00e9n\u00e9ration de feux IntelliLux LED Matrix, une exclusivit\u00e9 dans ce segment. Except\u00e9 sur le niveau de finition de base \u2013 e-Edition \u2013 ces deux IntelliLux LED Matrix peuvent \u00eatre choisis en option.<\/p>\n<p>\u00c0 l&rsquo;int\u00e9rieur, le double affichage avec son \u00e9cran de 12&Prime; et 10&Prime; pour l&rsquo;info-divertissement attire imm\u00e9diatement l&rsquo;attention. L\u2019instrumentation est tr\u00e8s bien ex\u00e9cut\u00e9e, tout comme l&rsquo;ensemble de l&rsquo;int\u00e9rieur : il fait bon vivre \u00e0 bord, sans bruits g\u00eanants.<\/p>\n<p>L\u2019espace de chargement modulable va de 310 \u00e0 1.060 litres.<\/p>\n<p>&nbsp;<\/p>\n<p><strong>Triptyque<\/strong><\/p>\n<p><a href=\"https:\/\/www.link2fleet.com\/wp-content\/uploads\/2021\/03\/opel_mokka_6-scaled.jpeg\"><img loading=\"lazy\" decoding=\"async\" class=\"alignleft size-medium wp-image-1266329\" src=\"https:\/\/www.link2fleet.com\/wp-content\/uploads\/2021\/03\/opel_mokka_6-300x200.jpeg\" alt=\"\" width=\"300\" height=\"200\" \/><\/a><\/p>\n<p>Opel propose son nouveau Mokka en diesel, essence et en \u00e9lectrique. Cette derni\u00e8re version propose une puissance de 100 kW (136 ch) et un couple maximum de 260 Nm. L\u2019acc\u00e9l\u00e9ration du 0 \u00e0 100 km\/h est r\u00e9alis\u00e9e en 9,0 secondes\u00a0; la vitesse maximale est limit\u00e9e \u00e9lectroniquement \u00e0 150 km\/h.<\/p>\n<p>La batterie 50 kWh, qui convient \u00e0 une charge rapide (DC) jusqu&rsquo;\u00e0 100 kW dans toutes les versions, permet une charge de 80 % en 30 minutes. L\u2019autonomie du Mokka-e est fix\u00e9e \u00e0 324 km selon la norme WLTP en mode de conduite \u00ab\u00a0normal\u00a0\u00bb. En outre, le conducteur peut choisir entre \u00ab\u00a0Eco\u00a0\u00bb (plus d&rsquo;efficacit\u00e9) et \u00ab\u00a0Sport\u00a0\u00bb (conduite plus dynamique).<\/p>\n<p>&nbsp;<\/p>\n<p><strong>Comportement routier agr\u00e9able<\/strong><\/p>\n<p><a href=\"https:\/\/www.link2fleet.com\/wp-content\/uploads\/2021\/03\/opel_mokka_14-scaled.jpeg\"><img loading=\"lazy\" decoding=\"async\" class=\"alignright size-medium wp-image-1266345\" src=\"https:\/\/www.link2fleet.com\/wp-content\/uploads\/2021\/03\/opel_mokka_14-300x200.jpeg\" alt=\"\" width=\"300\" height=\"200\" \/><\/a><\/p>\n<p>L&rsquo;Opel Mokka-e surprend par sa tenue de route agr\u00e9able. Son comportement dans les virages est particuli\u00e8rement positif. Il peut m\u00eame \u00eatre conduit de mani\u00e8re assez sportive sur une piste sinueuse et en pente. M\u00eame en mode \u00ab\u00a0normal\u00a0\u00bb, il est tr\u00e8s doux. Le choix du mode \u00ab\u00a0sport\u00a0\u00bb donne une meilleure r\u00e9ponse de la direction ; le mode \u00ab\u00a0\u00e9co\u00a0\u00bb est parfait pour une conduire de croisi\u00e8re, mais le temps de r\u00e9action lent est g\u00eanant lorsqu\u2019une acc\u00e9l\u00e9ration franche est n\u00e9cessaire.<\/p>\n<p>Une bonne et confortable position assise, le design attrayant du tableau de bord et une finition de haute qualit\u00e9 sont d&rsquo;autres atouts de l&rsquo;Opel Mokka-e. Un autre avantage est le confort acoustique \u00e0 l&rsquo;int\u00e9rieur, \u00e9galement d\u00fb au faible bruit du vent produit par la carrosserie. Une introduction r\u00e9ussie !<\/p>\n<p>&nbsp;<\/p>\n<p><strong>Fiche technique<\/strong><\/p>\n<table>\n<tbody>\n<tr>\n<td colspan=\"2\" width=\"604\"><strong>Opel Mokka-e Edition<\/strong><\/td>\n<\/tr>\n<tr>\n<td width=\"302\">Puissance<\/td>\n<td width=\"302\">100 kW (136 ch)<\/td>\n<\/tr>\n<tr>\n<td width=\"302\">Prix de base HTVA<\/td>\n<td width=\"302\">29917,36 \u20ac<\/td>\n<\/tr>\n<tr>\n<td width=\"302\">Emissions de CO<sub>2<\/sub>(combin\u00e9e, WLTP)<\/td>\n<td width=\"302\">0<\/td>\n<\/tr>\n<tr>\n<td width=\"302\">Autonomie \u00e9lectrique<\/td>\n<td width=\"302\">322 km (WLTP)<\/td>\n<\/tr>\n<tr>\n<td width=\"302\">TMC (Bruxelles, Wallonie, Leasing)<\/td>\n<td width=\"302\">61,50 \u20ac<\/td>\n<\/tr>\n<tr>\n<td width=\"302\">TMC (Flandre)<\/td>\n<td width=\"302\">0<\/td>\n<\/tr>\n<tr>\n<td width=\"302\">Taxe de roulage (Bruxelles, Wallonie, Leasing)<\/td>\n<td width=\"302\">82,10 \u20ac<\/td>\n<\/tr>\n<tr>\n<td width=\"302\">Taxe de roulage (Flandre)<\/td>\n<td width=\"302\">0<\/td>\n<\/tr>\n<tr>\n<td width=\"302\">D\u00e9ductibilit\u00e9 fiscale<\/td>\n<td width=\"302\">100%<\/td>\n<\/tr>\n<tr>\n<td width=\"302\">ATN utilisateur<\/td>\n<td width=\"302\">1.370 \u20ac<\/td>\n<\/tr>\n<tr>\n<td width=\"302\">D\u00e9penses rejet\u00e9es<\/td>\n<td width=\"302\">232,9 \u20ac<\/td>\n<\/tr>\n<tr>\n<td width=\"302\">Cotisation CO<sub>2<\/sub><\/td>\n<td width=\"302\">27,54 \u20ac<\/td>\n<\/tr>\n<tr>\n<td width=\"302\">Loyer mensuel moyen<\/td>\n<td width=\"302\">420 \u20ac<\/td>\n<\/tr>\n<\/tbody>\n<\/table>\n<p>&nbsp;<\/p>\n<p><strong>Galerie photos<\/strong><\/p>\n\n","protected":false},"excerpt":{"rendered":"<p>L&rsquo;Opel Vizor s&rsquo;inspire de la visi\u00e8re protectrice d&rsquo;un casque int\u00e9gral. Le nouveau visage de la famille se caract\u00e9rise par la fluidit\u00e9 de la combinaison de la calandre, du logo de la marque &#8211; l&rsquo;Opel Blitz a \u00e9galement fait l&rsquo;objet d&rsquo;un relooking &#8211; et des phares en un seul module. Toutes les versions disposent d\u2019optiques avant [&hellip;]<\/p>\n","protected":false},"author":15,"featured_media":3868,"comment_status":"closed","ping_status":"closed","sticky":false,"template":"","format":"standard","meta":{"_acf_changed":false,"footnotes":""},"categories":[77,76],"tags":[],"class_list":["post-3867","post","type-post","status-publish","format-standard","has-post-thumbnail","hentry","category-importateurs-et-constructeurs-automobiles-vp","category-car"],"acf":[],"yoast_head":"<!-- This site is optimized with the Yoast SEO plugin v27.3 - https:\/\/yoast.com\/product\/yoast-seo-wordpress\/ -->\n<title>Essai \u2013 Opel Mokka-e: la nouvelle apparence d\u2019Opel - link2fleet<\/title>\n<meta name=\"description\" content=\"Opel aime mettre en valeur son image allemande au sein du groupe PSA et maintenant par extension au sein du groupe \u00ab\u00a0Stellantis\u00a0\u00bb (fusion de PSA\u2026\" \/>\n<meta name=\"robots\" content=\"index, follow, max-snippet:-1, max-image-preview:large, max-video-preview:-1\" \/>\n<meta property=\"og:locale\" content=\"fr_FR\" \/>\n<meta property=\"og:type\" content=\"article\" \/>\n<meta property=\"og:title\" content=\"Essai \u2013 Opel Mokka-e: la nouvelle apparence d\u2019Opel - link2fleet\" \/>\n<meta property=\"og:description\" content=\"Opel aime mettre en valeur son image allemande au sein du groupe PSA et maintenant par extension au sein du groupe \u00ab\u00a0Stellantis\u00a0\u00bb (fusion de PSA\u2026\" \/>\n<meta property=\"og:url\" content=\"https:\/\/www.link2fleet.com\/fr\/essai-opel-mokka-e-la-nouvelle-apparence-dopel\/\" \/>\n<meta property=\"og:site_name\" content=\"link2fleet\" \/>\n<meta property=\"article:published_time\" content=\"2021-03-05T14:58:16+00:00\" \/>\n<meta property=\"article:modified_time\" content=\"2024-04-17T14:50:17+00:00\" \/>\n<meta property=\"og:image\" content=\"https:\/\/static.link2fleet.com\/wp-content\/uploads\/2024\/03\/opel-mokka-12.jpeg\" \/>\n\t<meta property=\"og:image:width\" content=\"1024\" \/>\n\t<meta property=\"og:image:height\" content=\"683\" \/>\n\t<meta property=\"og:image:type\" content=\"image\/jpeg\" \/>\n<meta name=\"author\" content=\"Eduard Codd\u00e9\" \/>\n<meta name=\"twitter:card\" content=\"summary_large_image\" \/>\n<meta name=\"twitter:description\" content=\"Opel aime mettre en valeur son image allemande au sein du groupe PSA et maintenant par extension au sein du groupe \u00ab\u00a0Stellantis\u00a0\u00bb (fusion de PSA\u2026\" \/>\n<meta name=\"twitter:label1\" content=\"\u00c9crit par\" \/>\n\t<meta name=\"twitter:data1\" content=\"Eduard Codd\u00e9\" \/>\n\t<meta name=\"twitter:label2\" content=\"Dur\u00e9e de lecture estim\u00e9e\" \/>\n\t<meta name=\"twitter:data2\" content=\"4 minutes\" \/>\n<script type=\"application\/ld+json\" class=\"yoast-schema-graph\">{\"@context\":\"https:\\\/\\\/schema.org\",\"@graph\":[{\"@type\":\"Article\",\"@id\":\"https:\\\/\\\/www.link2fleet.com\\\/fr\\\/essai-opel-mokka-e-la-nouvelle-apparence-dopel\\\/#article\",\"isPartOf\":{\"@id\":\"https:\\\/\\\/www.link2fleet.com\\\/fr\\\/essai-opel-mokka-e-la-nouvelle-apparence-dopel\\\/\"},\"author\":{\"name\":\"Eduard Codd\u00e9\",\"@id\":\"https:\\\/\\\/www.link2fleet.com\\\/fr\\\/#\\\/schema\\\/person\\\/665e97b2a09468c859e1054550b6df42\"},\"headline\":\"Essai \u2013 Opel Mokka-e: la nouvelle apparence d\u2019Opel\",\"datePublished\":\"2021-03-05T14:58:16+00:00\",\"dateModified\":\"2024-04-17T14:50:17+00:00\",\"mainEntityOfPage\":{\"@id\":\"https:\\\/\\\/www.link2fleet.com\\\/fr\\\/essai-opel-mokka-e-la-nouvelle-apparence-dopel\\\/\"},\"wordCount\":867,\"publisher\":{\"@id\":\"https:\\\/\\\/www.link2fleet.com\\\/fr\\\/#organization\"},\"image\":{\"@id\":\"https:\\\/\\\/www.link2fleet.com\\\/fr\\\/essai-opel-mokka-e-la-nouvelle-apparence-dopel\\\/#primaryimage\"},\"thumbnailUrl\":\"https:\\\/\\\/static.link2fleet.com\\\/wp-content\\\/uploads\\\/2024\\\/03\\\/opel-mokka-12.jpeg\",\"articleSection\":[\"Importateurs et constructeurs\",\"V\u00e9hicules\"],\"inLanguage\":\"fr-FR\"},{\"@type\":\"WebPage\",\"@id\":\"https:\\\/\\\/www.link2fleet.com\\\/fr\\\/essai-opel-mokka-e-la-nouvelle-apparence-dopel\\\/\",\"url\":\"https:\\\/\\\/www.link2fleet.com\\\/fr\\\/essai-opel-mokka-e-la-nouvelle-apparence-dopel\\\/\",\"name\":\"Essai \u2013 Opel Mokka-e: la nouvelle apparence d\u2019Opel - link2fleet\",\"isPartOf\":{\"@id\":\"https:\\\/\\\/www.link2fleet.com\\\/fr\\\/#website\"},\"primaryImageOfPage\":{\"@id\":\"https:\\\/\\\/www.link2fleet.com\\\/fr\\\/essai-opel-mokka-e-la-nouvelle-apparence-dopel\\\/#primaryimage\"},\"image\":{\"@id\":\"https:\\\/\\\/www.link2fleet.com\\\/fr\\\/essai-opel-mokka-e-la-nouvelle-apparence-dopel\\\/#primaryimage\"},\"thumbnailUrl\":\"https:\\\/\\\/static.link2fleet.com\\\/wp-content\\\/uploads\\\/2024\\\/03\\\/opel-mokka-12.jpeg\",\"datePublished\":\"2021-03-05T14:58:16+00:00\",\"dateModified\":\"2024-04-17T14:50:17+00:00\",\"breadcrumb\":{\"@id\":\"https:\\\/\\\/www.link2fleet.com\\\/fr\\\/essai-opel-mokka-e-la-nouvelle-apparence-dopel\\\/#breadcrumb\"},\"inLanguage\":\"fr-FR\",\"potentialAction\":[{\"@type\":\"ReadAction\",\"target\":[\"https:\\\/\\\/www.link2fleet.com\\\/fr\\\/essai-opel-mokka-e-la-nouvelle-apparence-dopel\\\/\"]}]},{\"@type\":\"ImageObject\",\"inLanguage\":\"fr-FR\",\"@id\":\"https:\\\/\\\/www.link2fleet.com\\\/fr\\\/essai-opel-mokka-e-la-nouvelle-apparence-dopel\\\/#primaryimage\",\"url\":\"https:\\\/\\\/static.link2fleet.com\\\/wp-content\\\/uploads\\\/2024\\\/03\\\/opel-mokka-12.jpeg\",\"contentUrl\":\"https:\\\/\\\/static.link2fleet.com\\\/wp-content\\\/uploads\\\/2024\\\/03\\\/opel-mokka-12.jpeg\",\"width\":5184,\"height\":3456,\"caption\":\"|||||||||||||||||\"},{\"@type\":\"BreadcrumbList\",\"@id\":\"https:\\\/\\\/www.link2fleet.com\\\/fr\\\/essai-opel-mokka-e-la-nouvelle-apparence-dopel\\\/#breadcrumb\",\"itemListElement\":[{\"@type\":\"ListItem\",\"position\":1,\"name\":\"Home\",\"item\":\"https:\\\/\\\/www.link2fleet.com\\\/fr\\\/\"},{\"@type\":\"ListItem\",\"position\":2,\"name\":\"Essai \u2013 Opel Mokka-e: la nouvelle apparence d\u2019Opel\"}]},{\"@type\":\"WebSite\",\"@id\":\"https:\\\/\\\/www.link2fleet.com\\\/fr\\\/#website\",\"url\":\"https:\\\/\\\/www.link2fleet.com\\\/fr\\\/\",\"name\":\"Link2fleet\",\"description\":\"\",\"publisher\":{\"@id\":\"https:\\\/\\\/www.link2fleet.com\\\/fr\\\/#organization\"},\"potentialAction\":[{\"@type\":\"SearchAction\",\"target\":{\"@type\":\"EntryPoint\",\"urlTemplate\":\"https:\\\/\\\/www.link2fleet.com\\\/fr\\\/?s={search_term_string}\"},\"query-input\":{\"@type\":\"PropertyValueSpecification\",\"valueRequired\":true,\"valueName\":\"search_term_string\"}}],\"inLanguage\":\"fr-FR\"},{\"@type\":\"Organization\",\"@id\":\"https:\\\/\\\/www.link2fleet.com\\\/fr\\\/#organization\",\"name\":\"Link2fleet\",\"url\":\"https:\\\/\\\/www.link2fleet.com\\\/fr\\\/\",\"logo\":{\"@type\":\"ImageObject\",\"inLanguage\":\"fr-FR\",\"@id\":\"https:\\\/\\\/www.link2fleet.com\\\/fr\\\/#\\\/schema\\\/logo\\\/image\\\/\",\"url\":\"https:\\\/\\\/static.link2fleet.com\\\/wp-content\\\/uploads\\\/2024\\\/03\\\/share-image.jpg\",\"contentUrl\":\"https:\\\/\\\/static.link2fleet.com\\\/wp-content\\\/uploads\\\/2024\\\/03\\\/share-image.jpg\",\"width\":1200,\"height\":630,\"caption\":\"Link2fleet\"},\"image\":{\"@id\":\"https:\\\/\\\/www.link2fleet.com\\\/fr\\\/#\\\/schema\\\/logo\\\/image\\\/\"},\"sameAs\":[\"https:\\\/\\\/www.linkedin.com\\\/company\\\/link2fleet-belgium\",\"https:\\\/\\\/www.youtube.com\\\/user\\\/MMMBMBE\"]},{\"@type\":\"Person\",\"@id\":\"https:\\\/\\\/www.link2fleet.com\\\/fr\\\/#\\\/schema\\\/person\\\/665e97b2a09468c859e1054550b6df42\",\"name\":\"Eduard Codd\u00e9\",\"image\":{\"@type\":\"ImageObject\",\"inLanguage\":\"fr-FR\",\"@id\":\"https:\\\/\\\/secure.gravatar.com\\\/avatar\\\/dec911fbcc7fe91af8440da6bf79457dcae5ede1c5620184af3119ee3db73d1b?s=96&d=mm&r=g\",\"url\":\"https:\\\/\\\/secure.gravatar.com\\\/avatar\\\/dec911fbcc7fe91af8440da6bf79457dcae5ede1c5620184af3119ee3db73d1b?s=96&d=mm&r=g\",\"contentUrl\":\"https:\\\/\\\/secure.gravatar.com\\\/avatar\\\/dec911fbcc7fe91af8440da6bf79457dcae5ede1c5620184af3119ee3db73d1b?s=96&d=mm&r=g\",\"caption\":\"Eduard Codd\u00e9\"}}]}<\/script>\n<!-- \/ Yoast SEO plugin. -->","yoast_head_json":{"title":"Essai \u2013 Opel Mokka-e: la nouvelle apparence d\u2019Opel - link2fleet","description":"Opel aime mettre en valeur son image allemande au sein du groupe PSA et maintenant par extension au sein du groupe \u00ab\u00a0Stellantis\u00a0\u00bb (fusion de PSA\u2026","robots":{"index":"index","follow":"follow","max-snippet":"max-snippet:-1","max-image-preview":"max-image-preview:large","max-video-preview":"max-video-preview:-1"},"og_locale":"fr_FR","og_type":"article","og_title":"Essai \u2013 Opel Mokka-e: la nouvelle apparence d\u2019Opel - link2fleet","og_description":"Opel aime mettre en valeur son image allemande au sein du groupe PSA et maintenant par extension au sein du groupe \u00ab\u00a0Stellantis\u00a0\u00bb (fusion de PSA\u2026","og_url":"https:\/\/www.link2fleet.com\/fr\/essai-opel-mokka-e-la-nouvelle-apparence-dopel\/","og_site_name":"link2fleet","article_published_time":"2021-03-05T14:58:16+00:00","article_modified_time":"2024-04-17T14:50:17+00:00","og_image":[{"url":"https:\/\/static.link2fleet.com\/wp-content\/uploads\/2024\/03\/opel-mokka-12.jpeg","width":1024,"height":683,"type":"image\/jpeg"}],"author":"Eduard Codd\u00e9","twitter_card":"summary_large_image","twitter_description":"Opel aime mettre en valeur son image allemande au sein du groupe PSA et maintenant par extension au sein du groupe \u00ab\u00a0Stellantis\u00a0\u00bb (fusion de PSA\u2026","twitter_misc":{"\u00c9crit par":"Eduard Codd\u00e9","Dur\u00e9e de lecture estim\u00e9e":"4 minutes"},"schema":{"@context":"https:\/\/schema.org","@graph":[{"@type":"Article","@id":"https:\/\/www.link2fleet.com\/fr\/essai-opel-mokka-e-la-nouvelle-apparence-dopel\/#article","isPartOf":{"@id":"https:\/\/www.link2fleet.com\/fr\/essai-opel-mokka-e-la-nouvelle-apparence-dopel\/"},"author":{"name":"Eduard Codd\u00e9","@id":"https:\/\/www.link2fleet.com\/fr\/#\/schema\/person\/665e97b2a09468c859e1054550b6df42"},"headline":"Essai \u2013 Opel Mokka-e: la nouvelle apparence d\u2019Opel","datePublished":"2021-03-05T14:58:16+00:00","dateModified":"2024-04-17T14:50:17+00:00","mainEntityOfPage":{"@id":"https:\/\/www.link2fleet.com\/fr\/essai-opel-mokka-e-la-nouvelle-apparence-dopel\/"},"wordCount":867,"publisher":{"@id":"https:\/\/www.link2fleet.com\/fr\/#organization"},"image":{"@id":"https:\/\/www.link2fleet.com\/fr\/essai-opel-mokka-e-la-nouvelle-apparence-dopel\/#primaryimage"},"thumbnailUrl":"https:\/\/static.link2fleet.com\/wp-content\/uploads\/2024\/03\/opel-mokka-12.jpeg","articleSection":["Importateurs et constructeurs","V\u00e9hicules"],"inLanguage":"fr-FR"},{"@type":"WebPage","@id":"https:\/\/www.link2fleet.com\/fr\/essai-opel-mokka-e-la-nouvelle-apparence-dopel\/","url":"https:\/\/www.link2fleet.com\/fr\/essai-opel-mokka-e-la-nouvelle-apparence-dopel\/","name":"Essai \u2013 Opel Mokka-e: la nouvelle apparence d\u2019Opel - link2fleet","isPartOf":{"@id":"https:\/\/www.link2fleet.com\/fr\/#website"},"primaryImageOfPage":{"@id":"https:\/\/www.link2fleet.com\/fr\/essai-opel-mokka-e-la-nouvelle-apparence-dopel\/#primaryimage"},"image":{"@id":"https:\/\/www.link2fleet.com\/fr\/essai-opel-mokka-e-la-nouvelle-apparence-dopel\/#primaryimage"},"thumbnailUrl":"https:\/\/static.link2fleet.com\/wp-content\/uploads\/2024\/03\/opel-mokka-12.jpeg","datePublished":"2021-03-05T14:58:16+00:00","dateModified":"2024-04-17T14:50:17+00:00","breadcrumb":{"@id":"https:\/\/www.link2fleet.com\/fr\/essai-opel-mokka-e-la-nouvelle-apparence-dopel\/#breadcrumb"},"inLanguage":"fr-FR","potentialAction":[{"@type":"ReadAction","target":["https:\/\/www.link2fleet.com\/fr\/essai-opel-mokka-e-la-nouvelle-apparence-dopel\/"]}]},{"@type":"ImageObject","inLanguage":"fr-FR","@id":"https:\/\/www.link2fleet.com\/fr\/essai-opel-mokka-e-la-nouvelle-apparence-dopel\/#primaryimage","url":"https:\/\/static.link2fleet.com\/wp-content\/uploads\/2024\/03\/opel-mokka-12.jpeg","contentUrl":"https:\/\/static.link2fleet.com\/wp-content\/uploads\/2024\/03\/opel-mokka-12.jpeg","width":5184,"height":3456,"caption":"|||||||||||||||||"},{"@type":"BreadcrumbList","@id":"https:\/\/www.link2fleet.com\/fr\/essai-opel-mokka-e-la-nouvelle-apparence-dopel\/#breadcrumb","itemListElement":[{"@type":"ListItem","position":1,"name":"Home","item":"https:\/\/www.link2fleet.com\/fr\/"},{"@type":"ListItem","position":2,"name":"Essai \u2013 Opel Mokka-e: la nouvelle apparence d\u2019Opel"}]},{"@type":"WebSite","@id":"https:\/\/www.link2fleet.com\/fr\/#website","url":"https:\/\/www.link2fleet.com\/fr\/","name":"Link2fleet","description":"","publisher":{"@id":"https:\/\/www.link2fleet.com\/fr\/#organization"},"potentialAction":[{"@type":"SearchAction","target":{"@type":"EntryPoint","urlTemplate":"https:\/\/www.link2fleet.com\/fr\/?s={search_term_string}"},"query-input":{"@type":"PropertyValueSpecification","valueRequired":true,"valueName":"search_term_string"}}],"inLanguage":"fr-FR"},{"@type":"Organization","@id":"https:\/\/www.link2fleet.com\/fr\/#organization","name":"Link2fleet","url":"https:\/\/www.link2fleet.com\/fr\/","logo":{"@type":"ImageObject","inLanguage":"fr-FR","@id":"https:\/\/www.link2fleet.com\/fr\/#\/schema\/logo\/image\/","url":"https:\/\/static.link2fleet.com\/wp-content\/uploads\/2024\/03\/share-image.jpg","contentUrl":"https:\/\/static.link2fleet.com\/wp-content\/uploads\/2024\/03\/share-image.jpg","width":1200,"height":630,"caption":"Link2fleet"},"image":{"@id":"https:\/\/www.link2fleet.com\/fr\/#\/schema\/logo\/image\/"},"sameAs":["https:\/\/www.linkedin.com\/company\/link2fleet-belgium","https:\/\/www.youtube.com\/user\/MMMBMBE"]},{"@type":"Person","@id":"https:\/\/www.link2fleet.com\/fr\/#\/schema\/person\/665e97b2a09468c859e1054550b6df42","name":"Eduard Codd\u00e9","image":{"@type":"ImageObject","inLanguage":"fr-FR","@id":"https:\/\/secure.gravatar.com\/avatar\/dec911fbcc7fe91af8440da6bf79457dcae5ede1c5620184af3119ee3db73d1b?s=96&d=mm&r=g","url":"https:\/\/secure.gravatar.com\/avatar\/dec911fbcc7fe91af8440da6bf79457dcae5ede1c5620184af3119ee3db73d1b?s=96&d=mm&r=g","contentUrl":"https:\/\/secure.gravatar.com\/avatar\/dec911fbcc7fe91af8440da6bf79457dcae5ede1c5620184af3119ee3db73d1b?s=96&d=mm&r=g","caption":"Eduard Codd\u00e9"}}]}},"_links":{"self":[{"href":"https:\/\/www.link2fleet.com\/fr\/wp-json\/wp\/v2\/posts\/3867","targetHints":{"allow":["GET"]}}],"collection":[{"href":"https:\/\/www.link2fleet.com\/fr\/wp-json\/wp\/v2\/posts"}],"about":[{"href":"https:\/\/www.link2fleet.com\/fr\/wp-json\/wp\/v2\/types\/post"}],"author":[{"embeddable":true,"href":"https:\/\/www.link2fleet.com\/fr\/wp-json\/wp\/v2\/users\/15"}],"replies":[{"embeddable":true,"href":"https:\/\/www.link2fleet.com\/fr\/wp-json\/wp\/v2\/comments?post=3867"}],"version-history":[{"count":0,"href":"https:\/\/www.link2fleet.com\/fr\/wp-json\/wp\/v2\/posts\/3867\/revisions"}],"wp:featuredmedia":[{"embeddable":true,"href":"https:\/\/www.link2fleet.com\/fr\/wp-json\/wp\/v2\/media\/3868"}],"wp:attachment":[{"href":"https:\/\/www.link2fleet.com\/fr\/wp-json\/wp\/v2\/media?parent=3867"}],"wp:term":[{"taxonomy":"category","embeddable":true,"href":"https:\/\/www.link2fleet.com\/fr\/wp-json\/wp\/v2\/categories?post=3867"},{"taxonomy":"post_tag","embeddable":true,"href":"https:\/\/www.link2fleet.com\/fr\/wp-json\/wp\/v2\/tags?post=3867"}],"curies":[{"name":"wp","href":"https:\/\/api.w.org\/{rel}","templated":true}]}}