{"id":38841,"date":"2025-03-04T08:50:25","date_gmt":"2025-03-04T07:50:25","guid":{"rendered":"https:\/\/www.link2fleet.com\/?p=38841"},"modified":"2025-03-04T08:51:13","modified_gmt":"2025-03-04T07:51:13","slug":"voici-le-plan-en-10-etapes-dallianz-pour-sauver-lindustrie-automobile-europeenne","status":"publish","type":"post","link":"https:\/\/www.link2fleet.com\/fr\/voici-le-plan-en-10-etapes-dallianz-pour-sauver-lindustrie-automobile-europeenne\/","title":{"rendered":"Voici le plan en 10 \u00e9tapes d\u2019Allianz pour sauver l\u2019industrie automobile europ\u00e9enne"},"content":{"rendered":"","protected":false},"excerpt":{"rendered":"","protected":false},"author":18,"featured_media":38844,"comment_status":"closed","ping_status":"closed","sticky":false,"template":"","format":"standard","meta":{"_acf_changed":false,"footnotes":""},"categories":[135,77,76],"tags":[],"class_list":["post-38841","post","type-post","status-publish","format-standard","has-post-thumbnail","hentry","category-news-fr","category-importateurs-et-constructeurs-automobiles-vp","category-car"],"acf":[],"yoast_head":"<!-- This site is optimized with the Yoast SEO plugin v27.3 - https:\/\/yoast.com\/product\/yoast-seo-wordpress\/ -->\n<title>Voici le plan en 10 \u00e9tapes d\u2019Allianz pour sauver l\u2019industrie automobile europ\u00e9enne - link2fleet<\/title>\n<meta name=\"description\" content=\"L&rsquo;assureur-cr\u00e9dit Allianz Trade propose un plan en 10 \u00e9tapes pour stimuler le secteur auto europ\u00e9en et les ventes de VE en Europe. Voici les 10\u2026\" \/>\n<meta name=\"robots\" content=\"index, follow, max-snippet:-1, max-image-preview:large, max-video-preview:-1\" \/>\n<meta property=\"og:locale\" content=\"fr_FR\" \/>\n<meta property=\"og:type\" content=\"article\" \/>\n<meta property=\"og:title\" content=\"Voici le plan en 10 \u00e9tapes d\u2019Allianz pour sauver l\u2019industrie automobile europ\u00e9enne - link2fleet\" \/>\n<meta property=\"og:description\" content=\"L&rsquo;assureur-cr\u00e9dit Allianz Trade propose un plan en 10 \u00e9tapes pour stimuler le secteur auto europ\u00e9en et les ventes de VE en Europe. Voici les 10\u2026\" \/>\n<meta property=\"og:url\" content=\"https:\/\/www.link2fleet.com\/met-dit-10-stappenplan-wil-allianz-de-europese-auto-industrie-redden\/\" \/>\n<meta property=\"og:site_name\" content=\"link2fleet\" \/>\n<meta property=\"article:published_time\" content=\"2025-03-04T07:50:25+00:00\" \/>\n<meta property=\"article:modified_time\" content=\"2025-03-04T07:51:13+00:00\" \/>\n<meta property=\"og:image\" content=\"https:\/\/static.link2fleet.com\/wp-content\/uploads\/2025\/03\/europese-auto-industrie.jpeg\" \/>\n\t<meta property=\"og:image:width\" content=\"768\" \/>\n\t<meta property=\"og:image:height\" content=\"511\" \/>\n\t<meta property=\"og:image:type\" content=\"image\/jpeg\" \/>\n<meta name=\"author\" content=\"Maxime Pasture\" \/>\n<meta name=\"twitter:card\" content=\"summary_large_image\" \/>\n<meta name=\"twitter:description\" content=\"L&rsquo;assureur-cr\u00e9dit Allianz Trade propose un plan en 10 \u00e9tapes pour stimuler le secteur auto europ\u00e9en et les ventes de VE en Europe. Voici les 10\u2026\" \/>\n<meta name=\"twitter:label1\" content=\"\u00c9crit par\" \/>\n\t<meta name=\"twitter:data1\" content=\"Journaliste de formation, Maxime est tr\u00e8s curieux mais surtout passionn\u00e9 d&#039;automobile. Sa curiosit\u00e9 l&#039;am\u00e8ne \u00e0 traiter de sujets divers et vari\u00e9s li\u00e9s \u00e0 la mobilit\u00e9 au sens large et bien plus encore !\" \/>\n\t<meta name=\"twitter:label2\" content=\"Dur\u00e9e de lecture estim\u00e9e\" \/>\n\t<meta name=\"twitter:data2\" content=\"5 minutes\" \/>\n<script type=\"application\/ld+json\" class=\"yoast-schema-graph\">{\"@context\":\"https:\\\/\\\/schema.org\",\"@graph\":[{\"@type\":\"Article\",\"@id\":\"https:\\\/\\\/www.link2fleet.com\\\/met-dit-10-stappenplan-wil-allianz-de-europese-auto-industrie-redden\\\/#article\",\"isPartOf\":{\"@id\":\"https:\\\/\\\/www.link2fleet.com\\\/met-dit-10-stappenplan-wil-allianz-de-europese-auto-industrie-redden\\\/\"},\"author\":{\"name\":\"Maxime Pasture\",\"@id\":\"https:\\\/\\\/www.link2fleet.com\\\/fr\\\/#\\\/schema\\\/person\\\/36f3d48d12a83e110d72b602b5bebc11\"},\"headline\":\"Voici le plan en 10 \u00e9tapes d\u2019Allianz pour sauver l\u2019industrie automobile europ\u00e9enne\",\"datePublished\":\"2025-03-04T07:50:25+00:00\",\"dateModified\":\"2025-03-04T07:51:13+00:00\",\"mainEntityOfPage\":{\"@id\":\"https:\\\/\\\/www.link2fleet.com\\\/met-dit-10-stappenplan-wil-allianz-de-europese-auto-industrie-redden\\\/\"},\"wordCount\":14,\"publisher\":{\"@id\":\"https:\\\/\\\/www.link2fleet.com\\\/fr\\\/#organization\"},\"image\":{\"@id\":\"https:\\\/\\\/www.link2fleet.com\\\/met-dit-10-stappenplan-wil-allianz-de-europese-auto-industrie-redden\\\/#primaryimage\"},\"thumbnailUrl\":\"https:\\\/\\\/static.link2fleet.com\\\/wp-content\\\/uploads\\\/2025\\\/03\\\/europese-auto-industrie.jpeg\",\"articleSection\":[\"Actus\",\"Importateurs et constructeurs\",\"V\u00e9hicules\"],\"inLanguage\":\"fr-FR\"},{\"@type\":\"WebPage\",\"@id\":\"https:\\\/\\\/www.link2fleet.com\\\/met-dit-10-stappenplan-wil-allianz-de-europese-auto-industrie-redden\\\/\",\"url\":\"https:\\\/\\\/www.link2fleet.com\\\/met-dit-10-stappenplan-wil-allianz-de-europese-auto-industrie-redden\\\/\",\"name\":\"Voici le plan en 10 \u00e9tapes d\u2019Allianz pour sauver l\u2019industrie automobile europ\u00e9enne - link2fleet\",\"isPartOf\":{\"@id\":\"https:\\\/\\\/www.link2fleet.com\\\/fr\\\/#website\"},\"primaryImageOfPage\":{\"@id\":\"https:\\\/\\\/www.link2fleet.com\\\/met-dit-10-stappenplan-wil-allianz-de-europese-auto-industrie-redden\\\/#primaryimage\"},\"image\":{\"@id\":\"https:\\\/\\\/www.link2fleet.com\\\/met-dit-10-stappenplan-wil-allianz-de-europese-auto-industrie-redden\\\/#primaryimage\"},\"thumbnailUrl\":\"https:\\\/\\\/static.link2fleet.com\\\/wp-content\\\/uploads\\\/2025\\\/03\\\/europese-auto-industrie.jpeg\",\"datePublished\":\"2025-03-04T07:50:25+00:00\",\"dateModified\":\"2025-03-04T07:51:13+00:00\",\"description\":\"Voici les 10 \u00ab\u00a0recommandations\u00a0\u00bb d'Allianz Trade pour stimuler le secteur auto europ\u00e9en, comment\u00e9es par la r\u00e9daction de link2fleet.\",\"breadcrumb\":{\"@id\":\"https:\\\/\\\/www.link2fleet.com\\\/met-dit-10-stappenplan-wil-allianz-de-europese-auto-industrie-redden\\\/#breadcrumb\"},\"inLanguage\":\"fr-FR\",\"potentialAction\":[{\"@type\":\"ReadAction\",\"target\":[\"https:\\\/\\\/www.link2fleet.com\\\/met-dit-10-stappenplan-wil-allianz-de-europese-auto-industrie-redden\\\/\"]}]},{\"@type\":\"ImageObject\",\"inLanguage\":\"fr-FR\",\"@id\":\"https:\\\/\\\/www.link2fleet.com\\\/met-dit-10-stappenplan-wil-allianz-de-europese-auto-industrie-redden\\\/#primaryimage\",\"url\":\"https:\\\/\\\/static.link2fleet.com\\\/wp-content\\\/uploads\\\/2025\\\/03\\\/europese-auto-industrie.jpeg\",\"contentUrl\":\"https:\\\/\\\/static.link2fleet.com\\\/wp-content\\\/uploads\\\/2025\\\/03\\\/europese-auto-industrie.jpeg\",\"width\":768,\"height\":511},{\"@type\":\"BreadcrumbList\",\"@id\":\"https:\\\/\\\/www.link2fleet.com\\\/met-dit-10-stappenplan-wil-allianz-de-europese-auto-industrie-redden\\\/#breadcrumb\",\"itemListElement\":[{\"@type\":\"ListItem\",\"position\":1,\"name\":\"Home\",\"item\":\"https:\\\/\\\/www.link2fleet.com\\\/fr\\\/\"},{\"@type\":\"ListItem\",\"position\":2,\"name\":\"Voici le plan en 10 \u00e9tapes d\u2019Allianz pour sauver l\u2019industrie automobile europ\u00e9enne\"}]},{\"@type\":\"WebSite\",\"@id\":\"https:\\\/\\\/www.link2fleet.com\\\/fr\\\/#website\",\"url\":\"https:\\\/\\\/www.link2fleet.com\\\/fr\\\/\",\"name\":\"Link2fleet\",\"description\":\"\",\"publisher\":{\"@id\":\"https:\\\/\\\/www.link2fleet.com\\\/fr\\\/#organization\"},\"potentialAction\":[{\"@type\":\"SearchAction\",\"target\":{\"@type\":\"EntryPoint\",\"urlTemplate\":\"https:\\\/\\\/www.link2fleet.com\\\/fr\\\/?s={search_term_string}\"},\"query-input\":{\"@type\":\"PropertyValueSpecification\",\"valueRequired\":true,\"valueName\":\"search_term_string\"}}],\"inLanguage\":\"fr-FR\"},{\"@type\":\"Organization\",\"@id\":\"https:\\\/\\\/www.link2fleet.com\\\/fr\\\/#organization\",\"name\":\"Link2fleet\",\"url\":\"https:\\\/\\\/www.link2fleet.com\\\/fr\\\/\",\"logo\":{\"@type\":\"ImageObject\",\"inLanguage\":\"fr-FR\",\"@id\":\"https:\\\/\\\/www.link2fleet.com\\\/fr\\\/#\\\/schema\\\/logo\\\/image\\\/\",\"url\":\"https:\\\/\\\/static.link2fleet.com\\\/wp-content\\\/uploads\\\/2024\\\/03\\\/share-image.jpg\",\"contentUrl\":\"https:\\\/\\\/static.link2fleet.com\\\/wp-content\\\/uploads\\\/2024\\\/03\\\/share-image.jpg\",\"width\":1200,\"height\":630,\"caption\":\"Link2fleet\"},\"image\":{\"@id\":\"https:\\\/\\\/www.link2fleet.com\\\/fr\\\/#\\\/schema\\\/logo\\\/image\\\/\"},\"sameAs\":[\"https:\\\/\\\/www.linkedin.com\\\/company\\\/link2fleet-belgium\",\"https:\\\/\\\/www.youtube.com\\\/user\\\/MMMBMBE\"]},{\"@type\":\"Person\",\"@id\":\"https:\\\/\\\/www.link2fleet.com\\\/fr\\\/#\\\/schema\\\/person\\\/36f3d48d12a83e110d72b602b5bebc11\",\"name\":\"Maxime Pasture\",\"image\":{\"@type\":\"ImageObject\",\"inLanguage\":\"fr-FR\",\"@id\":\"https:\\\/\\\/secure.gravatar.com\\\/avatar\\\/a17c47a11dd3996c69a173e291c692b6a028e82349994bf0d9f60936c9795b9f?s=96&d=mm&r=g\",\"url\":\"https:\\\/\\\/secure.gravatar.com\\\/avatar\\\/a17c47a11dd3996c69a173e291c692b6a028e82349994bf0d9f60936c9795b9f?s=96&d=mm&r=g\",\"contentUrl\":\"https:\\\/\\\/secure.gravatar.com\\\/avatar\\\/a17c47a11dd3996c69a173e291c692b6a028e82349994bf0d9f60936c9795b9f?s=96&d=mm&r=g\",\"caption\":\"Maxime Pasture\"},\"description\":\"Journaliste de formation, Maxime est tr\u00e8s curieux mais surtout passionn\u00e9 d'automobile. Sa curiosit\u00e9 l'am\u00e8ne \u00e0 traiter de sujets divers et vari\u00e9s li\u00e9s \u00e0 la mobilit\u00e9 au sens large et bien plus encore !\"}]}<\/script>\n<!-- \/ Yoast SEO plugin. -->","yoast_head_json":{"title":"Voici le plan en 10 \u00e9tapes d\u2019Allianz pour sauver l\u2019industrie automobile europ\u00e9enne - link2fleet","description":"L&rsquo;assureur-cr\u00e9dit Allianz Trade propose un plan en 10 \u00e9tapes pour stimuler le secteur auto europ\u00e9en et les ventes de VE en Europe. Voici les 10\u2026","robots":{"index":"index","follow":"follow","max-snippet":"max-snippet:-1","max-image-preview":"max-image-preview:large","max-video-preview":"max-video-preview:-1"},"og_locale":"fr_FR","og_type":"article","og_title":"Voici le plan en 10 \u00e9tapes d\u2019Allianz pour sauver l\u2019industrie automobile europ\u00e9enne - link2fleet","og_description":"L&rsquo;assureur-cr\u00e9dit Allianz Trade propose un plan en 10 \u00e9tapes pour stimuler le secteur auto europ\u00e9en et les ventes de VE en Europe. Voici les 10\u2026","og_url":"https:\/\/www.link2fleet.com\/met-dit-10-stappenplan-wil-allianz-de-europese-auto-industrie-redden\/","og_site_name":"link2fleet","article_published_time":"2025-03-04T07:50:25+00:00","article_modified_time":"2025-03-04T07:51:13+00:00","og_image":[{"width":768,"height":511,"url":"https:\/\/static.link2fleet.com\/wp-content\/uploads\/2025\/03\/europese-auto-industrie.jpeg","type":"image\/jpeg"}],"author":"Maxime Pasture","twitter_card":"summary_large_image","twitter_description":"L&rsquo;assureur-cr\u00e9dit Allianz Trade propose un plan en 10 \u00e9tapes pour stimuler le secteur auto europ\u00e9en et les ventes de VE en Europe. Voici les 10\u2026","twitter_misc":{"\u00c9crit par":"Journaliste de formation, Maxime est tr\u00e8s curieux mais surtout passionn\u00e9 d'automobile. Sa curiosit\u00e9 l'am\u00e8ne \u00e0 traiter de sujets divers et vari\u00e9s li\u00e9s \u00e0 la mobilit\u00e9 au sens large et bien plus encore !","Dur\u00e9e de lecture estim\u00e9e":"5 minutes"},"schema":{"@context":"https:\/\/schema.org","@graph":[{"@type":"Article","@id":"https:\/\/www.link2fleet.com\/met-dit-10-stappenplan-wil-allianz-de-europese-auto-industrie-redden\/#article","isPartOf":{"@id":"https:\/\/www.link2fleet.com\/met-dit-10-stappenplan-wil-allianz-de-europese-auto-industrie-redden\/"},"author":{"name":"Maxime Pasture","@id":"https:\/\/www.link2fleet.com\/fr\/#\/schema\/person\/36f3d48d12a83e110d72b602b5bebc11"},"headline":"Voici le plan en 10 \u00e9tapes d\u2019Allianz pour sauver l\u2019industrie automobile europ\u00e9enne","datePublished":"2025-03-04T07:50:25+00:00","dateModified":"2025-03-04T07:51:13+00:00","mainEntityOfPage":{"@id":"https:\/\/www.link2fleet.com\/met-dit-10-stappenplan-wil-allianz-de-europese-auto-industrie-redden\/"},"wordCount":14,"publisher":{"@id":"https:\/\/www.link2fleet.com\/fr\/#organization"},"image":{"@id":"https:\/\/www.link2fleet.com\/met-dit-10-stappenplan-wil-allianz-de-europese-auto-industrie-redden\/#primaryimage"},"thumbnailUrl":"https:\/\/static.link2fleet.com\/wp-content\/uploads\/2025\/03\/europese-auto-industrie.jpeg","articleSection":["Actus","Importateurs et constructeurs","V\u00e9hicules"],"inLanguage":"fr-FR"},{"@type":"WebPage","@id":"https:\/\/www.link2fleet.com\/met-dit-10-stappenplan-wil-allianz-de-europese-auto-industrie-redden\/","url":"https:\/\/www.link2fleet.com\/met-dit-10-stappenplan-wil-allianz-de-europese-auto-industrie-redden\/","name":"Voici le plan en 10 \u00e9tapes d\u2019Allianz pour sauver l\u2019industrie automobile europ\u00e9enne - link2fleet","isPartOf":{"@id":"https:\/\/www.link2fleet.com\/fr\/#website"},"primaryImageOfPage":{"@id":"https:\/\/www.link2fleet.com\/met-dit-10-stappenplan-wil-allianz-de-europese-auto-industrie-redden\/#primaryimage"},"image":{"@id":"https:\/\/www.link2fleet.com\/met-dit-10-stappenplan-wil-allianz-de-europese-auto-industrie-redden\/#primaryimage"},"thumbnailUrl":"https:\/\/static.link2fleet.com\/wp-content\/uploads\/2025\/03\/europese-auto-industrie.jpeg","datePublished":"2025-03-04T07:50:25+00:00","dateModified":"2025-03-04T07:51:13+00:00","description":"Voici les 10 \u00ab\u00a0recommandations\u00a0\u00bb d'Allianz Trade pour stimuler le secteur auto europ\u00e9en, comment\u00e9es par la r\u00e9daction de link2fleet.","breadcrumb":{"@id":"https:\/\/www.link2fleet.com\/met-dit-10-stappenplan-wil-allianz-de-europese-auto-industrie-redden\/#breadcrumb"},"inLanguage":"fr-FR","potentialAction":[{"@type":"ReadAction","target":["https:\/\/www.link2fleet.com\/met-dit-10-stappenplan-wil-allianz-de-europese-auto-industrie-redden\/"]}]},{"@type":"ImageObject","inLanguage":"fr-FR","@id":"https:\/\/www.link2fleet.com\/met-dit-10-stappenplan-wil-allianz-de-europese-auto-industrie-redden\/#primaryimage","url":"https:\/\/static.link2fleet.com\/wp-content\/uploads\/2025\/03\/europese-auto-industrie.jpeg","contentUrl":"https:\/\/static.link2fleet.com\/wp-content\/uploads\/2025\/03\/europese-auto-industrie.jpeg","width":768,"height":511},{"@type":"BreadcrumbList","@id":"https:\/\/www.link2fleet.com\/met-dit-10-stappenplan-wil-allianz-de-europese-auto-industrie-redden\/#breadcrumb","itemListElement":[{"@type":"ListItem","position":1,"name":"Home","item":"https:\/\/www.link2fleet.com\/fr\/"},{"@type":"ListItem","position":2,"name":"Voici le plan en 10 \u00e9tapes d\u2019Allianz pour sauver l\u2019industrie automobile europ\u00e9enne"}]},{"@type":"WebSite","@id":"https:\/\/www.link2fleet.com\/fr\/#website","url":"https:\/\/www.link2fleet.com\/fr\/","name":"Link2fleet","description":"","publisher":{"@id":"https:\/\/www.link2fleet.com\/fr\/#organization"},"potentialAction":[{"@type":"SearchAction","target":{"@type":"EntryPoint","urlTemplate":"https:\/\/www.link2fleet.com\/fr\/?s={search_term_string}"},"query-input":{"@type":"PropertyValueSpecification","valueRequired":true,"valueName":"search_term_string"}}],"inLanguage":"fr-FR"},{"@type":"Organization","@id":"https:\/\/www.link2fleet.com\/fr\/#organization","name":"Link2fleet","url":"https:\/\/www.link2fleet.com\/fr\/","logo":{"@type":"ImageObject","inLanguage":"fr-FR","@id":"https:\/\/www.link2fleet.com\/fr\/#\/schema\/logo\/image\/","url":"https:\/\/static.link2fleet.com\/wp-content\/uploads\/2024\/03\/share-image.jpg","contentUrl":"https:\/\/static.link2fleet.com\/wp-content\/uploads\/2024\/03\/share-image.jpg","width":1200,"height":630,"caption":"Link2fleet"},"image":{"@id":"https:\/\/www.link2fleet.com\/fr\/#\/schema\/logo\/image\/"},"sameAs":["https:\/\/www.linkedin.com\/company\/link2fleet-belgium","https:\/\/www.youtube.com\/user\/MMMBMBE"]},{"@type":"Person","@id":"https:\/\/www.link2fleet.com\/fr\/#\/schema\/person\/36f3d48d12a83e110d72b602b5bebc11","name":"Maxime Pasture","image":{"@type":"ImageObject","inLanguage":"fr-FR","@id":"https:\/\/secure.gravatar.com\/avatar\/a17c47a11dd3996c69a173e291c692b6a028e82349994bf0d9f60936c9795b9f?s=96&d=mm&r=g","url":"https:\/\/secure.gravatar.com\/avatar\/a17c47a11dd3996c69a173e291c692b6a028e82349994bf0d9f60936c9795b9f?s=96&d=mm&r=g","contentUrl":"https:\/\/secure.gravatar.com\/avatar\/a17c47a11dd3996c69a173e291c692b6a028e82349994bf0d9f60936c9795b9f?s=96&d=mm&r=g","caption":"Maxime Pasture"},"description":"Journaliste de formation, Maxime est tr\u00e8s curieux mais surtout passionn\u00e9 d'automobile. Sa curiosit\u00e9 l'am\u00e8ne \u00e0 traiter de sujets divers et vari\u00e9s li\u00e9s \u00e0 la mobilit\u00e9 au sens large et bien plus encore !"}]}},"_links":{"self":[{"href":"https:\/\/www.link2fleet.com\/fr\/wp-json\/wp\/v2\/posts\/38841","targetHints":{"allow":["GET"]}}],"collection":[{"href":"https:\/\/www.link2fleet.com\/fr\/wp-json\/wp\/v2\/posts"}],"about":[{"href":"https:\/\/www.link2fleet.com\/fr\/wp-json\/wp\/v2\/types\/post"}],"author":[{"embeddable":true,"href":"https:\/\/www.link2fleet.com\/fr\/wp-json\/wp\/v2\/users\/18"}],"replies":[{"embeddable":true,"href":"https:\/\/www.link2fleet.com\/fr\/wp-json\/wp\/v2\/comments?post=38841"}],"version-history":[{"count":2,"href":"https:\/\/www.link2fleet.com\/fr\/wp-json\/wp\/v2\/posts\/38841\/revisions"}],"predecessor-version":[{"id":38843,"href":"https:\/\/www.link2fleet.com\/fr\/wp-json\/wp\/v2\/posts\/38841\/revisions\/38843"}],"wp:featuredmedia":[{"embeddable":true,"href":"https:\/\/www.link2fleet.com\/fr\/wp-json\/wp\/v2\/media\/38844"}],"wp:attachment":[{"href":"https:\/\/www.link2fleet.com\/fr\/wp-json\/wp\/v2\/media?parent=38841"}],"wp:term":[{"taxonomy":"category","embeddable":true,"href":"https:\/\/www.link2fleet.com\/fr\/wp-json\/wp\/v2\/categories?post=38841"},{"taxonomy":"post_tag","embeddable":true,"href":"https:\/\/www.link2fleet.com\/fr\/wp-json\/wp\/v2\/tags?post=38841"}],"curies":[{"name":"wp","href":"https:\/\/api.w.org\/{rel}","templated":true}]}}