{"id":39058,"date":"2025-03-12T00:10:28","date_gmt":"2025-03-11T23:10:28","guid":{"rendered":"https:\/\/www.link2fleet.com\/?p=39058"},"modified":"2025-03-19T08:48:44","modified_gmt":"2025-03-19T07:48:44","slug":"fleet-test-opel-grandland-phev-tres-allemand-mais-a-tarif-interessant","status":"publish","type":"post","link":"https:\/\/www.link2fleet.com\/fr\/fleet-test-opel-grandland-phev-tres-allemand-mais-a-tarif-interessant\/","title":{"rendered":"Fleet test Opel Grandland PHEV : tr\u00e8s allemand, mais \u00e0 tarif int\u00e9ressant"},"content":{"rendered":"","protected":false},"excerpt":{"rendered":"","protected":false},"author":18,"featured_media":39061,"comment_status":"closed","ping_status":"closed","sticky":false,"template":"","format":"standard","meta":{"_acf_changed":false,"footnotes":""},"categories":[134],"tags":[660,610,611,358],"class_list":["post-39058","post","type-post","status-publish","format-standard","has-post-thumbnail","hentry","category-fleet-test","tag-fleet-test","tag-grandland-fr","tag-opel-fr","tag-phev-fr"],"acf":[],"yoast_head":"<!-- This site is optimized with the Yoast SEO plugin v27.3 - https:\/\/yoast.com\/product\/yoast-seo-wordpress\/ -->\n<title>Fleet test Opel Grandland PHEV : tr\u00e8s allemand, mais \u00e0 tarif int\u00e9ressant - link2fleet<\/title>\n<meta name=\"description\" content=\"Apr\u00e8s l\u2019essai de l\u2019Opel Grandland dans sa version \u00e9lectrique 100% d\u00e9ductible, voici l\u2019essai de la version hybride rechargeable. Quelques heures avant qu\u2019on en prenne le\u2026\" \/>\n<meta name=\"robots\" content=\"index, follow, max-snippet:-1, max-image-preview:large, max-video-preview:-1\" \/>\n<meta property=\"og:locale\" content=\"fr_FR\" \/>\n<meta property=\"og:type\" content=\"article\" \/>\n<meta property=\"og:title\" content=\"Fleet test Opel Grandland PHEV : tr\u00e8s allemand, mais \u00e0 tarif int\u00e9ressant - link2fleet\" \/>\n<meta property=\"og:description\" content=\"Apr\u00e8s l\u2019essai de l\u2019Opel Grandland dans sa version \u00e9lectrique 100% d\u00e9ductible, voici l\u2019essai de la version hybride rechargeable. Quelques heures avant qu\u2019on en prenne le\u2026\" \/>\n<meta property=\"og:url\" content=\"https:\/\/www.link2fleet.com\/fleet-test-opel-grandland-phev-duits-maar-aantrekkelijk-geprijsd\/\" \/>\n<meta property=\"og:site_name\" content=\"link2fleet\" \/>\n<meta property=\"article:published_time\" content=\"2025-03-11T23:10:28+00:00\" \/>\n<meta property=\"article:modified_time\" content=\"2025-03-19T07:48:44+00:00\" \/>\n<meta property=\"og:image\" content=\"https:\/\/static.link2fleet.com\/wp-content\/uploads\/2025\/03\/opel-grandland-phev-1.jpg\" \/>\n\t<meta property=\"og:image:width\" content=\"1300\" \/>\n\t<meta property=\"og:image:height\" content=\"866\" \/>\n\t<meta property=\"og:image:type\" content=\"image\/jpeg\" \/>\n<meta name=\"author\" content=\"Maxime Pasture\" \/>\n<meta name=\"twitter:card\" content=\"summary_large_image\" \/>\n<meta name=\"twitter:description\" content=\"Apr\u00e8s l\u2019essai de l\u2019Opel Grandland dans sa version \u00e9lectrique 100% d\u00e9ductible, voici l\u2019essai de la version hybride rechargeable. Quelques heures avant qu\u2019on en prenne le\u2026\" \/>\n<meta name=\"twitter:label1\" content=\"\u00c9crit par\" \/>\n\t<meta name=\"twitter:data1\" content=\"Journaliste de formation, Maxime est tr\u00e8s curieux mais surtout passionn\u00e9 d&#039;automobile. Sa curiosit\u00e9 l&#039;am\u00e8ne \u00e0 traiter de sujets divers et vari\u00e9s li\u00e9s \u00e0 la mobilit\u00e9 au sens large et bien plus encore !\" \/>\n\t<meta name=\"twitter:label2\" content=\"Dur\u00e9e de lecture estim\u00e9e\" \/>\n\t<meta name=\"twitter:data2\" content=\"7 minutes\" \/>\n<script type=\"application\/ld+json\" class=\"yoast-schema-graph\">{\"@context\":\"https:\\\/\\\/schema.org\",\"@graph\":[{\"@type\":\"Article\",\"@id\":\"https:\\\/\\\/www.link2fleet.com\\\/fleet-test-opel-grandland-phev-duits-maar-aantrekkelijk-geprijsd\\\/#article\",\"isPartOf\":{\"@id\":\"https:\\\/\\\/www.link2fleet.com\\\/fleet-test-opel-grandland-phev-duits-maar-aantrekkelijk-geprijsd\\\/\"},\"author\":{\"name\":\"Maxime Pasture\",\"@id\":\"https:\\\/\\\/www.link2fleet.com\\\/fr\\\/#\\\/schema\\\/person\\\/36f3d48d12a83e110d72b602b5bebc11\"},\"headline\":\"Fleet test Opel Grandland PHEV : tr\u00e8s allemand, mais \u00e0 tarif int\u00e9ressant\",\"datePublished\":\"2025-03-11T23:10:28+00:00\",\"dateModified\":\"2025-03-19T07:48:44+00:00\",\"mainEntityOfPage\":{\"@id\":\"https:\\\/\\\/www.link2fleet.com\\\/fleet-test-opel-grandland-phev-duits-maar-aantrekkelijk-geprijsd\\\/\"},\"wordCount\":12,\"publisher\":{\"@id\":\"https:\\\/\\\/www.link2fleet.com\\\/fr\\\/#organization\"},\"image\":{\"@id\":\"https:\\\/\\\/www.link2fleet.com\\\/fleet-test-opel-grandland-phev-duits-maar-aantrekkelijk-geprijsd\\\/#primaryimage\"},\"thumbnailUrl\":\"https:\\\/\\\/static.link2fleet.com\\\/wp-content\\\/uploads\\\/2025\\\/03\\\/opel-grandland-phev-1.jpg\",\"keywords\":[\"Fleet test\",\"grandland\",\"opel\",\"PHEV\"],\"articleSection\":[\"Essais fleet\"],\"inLanguage\":\"fr-FR\"},{\"@type\":\"WebPage\",\"@id\":\"https:\\\/\\\/www.link2fleet.com\\\/fleet-test-opel-grandland-phev-duits-maar-aantrekkelijk-geprijsd\\\/\",\"url\":\"https:\\\/\\\/www.link2fleet.com\\\/fleet-test-opel-grandland-phev-duits-maar-aantrekkelijk-geprijsd\\\/\",\"name\":\"Fleet test Opel Grandland PHEV : tr\u00e8s allemand, mais \u00e0 tarif int\u00e9ressant - link2fleet\",\"isPartOf\":{\"@id\":\"https:\\\/\\\/www.link2fleet.com\\\/fr\\\/#website\"},\"primaryImageOfPage\":{\"@id\":\"https:\\\/\\\/www.link2fleet.com\\\/fleet-test-opel-grandland-phev-duits-maar-aantrekkelijk-geprijsd\\\/#primaryimage\"},\"image\":{\"@id\":\"https:\\\/\\\/www.link2fleet.com\\\/fleet-test-opel-grandland-phev-duits-maar-aantrekkelijk-geprijsd\\\/#primaryimage\"},\"thumbnailUrl\":\"https:\\\/\\\/static.link2fleet.com\\\/wp-content\\\/uploads\\\/2025\\\/03\\\/opel-grandland-phev-1.jpg\",\"datePublished\":\"2025-03-11T23:10:28+00:00\",\"dateModified\":\"2025-03-19T07:48:44+00:00\",\"description\":\"Apr\u00e8s l\u2019essai de l\u2019Opel Grandland dans sa version \u00e9lectrique 100% d\u00e9ductible, voici l\u2019essai de la version hybride rechargeable.\",\"breadcrumb\":{\"@id\":\"https:\\\/\\\/www.link2fleet.com\\\/fleet-test-opel-grandland-phev-duits-maar-aantrekkelijk-geprijsd\\\/#breadcrumb\"},\"inLanguage\":\"fr-FR\",\"potentialAction\":[{\"@type\":\"ReadAction\",\"target\":[\"https:\\\/\\\/www.link2fleet.com\\\/fleet-test-opel-grandland-phev-duits-maar-aantrekkelijk-geprijsd\\\/\"]}]},{\"@type\":\"ImageObject\",\"inLanguage\":\"fr-FR\",\"@id\":\"https:\\\/\\\/www.link2fleet.com\\\/fleet-test-opel-grandland-phev-duits-maar-aantrekkelijk-geprijsd\\\/#primaryimage\",\"url\":\"https:\\\/\\\/static.link2fleet.com\\\/wp-content\\\/uploads\\\/2025\\\/03\\\/opel-grandland-phev-1.jpg\",\"contentUrl\":\"https:\\\/\\\/static.link2fleet.com\\\/wp-content\\\/uploads\\\/2025\\\/03\\\/opel-grandland-phev-1.jpg\",\"width\":1300,\"height\":866},{\"@type\":\"BreadcrumbList\",\"@id\":\"https:\\\/\\\/www.link2fleet.com\\\/fleet-test-opel-grandland-phev-duits-maar-aantrekkelijk-geprijsd\\\/#breadcrumb\",\"itemListElement\":[{\"@type\":\"ListItem\",\"position\":1,\"name\":\"Home\",\"item\":\"https:\\\/\\\/www.link2fleet.com\\\/fr\\\/\"},{\"@type\":\"ListItem\",\"position\":2,\"name\":\"Fleet test Opel Grandland PHEV : tr\u00e8s allemand, mais \u00e0 tarif int\u00e9ressant\"}]},{\"@type\":\"WebSite\",\"@id\":\"https:\\\/\\\/www.link2fleet.com\\\/fr\\\/#website\",\"url\":\"https:\\\/\\\/www.link2fleet.com\\\/fr\\\/\",\"name\":\"Link2fleet\",\"description\":\"\",\"publisher\":{\"@id\":\"https:\\\/\\\/www.link2fleet.com\\\/fr\\\/#organization\"},\"potentialAction\":[{\"@type\":\"SearchAction\",\"target\":{\"@type\":\"EntryPoint\",\"urlTemplate\":\"https:\\\/\\\/www.link2fleet.com\\\/fr\\\/?s={search_term_string}\"},\"query-input\":{\"@type\":\"PropertyValueSpecification\",\"valueRequired\":true,\"valueName\":\"search_term_string\"}}],\"inLanguage\":\"fr-FR\"},{\"@type\":\"Organization\",\"@id\":\"https:\\\/\\\/www.link2fleet.com\\\/fr\\\/#organization\",\"name\":\"Link2fleet\",\"url\":\"https:\\\/\\\/www.link2fleet.com\\\/fr\\\/\",\"logo\":{\"@type\":\"ImageObject\",\"inLanguage\":\"fr-FR\",\"@id\":\"https:\\\/\\\/www.link2fleet.com\\\/fr\\\/#\\\/schema\\\/logo\\\/image\\\/\",\"url\":\"https:\\\/\\\/static.link2fleet.com\\\/wp-content\\\/uploads\\\/2024\\\/03\\\/share-image.jpg\",\"contentUrl\":\"https:\\\/\\\/static.link2fleet.com\\\/wp-content\\\/uploads\\\/2024\\\/03\\\/share-image.jpg\",\"width\":1200,\"height\":630,\"caption\":\"Link2fleet\"},\"image\":{\"@id\":\"https:\\\/\\\/www.link2fleet.com\\\/fr\\\/#\\\/schema\\\/logo\\\/image\\\/\"},\"sameAs\":[\"https:\\\/\\\/www.linkedin.com\\\/company\\\/link2fleet-belgium\",\"https:\\\/\\\/www.youtube.com\\\/user\\\/MMMBMBE\"]},{\"@type\":\"Person\",\"@id\":\"https:\\\/\\\/www.link2fleet.com\\\/fr\\\/#\\\/schema\\\/person\\\/36f3d48d12a83e110d72b602b5bebc11\",\"name\":\"Maxime Pasture\",\"image\":{\"@type\":\"ImageObject\",\"inLanguage\":\"fr-FR\",\"@id\":\"https:\\\/\\\/secure.gravatar.com\\\/avatar\\\/a17c47a11dd3996c69a173e291c692b6a028e82349994bf0d9f60936c9795b9f?s=96&d=mm&r=g\",\"url\":\"https:\\\/\\\/secure.gravatar.com\\\/avatar\\\/a17c47a11dd3996c69a173e291c692b6a028e82349994bf0d9f60936c9795b9f?s=96&d=mm&r=g\",\"contentUrl\":\"https:\\\/\\\/secure.gravatar.com\\\/avatar\\\/a17c47a11dd3996c69a173e291c692b6a028e82349994bf0d9f60936c9795b9f?s=96&d=mm&r=g\",\"caption\":\"Maxime Pasture\"},\"description\":\"Journaliste de formation, Maxime est tr\u00e8s curieux mais surtout passionn\u00e9 d'automobile. Sa curiosit\u00e9 l'am\u00e8ne \u00e0 traiter de sujets divers et vari\u00e9s li\u00e9s \u00e0 la mobilit\u00e9 au sens large et bien plus encore !\"}]}<\/script>\n<!-- \/ Yoast SEO plugin. -->","yoast_head_json":{"title":"Fleet test Opel Grandland PHEV : tr\u00e8s allemand, mais \u00e0 tarif int\u00e9ressant - link2fleet","description":"Apr\u00e8s l\u2019essai de l\u2019Opel Grandland dans sa version \u00e9lectrique 100% d\u00e9ductible, voici l\u2019essai de la version hybride rechargeable. Quelques heures avant qu\u2019on en prenne le\u2026","robots":{"index":"index","follow":"follow","max-snippet":"max-snippet:-1","max-image-preview":"max-image-preview:large","max-video-preview":"max-video-preview:-1"},"og_locale":"fr_FR","og_type":"article","og_title":"Fleet test Opel Grandland PHEV : tr\u00e8s allemand, mais \u00e0 tarif int\u00e9ressant - link2fleet","og_description":"Apr\u00e8s l\u2019essai de l\u2019Opel Grandland dans sa version \u00e9lectrique 100% d\u00e9ductible, voici l\u2019essai de la version hybride rechargeable. Quelques heures avant qu\u2019on en prenne le\u2026","og_url":"https:\/\/www.link2fleet.com\/fleet-test-opel-grandland-phev-duits-maar-aantrekkelijk-geprijsd\/","og_site_name":"link2fleet","article_published_time":"2025-03-11T23:10:28+00:00","article_modified_time":"2025-03-19T07:48:44+00:00","og_image":[{"width":1300,"height":866,"url":"https:\/\/static.link2fleet.com\/wp-content\/uploads\/2025\/03\/opel-grandland-phev-1.jpg","type":"image\/jpeg"}],"author":"Maxime Pasture","twitter_card":"summary_large_image","twitter_description":"Apr\u00e8s l\u2019essai de l\u2019Opel Grandland dans sa version \u00e9lectrique 100% d\u00e9ductible, voici l\u2019essai de la version hybride rechargeable. Quelques heures avant qu\u2019on en prenne le\u2026","twitter_misc":{"\u00c9crit par":"Journaliste de formation, Maxime est tr\u00e8s curieux mais surtout passionn\u00e9 d'automobile. Sa curiosit\u00e9 l'am\u00e8ne \u00e0 traiter de sujets divers et vari\u00e9s li\u00e9s \u00e0 la mobilit\u00e9 au sens large et bien plus encore !","Dur\u00e9e de lecture estim\u00e9e":"7 minutes"},"schema":{"@context":"https:\/\/schema.org","@graph":[{"@type":"Article","@id":"https:\/\/www.link2fleet.com\/fleet-test-opel-grandland-phev-duits-maar-aantrekkelijk-geprijsd\/#article","isPartOf":{"@id":"https:\/\/www.link2fleet.com\/fleet-test-opel-grandland-phev-duits-maar-aantrekkelijk-geprijsd\/"},"author":{"name":"Maxime Pasture","@id":"https:\/\/www.link2fleet.com\/fr\/#\/schema\/person\/36f3d48d12a83e110d72b602b5bebc11"},"headline":"Fleet test Opel Grandland PHEV : tr\u00e8s allemand, mais \u00e0 tarif int\u00e9ressant","datePublished":"2025-03-11T23:10:28+00:00","dateModified":"2025-03-19T07:48:44+00:00","mainEntityOfPage":{"@id":"https:\/\/www.link2fleet.com\/fleet-test-opel-grandland-phev-duits-maar-aantrekkelijk-geprijsd\/"},"wordCount":12,"publisher":{"@id":"https:\/\/www.link2fleet.com\/fr\/#organization"},"image":{"@id":"https:\/\/www.link2fleet.com\/fleet-test-opel-grandland-phev-duits-maar-aantrekkelijk-geprijsd\/#primaryimage"},"thumbnailUrl":"https:\/\/static.link2fleet.com\/wp-content\/uploads\/2025\/03\/opel-grandland-phev-1.jpg","keywords":["Fleet test","grandland","opel","PHEV"],"articleSection":["Essais fleet"],"inLanguage":"fr-FR"},{"@type":"WebPage","@id":"https:\/\/www.link2fleet.com\/fleet-test-opel-grandland-phev-duits-maar-aantrekkelijk-geprijsd\/","url":"https:\/\/www.link2fleet.com\/fleet-test-opel-grandland-phev-duits-maar-aantrekkelijk-geprijsd\/","name":"Fleet test Opel Grandland PHEV : tr\u00e8s allemand, mais \u00e0 tarif int\u00e9ressant - link2fleet","isPartOf":{"@id":"https:\/\/www.link2fleet.com\/fr\/#website"},"primaryImageOfPage":{"@id":"https:\/\/www.link2fleet.com\/fleet-test-opel-grandland-phev-duits-maar-aantrekkelijk-geprijsd\/#primaryimage"},"image":{"@id":"https:\/\/www.link2fleet.com\/fleet-test-opel-grandland-phev-duits-maar-aantrekkelijk-geprijsd\/#primaryimage"},"thumbnailUrl":"https:\/\/static.link2fleet.com\/wp-content\/uploads\/2025\/03\/opel-grandland-phev-1.jpg","datePublished":"2025-03-11T23:10:28+00:00","dateModified":"2025-03-19T07:48:44+00:00","description":"Apr\u00e8s l\u2019essai de l\u2019Opel Grandland dans sa version \u00e9lectrique 100% d\u00e9ductible, voici l\u2019essai de la version hybride rechargeable.","breadcrumb":{"@id":"https:\/\/www.link2fleet.com\/fleet-test-opel-grandland-phev-duits-maar-aantrekkelijk-geprijsd\/#breadcrumb"},"inLanguage":"fr-FR","potentialAction":[{"@type":"ReadAction","target":["https:\/\/www.link2fleet.com\/fleet-test-opel-grandland-phev-duits-maar-aantrekkelijk-geprijsd\/"]}]},{"@type":"ImageObject","inLanguage":"fr-FR","@id":"https:\/\/www.link2fleet.com\/fleet-test-opel-grandland-phev-duits-maar-aantrekkelijk-geprijsd\/#primaryimage","url":"https:\/\/static.link2fleet.com\/wp-content\/uploads\/2025\/03\/opel-grandland-phev-1.jpg","contentUrl":"https:\/\/static.link2fleet.com\/wp-content\/uploads\/2025\/03\/opel-grandland-phev-1.jpg","width":1300,"height":866},{"@type":"BreadcrumbList","@id":"https:\/\/www.link2fleet.com\/fleet-test-opel-grandland-phev-duits-maar-aantrekkelijk-geprijsd\/#breadcrumb","itemListElement":[{"@type":"ListItem","position":1,"name":"Home","item":"https:\/\/www.link2fleet.com\/fr\/"},{"@type":"ListItem","position":2,"name":"Fleet test Opel Grandland PHEV : tr\u00e8s allemand, mais \u00e0 tarif int\u00e9ressant"}]},{"@type":"WebSite","@id":"https:\/\/www.link2fleet.com\/fr\/#website","url":"https:\/\/www.link2fleet.com\/fr\/","name":"Link2fleet","description":"","publisher":{"@id":"https:\/\/www.link2fleet.com\/fr\/#organization"},"potentialAction":[{"@type":"SearchAction","target":{"@type":"EntryPoint","urlTemplate":"https:\/\/www.link2fleet.com\/fr\/?s={search_term_string}"},"query-input":{"@type":"PropertyValueSpecification","valueRequired":true,"valueName":"search_term_string"}}],"inLanguage":"fr-FR"},{"@type":"Organization","@id":"https:\/\/www.link2fleet.com\/fr\/#organization","name":"Link2fleet","url":"https:\/\/www.link2fleet.com\/fr\/","logo":{"@type":"ImageObject","inLanguage":"fr-FR","@id":"https:\/\/www.link2fleet.com\/fr\/#\/schema\/logo\/image\/","url":"https:\/\/static.link2fleet.com\/wp-content\/uploads\/2024\/03\/share-image.jpg","contentUrl":"https:\/\/static.link2fleet.com\/wp-content\/uploads\/2024\/03\/share-image.jpg","width":1200,"height":630,"caption":"Link2fleet"},"image":{"@id":"https:\/\/www.link2fleet.com\/fr\/#\/schema\/logo\/image\/"},"sameAs":["https:\/\/www.linkedin.com\/company\/link2fleet-belgium","https:\/\/www.youtube.com\/user\/MMMBMBE"]},{"@type":"Person","@id":"https:\/\/www.link2fleet.com\/fr\/#\/schema\/person\/36f3d48d12a83e110d72b602b5bebc11","name":"Maxime Pasture","image":{"@type":"ImageObject","inLanguage":"fr-FR","@id":"https:\/\/secure.gravatar.com\/avatar\/a17c47a11dd3996c69a173e291c692b6a028e82349994bf0d9f60936c9795b9f?s=96&d=mm&r=g","url":"https:\/\/secure.gravatar.com\/avatar\/a17c47a11dd3996c69a173e291c692b6a028e82349994bf0d9f60936c9795b9f?s=96&d=mm&r=g","contentUrl":"https:\/\/secure.gravatar.com\/avatar\/a17c47a11dd3996c69a173e291c692b6a028e82349994bf0d9f60936c9795b9f?s=96&d=mm&r=g","caption":"Maxime Pasture"},"description":"Journaliste de formation, Maxime est tr\u00e8s curieux mais surtout passionn\u00e9 d'automobile. Sa curiosit\u00e9 l'am\u00e8ne \u00e0 traiter de sujets divers et vari\u00e9s li\u00e9s \u00e0 la mobilit\u00e9 au sens large et bien plus encore !"}]}},"_links":{"self":[{"href":"https:\/\/www.link2fleet.com\/fr\/wp-json\/wp\/v2\/posts\/39058","targetHints":{"allow":["GET"]}}],"collection":[{"href":"https:\/\/www.link2fleet.com\/fr\/wp-json\/wp\/v2\/posts"}],"about":[{"href":"https:\/\/www.link2fleet.com\/fr\/wp-json\/wp\/v2\/types\/post"}],"author":[{"embeddable":true,"href":"https:\/\/www.link2fleet.com\/fr\/wp-json\/wp\/v2\/users\/18"}],"replies":[{"embeddable":true,"href":"https:\/\/www.link2fleet.com\/fr\/wp-json\/wp\/v2\/comments?post=39058"}],"version-history":[{"count":7,"href":"https:\/\/www.link2fleet.com\/fr\/wp-json\/wp\/v2\/posts\/39058\/revisions"}],"predecessor-version":[{"id":39416,"href":"https:\/\/www.link2fleet.com\/fr\/wp-json\/wp\/v2\/posts\/39058\/revisions\/39416"}],"wp:featuredmedia":[{"embeddable":true,"href":"https:\/\/www.link2fleet.com\/fr\/wp-json\/wp\/v2\/media\/39061"}],"wp:attachment":[{"href":"https:\/\/www.link2fleet.com\/fr\/wp-json\/wp\/v2\/media?parent=39058"}],"wp:term":[{"taxonomy":"category","embeddable":true,"href":"https:\/\/www.link2fleet.com\/fr\/wp-json\/wp\/v2\/categories?post=39058"},{"taxonomy":"post_tag","embeddable":true,"href":"https:\/\/www.link2fleet.com\/fr\/wp-json\/wp\/v2\/tags?post=39058"}],"curies":[{"name":"wp","href":"https:\/\/api.w.org\/{rel}","templated":true}]}}