{"id":39168,"date":"2025-03-12T11:32:08","date_gmt":"2025-03-12T10:32:08","guid":{"rendered":"https:\/\/www.link2fleet.com\/?p=39168"},"modified":"2025-11-04T11:14:34","modified_gmt":"2025-11-04T10:14:34","slug":"obligation-de-proposer-un-budget-de-mobilite-votre-entreprise-sera-elle-concernee","status":"publish","type":"post","link":"https:\/\/www.link2fleet.com\/fr\/obligation-de-proposer-un-budget-de-mobilite-votre-entreprise-sera-elle-concernee\/","title":{"rendered":"Obligation de proposer un budget de mobilit\u00e9: votre entreprise sera-t-elle concern\u00e9e?"},"content":{"rendered":"","protected":false},"excerpt":{"rendered":"","protected":false},"author":4,"featured_media":9438,"comment_status":"closed","ping_status":"closed","sticky":false,"template":"","format":"standard","meta":{"_acf_changed":false,"footnotes":""},"categories":[91,101],"tags":[],"class_list":["post-39168","post","type-post","status-publish","format-standard","has-post-thumbnail","hentry","category-expertise-et-management","category-tax-legal"],"acf":[],"yoast_head":"<!-- This site is optimized with the Yoast SEO plugin v27.3 - https:\/\/yoast.com\/product\/yoast-seo-wordpress\/ -->\n<title>Obligation de proposer un budget de mobilit\u00e9: votre entreprise sera-t-elle concern\u00e9e? - link2fleet<\/title>\n<meta name=\"description\" content=\"C&rsquo;est l&rsquo;un des points qui a \u00e9merg\u00e9 de l&rsquo;accord de gouvernement Arizona: contraindre les entreprises \u00e0 offrir un budget de mobilit\u00e9 pour tous les travailleurs.\u2026\" \/>\n<meta name=\"robots\" content=\"index, follow, max-snippet:-1, max-image-preview:large, max-video-preview:-1\" \/>\n<meta property=\"og:locale\" content=\"fr_FR\" \/>\n<meta property=\"og:type\" content=\"article\" \/>\n<meta property=\"og:title\" content=\"Obligation de proposer un budget de mobilit\u00e9: votre entreprise sera-t-elle concern\u00e9e? - link2fleet\" \/>\n<meta property=\"og:description\" content=\"C&rsquo;est l&rsquo;un des points qui a \u00e9merg\u00e9 de l&rsquo;accord de gouvernement Arizona: contraindre les entreprises \u00e0 offrir un budget de mobilit\u00e9 pour tous les travailleurs.\u2026\" \/>\n<meta property=\"og:url\" content=\"https:\/\/www.link2fleet.com\/fr\/obligation-de-proposer-un-budget-de-mobilite-votre-entreprise-sera-elle-concernee\/\" \/>\n<meta property=\"og:site_name\" content=\"link2fleet\" \/>\n<meta property=\"article:published_time\" content=\"2025-03-12T10:32:08+00:00\" \/>\n<meta property=\"article:modified_time\" content=\"2025-11-04T10:14:34+00:00\" \/>\n<meta property=\"og:image\" content=\"https:\/\/static.link2fleet.com\/wp-content\/uploads\/2024\/03\/planmobilite.jpg\" \/>\n\t<meta property=\"og:image:width\" content=\"817\" \/>\n\t<meta property=\"og:image:height\" content=\"672\" \/>\n\t<meta property=\"og:image:type\" content=\"image\/jpeg\" \/>\n<meta name=\"author\" content=\"Damien Malvetti\" \/>\n<meta name=\"twitter:card\" content=\"summary_large_image\" \/>\n<meta name=\"twitter:description\" content=\"C&rsquo;est l&rsquo;un des points qui a \u00e9merg\u00e9 de l&rsquo;accord de gouvernement Arizona: contraindre les entreprises \u00e0 offrir un budget de mobilit\u00e9 pour tous les travailleurs.\u2026\" \/>\n<meta name=\"twitter:label1\" content=\"\u00c9crit par\" \/>\n\t<meta name=\"twitter:data1\" content=\"Damien Malvetti\" \/>\n\t<meta name=\"twitter:label2\" content=\"Dur\u00e9e de lecture estim\u00e9e\" \/>\n\t<meta name=\"twitter:data2\" content=\"4 minutes\" \/>\n<script type=\"application\/ld+json\" class=\"yoast-schema-graph\">{\"@context\":\"https:\\\/\\\/schema.org\",\"@graph\":[{\"@type\":\"Article\",\"@id\":\"https:\\\/\\\/www.link2fleet.com\\\/fr\\\/obligation-de-proposer-un-budget-de-mobilite-votre-entreprise-sera-elle-concernee\\\/#article\",\"isPartOf\":{\"@id\":\"https:\\\/\\\/www.link2fleet.com\\\/fr\\\/obligation-de-proposer-un-budget-de-mobilite-votre-entreprise-sera-elle-concernee\\\/\"},\"author\":{\"name\":\"Damien Malvetti\",\"@id\":\"https:\\\/\\\/www.link2fleet.com\\\/fr\\\/#\\\/schema\\\/person\\\/027cd46113c78036b3809c9a054049da\"},\"headline\":\"Obligation de proposer un budget de mobilit\u00e9: votre entreprise sera-t-elle concern\u00e9e?\",\"datePublished\":\"2025-03-12T10:32:08+00:00\",\"dateModified\":\"2025-11-04T10:14:34+00:00\",\"mainEntityOfPage\":{\"@id\":\"https:\\\/\\\/www.link2fleet.com\\\/fr\\\/obligation-de-proposer-un-budget-de-mobilite-votre-entreprise-sera-elle-concernee\\\/\"},\"wordCount\":12,\"publisher\":{\"@id\":\"https:\\\/\\\/www.link2fleet.com\\\/fr\\\/#organization\"},\"image\":{\"@id\":\"https:\\\/\\\/www.link2fleet.com\\\/fr\\\/obligation-de-proposer-un-budget-de-mobilite-votre-entreprise-sera-elle-concernee\\\/#primaryimage\"},\"thumbnailUrl\":\"https:\\\/\\\/static.link2fleet.com\\\/wp-content\\\/uploads\\\/2024\\\/03\\\/planmobilite.jpg\",\"articleSection\":[\"Gestion de flotte\",\"Tax &amp; legal\"],\"inLanguage\":\"fr-FR\"},{\"@type\":\"WebPage\",\"@id\":\"https:\\\/\\\/www.link2fleet.com\\\/fr\\\/obligation-de-proposer-un-budget-de-mobilite-votre-entreprise-sera-elle-concernee\\\/\",\"url\":\"https:\\\/\\\/www.link2fleet.com\\\/fr\\\/obligation-de-proposer-un-budget-de-mobilite-votre-entreprise-sera-elle-concernee\\\/\",\"name\":\"Obligation de proposer un budget de mobilit\u00e9: votre entreprise sera-t-elle concern\u00e9e? - link2fleet\",\"isPartOf\":{\"@id\":\"https:\\\/\\\/www.link2fleet.com\\\/fr\\\/#website\"},\"primaryImageOfPage\":{\"@id\":\"https:\\\/\\\/www.link2fleet.com\\\/fr\\\/obligation-de-proposer-un-budget-de-mobilite-votre-entreprise-sera-elle-concernee\\\/#primaryimage\"},\"image\":{\"@id\":\"https:\\\/\\\/www.link2fleet.com\\\/fr\\\/obligation-de-proposer-un-budget-de-mobilite-votre-entreprise-sera-elle-concernee\\\/#primaryimage\"},\"thumbnailUrl\":\"https:\\\/\\\/static.link2fleet.com\\\/wp-content\\\/uploads\\\/2024\\\/03\\\/planmobilite.jpg\",\"datePublished\":\"2025-03-12T10:32:08+00:00\",\"dateModified\":\"2025-11-04T10:14:34+00:00\",\"breadcrumb\":{\"@id\":\"https:\\\/\\\/www.link2fleet.com\\\/fr\\\/obligation-de-proposer-un-budget-de-mobilite-votre-entreprise-sera-elle-concernee\\\/#breadcrumb\"},\"inLanguage\":\"fr-FR\",\"potentialAction\":[{\"@type\":\"ReadAction\",\"target\":[\"https:\\\/\\\/www.link2fleet.com\\\/fr\\\/obligation-de-proposer-un-budget-de-mobilite-votre-entreprise-sera-elle-concernee\\\/\"]}]},{\"@type\":\"ImageObject\",\"inLanguage\":\"fr-FR\",\"@id\":\"https:\\\/\\\/www.link2fleet.com\\\/fr\\\/obligation-de-proposer-un-budget-de-mobilite-votre-entreprise-sera-elle-concernee\\\/#primaryimage\",\"url\":\"https:\\\/\\\/static.link2fleet.com\\\/wp-content\\\/uploads\\\/2024\\\/03\\\/planmobilite.jpg\",\"contentUrl\":\"https:\\\/\\\/static.link2fleet.com\\\/wp-content\\\/uploads\\\/2024\\\/03\\\/planmobilite.jpg\",\"width\":817,\"height\":672},{\"@type\":\"BreadcrumbList\",\"@id\":\"https:\\\/\\\/www.link2fleet.com\\\/fr\\\/obligation-de-proposer-un-budget-de-mobilite-votre-entreprise-sera-elle-concernee\\\/#breadcrumb\",\"itemListElement\":[{\"@type\":\"ListItem\",\"position\":1,\"name\":\"Home\",\"item\":\"https:\\\/\\\/www.link2fleet.com\\\/fr\\\/\"},{\"@type\":\"ListItem\",\"position\":2,\"name\":\"Obligation de proposer un budget de mobilit\u00e9: votre entreprise sera-t-elle concern\u00e9e?\"}]},{\"@type\":\"WebSite\",\"@id\":\"https:\\\/\\\/www.link2fleet.com\\\/fr\\\/#website\",\"url\":\"https:\\\/\\\/www.link2fleet.com\\\/fr\\\/\",\"name\":\"Link2fleet\",\"description\":\"\",\"publisher\":{\"@id\":\"https:\\\/\\\/www.link2fleet.com\\\/fr\\\/#organization\"},\"potentialAction\":[{\"@type\":\"SearchAction\",\"target\":{\"@type\":\"EntryPoint\",\"urlTemplate\":\"https:\\\/\\\/www.link2fleet.com\\\/fr\\\/?s={search_term_string}\"},\"query-input\":{\"@type\":\"PropertyValueSpecification\",\"valueRequired\":true,\"valueName\":\"search_term_string\"}}],\"inLanguage\":\"fr-FR\"},{\"@type\":\"Organization\",\"@id\":\"https:\\\/\\\/www.link2fleet.com\\\/fr\\\/#organization\",\"name\":\"Link2fleet\",\"url\":\"https:\\\/\\\/www.link2fleet.com\\\/fr\\\/\",\"logo\":{\"@type\":\"ImageObject\",\"inLanguage\":\"fr-FR\",\"@id\":\"https:\\\/\\\/www.link2fleet.com\\\/fr\\\/#\\\/schema\\\/logo\\\/image\\\/\",\"url\":\"https:\\\/\\\/static.link2fleet.com\\\/wp-content\\\/uploads\\\/2024\\\/03\\\/share-image.jpg\",\"contentUrl\":\"https:\\\/\\\/static.link2fleet.com\\\/wp-content\\\/uploads\\\/2024\\\/03\\\/share-image.jpg\",\"width\":1200,\"height\":630,\"caption\":\"Link2fleet\"},\"image\":{\"@id\":\"https:\\\/\\\/www.link2fleet.com\\\/fr\\\/#\\\/schema\\\/logo\\\/image\\\/\"},\"sameAs\":[\"https:\\\/\\\/www.linkedin.com\\\/company\\\/link2fleet-belgium\",\"https:\\\/\\\/www.youtube.com\\\/user\\\/MMMBMBE\"]},{\"@type\":\"Person\",\"@id\":\"https:\\\/\\\/www.link2fleet.com\\\/fr\\\/#\\\/schema\\\/person\\\/027cd46113c78036b3809c9a054049da\",\"name\":\"Damien Malvetti\",\"image\":{\"@type\":\"ImageObject\",\"inLanguage\":\"fr-FR\",\"@id\":\"https:\\\/\\\/secure.gravatar.com\\\/avatar\\\/dd8cc03b49466c735f753ac37f8caa371af16dfed347456ed61f02883255eebb?s=96&d=mm&r=g\",\"url\":\"https:\\\/\\\/secure.gravatar.com\\\/avatar\\\/dd8cc03b49466c735f753ac37f8caa371af16dfed347456ed61f02883255eebb?s=96&d=mm&r=g\",\"contentUrl\":\"https:\\\/\\\/secure.gravatar.com\\\/avatar\\\/dd8cc03b49466c735f753ac37f8caa371af16dfed347456ed61f02883255eebb?s=96&d=mm&r=g\",\"caption\":\"Damien Malvetti\"},\"description\":\"Damien Malvetti is opgeleid als journalist en gepassioneerd door wagens, technologie en mobiliteit. Hij is verantwoordelijk voor de redactionele inhoud van link2fleet en beschikt over een uitgebreide kennis van de fleet-sector en elektrische mobiliteit.\",\"sameAs\":[\"https:\\\/\\\/www.linkedin.com\\\/in\\\/damien-malvetti-56601142\\\/\"]}]}<\/script>\n<!-- \/ Yoast SEO plugin. -->","yoast_head_json":{"title":"Obligation de proposer un budget de mobilit\u00e9: votre entreprise sera-t-elle concern\u00e9e? - link2fleet","description":"C&rsquo;est l&rsquo;un des points qui a \u00e9merg\u00e9 de l&rsquo;accord de gouvernement Arizona: contraindre les entreprises \u00e0 offrir un budget de mobilit\u00e9 pour tous les travailleurs.\u2026","robots":{"index":"index","follow":"follow","max-snippet":"max-snippet:-1","max-image-preview":"max-image-preview:large","max-video-preview":"max-video-preview:-1"},"og_locale":"fr_FR","og_type":"article","og_title":"Obligation de proposer un budget de mobilit\u00e9: votre entreprise sera-t-elle concern\u00e9e? - link2fleet","og_description":"C&rsquo;est l&rsquo;un des points qui a \u00e9merg\u00e9 de l&rsquo;accord de gouvernement Arizona: contraindre les entreprises \u00e0 offrir un budget de mobilit\u00e9 pour tous les travailleurs.\u2026","og_url":"https:\/\/www.link2fleet.com\/fr\/obligation-de-proposer-un-budget-de-mobilite-votre-entreprise-sera-elle-concernee\/","og_site_name":"link2fleet","article_published_time":"2025-03-12T10:32:08+00:00","article_modified_time":"2025-11-04T10:14:34+00:00","og_image":[{"width":817,"height":672,"url":"https:\/\/static.link2fleet.com\/wp-content\/uploads\/2024\/03\/planmobilite.jpg","type":"image\/jpeg"}],"author":"Damien Malvetti","twitter_card":"summary_large_image","twitter_description":"C&rsquo;est l&rsquo;un des points qui a \u00e9merg\u00e9 de l&rsquo;accord de gouvernement Arizona: contraindre les entreprises \u00e0 offrir un budget de mobilit\u00e9 pour tous les travailleurs.\u2026","twitter_misc":{"\u00c9crit par":"Damien Malvetti","Dur\u00e9e de lecture estim\u00e9e":"4 minutes"},"schema":{"@context":"https:\/\/schema.org","@graph":[{"@type":"Article","@id":"https:\/\/www.link2fleet.com\/fr\/obligation-de-proposer-un-budget-de-mobilite-votre-entreprise-sera-elle-concernee\/#article","isPartOf":{"@id":"https:\/\/www.link2fleet.com\/fr\/obligation-de-proposer-un-budget-de-mobilite-votre-entreprise-sera-elle-concernee\/"},"author":{"name":"Damien Malvetti","@id":"https:\/\/www.link2fleet.com\/fr\/#\/schema\/person\/027cd46113c78036b3809c9a054049da"},"headline":"Obligation de proposer un budget de mobilit\u00e9: votre entreprise sera-t-elle concern\u00e9e?","datePublished":"2025-03-12T10:32:08+00:00","dateModified":"2025-11-04T10:14:34+00:00","mainEntityOfPage":{"@id":"https:\/\/www.link2fleet.com\/fr\/obligation-de-proposer-un-budget-de-mobilite-votre-entreprise-sera-elle-concernee\/"},"wordCount":12,"publisher":{"@id":"https:\/\/www.link2fleet.com\/fr\/#organization"},"image":{"@id":"https:\/\/www.link2fleet.com\/fr\/obligation-de-proposer-un-budget-de-mobilite-votre-entreprise-sera-elle-concernee\/#primaryimage"},"thumbnailUrl":"https:\/\/static.link2fleet.com\/wp-content\/uploads\/2024\/03\/planmobilite.jpg","articleSection":["Gestion de flotte","Tax &amp; legal"],"inLanguage":"fr-FR"},{"@type":"WebPage","@id":"https:\/\/www.link2fleet.com\/fr\/obligation-de-proposer-un-budget-de-mobilite-votre-entreprise-sera-elle-concernee\/","url":"https:\/\/www.link2fleet.com\/fr\/obligation-de-proposer-un-budget-de-mobilite-votre-entreprise-sera-elle-concernee\/","name":"Obligation de proposer un budget de mobilit\u00e9: votre entreprise sera-t-elle concern\u00e9e? - link2fleet","isPartOf":{"@id":"https:\/\/www.link2fleet.com\/fr\/#website"},"primaryImageOfPage":{"@id":"https:\/\/www.link2fleet.com\/fr\/obligation-de-proposer-un-budget-de-mobilite-votre-entreprise-sera-elle-concernee\/#primaryimage"},"image":{"@id":"https:\/\/www.link2fleet.com\/fr\/obligation-de-proposer-un-budget-de-mobilite-votre-entreprise-sera-elle-concernee\/#primaryimage"},"thumbnailUrl":"https:\/\/static.link2fleet.com\/wp-content\/uploads\/2024\/03\/planmobilite.jpg","datePublished":"2025-03-12T10:32:08+00:00","dateModified":"2025-11-04T10:14:34+00:00","breadcrumb":{"@id":"https:\/\/www.link2fleet.com\/fr\/obligation-de-proposer-un-budget-de-mobilite-votre-entreprise-sera-elle-concernee\/#breadcrumb"},"inLanguage":"fr-FR","potentialAction":[{"@type":"ReadAction","target":["https:\/\/www.link2fleet.com\/fr\/obligation-de-proposer-un-budget-de-mobilite-votre-entreprise-sera-elle-concernee\/"]}]},{"@type":"ImageObject","inLanguage":"fr-FR","@id":"https:\/\/www.link2fleet.com\/fr\/obligation-de-proposer-un-budget-de-mobilite-votre-entreprise-sera-elle-concernee\/#primaryimage","url":"https:\/\/static.link2fleet.com\/wp-content\/uploads\/2024\/03\/planmobilite.jpg","contentUrl":"https:\/\/static.link2fleet.com\/wp-content\/uploads\/2024\/03\/planmobilite.jpg","width":817,"height":672},{"@type":"BreadcrumbList","@id":"https:\/\/www.link2fleet.com\/fr\/obligation-de-proposer-un-budget-de-mobilite-votre-entreprise-sera-elle-concernee\/#breadcrumb","itemListElement":[{"@type":"ListItem","position":1,"name":"Home","item":"https:\/\/www.link2fleet.com\/fr\/"},{"@type":"ListItem","position":2,"name":"Obligation de proposer un budget de mobilit\u00e9: votre entreprise sera-t-elle concern\u00e9e?"}]},{"@type":"WebSite","@id":"https:\/\/www.link2fleet.com\/fr\/#website","url":"https:\/\/www.link2fleet.com\/fr\/","name":"Link2fleet","description":"","publisher":{"@id":"https:\/\/www.link2fleet.com\/fr\/#organization"},"potentialAction":[{"@type":"SearchAction","target":{"@type":"EntryPoint","urlTemplate":"https:\/\/www.link2fleet.com\/fr\/?s={search_term_string}"},"query-input":{"@type":"PropertyValueSpecification","valueRequired":true,"valueName":"search_term_string"}}],"inLanguage":"fr-FR"},{"@type":"Organization","@id":"https:\/\/www.link2fleet.com\/fr\/#organization","name":"Link2fleet","url":"https:\/\/www.link2fleet.com\/fr\/","logo":{"@type":"ImageObject","inLanguage":"fr-FR","@id":"https:\/\/www.link2fleet.com\/fr\/#\/schema\/logo\/image\/","url":"https:\/\/static.link2fleet.com\/wp-content\/uploads\/2024\/03\/share-image.jpg","contentUrl":"https:\/\/static.link2fleet.com\/wp-content\/uploads\/2024\/03\/share-image.jpg","width":1200,"height":630,"caption":"Link2fleet"},"image":{"@id":"https:\/\/www.link2fleet.com\/fr\/#\/schema\/logo\/image\/"},"sameAs":["https:\/\/www.linkedin.com\/company\/link2fleet-belgium","https:\/\/www.youtube.com\/user\/MMMBMBE"]},{"@type":"Person","@id":"https:\/\/www.link2fleet.com\/fr\/#\/schema\/person\/027cd46113c78036b3809c9a054049da","name":"Damien Malvetti","image":{"@type":"ImageObject","inLanguage":"fr-FR","@id":"https:\/\/secure.gravatar.com\/avatar\/dd8cc03b49466c735f753ac37f8caa371af16dfed347456ed61f02883255eebb?s=96&d=mm&r=g","url":"https:\/\/secure.gravatar.com\/avatar\/dd8cc03b49466c735f753ac37f8caa371af16dfed347456ed61f02883255eebb?s=96&d=mm&r=g","contentUrl":"https:\/\/secure.gravatar.com\/avatar\/dd8cc03b49466c735f753ac37f8caa371af16dfed347456ed61f02883255eebb?s=96&d=mm&r=g","caption":"Damien Malvetti"},"description":"Damien Malvetti is opgeleid als journalist en gepassioneerd door wagens, technologie en mobiliteit. Hij is verantwoordelijk voor de redactionele inhoud van link2fleet en beschikt over een uitgebreide kennis van de fleet-sector en elektrische mobiliteit.","sameAs":["https:\/\/www.linkedin.com\/in\/damien-malvetti-56601142\/"]}]}},"_links":{"self":[{"href":"https:\/\/www.link2fleet.com\/fr\/wp-json\/wp\/v2\/posts\/39168","targetHints":{"allow":["GET"]}}],"collection":[{"href":"https:\/\/www.link2fleet.com\/fr\/wp-json\/wp\/v2\/posts"}],"about":[{"href":"https:\/\/www.link2fleet.com\/fr\/wp-json\/wp\/v2\/types\/post"}],"author":[{"embeddable":true,"href":"https:\/\/www.link2fleet.com\/fr\/wp-json\/wp\/v2\/users\/4"}],"replies":[{"embeddable":true,"href":"https:\/\/www.link2fleet.com\/fr\/wp-json\/wp\/v2\/comments?post=39168"}],"version-history":[{"count":4,"href":"https:\/\/www.link2fleet.com\/fr\/wp-json\/wp\/v2\/posts\/39168\/revisions"}],"predecessor-version":[{"id":60603,"href":"https:\/\/www.link2fleet.com\/fr\/wp-json\/wp\/v2\/posts\/39168\/revisions\/60603"}],"wp:featuredmedia":[{"embeddable":true,"href":"https:\/\/www.link2fleet.com\/fr\/wp-json\/wp\/v2\/media\/9438"}],"wp:attachment":[{"href":"https:\/\/www.link2fleet.com\/fr\/wp-json\/wp\/v2\/media?parent=39168"}],"wp:term":[{"taxonomy":"category","embeddable":true,"href":"https:\/\/www.link2fleet.com\/fr\/wp-json\/wp\/v2\/categories?post=39168"},{"taxonomy":"post_tag","embeddable":true,"href":"https:\/\/www.link2fleet.com\/fr\/wp-json\/wp\/v2\/tags?post=39168"}],"curies":[{"name":"wp","href":"https:\/\/api.w.org\/{rel}","templated":true}]}}