{"id":39308,"date":"2025-03-14T12:02:33","date_gmt":"2025-03-14T11:02:33","guid":{"rendered":"https:\/\/www.link2fleet.com\/?p=39308"},"modified":"2025-11-18T10:22:29","modified_gmt":"2025-11-18T09:22:29","slug":"iveco-et-stellantis-one-pro-vont-sassocier-pour-la-production-de-2-lcv","status":"publish","type":"post","link":"https:\/\/www.link2fleet.com\/fr\/iveco-et-stellantis-one-pro-vont-sassocier-pour-la-production-de-2-lcv\/","title":{"rendered":"Iveco et Stellantis One Pro vont s&rsquo;associer pour la production de 2 LCV"},"content":{"rendered":"","protected":false},"excerpt":{"rendered":"","protected":false},"author":4,"featured_media":39309,"comment_status":"closed","ping_status":"closed","sticky":false,"template":"","format":"standard","meta":{"_acf_changed":false,"footnotes":""},"categories":[77,1501,76],"tags":[],"class_list":["post-39308","post","type-post","status-publish","format-standard","has-post-thumbnail","hentry","category-importateurs-et-constructeurs-automobiles-vp","category-lcv","category-car"],"acf":[],"yoast_head":"<!-- This site is optimized with the Yoast SEO plugin v27.3 - https:\/\/yoast.com\/product\/yoast-seo-wordpress\/ -->\n<title>Iveco et Stellantis One Pro vont s&#039;associer pour la production de 2 LCV - link2fleet<\/title>\n<meta name=\"description\" content=\"Stellantis Pro One et IVECO ont annonc\u00e9 aujourd\u2019hui avoir sign\u00e9 des accords pour la livraison \u00e0 IVECO de deux v\u00e9hicules utilitaires l\u00e9gers (VUL) 100 %\u2026\" \/>\n<meta name=\"robots\" content=\"index, follow, max-snippet:-1, max-image-preview:large, max-video-preview:-1\" \/>\n<meta property=\"og:locale\" content=\"fr_FR\" \/>\n<meta property=\"og:type\" content=\"article\" \/>\n<meta property=\"og:title\" content=\"Iveco et Stellantis One Pro vont s&#039;associer pour la production de 2 LCV - link2fleet\" \/>\n<meta property=\"og:description\" content=\"Stellantis Pro One et IVECO ont annonc\u00e9 aujourd\u2019hui avoir sign\u00e9 des accords pour la livraison \u00e0 IVECO de deux v\u00e9hicules utilitaires l\u00e9gers (VUL) 100 %\u2026\" \/>\n<meta property=\"og:url\" content=\"https:\/\/www.link2fleet.com\/iveco-en-stellantis-one-pro-bundelen-hun-krachten-voor-de-productie-van-2-lcvs\/\" \/>\n<meta property=\"og:site_name\" content=\"link2fleet\" \/>\n<meta property=\"article:published_time\" content=\"2025-03-14T11:02:33+00:00\" \/>\n<meta property=\"article:modified_time\" content=\"2025-11-18T09:22:29+00:00\" \/>\n<meta property=\"og:image\" content=\"https:\/\/static.link2fleet.com\/wp-content\/uploads\/2025\/03\/stellantis-pro-one-iveco-agreement-march2025.jpg\" \/>\n\t<meta property=\"og:image:width\" content=\"2560\" \/>\n\t<meta property=\"og:image:height\" content=\"1925\" \/>\n\t<meta property=\"og:image:type\" content=\"image\/jpeg\" \/>\n<meta name=\"author\" content=\"Damien Malvetti\" \/>\n<meta name=\"twitter:card\" content=\"summary_large_image\" \/>\n<meta name=\"twitter:description\" content=\"Stellantis Pro One et IVECO ont annonc\u00e9 aujourd\u2019hui avoir sign\u00e9 des accords pour la livraison \u00e0 IVECO de deux v\u00e9hicules utilitaires l\u00e9gers (VUL) 100 %\u2026\" \/>\n<meta name=\"twitter:label1\" content=\"\u00c9crit par\" \/>\n\t<meta name=\"twitter:data1\" content=\"Damien Malvetti\" \/>\n\t<meta name=\"twitter:label2\" content=\"Dur\u00e9e de lecture estim\u00e9e\" \/>\n\t<meta name=\"twitter:data2\" content=\"3 minutes\" \/>\n<script type=\"application\/ld+json\" class=\"yoast-schema-graph\">{\"@context\":\"https:\\\/\\\/schema.org\",\"@graph\":[{\"@type\":\"Article\",\"@id\":\"https:\\\/\\\/www.link2fleet.com\\\/iveco-en-stellantis-one-pro-bundelen-hun-krachten-voor-de-productie-van-2-lcvs\\\/#article\",\"isPartOf\":{\"@id\":\"https:\\\/\\\/www.link2fleet.com\\\/iveco-en-stellantis-one-pro-bundelen-hun-krachten-voor-de-productie-van-2-lcvs\\\/\"},\"author\":{\"name\":\"Damien Malvetti\",\"@id\":\"https:\\\/\\\/www.link2fleet.com\\\/fr\\\/#\\\/schema\\\/person\\\/027cd46113c78036b3809c9a054049da\"},\"headline\":\"Iveco et Stellantis One Pro vont s&rsquo;associer pour la production de 2 LCV\",\"datePublished\":\"2025-03-14T11:02:33+00:00\",\"dateModified\":\"2025-11-18T09:22:29+00:00\",\"mainEntityOfPage\":{\"@id\":\"https:\\\/\\\/www.link2fleet.com\\\/iveco-en-stellantis-one-pro-bundelen-hun-krachten-voor-de-productie-van-2-lcvs\\\/\"},\"wordCount\":13,\"publisher\":{\"@id\":\"https:\\\/\\\/www.link2fleet.com\\\/fr\\\/#organization\"},\"image\":{\"@id\":\"https:\\\/\\\/www.link2fleet.com\\\/iveco-en-stellantis-one-pro-bundelen-hun-krachten-voor-de-productie-van-2-lcvs\\\/#primaryimage\"},\"thumbnailUrl\":\"https:\\\/\\\/static.link2fleet.com\\\/wp-content\\\/uploads\\\/2025\\\/03\\\/stellantis-pro-one-iveco-agreement-march2025.jpg\",\"articleSection\":[\"Importateurs et constructeurs\",\"LCV\",\"V\u00e9hicules\"],\"inLanguage\":\"fr-FR\"},{\"@type\":\"WebPage\",\"@id\":\"https:\\\/\\\/www.link2fleet.com\\\/iveco-en-stellantis-one-pro-bundelen-hun-krachten-voor-de-productie-van-2-lcvs\\\/\",\"url\":\"https:\\\/\\\/www.link2fleet.com\\\/iveco-en-stellantis-one-pro-bundelen-hun-krachten-voor-de-productie-van-2-lcvs\\\/\",\"name\":\"Iveco et Stellantis One Pro vont s'associer pour la production de 2 LCV - link2fleet\",\"isPartOf\":{\"@id\":\"https:\\\/\\\/www.link2fleet.com\\\/fr\\\/#website\"},\"primaryImageOfPage\":{\"@id\":\"https:\\\/\\\/www.link2fleet.com\\\/iveco-en-stellantis-one-pro-bundelen-hun-krachten-voor-de-productie-van-2-lcvs\\\/#primaryimage\"},\"image\":{\"@id\":\"https:\\\/\\\/www.link2fleet.com\\\/iveco-en-stellantis-one-pro-bundelen-hun-krachten-voor-de-productie-van-2-lcvs\\\/#primaryimage\"},\"thumbnailUrl\":\"https:\\\/\\\/static.link2fleet.com\\\/wp-content\\\/uploads\\\/2025\\\/03\\\/stellantis-pro-one-iveco-agreement-march2025.jpg\",\"datePublished\":\"2025-03-14T11:02:33+00:00\",\"dateModified\":\"2025-11-18T09:22:29+00:00\",\"breadcrumb\":{\"@id\":\"https:\\\/\\\/www.link2fleet.com\\\/iveco-en-stellantis-one-pro-bundelen-hun-krachten-voor-de-productie-van-2-lcvs\\\/#breadcrumb\"},\"inLanguage\":\"fr-FR\",\"potentialAction\":[{\"@type\":\"ReadAction\",\"target\":[\"https:\\\/\\\/www.link2fleet.com\\\/iveco-en-stellantis-one-pro-bundelen-hun-krachten-voor-de-productie-van-2-lcvs\\\/\"]}]},{\"@type\":\"ImageObject\",\"inLanguage\":\"fr-FR\",\"@id\":\"https:\\\/\\\/www.link2fleet.com\\\/iveco-en-stellantis-one-pro-bundelen-hun-krachten-voor-de-productie-van-2-lcvs\\\/#primaryimage\",\"url\":\"https:\\\/\\\/static.link2fleet.com\\\/wp-content\\\/uploads\\\/2025\\\/03\\\/stellantis-pro-one-iveco-agreement-march2025.jpg\",\"contentUrl\":\"https:\\\/\\\/static.link2fleet.com\\\/wp-content\\\/uploads\\\/2025\\\/03\\\/stellantis-pro-one-iveco-agreement-march2025.jpg\",\"width\":2560,\"height\":1925},{\"@type\":\"BreadcrumbList\",\"@id\":\"https:\\\/\\\/www.link2fleet.com\\\/iveco-en-stellantis-one-pro-bundelen-hun-krachten-voor-de-productie-van-2-lcvs\\\/#breadcrumb\",\"itemListElement\":[{\"@type\":\"ListItem\",\"position\":1,\"name\":\"Home\",\"item\":\"https:\\\/\\\/www.link2fleet.com\\\/fr\\\/\"},{\"@type\":\"ListItem\",\"position\":2,\"name\":\"Iveco et Stellantis One Pro vont s&rsquo;associer pour la production de 2 LCV\"}]},{\"@type\":\"WebSite\",\"@id\":\"https:\\\/\\\/www.link2fleet.com\\\/fr\\\/#website\",\"url\":\"https:\\\/\\\/www.link2fleet.com\\\/fr\\\/\",\"name\":\"Link2fleet\",\"description\":\"\",\"publisher\":{\"@id\":\"https:\\\/\\\/www.link2fleet.com\\\/fr\\\/#organization\"},\"potentialAction\":[{\"@type\":\"SearchAction\",\"target\":{\"@type\":\"EntryPoint\",\"urlTemplate\":\"https:\\\/\\\/www.link2fleet.com\\\/fr\\\/?s={search_term_string}\"},\"query-input\":{\"@type\":\"PropertyValueSpecification\",\"valueRequired\":true,\"valueName\":\"search_term_string\"}}],\"inLanguage\":\"fr-FR\"},{\"@type\":\"Organization\",\"@id\":\"https:\\\/\\\/www.link2fleet.com\\\/fr\\\/#organization\",\"name\":\"Link2fleet\",\"url\":\"https:\\\/\\\/www.link2fleet.com\\\/fr\\\/\",\"logo\":{\"@type\":\"ImageObject\",\"inLanguage\":\"fr-FR\",\"@id\":\"https:\\\/\\\/www.link2fleet.com\\\/fr\\\/#\\\/schema\\\/logo\\\/image\\\/\",\"url\":\"https:\\\/\\\/static.link2fleet.com\\\/wp-content\\\/uploads\\\/2024\\\/03\\\/share-image.jpg\",\"contentUrl\":\"https:\\\/\\\/static.link2fleet.com\\\/wp-content\\\/uploads\\\/2024\\\/03\\\/share-image.jpg\",\"width\":1200,\"height\":630,\"caption\":\"Link2fleet\"},\"image\":{\"@id\":\"https:\\\/\\\/www.link2fleet.com\\\/fr\\\/#\\\/schema\\\/logo\\\/image\\\/\"},\"sameAs\":[\"https:\\\/\\\/www.linkedin.com\\\/company\\\/link2fleet-belgium\",\"https:\\\/\\\/www.youtube.com\\\/user\\\/MMMBMBE\"]},{\"@type\":\"Person\",\"@id\":\"https:\\\/\\\/www.link2fleet.com\\\/fr\\\/#\\\/schema\\\/person\\\/027cd46113c78036b3809c9a054049da\",\"name\":\"Damien Malvetti\",\"image\":{\"@type\":\"ImageObject\",\"inLanguage\":\"fr-FR\",\"@id\":\"https:\\\/\\\/secure.gravatar.com\\\/avatar\\\/dd8cc03b49466c735f753ac37f8caa371af16dfed347456ed61f02883255eebb?s=96&d=mm&r=g\",\"url\":\"https:\\\/\\\/secure.gravatar.com\\\/avatar\\\/dd8cc03b49466c735f753ac37f8caa371af16dfed347456ed61f02883255eebb?s=96&d=mm&r=g\",\"contentUrl\":\"https:\\\/\\\/secure.gravatar.com\\\/avatar\\\/dd8cc03b49466c735f753ac37f8caa371af16dfed347456ed61f02883255eebb?s=96&d=mm&r=g\",\"caption\":\"Damien Malvetti\"},\"description\":\"Damien Malvetti is opgeleid als journalist en gepassioneerd door wagens, technologie en mobiliteit. Hij is verantwoordelijk voor de redactionele inhoud van link2fleet en beschikt over een uitgebreide kennis van de fleet-sector en elektrische mobiliteit.\",\"sameAs\":[\"https:\\\/\\\/www.linkedin.com\\\/in\\\/damien-malvetti-56601142\\\/\"]}]}<\/script>\n<!-- \/ Yoast SEO plugin. -->","yoast_head_json":{"title":"Iveco et Stellantis One Pro vont s'associer pour la production de 2 LCV - link2fleet","description":"Stellantis Pro One et IVECO ont annonc\u00e9 aujourd\u2019hui avoir sign\u00e9 des accords pour la livraison \u00e0 IVECO de deux v\u00e9hicules utilitaires l\u00e9gers (VUL) 100 %\u2026","robots":{"index":"index","follow":"follow","max-snippet":"max-snippet:-1","max-image-preview":"max-image-preview:large","max-video-preview":"max-video-preview:-1"},"og_locale":"fr_FR","og_type":"article","og_title":"Iveco et Stellantis One Pro vont s'associer pour la production de 2 LCV - link2fleet","og_description":"Stellantis Pro One et IVECO ont annonc\u00e9 aujourd\u2019hui avoir sign\u00e9 des accords pour la livraison \u00e0 IVECO de deux v\u00e9hicules utilitaires l\u00e9gers (VUL) 100 %\u2026","og_url":"https:\/\/www.link2fleet.com\/iveco-en-stellantis-one-pro-bundelen-hun-krachten-voor-de-productie-van-2-lcvs\/","og_site_name":"link2fleet","article_published_time":"2025-03-14T11:02:33+00:00","article_modified_time":"2025-11-18T09:22:29+00:00","og_image":[{"width":2560,"height":1925,"url":"https:\/\/static.link2fleet.com\/wp-content\/uploads\/2025\/03\/stellantis-pro-one-iveco-agreement-march2025.jpg","type":"image\/jpeg"}],"author":"Damien Malvetti","twitter_card":"summary_large_image","twitter_description":"Stellantis Pro One et IVECO ont annonc\u00e9 aujourd\u2019hui avoir sign\u00e9 des accords pour la livraison \u00e0 IVECO de deux v\u00e9hicules utilitaires l\u00e9gers (VUL) 100 %\u2026","twitter_misc":{"\u00c9crit par":"Damien Malvetti","Dur\u00e9e de lecture estim\u00e9e":"3 minutes"},"schema":{"@context":"https:\/\/schema.org","@graph":[{"@type":"Article","@id":"https:\/\/www.link2fleet.com\/iveco-en-stellantis-one-pro-bundelen-hun-krachten-voor-de-productie-van-2-lcvs\/#article","isPartOf":{"@id":"https:\/\/www.link2fleet.com\/iveco-en-stellantis-one-pro-bundelen-hun-krachten-voor-de-productie-van-2-lcvs\/"},"author":{"name":"Damien Malvetti","@id":"https:\/\/www.link2fleet.com\/fr\/#\/schema\/person\/027cd46113c78036b3809c9a054049da"},"headline":"Iveco et Stellantis One Pro vont s&rsquo;associer pour la production de 2 LCV","datePublished":"2025-03-14T11:02:33+00:00","dateModified":"2025-11-18T09:22:29+00:00","mainEntityOfPage":{"@id":"https:\/\/www.link2fleet.com\/iveco-en-stellantis-one-pro-bundelen-hun-krachten-voor-de-productie-van-2-lcvs\/"},"wordCount":13,"publisher":{"@id":"https:\/\/www.link2fleet.com\/fr\/#organization"},"image":{"@id":"https:\/\/www.link2fleet.com\/iveco-en-stellantis-one-pro-bundelen-hun-krachten-voor-de-productie-van-2-lcvs\/#primaryimage"},"thumbnailUrl":"https:\/\/static.link2fleet.com\/wp-content\/uploads\/2025\/03\/stellantis-pro-one-iveco-agreement-march2025.jpg","articleSection":["Importateurs et constructeurs","LCV","V\u00e9hicules"],"inLanguage":"fr-FR"},{"@type":"WebPage","@id":"https:\/\/www.link2fleet.com\/iveco-en-stellantis-one-pro-bundelen-hun-krachten-voor-de-productie-van-2-lcvs\/","url":"https:\/\/www.link2fleet.com\/iveco-en-stellantis-one-pro-bundelen-hun-krachten-voor-de-productie-van-2-lcvs\/","name":"Iveco et Stellantis One Pro vont s'associer pour la production de 2 LCV - link2fleet","isPartOf":{"@id":"https:\/\/www.link2fleet.com\/fr\/#website"},"primaryImageOfPage":{"@id":"https:\/\/www.link2fleet.com\/iveco-en-stellantis-one-pro-bundelen-hun-krachten-voor-de-productie-van-2-lcvs\/#primaryimage"},"image":{"@id":"https:\/\/www.link2fleet.com\/iveco-en-stellantis-one-pro-bundelen-hun-krachten-voor-de-productie-van-2-lcvs\/#primaryimage"},"thumbnailUrl":"https:\/\/static.link2fleet.com\/wp-content\/uploads\/2025\/03\/stellantis-pro-one-iveco-agreement-march2025.jpg","datePublished":"2025-03-14T11:02:33+00:00","dateModified":"2025-11-18T09:22:29+00:00","breadcrumb":{"@id":"https:\/\/www.link2fleet.com\/iveco-en-stellantis-one-pro-bundelen-hun-krachten-voor-de-productie-van-2-lcvs\/#breadcrumb"},"inLanguage":"fr-FR","potentialAction":[{"@type":"ReadAction","target":["https:\/\/www.link2fleet.com\/iveco-en-stellantis-one-pro-bundelen-hun-krachten-voor-de-productie-van-2-lcvs\/"]}]},{"@type":"ImageObject","inLanguage":"fr-FR","@id":"https:\/\/www.link2fleet.com\/iveco-en-stellantis-one-pro-bundelen-hun-krachten-voor-de-productie-van-2-lcvs\/#primaryimage","url":"https:\/\/static.link2fleet.com\/wp-content\/uploads\/2025\/03\/stellantis-pro-one-iveco-agreement-march2025.jpg","contentUrl":"https:\/\/static.link2fleet.com\/wp-content\/uploads\/2025\/03\/stellantis-pro-one-iveco-agreement-march2025.jpg","width":2560,"height":1925},{"@type":"BreadcrumbList","@id":"https:\/\/www.link2fleet.com\/iveco-en-stellantis-one-pro-bundelen-hun-krachten-voor-de-productie-van-2-lcvs\/#breadcrumb","itemListElement":[{"@type":"ListItem","position":1,"name":"Home","item":"https:\/\/www.link2fleet.com\/fr\/"},{"@type":"ListItem","position":2,"name":"Iveco et Stellantis One Pro vont s&rsquo;associer pour la production de 2 LCV"}]},{"@type":"WebSite","@id":"https:\/\/www.link2fleet.com\/fr\/#website","url":"https:\/\/www.link2fleet.com\/fr\/","name":"Link2fleet","description":"","publisher":{"@id":"https:\/\/www.link2fleet.com\/fr\/#organization"},"potentialAction":[{"@type":"SearchAction","target":{"@type":"EntryPoint","urlTemplate":"https:\/\/www.link2fleet.com\/fr\/?s={search_term_string}"},"query-input":{"@type":"PropertyValueSpecification","valueRequired":true,"valueName":"search_term_string"}}],"inLanguage":"fr-FR"},{"@type":"Organization","@id":"https:\/\/www.link2fleet.com\/fr\/#organization","name":"Link2fleet","url":"https:\/\/www.link2fleet.com\/fr\/","logo":{"@type":"ImageObject","inLanguage":"fr-FR","@id":"https:\/\/www.link2fleet.com\/fr\/#\/schema\/logo\/image\/","url":"https:\/\/static.link2fleet.com\/wp-content\/uploads\/2024\/03\/share-image.jpg","contentUrl":"https:\/\/static.link2fleet.com\/wp-content\/uploads\/2024\/03\/share-image.jpg","width":1200,"height":630,"caption":"Link2fleet"},"image":{"@id":"https:\/\/www.link2fleet.com\/fr\/#\/schema\/logo\/image\/"},"sameAs":["https:\/\/www.linkedin.com\/company\/link2fleet-belgium","https:\/\/www.youtube.com\/user\/MMMBMBE"]},{"@type":"Person","@id":"https:\/\/www.link2fleet.com\/fr\/#\/schema\/person\/027cd46113c78036b3809c9a054049da","name":"Damien Malvetti","image":{"@type":"ImageObject","inLanguage":"fr-FR","@id":"https:\/\/secure.gravatar.com\/avatar\/dd8cc03b49466c735f753ac37f8caa371af16dfed347456ed61f02883255eebb?s=96&d=mm&r=g","url":"https:\/\/secure.gravatar.com\/avatar\/dd8cc03b49466c735f753ac37f8caa371af16dfed347456ed61f02883255eebb?s=96&d=mm&r=g","contentUrl":"https:\/\/secure.gravatar.com\/avatar\/dd8cc03b49466c735f753ac37f8caa371af16dfed347456ed61f02883255eebb?s=96&d=mm&r=g","caption":"Damien Malvetti"},"description":"Damien Malvetti is opgeleid als journalist en gepassioneerd door wagens, technologie en mobiliteit. Hij is verantwoordelijk voor de redactionele inhoud van link2fleet en beschikt over een uitgebreide kennis van de fleet-sector en elektrische mobiliteit.","sameAs":["https:\/\/www.linkedin.com\/in\/damien-malvetti-56601142\/"]}]}},"_links":{"self":[{"href":"https:\/\/www.link2fleet.com\/fr\/wp-json\/wp\/v2\/posts\/39308","targetHints":{"allow":["GET"]}}],"collection":[{"href":"https:\/\/www.link2fleet.com\/fr\/wp-json\/wp\/v2\/posts"}],"about":[{"href":"https:\/\/www.link2fleet.com\/fr\/wp-json\/wp\/v2\/types\/post"}],"author":[{"embeddable":true,"href":"https:\/\/www.link2fleet.com\/fr\/wp-json\/wp\/v2\/users\/4"}],"replies":[{"embeddable":true,"href":"https:\/\/www.link2fleet.com\/fr\/wp-json\/wp\/v2\/comments?post=39308"}],"version-history":[{"count":2,"href":"https:\/\/www.link2fleet.com\/fr\/wp-json\/wp\/v2\/posts\/39308\/revisions"}],"predecessor-version":[{"id":39312,"href":"https:\/\/www.link2fleet.com\/fr\/wp-json\/wp\/v2\/posts\/39308\/revisions\/39312"}],"wp:featuredmedia":[{"embeddable":true,"href":"https:\/\/www.link2fleet.com\/fr\/wp-json\/wp\/v2\/media\/39309"}],"wp:attachment":[{"href":"https:\/\/www.link2fleet.com\/fr\/wp-json\/wp\/v2\/media?parent=39308"}],"wp:term":[{"taxonomy":"category","embeddable":true,"href":"https:\/\/www.link2fleet.com\/fr\/wp-json\/wp\/v2\/categories?post=39308"},{"taxonomy":"post_tag","embeddable":true,"href":"https:\/\/www.link2fleet.com\/fr\/wp-json\/wp\/v2\/tags?post=39308"}],"curies":[{"name":"wp","href":"https:\/\/api.w.org\/{rel}","templated":true}]}}