{"id":39828,"date":"2025-03-26T16:49:59","date_gmt":"2025-03-26T15:49:59","guid":{"rendered":"https:\/\/www.link2fleet.com\/?p=39828"},"modified":"2025-03-26T16:49:59","modified_gmt":"2025-03-26T15:49:59","slug":"fleet-test-mercedes-e-break-300de-lhybride-rechargeable-diesel-a-t-il-encore-du-sens-pour-les-longs-trajets","status":"publish","type":"post","link":"https:\/\/www.link2fleet.com\/fr\/fleet-test-mercedes-e-break-300de-lhybride-rechargeable-diesel-a-t-il-encore-du-sens-pour-les-longs-trajets\/","title":{"rendered":"Fleet test Mercedes E Break 300de : l\u2019hybride rechargeable diesel a-t-il encore du sens pour les longs trajets ?"},"content":{"rendered":"","protected":false},"excerpt":{"rendered":"","protected":false},"author":18,"featured_media":39862,"comment_status":"closed","ping_status":"closed","sticky":false,"template":"","format":"standard","meta":{"_acf_changed":false,"footnotes":""},"categories":[134],"tags":[],"class_list":["post-39828","post","type-post","status-publish","format-standard","has-post-thumbnail","hentry","category-fleet-test"],"acf":[],"yoast_head":"<!-- This site is optimized with the Yoast SEO plugin v27.3 - https:\/\/yoast.com\/product\/yoast-seo-wordpress\/ -->\n<title>Fleet test Mercedes E Break 300de : l\u2019hybride rechargeable diesel a-t-il encore du sens pour les longs trajets ? - link2fleet<\/title>\n<meta name=\"description\" content=\"Bruxelles jusqu\u2019au circuit de Loh\u00e9ac, en Bretagne\u00a0: un trajet de plus de 700 km. Dans la pratique, tr\u00e8s peu de voitures \u00e9lectriques ou m\u00eame, \u00e0\u2026\" \/>\n<meta name=\"robots\" content=\"index, follow, max-snippet:-1, max-image-preview:large, max-video-preview:-1\" \/>\n<meta property=\"og:locale\" content=\"fr_FR\" \/>\n<meta property=\"og:type\" content=\"article\" \/>\n<meta property=\"og:title\" content=\"Fleet test Mercedes E Break 300de : l\u2019hybride rechargeable diesel a-t-il encore du sens pour les longs trajets ? - link2fleet\" \/>\n<meta property=\"og:description\" content=\"Bruxelles jusqu\u2019au circuit de Loh\u00e9ac, en Bretagne\u00a0: un trajet de plus de 700 km. Dans la pratique, tr\u00e8s peu de voitures \u00e9lectriques ou m\u00eame, \u00e0\u2026\" \/>\n<meta property=\"og:url\" content=\"https:\/\/www.link2fleet.com\/fleet-test-mercedes-e-break-300de-is-een-plug-inhybride-diesel-nog-zinvol-voor-lange-ritten\/\" \/>\n<meta property=\"og:site_name\" content=\"link2fleet\" \/>\n<meta property=\"article:published_time\" content=\"2025-03-26T15:49:59+00:00\" \/>\n<meta property=\"og:image\" content=\"https:\/\/static.link2fleet.com\/wp-content\/uploads\/2025\/03\/mercedes-e300de-9-ld.jpg\" \/>\n\t<meta property=\"og:image:width\" content=\"1300\" \/>\n\t<meta property=\"og:image:height\" content=\"972\" \/>\n\t<meta property=\"og:image:type\" content=\"image\/jpeg\" \/>\n<meta name=\"author\" content=\"Maxime Pasture\" \/>\n<meta name=\"twitter:card\" content=\"summary_large_image\" \/>\n<meta name=\"twitter:description\" content=\"Bruxelles jusqu\u2019au circuit de Loh\u00e9ac, en Bretagne\u00a0: un trajet de plus de 700 km. Dans la pratique, tr\u00e8s peu de voitures \u00e9lectriques ou m\u00eame, \u00e0\u2026\" \/>\n<meta name=\"twitter:label1\" content=\"\u00c9crit par\" \/>\n\t<meta name=\"twitter:data1\" content=\"Journaliste de formation, Maxime est tr\u00e8s curieux mais surtout passionn\u00e9 d&#039;automobile. Sa curiosit\u00e9 l&#039;am\u00e8ne \u00e0 traiter de sujets divers et vari\u00e9s li\u00e9s \u00e0 la mobilit\u00e9 au sens large et bien plus encore !\" \/>\n\t<meta name=\"twitter:label2\" content=\"Dur\u00e9e de lecture estim\u00e9e\" \/>\n\t<meta name=\"twitter:data2\" content=\"10 minutes\" \/>\n<script type=\"application\/ld+json\" class=\"yoast-schema-graph\">{\"@context\":\"https:\\\/\\\/schema.org\",\"@graph\":[{\"@type\":\"Article\",\"@id\":\"https:\\\/\\\/www.link2fleet.com\\\/fleet-test-mercedes-e-break-300de-is-een-plug-inhybride-diesel-nog-zinvol-voor-lange-ritten\\\/#article\",\"isPartOf\":{\"@id\":\"https:\\\/\\\/www.link2fleet.com\\\/fleet-test-mercedes-e-break-300de-is-een-plug-inhybride-diesel-nog-zinvol-voor-lange-ritten\\\/\"},\"author\":{\"name\":\"Maxime Pasture\",\"@id\":\"https:\\\/\\\/www.link2fleet.com\\\/fr\\\/#\\\/schema\\\/person\\\/36f3d48d12a83e110d72b602b5bebc11\"},\"headline\":\"Fleet test Mercedes E Break 300de : l\u2019hybride rechargeable diesel a-t-il encore du sens pour les longs trajets ?\",\"datePublished\":\"2025-03-26T15:49:59+00:00\",\"mainEntityOfPage\":{\"@id\":\"https:\\\/\\\/www.link2fleet.com\\\/fleet-test-mercedes-e-break-300de-is-een-plug-inhybride-diesel-nog-zinvol-voor-lange-ritten\\\/\"},\"wordCount\":18,\"publisher\":{\"@id\":\"https:\\\/\\\/www.link2fleet.com\\\/fr\\\/#organization\"},\"image\":{\"@id\":\"https:\\\/\\\/www.link2fleet.com\\\/fleet-test-mercedes-e-break-300de-is-een-plug-inhybride-diesel-nog-zinvol-voor-lange-ritten\\\/#primaryimage\"},\"thumbnailUrl\":\"https:\\\/\\\/static.link2fleet.com\\\/wp-content\\\/uploads\\\/2025\\\/03\\\/mercedes-e300de-9-ld.jpg\",\"articleSection\":[\"Essais fleet\"],\"inLanguage\":\"fr-FR\"},{\"@type\":\"WebPage\",\"@id\":\"https:\\\/\\\/www.link2fleet.com\\\/fleet-test-mercedes-e-break-300de-is-een-plug-inhybride-diesel-nog-zinvol-voor-lange-ritten\\\/\",\"url\":\"https:\\\/\\\/www.link2fleet.com\\\/fleet-test-mercedes-e-break-300de-is-een-plug-inhybride-diesel-nog-zinvol-voor-lange-ritten\\\/\",\"name\":\"Fleet test Mercedes E Break 300de : l\u2019hybride rechargeable diesel a-t-il encore du sens pour les longs trajets ? - link2fleet\",\"isPartOf\":{\"@id\":\"https:\\\/\\\/www.link2fleet.com\\\/fr\\\/#website\"},\"primaryImageOfPage\":{\"@id\":\"https:\\\/\\\/www.link2fleet.com\\\/fleet-test-mercedes-e-break-300de-is-een-plug-inhybride-diesel-nog-zinvol-voor-lange-ritten\\\/#primaryimage\"},\"image\":{\"@id\":\"https:\\\/\\\/www.link2fleet.com\\\/fleet-test-mercedes-e-break-300de-is-een-plug-inhybride-diesel-nog-zinvol-voor-lange-ritten\\\/#primaryimage\"},\"thumbnailUrl\":\"https:\\\/\\\/static.link2fleet.com\\\/wp-content\\\/uploads\\\/2025\\\/03\\\/mercedes-e300de-9-ld.jpg\",\"datePublished\":\"2025-03-26T15:49:59+00:00\",\"description\":\"Bruxelles jusqu\u2019au circuit de Loh\u00e9ac, en Bretagne : un trajet de plus de 700 km. L\u2019exercice id\u00e9al pour un bloc diesel !\",\"breadcrumb\":{\"@id\":\"https:\\\/\\\/www.link2fleet.com\\\/fleet-test-mercedes-e-break-300de-is-een-plug-inhybride-diesel-nog-zinvol-voor-lange-ritten\\\/#breadcrumb\"},\"inLanguage\":\"fr-FR\",\"potentialAction\":[{\"@type\":\"ReadAction\",\"target\":[\"https:\\\/\\\/www.link2fleet.com\\\/fleet-test-mercedes-e-break-300de-is-een-plug-inhybride-diesel-nog-zinvol-voor-lange-ritten\\\/\"]}]},{\"@type\":\"ImageObject\",\"inLanguage\":\"fr-FR\",\"@id\":\"https:\\\/\\\/www.link2fleet.com\\\/fleet-test-mercedes-e-break-300de-is-een-plug-inhybride-diesel-nog-zinvol-voor-lange-ritten\\\/#primaryimage\",\"url\":\"https:\\\/\\\/static.link2fleet.com\\\/wp-content\\\/uploads\\\/2025\\\/03\\\/mercedes-e300de-9-ld.jpg\",\"contentUrl\":\"https:\\\/\\\/static.link2fleet.com\\\/wp-content\\\/uploads\\\/2025\\\/03\\\/mercedes-e300de-9-ld.jpg\",\"width\":1300,\"height\":972},{\"@type\":\"BreadcrumbList\",\"@id\":\"https:\\\/\\\/www.link2fleet.com\\\/fleet-test-mercedes-e-break-300de-is-een-plug-inhybride-diesel-nog-zinvol-voor-lange-ritten\\\/#breadcrumb\",\"itemListElement\":[{\"@type\":\"ListItem\",\"position\":1,\"name\":\"Home\",\"item\":\"https:\\\/\\\/www.link2fleet.com\\\/fr\\\/\"},{\"@type\":\"ListItem\",\"position\":2,\"name\":\"Fleet test Mercedes E Break 300de : l\u2019hybride rechargeable diesel a-t-il encore du sens pour les longs trajets ?\"}]},{\"@type\":\"WebSite\",\"@id\":\"https:\\\/\\\/www.link2fleet.com\\\/fr\\\/#website\",\"url\":\"https:\\\/\\\/www.link2fleet.com\\\/fr\\\/\",\"name\":\"Link2fleet\",\"description\":\"\",\"publisher\":{\"@id\":\"https:\\\/\\\/www.link2fleet.com\\\/fr\\\/#organization\"},\"potentialAction\":[{\"@type\":\"SearchAction\",\"target\":{\"@type\":\"EntryPoint\",\"urlTemplate\":\"https:\\\/\\\/www.link2fleet.com\\\/fr\\\/?s={search_term_string}\"},\"query-input\":{\"@type\":\"PropertyValueSpecification\",\"valueRequired\":true,\"valueName\":\"search_term_string\"}}],\"inLanguage\":\"fr-FR\"},{\"@type\":\"Organization\",\"@id\":\"https:\\\/\\\/www.link2fleet.com\\\/fr\\\/#organization\",\"name\":\"Link2fleet\",\"url\":\"https:\\\/\\\/www.link2fleet.com\\\/fr\\\/\",\"logo\":{\"@type\":\"ImageObject\",\"inLanguage\":\"fr-FR\",\"@id\":\"https:\\\/\\\/www.link2fleet.com\\\/fr\\\/#\\\/schema\\\/logo\\\/image\\\/\",\"url\":\"https:\\\/\\\/static.link2fleet.com\\\/wp-content\\\/uploads\\\/2024\\\/03\\\/share-image.jpg\",\"contentUrl\":\"https:\\\/\\\/static.link2fleet.com\\\/wp-content\\\/uploads\\\/2024\\\/03\\\/share-image.jpg\",\"width\":1200,\"height\":630,\"caption\":\"Link2fleet\"},\"image\":{\"@id\":\"https:\\\/\\\/www.link2fleet.com\\\/fr\\\/#\\\/schema\\\/logo\\\/image\\\/\"},\"sameAs\":[\"https:\\\/\\\/www.linkedin.com\\\/company\\\/link2fleet-belgium\",\"https:\\\/\\\/www.youtube.com\\\/user\\\/MMMBMBE\"]},{\"@type\":\"Person\",\"@id\":\"https:\\\/\\\/www.link2fleet.com\\\/fr\\\/#\\\/schema\\\/person\\\/36f3d48d12a83e110d72b602b5bebc11\",\"name\":\"Maxime Pasture\",\"image\":{\"@type\":\"ImageObject\",\"inLanguage\":\"fr-FR\",\"@id\":\"https:\\\/\\\/secure.gravatar.com\\\/avatar\\\/a17c47a11dd3996c69a173e291c692b6a028e82349994bf0d9f60936c9795b9f?s=96&d=mm&r=g\",\"url\":\"https:\\\/\\\/secure.gravatar.com\\\/avatar\\\/a17c47a11dd3996c69a173e291c692b6a028e82349994bf0d9f60936c9795b9f?s=96&d=mm&r=g\",\"contentUrl\":\"https:\\\/\\\/secure.gravatar.com\\\/avatar\\\/a17c47a11dd3996c69a173e291c692b6a028e82349994bf0d9f60936c9795b9f?s=96&d=mm&r=g\",\"caption\":\"Maxime Pasture\"},\"description\":\"Journaliste de formation, Maxime est tr\u00e8s curieux mais surtout passionn\u00e9 d'automobile. Sa curiosit\u00e9 l'am\u00e8ne \u00e0 traiter de sujets divers et vari\u00e9s li\u00e9s \u00e0 la mobilit\u00e9 au sens large et bien plus encore !\"}]}<\/script>\n<!-- \/ Yoast SEO plugin. -->","yoast_head_json":{"title":"Fleet test Mercedes E Break 300de : l\u2019hybride rechargeable diesel a-t-il encore du sens pour les longs trajets ? - link2fleet","description":"Bruxelles jusqu\u2019au circuit de Loh\u00e9ac, en Bretagne\u00a0: un trajet de plus de 700 km. Dans la pratique, tr\u00e8s peu de voitures \u00e9lectriques ou m\u00eame, \u00e0\u2026","robots":{"index":"index","follow":"follow","max-snippet":"max-snippet:-1","max-image-preview":"max-image-preview:large","max-video-preview":"max-video-preview:-1"},"og_locale":"fr_FR","og_type":"article","og_title":"Fleet test Mercedes E Break 300de : l\u2019hybride rechargeable diesel a-t-il encore du sens pour les longs trajets ? - link2fleet","og_description":"Bruxelles jusqu\u2019au circuit de Loh\u00e9ac, en Bretagne\u00a0: un trajet de plus de 700 km. Dans la pratique, tr\u00e8s peu de voitures \u00e9lectriques ou m\u00eame, \u00e0\u2026","og_url":"https:\/\/www.link2fleet.com\/fleet-test-mercedes-e-break-300de-is-een-plug-inhybride-diesel-nog-zinvol-voor-lange-ritten\/","og_site_name":"link2fleet","article_published_time":"2025-03-26T15:49:59+00:00","og_image":[{"width":1300,"height":972,"url":"https:\/\/static.link2fleet.com\/wp-content\/uploads\/2025\/03\/mercedes-e300de-9-ld.jpg","type":"image\/jpeg"}],"author":"Maxime Pasture","twitter_card":"summary_large_image","twitter_description":"Bruxelles jusqu\u2019au circuit de Loh\u00e9ac, en Bretagne\u00a0: un trajet de plus de 700 km. Dans la pratique, tr\u00e8s peu de voitures \u00e9lectriques ou m\u00eame, \u00e0\u2026","twitter_misc":{"\u00c9crit par":"Journaliste de formation, Maxime est tr\u00e8s curieux mais surtout passionn\u00e9 d'automobile. Sa curiosit\u00e9 l'am\u00e8ne \u00e0 traiter de sujets divers et vari\u00e9s li\u00e9s \u00e0 la mobilit\u00e9 au sens large et bien plus encore !","Dur\u00e9e de lecture estim\u00e9e":"10 minutes"},"schema":{"@context":"https:\/\/schema.org","@graph":[{"@type":"Article","@id":"https:\/\/www.link2fleet.com\/fleet-test-mercedes-e-break-300de-is-een-plug-inhybride-diesel-nog-zinvol-voor-lange-ritten\/#article","isPartOf":{"@id":"https:\/\/www.link2fleet.com\/fleet-test-mercedes-e-break-300de-is-een-plug-inhybride-diesel-nog-zinvol-voor-lange-ritten\/"},"author":{"name":"Maxime Pasture","@id":"https:\/\/www.link2fleet.com\/fr\/#\/schema\/person\/36f3d48d12a83e110d72b602b5bebc11"},"headline":"Fleet test Mercedes E Break 300de : l\u2019hybride rechargeable diesel a-t-il encore du sens pour les longs trajets ?","datePublished":"2025-03-26T15:49:59+00:00","mainEntityOfPage":{"@id":"https:\/\/www.link2fleet.com\/fleet-test-mercedes-e-break-300de-is-een-plug-inhybride-diesel-nog-zinvol-voor-lange-ritten\/"},"wordCount":18,"publisher":{"@id":"https:\/\/www.link2fleet.com\/fr\/#organization"},"image":{"@id":"https:\/\/www.link2fleet.com\/fleet-test-mercedes-e-break-300de-is-een-plug-inhybride-diesel-nog-zinvol-voor-lange-ritten\/#primaryimage"},"thumbnailUrl":"https:\/\/static.link2fleet.com\/wp-content\/uploads\/2025\/03\/mercedes-e300de-9-ld.jpg","articleSection":["Essais fleet"],"inLanguage":"fr-FR"},{"@type":"WebPage","@id":"https:\/\/www.link2fleet.com\/fleet-test-mercedes-e-break-300de-is-een-plug-inhybride-diesel-nog-zinvol-voor-lange-ritten\/","url":"https:\/\/www.link2fleet.com\/fleet-test-mercedes-e-break-300de-is-een-plug-inhybride-diesel-nog-zinvol-voor-lange-ritten\/","name":"Fleet test Mercedes E Break 300de : l\u2019hybride rechargeable diesel a-t-il encore du sens pour les longs trajets ? - link2fleet","isPartOf":{"@id":"https:\/\/www.link2fleet.com\/fr\/#website"},"primaryImageOfPage":{"@id":"https:\/\/www.link2fleet.com\/fleet-test-mercedes-e-break-300de-is-een-plug-inhybride-diesel-nog-zinvol-voor-lange-ritten\/#primaryimage"},"image":{"@id":"https:\/\/www.link2fleet.com\/fleet-test-mercedes-e-break-300de-is-een-plug-inhybride-diesel-nog-zinvol-voor-lange-ritten\/#primaryimage"},"thumbnailUrl":"https:\/\/static.link2fleet.com\/wp-content\/uploads\/2025\/03\/mercedes-e300de-9-ld.jpg","datePublished":"2025-03-26T15:49:59+00:00","description":"Bruxelles jusqu\u2019au circuit de Loh\u00e9ac, en Bretagne : un trajet de plus de 700 km. L\u2019exercice id\u00e9al pour un bloc diesel !","breadcrumb":{"@id":"https:\/\/www.link2fleet.com\/fleet-test-mercedes-e-break-300de-is-een-plug-inhybride-diesel-nog-zinvol-voor-lange-ritten\/#breadcrumb"},"inLanguage":"fr-FR","potentialAction":[{"@type":"ReadAction","target":["https:\/\/www.link2fleet.com\/fleet-test-mercedes-e-break-300de-is-een-plug-inhybride-diesel-nog-zinvol-voor-lange-ritten\/"]}]},{"@type":"ImageObject","inLanguage":"fr-FR","@id":"https:\/\/www.link2fleet.com\/fleet-test-mercedes-e-break-300de-is-een-plug-inhybride-diesel-nog-zinvol-voor-lange-ritten\/#primaryimage","url":"https:\/\/static.link2fleet.com\/wp-content\/uploads\/2025\/03\/mercedes-e300de-9-ld.jpg","contentUrl":"https:\/\/static.link2fleet.com\/wp-content\/uploads\/2025\/03\/mercedes-e300de-9-ld.jpg","width":1300,"height":972},{"@type":"BreadcrumbList","@id":"https:\/\/www.link2fleet.com\/fleet-test-mercedes-e-break-300de-is-een-plug-inhybride-diesel-nog-zinvol-voor-lange-ritten\/#breadcrumb","itemListElement":[{"@type":"ListItem","position":1,"name":"Home","item":"https:\/\/www.link2fleet.com\/fr\/"},{"@type":"ListItem","position":2,"name":"Fleet test Mercedes E Break 300de : l\u2019hybride rechargeable diesel a-t-il encore du sens pour les longs trajets ?"}]},{"@type":"WebSite","@id":"https:\/\/www.link2fleet.com\/fr\/#website","url":"https:\/\/www.link2fleet.com\/fr\/","name":"Link2fleet","description":"","publisher":{"@id":"https:\/\/www.link2fleet.com\/fr\/#organization"},"potentialAction":[{"@type":"SearchAction","target":{"@type":"EntryPoint","urlTemplate":"https:\/\/www.link2fleet.com\/fr\/?s={search_term_string}"},"query-input":{"@type":"PropertyValueSpecification","valueRequired":true,"valueName":"search_term_string"}}],"inLanguage":"fr-FR"},{"@type":"Organization","@id":"https:\/\/www.link2fleet.com\/fr\/#organization","name":"Link2fleet","url":"https:\/\/www.link2fleet.com\/fr\/","logo":{"@type":"ImageObject","inLanguage":"fr-FR","@id":"https:\/\/www.link2fleet.com\/fr\/#\/schema\/logo\/image\/","url":"https:\/\/static.link2fleet.com\/wp-content\/uploads\/2024\/03\/share-image.jpg","contentUrl":"https:\/\/static.link2fleet.com\/wp-content\/uploads\/2024\/03\/share-image.jpg","width":1200,"height":630,"caption":"Link2fleet"},"image":{"@id":"https:\/\/www.link2fleet.com\/fr\/#\/schema\/logo\/image\/"},"sameAs":["https:\/\/www.linkedin.com\/company\/link2fleet-belgium","https:\/\/www.youtube.com\/user\/MMMBMBE"]},{"@type":"Person","@id":"https:\/\/www.link2fleet.com\/fr\/#\/schema\/person\/36f3d48d12a83e110d72b602b5bebc11","name":"Maxime Pasture","image":{"@type":"ImageObject","inLanguage":"fr-FR","@id":"https:\/\/secure.gravatar.com\/avatar\/a17c47a11dd3996c69a173e291c692b6a028e82349994bf0d9f60936c9795b9f?s=96&d=mm&r=g","url":"https:\/\/secure.gravatar.com\/avatar\/a17c47a11dd3996c69a173e291c692b6a028e82349994bf0d9f60936c9795b9f?s=96&d=mm&r=g","contentUrl":"https:\/\/secure.gravatar.com\/avatar\/a17c47a11dd3996c69a173e291c692b6a028e82349994bf0d9f60936c9795b9f?s=96&d=mm&r=g","caption":"Maxime Pasture"},"description":"Journaliste de formation, Maxime est tr\u00e8s curieux mais surtout passionn\u00e9 d'automobile. Sa curiosit\u00e9 l'am\u00e8ne \u00e0 traiter de sujets divers et vari\u00e9s li\u00e9s \u00e0 la mobilit\u00e9 au sens large et bien plus encore !"}]}},"_links":{"self":[{"href":"https:\/\/www.link2fleet.com\/fr\/wp-json\/wp\/v2\/posts\/39828","targetHints":{"allow":["GET"]}}],"collection":[{"href":"https:\/\/www.link2fleet.com\/fr\/wp-json\/wp\/v2\/posts"}],"about":[{"href":"https:\/\/www.link2fleet.com\/fr\/wp-json\/wp\/v2\/types\/post"}],"author":[{"embeddable":true,"href":"https:\/\/www.link2fleet.com\/fr\/wp-json\/wp\/v2\/users\/18"}],"replies":[{"embeddable":true,"href":"https:\/\/www.link2fleet.com\/fr\/wp-json\/wp\/v2\/comments?post=39828"}],"version-history":[{"count":8,"href":"https:\/\/www.link2fleet.com\/fr\/wp-json\/wp\/v2\/posts\/39828\/revisions"}],"predecessor-version":[{"id":39884,"href":"https:\/\/www.link2fleet.com\/fr\/wp-json\/wp\/v2\/posts\/39828\/revisions\/39884"}],"wp:featuredmedia":[{"embeddable":true,"href":"https:\/\/www.link2fleet.com\/fr\/wp-json\/wp\/v2\/media\/39862"}],"wp:attachment":[{"href":"https:\/\/www.link2fleet.com\/fr\/wp-json\/wp\/v2\/media?parent=39828"}],"wp:term":[{"taxonomy":"category","embeddable":true,"href":"https:\/\/www.link2fleet.com\/fr\/wp-json\/wp\/v2\/categories?post=39828"},{"taxonomy":"post_tag","embeddable":true,"href":"https:\/\/www.link2fleet.com\/fr\/wp-json\/wp\/v2\/tags?post=39828"}],"curies":[{"name":"wp","href":"https:\/\/api.w.org\/{rel}","templated":true}]}}