{"id":39925,"date":"2025-03-27T11:13:10","date_gmt":"2025-03-27T10:13:10","guid":{"rendered":"https:\/\/www.link2fleet.com\/?p=39925"},"modified":"2025-04-03T10:03:44","modified_gmt":"2025-04-03T08:03:44","slug":"ford-puma-gen-e-la-polyvalence-electrifiee-pour-la-ville-et-au-dela","status":"publish","type":"post","link":"https:\/\/www.link2fleet.com\/fr\/ford-puma-gen-e-la-polyvalence-electrifiee-pour-la-ville-et-au-dela\/","title":{"rendered":"Ford Puma Gen-E : la polyvalence \u00e9lectrifi\u00e9e pour la ville et au-del\u00e0"},"content":{"rendered":"","protected":false},"excerpt":{"rendered":"","protected":false},"author":4,"featured_media":39908,"comment_status":"closed","ping_status":"closed","sticky":false,"template":"","format":"standard","meta":{"_acf_changed":false,"footnotes":""},"categories":[77,76],"tags":[],"class_list":["post-39925","post","type-post","status-publish","format-standard","has-post-thumbnail","hentry","category-importateurs-et-constructeurs-automobiles-vp","category-car"],"acf":[],"yoast_head":"<!-- This site is optimized with the Yoast SEO plugin v27.3 - https:\/\/yoast.com\/product\/yoast-seo-wordpress\/ -->\n<title>Ford Puma Gen-E : la polyvalence \u00e9lectrifi\u00e9e pour la ville et au-del\u00e0 - link2fleet<\/title>\n<meta name=\"description\" content=\"Avec le nouveau Ford Puma Gen-E, Ford franchit une nouvelle \u00e9tape dans l\u2019\u00e9lectrification de sa gamme. Ce crossover compact, d\u00e9j\u00e0 appr\u00e9ci\u00e9 pour son dynamisme et\u2026\" \/>\n<meta name=\"robots\" content=\"index, follow, max-snippet:-1, max-image-preview:large, max-video-preview:-1\" \/>\n<meta property=\"og:locale\" content=\"fr_FR\" \/>\n<meta property=\"og:type\" content=\"article\" \/>\n<meta property=\"og:title\" content=\"Ford Puma Gen-E : la polyvalence \u00e9lectrifi\u00e9e pour la ville et au-del\u00e0 - link2fleet\" \/>\n<meta property=\"og:description\" content=\"Avec le nouveau Ford Puma Gen-E, Ford franchit une nouvelle \u00e9tape dans l\u2019\u00e9lectrification de sa gamme. Ce crossover compact, d\u00e9j\u00e0 appr\u00e9ci\u00e9 pour son dynamisme et\u2026\" \/>\n<meta property=\"og:url\" content=\"https:\/\/www.link2fleet.com\/ford-puma-gen-e-de-veelzijdige-elektrische-oplossing-voor-de-stad-en-daarbuiten\/\" \/>\n<meta property=\"og:site_name\" content=\"link2fleet\" \/>\n<meta property=\"article:published_time\" content=\"2025-03-27T10:13:10+00:00\" \/>\n<meta property=\"article:modified_time\" content=\"2025-04-03T08:03:44+00:00\" \/>\n<meta property=\"og:image\" content=\"https:\/\/static.link2fleet.com\/wp-content\/uploads\/2025\/03\/ford-2024-puma-gen-e-10-low.jpg\" \/>\n\t<meta property=\"og:image:width\" content=\"2048\" \/>\n\t<meta property=\"og:image:height\" content=\"1536\" \/>\n\t<meta property=\"og:image:type\" content=\"image\/jpeg\" \/>\n<meta name=\"author\" content=\"Damien Malvetti\" \/>\n<meta name=\"twitter:card\" content=\"summary_large_image\" \/>\n<meta name=\"twitter:description\" content=\"Avec le nouveau Ford Puma Gen-E, Ford franchit une nouvelle \u00e9tape dans l\u2019\u00e9lectrification de sa gamme. Ce crossover compact, d\u00e9j\u00e0 appr\u00e9ci\u00e9 pour son dynamisme et\u2026\" \/>\n<meta name=\"twitter:label1\" content=\"\u00c9crit par\" \/>\n\t<meta name=\"twitter:data1\" content=\"Damien Malvetti\" \/>\n\t<meta name=\"twitter:label2\" content=\"Dur\u00e9e de lecture estim\u00e9e\" \/>\n\t<meta name=\"twitter:data2\" content=\"5 minutes\" \/>\n<script type=\"application\/ld+json\" class=\"yoast-schema-graph\">{\"@context\":\"https:\\\/\\\/schema.org\",\"@graph\":[{\"@type\":\"Article\",\"@id\":\"https:\\\/\\\/www.link2fleet.com\\\/ford-puma-gen-e-de-veelzijdige-elektrische-oplossing-voor-de-stad-en-daarbuiten\\\/#article\",\"isPartOf\":{\"@id\":\"https:\\\/\\\/www.link2fleet.com\\\/ford-puma-gen-e-de-veelzijdige-elektrische-oplossing-voor-de-stad-en-daarbuiten\\\/\"},\"author\":{\"name\":\"Damien Malvetti\",\"@id\":\"https:\\\/\\\/www.link2fleet.com\\\/fr\\\/#\\\/schema\\\/person\\\/027cd46113c78036b3809c9a054049da\"},\"headline\":\"Ford Puma Gen-E : la polyvalence \u00e9lectrifi\u00e9e pour la ville et au-del\u00e0\",\"datePublished\":\"2025-03-27T10:13:10+00:00\",\"dateModified\":\"2025-04-03T08:03:44+00:00\",\"mainEntityOfPage\":{\"@id\":\"https:\\\/\\\/www.link2fleet.com\\\/ford-puma-gen-e-de-veelzijdige-elektrische-oplossing-voor-de-stad-en-daarbuiten\\\/\"},\"wordCount\":12,\"publisher\":{\"@id\":\"https:\\\/\\\/www.link2fleet.com\\\/fr\\\/#organization\"},\"image\":{\"@id\":\"https:\\\/\\\/www.link2fleet.com\\\/ford-puma-gen-e-de-veelzijdige-elektrische-oplossing-voor-de-stad-en-daarbuiten\\\/#primaryimage\"},\"thumbnailUrl\":\"https:\\\/\\\/static.link2fleet.com\\\/wp-content\\\/uploads\\\/2025\\\/03\\\/ford-2024-puma-gen-e-10-low.jpg\",\"articleSection\":[\"Importateurs et constructeurs\",\"V\u00e9hicules\"],\"inLanguage\":\"fr-FR\"},{\"@type\":\"WebPage\",\"@id\":\"https:\\\/\\\/www.link2fleet.com\\\/ford-puma-gen-e-de-veelzijdige-elektrische-oplossing-voor-de-stad-en-daarbuiten\\\/\",\"url\":\"https:\\\/\\\/www.link2fleet.com\\\/ford-puma-gen-e-de-veelzijdige-elektrische-oplossing-voor-de-stad-en-daarbuiten\\\/\",\"name\":\"Ford Puma Gen-E : la polyvalence \u00e9lectrifi\u00e9e pour la ville et au-del\u00e0 - link2fleet\",\"isPartOf\":{\"@id\":\"https:\\\/\\\/www.link2fleet.com\\\/fr\\\/#website\"},\"primaryImageOfPage\":{\"@id\":\"https:\\\/\\\/www.link2fleet.com\\\/ford-puma-gen-e-de-veelzijdige-elektrische-oplossing-voor-de-stad-en-daarbuiten\\\/#primaryimage\"},\"image\":{\"@id\":\"https:\\\/\\\/www.link2fleet.com\\\/ford-puma-gen-e-de-veelzijdige-elektrische-oplossing-voor-de-stad-en-daarbuiten\\\/#primaryimage\"},\"thumbnailUrl\":\"https:\\\/\\\/static.link2fleet.com\\\/wp-content\\\/uploads\\\/2025\\\/03\\\/ford-2024-puma-gen-e-10-low.jpg\",\"datePublished\":\"2025-03-27T10:13:10+00:00\",\"dateModified\":\"2025-04-03T08:03:44+00:00\",\"breadcrumb\":{\"@id\":\"https:\\\/\\\/www.link2fleet.com\\\/ford-puma-gen-e-de-veelzijdige-elektrische-oplossing-voor-de-stad-en-daarbuiten\\\/#breadcrumb\"},\"inLanguage\":\"fr-FR\",\"potentialAction\":[{\"@type\":\"ReadAction\",\"target\":[\"https:\\\/\\\/www.link2fleet.com\\\/ford-puma-gen-e-de-veelzijdige-elektrische-oplossing-voor-de-stad-en-daarbuiten\\\/\"]}]},{\"@type\":\"ImageObject\",\"inLanguage\":\"fr-FR\",\"@id\":\"https:\\\/\\\/www.link2fleet.com\\\/ford-puma-gen-e-de-veelzijdige-elektrische-oplossing-voor-de-stad-en-daarbuiten\\\/#primaryimage\",\"url\":\"https:\\\/\\\/static.link2fleet.com\\\/wp-content\\\/uploads\\\/2025\\\/03\\\/ford-2024-puma-gen-e-10-low.jpg\",\"contentUrl\":\"https:\\\/\\\/static.link2fleet.com\\\/wp-content\\\/uploads\\\/2025\\\/03\\\/ford-2024-puma-gen-e-10-low.jpg\",\"width\":2048,\"height\":1536},{\"@type\":\"BreadcrumbList\",\"@id\":\"https:\\\/\\\/www.link2fleet.com\\\/ford-puma-gen-e-de-veelzijdige-elektrische-oplossing-voor-de-stad-en-daarbuiten\\\/#breadcrumb\",\"itemListElement\":[{\"@type\":\"ListItem\",\"position\":1,\"name\":\"Home\",\"item\":\"https:\\\/\\\/www.link2fleet.com\\\/fr\\\/\"},{\"@type\":\"ListItem\",\"position\":2,\"name\":\"Ford Puma Gen-E : la polyvalence \u00e9lectrifi\u00e9e pour la ville et au-del\u00e0\"}]},{\"@type\":\"WebSite\",\"@id\":\"https:\\\/\\\/www.link2fleet.com\\\/fr\\\/#website\",\"url\":\"https:\\\/\\\/www.link2fleet.com\\\/fr\\\/\",\"name\":\"Link2fleet\",\"description\":\"\",\"publisher\":{\"@id\":\"https:\\\/\\\/www.link2fleet.com\\\/fr\\\/#organization\"},\"potentialAction\":[{\"@type\":\"SearchAction\",\"target\":{\"@type\":\"EntryPoint\",\"urlTemplate\":\"https:\\\/\\\/www.link2fleet.com\\\/fr\\\/?s={search_term_string}\"},\"query-input\":{\"@type\":\"PropertyValueSpecification\",\"valueRequired\":true,\"valueName\":\"search_term_string\"}}],\"inLanguage\":\"fr-FR\"},{\"@type\":\"Organization\",\"@id\":\"https:\\\/\\\/www.link2fleet.com\\\/fr\\\/#organization\",\"name\":\"Link2fleet\",\"url\":\"https:\\\/\\\/www.link2fleet.com\\\/fr\\\/\",\"logo\":{\"@type\":\"ImageObject\",\"inLanguage\":\"fr-FR\",\"@id\":\"https:\\\/\\\/www.link2fleet.com\\\/fr\\\/#\\\/schema\\\/logo\\\/image\\\/\",\"url\":\"https:\\\/\\\/static.link2fleet.com\\\/wp-content\\\/uploads\\\/2024\\\/03\\\/share-image.jpg\",\"contentUrl\":\"https:\\\/\\\/static.link2fleet.com\\\/wp-content\\\/uploads\\\/2024\\\/03\\\/share-image.jpg\",\"width\":1200,\"height\":630,\"caption\":\"Link2fleet\"},\"image\":{\"@id\":\"https:\\\/\\\/www.link2fleet.com\\\/fr\\\/#\\\/schema\\\/logo\\\/image\\\/\"},\"sameAs\":[\"https:\\\/\\\/www.linkedin.com\\\/company\\\/link2fleet-belgium\",\"https:\\\/\\\/www.youtube.com\\\/user\\\/MMMBMBE\"]},{\"@type\":\"Person\",\"@id\":\"https:\\\/\\\/www.link2fleet.com\\\/fr\\\/#\\\/schema\\\/person\\\/027cd46113c78036b3809c9a054049da\",\"name\":\"Damien Malvetti\",\"image\":{\"@type\":\"ImageObject\",\"inLanguage\":\"fr-FR\",\"@id\":\"https:\\\/\\\/secure.gravatar.com\\\/avatar\\\/dd8cc03b49466c735f753ac37f8caa371af16dfed347456ed61f02883255eebb?s=96&d=mm&r=g\",\"url\":\"https:\\\/\\\/secure.gravatar.com\\\/avatar\\\/dd8cc03b49466c735f753ac37f8caa371af16dfed347456ed61f02883255eebb?s=96&d=mm&r=g\",\"contentUrl\":\"https:\\\/\\\/secure.gravatar.com\\\/avatar\\\/dd8cc03b49466c735f753ac37f8caa371af16dfed347456ed61f02883255eebb?s=96&d=mm&r=g\",\"caption\":\"Damien Malvetti\"},\"description\":\"Damien Malvetti is opgeleid als journalist en gepassioneerd door wagens, technologie en mobiliteit. Hij is verantwoordelijk voor de redactionele inhoud van link2fleet en beschikt over een uitgebreide kennis van de fleet-sector en elektrische mobiliteit.\",\"sameAs\":[\"https:\\\/\\\/www.linkedin.com\\\/in\\\/damien-malvetti-56601142\\\/\"]}]}<\/script>\n<!-- \/ Yoast SEO plugin. -->","yoast_head_json":{"title":"Ford Puma Gen-E : la polyvalence \u00e9lectrifi\u00e9e pour la ville et au-del\u00e0 - link2fleet","description":"Avec le nouveau Ford Puma Gen-E, Ford franchit une nouvelle \u00e9tape dans l\u2019\u00e9lectrification de sa gamme. Ce crossover compact, d\u00e9j\u00e0 appr\u00e9ci\u00e9 pour son dynamisme et\u2026","robots":{"index":"index","follow":"follow","max-snippet":"max-snippet:-1","max-image-preview":"max-image-preview:large","max-video-preview":"max-video-preview:-1"},"og_locale":"fr_FR","og_type":"article","og_title":"Ford Puma Gen-E : la polyvalence \u00e9lectrifi\u00e9e pour la ville et au-del\u00e0 - link2fleet","og_description":"Avec le nouveau Ford Puma Gen-E, Ford franchit une nouvelle \u00e9tape dans l\u2019\u00e9lectrification de sa gamme. Ce crossover compact, d\u00e9j\u00e0 appr\u00e9ci\u00e9 pour son dynamisme et\u2026","og_url":"https:\/\/www.link2fleet.com\/ford-puma-gen-e-de-veelzijdige-elektrische-oplossing-voor-de-stad-en-daarbuiten\/","og_site_name":"link2fleet","article_published_time":"2025-03-27T10:13:10+00:00","article_modified_time":"2025-04-03T08:03:44+00:00","og_image":[{"width":2048,"height":1536,"url":"https:\/\/static.link2fleet.com\/wp-content\/uploads\/2025\/03\/ford-2024-puma-gen-e-10-low.jpg","type":"image\/jpeg"}],"author":"Damien Malvetti","twitter_card":"summary_large_image","twitter_description":"Avec le nouveau Ford Puma Gen-E, Ford franchit une nouvelle \u00e9tape dans l\u2019\u00e9lectrification de sa gamme. Ce crossover compact, d\u00e9j\u00e0 appr\u00e9ci\u00e9 pour son dynamisme et\u2026","twitter_misc":{"\u00c9crit par":"Damien Malvetti","Dur\u00e9e de lecture estim\u00e9e":"5 minutes"},"schema":{"@context":"https:\/\/schema.org","@graph":[{"@type":"Article","@id":"https:\/\/www.link2fleet.com\/ford-puma-gen-e-de-veelzijdige-elektrische-oplossing-voor-de-stad-en-daarbuiten\/#article","isPartOf":{"@id":"https:\/\/www.link2fleet.com\/ford-puma-gen-e-de-veelzijdige-elektrische-oplossing-voor-de-stad-en-daarbuiten\/"},"author":{"name":"Damien Malvetti","@id":"https:\/\/www.link2fleet.com\/fr\/#\/schema\/person\/027cd46113c78036b3809c9a054049da"},"headline":"Ford Puma Gen-E : la polyvalence \u00e9lectrifi\u00e9e pour la ville et au-del\u00e0","datePublished":"2025-03-27T10:13:10+00:00","dateModified":"2025-04-03T08:03:44+00:00","mainEntityOfPage":{"@id":"https:\/\/www.link2fleet.com\/ford-puma-gen-e-de-veelzijdige-elektrische-oplossing-voor-de-stad-en-daarbuiten\/"},"wordCount":12,"publisher":{"@id":"https:\/\/www.link2fleet.com\/fr\/#organization"},"image":{"@id":"https:\/\/www.link2fleet.com\/ford-puma-gen-e-de-veelzijdige-elektrische-oplossing-voor-de-stad-en-daarbuiten\/#primaryimage"},"thumbnailUrl":"https:\/\/static.link2fleet.com\/wp-content\/uploads\/2025\/03\/ford-2024-puma-gen-e-10-low.jpg","articleSection":["Importateurs et constructeurs","V\u00e9hicules"],"inLanguage":"fr-FR"},{"@type":"WebPage","@id":"https:\/\/www.link2fleet.com\/ford-puma-gen-e-de-veelzijdige-elektrische-oplossing-voor-de-stad-en-daarbuiten\/","url":"https:\/\/www.link2fleet.com\/ford-puma-gen-e-de-veelzijdige-elektrische-oplossing-voor-de-stad-en-daarbuiten\/","name":"Ford Puma Gen-E : la polyvalence \u00e9lectrifi\u00e9e pour la ville et au-del\u00e0 - link2fleet","isPartOf":{"@id":"https:\/\/www.link2fleet.com\/fr\/#website"},"primaryImageOfPage":{"@id":"https:\/\/www.link2fleet.com\/ford-puma-gen-e-de-veelzijdige-elektrische-oplossing-voor-de-stad-en-daarbuiten\/#primaryimage"},"image":{"@id":"https:\/\/www.link2fleet.com\/ford-puma-gen-e-de-veelzijdige-elektrische-oplossing-voor-de-stad-en-daarbuiten\/#primaryimage"},"thumbnailUrl":"https:\/\/static.link2fleet.com\/wp-content\/uploads\/2025\/03\/ford-2024-puma-gen-e-10-low.jpg","datePublished":"2025-03-27T10:13:10+00:00","dateModified":"2025-04-03T08:03:44+00:00","breadcrumb":{"@id":"https:\/\/www.link2fleet.com\/ford-puma-gen-e-de-veelzijdige-elektrische-oplossing-voor-de-stad-en-daarbuiten\/#breadcrumb"},"inLanguage":"fr-FR","potentialAction":[{"@type":"ReadAction","target":["https:\/\/www.link2fleet.com\/ford-puma-gen-e-de-veelzijdige-elektrische-oplossing-voor-de-stad-en-daarbuiten\/"]}]},{"@type":"ImageObject","inLanguage":"fr-FR","@id":"https:\/\/www.link2fleet.com\/ford-puma-gen-e-de-veelzijdige-elektrische-oplossing-voor-de-stad-en-daarbuiten\/#primaryimage","url":"https:\/\/static.link2fleet.com\/wp-content\/uploads\/2025\/03\/ford-2024-puma-gen-e-10-low.jpg","contentUrl":"https:\/\/static.link2fleet.com\/wp-content\/uploads\/2025\/03\/ford-2024-puma-gen-e-10-low.jpg","width":2048,"height":1536},{"@type":"BreadcrumbList","@id":"https:\/\/www.link2fleet.com\/ford-puma-gen-e-de-veelzijdige-elektrische-oplossing-voor-de-stad-en-daarbuiten\/#breadcrumb","itemListElement":[{"@type":"ListItem","position":1,"name":"Home","item":"https:\/\/www.link2fleet.com\/fr\/"},{"@type":"ListItem","position":2,"name":"Ford Puma Gen-E : la polyvalence \u00e9lectrifi\u00e9e pour la ville et au-del\u00e0"}]},{"@type":"WebSite","@id":"https:\/\/www.link2fleet.com\/fr\/#website","url":"https:\/\/www.link2fleet.com\/fr\/","name":"Link2fleet","description":"","publisher":{"@id":"https:\/\/www.link2fleet.com\/fr\/#organization"},"potentialAction":[{"@type":"SearchAction","target":{"@type":"EntryPoint","urlTemplate":"https:\/\/www.link2fleet.com\/fr\/?s={search_term_string}"},"query-input":{"@type":"PropertyValueSpecification","valueRequired":true,"valueName":"search_term_string"}}],"inLanguage":"fr-FR"},{"@type":"Organization","@id":"https:\/\/www.link2fleet.com\/fr\/#organization","name":"Link2fleet","url":"https:\/\/www.link2fleet.com\/fr\/","logo":{"@type":"ImageObject","inLanguage":"fr-FR","@id":"https:\/\/www.link2fleet.com\/fr\/#\/schema\/logo\/image\/","url":"https:\/\/static.link2fleet.com\/wp-content\/uploads\/2024\/03\/share-image.jpg","contentUrl":"https:\/\/static.link2fleet.com\/wp-content\/uploads\/2024\/03\/share-image.jpg","width":1200,"height":630,"caption":"Link2fleet"},"image":{"@id":"https:\/\/www.link2fleet.com\/fr\/#\/schema\/logo\/image\/"},"sameAs":["https:\/\/www.linkedin.com\/company\/link2fleet-belgium","https:\/\/www.youtube.com\/user\/MMMBMBE"]},{"@type":"Person","@id":"https:\/\/www.link2fleet.com\/fr\/#\/schema\/person\/027cd46113c78036b3809c9a054049da","name":"Damien Malvetti","image":{"@type":"ImageObject","inLanguage":"fr-FR","@id":"https:\/\/secure.gravatar.com\/avatar\/dd8cc03b49466c735f753ac37f8caa371af16dfed347456ed61f02883255eebb?s=96&d=mm&r=g","url":"https:\/\/secure.gravatar.com\/avatar\/dd8cc03b49466c735f753ac37f8caa371af16dfed347456ed61f02883255eebb?s=96&d=mm&r=g","contentUrl":"https:\/\/secure.gravatar.com\/avatar\/dd8cc03b49466c735f753ac37f8caa371af16dfed347456ed61f02883255eebb?s=96&d=mm&r=g","caption":"Damien Malvetti"},"description":"Damien Malvetti is opgeleid als journalist en gepassioneerd door wagens, technologie en mobiliteit. Hij is verantwoordelijk voor de redactionele inhoud van link2fleet en beschikt over een uitgebreide kennis van de fleet-sector en elektrische mobiliteit.","sameAs":["https:\/\/www.linkedin.com\/in\/damien-malvetti-56601142\/"]}]}},"_links":{"self":[{"href":"https:\/\/www.link2fleet.com\/fr\/wp-json\/wp\/v2\/posts\/39925","targetHints":{"allow":["GET"]}}],"collection":[{"href":"https:\/\/www.link2fleet.com\/fr\/wp-json\/wp\/v2\/posts"}],"about":[{"href":"https:\/\/www.link2fleet.com\/fr\/wp-json\/wp\/v2\/types\/post"}],"author":[{"embeddable":true,"href":"https:\/\/www.link2fleet.com\/fr\/wp-json\/wp\/v2\/users\/4"}],"replies":[{"embeddable":true,"href":"https:\/\/www.link2fleet.com\/fr\/wp-json\/wp\/v2\/comments?post=39925"}],"version-history":[{"count":4,"href":"https:\/\/www.link2fleet.com\/fr\/wp-json\/wp\/v2\/posts\/39925\/revisions"}],"predecessor-version":[{"id":40348,"href":"https:\/\/www.link2fleet.com\/fr\/wp-json\/wp\/v2\/posts\/39925\/revisions\/40348"}],"wp:featuredmedia":[{"embeddable":true,"href":"https:\/\/www.link2fleet.com\/fr\/wp-json\/wp\/v2\/media\/39908"}],"wp:attachment":[{"href":"https:\/\/www.link2fleet.com\/fr\/wp-json\/wp\/v2\/media?parent=39925"}],"wp:term":[{"taxonomy":"category","embeddable":true,"href":"https:\/\/www.link2fleet.com\/fr\/wp-json\/wp\/v2\/categories?post=39925"},{"taxonomy":"post_tag","embeddable":true,"href":"https:\/\/www.link2fleet.com\/fr\/wp-json\/wp\/v2\/tags?post=39925"}],"curies":[{"name":"wp","href":"https:\/\/api.w.org\/{rel}","templated":true}]}}