{"id":4036,"date":"2021-03-22T10:43:15","date_gmt":"2021-03-22T09:43:15","guid":{"rendered":"https:\/\/www.link2fleet.com\/arval-voici-comment-nous-facilitons-la-mobilite\/"},"modified":"2024-04-17T16:50:07","modified_gmt":"2024-04-17T14:50:07","slug":"arval-voici-comment-nous-facilitons-la-mobilite","status":"publish","type":"post","link":"https:\/\/www.link2fleet.com\/fr\/arval-voici-comment-nous-facilitons-la-mobilite\/","title":{"rendered":"Arval: voici comment nous facilitons la mobilit\u00e9"},"content":{"rendered":"<p>&lsquo;- Les besoins de mobilit\u00e9 \u00e9voluent, notamment en raison de l&rsquo;augmentation du travail \u00e0 domicile.<\/p>\n<p>&#8211; Les fournisseurs de services de mobilit\u00e9 proposeront des solutions plus larges et mieux adapt\u00e9es.<\/p>\n<p>&#8211; Les cartes de mobilit\u00e9 permettent d\u00e9j\u00e0 des solutions multimodales et int\u00e9gr\u00e9es<\/p>\n<p>&#8211; Les plateformes de mobilit\u00e9 vous am\u00e8neront \u00e0 votre destination en un clic et de la mani\u00e8re la plus rapide possible.<\/p>\n<p>&nbsp;<\/p>\n<p>Nous assistons \u00e0 la naissance d&rsquo;une nouvelle fa\u00e7on d&rsquo;aborder la mobilit\u00e9. Cette transformation r\u00e9pond \u00e0 l&rsquo;\u00e9volution des besoins et des attentes du consommateur\/employ\u00e9\/ind\u00e9pendant, qui travaille plus souvent \u00e0 domicile ou dans des espaces de coworking et n&rsquo;a donc pas les m\u00eames besoins de mobilit\u00e9 tous les jours. Aujourd&rsquo;hui avec la voiture partag\u00e9e jusqu&rsquo;au coworking, demain en travaillant \u00e0 la maison, vendredi avec le train et avec le scooter partag\u00e9 de la gare au bureau. Et la semaine prochaine, un sc\u00e9nario compl\u00e8tement diff\u00e9rent qui peut changer \u00e0 la derni\u00e8re minute. Ce changement de syst\u00e8me est rendu possible par les d\u00e9veloppements technologiques des TIC, des syst\u00e8mes de paiement, de localisation et de navigation. La nouvelle mobilit\u00e9 prend forme gr\u00e2ce \u00e0 l&rsquo;arriv\u00e9e de nouveaux acteurs et \u00e0 la r\u00e9invention des soci\u00e9t\u00e9s (de leasing) existantes.<\/p>\n<p>Le march\u00e9 est pr\u00eat pour des solutions de mobilit\u00e9 int\u00e9gr\u00e9es et de grande envergure. Les soci\u00e9t\u00e9s de leasing et autres se transforment en prestataires de services de mobilit\u00e9 complets qui facilitent tout ce qui concerne la mobilit\u00e9 professionnelle et priv\u00e9e : pas seulement une voiture, un v\u00e9lo ou un scooter, mais aussi une solution int\u00e9gr\u00e9e pour d&rsquo;autres transports (taxis, transports publics, plateformes de partage, etc.) Les entreprises les plus performantes proposeront une offre encore plus \u00e9tendue et int\u00e9gr\u00e9e, dans laquelle une infrastructure informatique solide et des si\u00e8ges de bureau ergonomiques pour les travailleurs \u00e0 domicile peuvent \u00e9galement \u00eatre une option. Il reste encore de nombreux obstacles administratifs, fiscaux et juridiques \u00e0 surmonter avant d&rsquo;en arriver l\u00e0. Mais en ce qui concerne la mobilit\u00e9 professionnelle, les possibilit\u00e9s sont d\u00e9j\u00e0 nombreuses.<\/p>\n<p>&nbsp;<\/p>\n<p><strong>Carte de mobilit\u00e9<\/strong><\/p>\n<p>Elles sont encore relativement peu connues, mais elles fonctionnent tr\u00e8s bien : des cartes de mobilit\u00e9 qui offrent une solution tout-en-un pour tous vos d\u00e9placements professionnels. Que ce soit en voiture de location, en transports publics (bus, m\u00e9tro, tram, train), en taxi, en mobilit\u00e9 partag\u00e9e (v\u00e9los, scooters, escaliers, voitures). Avec une telle carte, vous pouvez r\u00e9server et payer les moyens de transport n\u00e9cessaires. Vous pouvez l&rsquo;utiliser pour faire le plein d&rsquo;une voiture de location, la recharger et payer un parking ou un lavage de voiture. Et ce n&rsquo;est pas tout : les cartes de mobilit\u00e9 permettent \u00e0 l&#8217;employeur et \u00e0 l&#8217;employ\u00e9 de g\u00e9rer le budget de la mobilit\u00e9. Bien entendu, tous les syst\u00e8mes associ\u00e9s sont enti\u00e8rement int\u00e9gr\u00e9s \u00e0 la paie et \u00e0 l&rsquo;administration. N&rsquo;avions-nous pas dit que la mobilit\u00e9 deviendrait plus facile ?<\/p>\n<p>&nbsp;<\/p>\n<p><strong>Plate-forme de mobilit\u00e9 intelligente<\/strong><\/p>\n<p>Mais tout peut \u00eatre am\u00e9lior\u00e9. Les plateformes de mobilit\u00e9 sugg\u00e8rent en temps r\u00e9el la solution multimodale id\u00e9ale, en fonction de vos besoins et des conditions de circulation. Par exemple : se rendre en voiture dans la banlieue de Bruxelles, puis passer au scooter \u00e9lectrique. Dans certaines applications, vous pouvez \u00e9galement sp\u00e9cifier une \u00ab\u00a0humeur\u00a0\u00bb ou un \u00e9tat d&rsquo;esprit, ce qui affine les possibilit\u00e9s. Par exemple, s&rsquo;il fait beau, l&rsquo;application sugg\u00e9rera un voyage \u00e0 v\u00e9lo et proposera une solution diff\u00e9rente si vous voyagez avec le chien. Bien entendu, vous pouvez non seulement voir la solution id\u00e9ale, mais aussi r\u00e9server et payer votre voyage en un seul clic. Y aura-t-il encore des embouteillages lorsque les gens commenceront \u00e0 utiliser ces plateformes en masse ?<\/p>\n","protected":false},"excerpt":{"rendered":"<p>&lsquo;- Les besoins de mobilit\u00e9 \u00e9voluent, notamment en raison de l&rsquo;augmentation du travail \u00e0 domicile. &#8211; Les fournisseurs de services de mobilit\u00e9 proposeront des solutions plus larges et mieux adapt\u00e9es. &#8211; Les cartes de mobilit\u00e9 permettent d\u00e9j\u00e0 des solutions multimodales et int\u00e9gr\u00e9es &#8211; Les plateformes de mobilit\u00e9 vous am\u00e8neront \u00e0 votre destination en un clic [&hellip;]<\/p>\n","protected":false},"author":4,"featured_media":4037,"comment_status":"closed","ping_status":"closed","sticky":false,"template":"","format":"standard","meta":{"_acf_changed":false,"footnotes":""},"categories":[91,79],"tags":[],"class_list":["post-4036","post","type-post","status-publish","format-standard","has-post-thumbnail","hentry","category-expertise-et-management","category-societes-de-leasing"],"acf":[],"yoast_head":"<!-- This site is optimized with the Yoast SEO plugin v27.3 - https:\/\/yoast.com\/product\/yoast-seo-wordpress\/ -->\n<title>Arval: voici comment nous facilitons la mobilit\u00e9 - link2fleet<\/title>\n<meta name=\"description\" content=\"La mobilit\u00e9 de l&rsquo;avenir sera simple, transparente et intelligente. La mobilit\u00e9 sera multimodale et adapt\u00e9e de mani\u00e8re optimale aux besoins et aux circonstances. Mais qu&rsquo;est-ce\u2026\" \/>\n<meta name=\"robots\" content=\"index, follow, max-snippet:-1, max-image-preview:large, max-video-preview:-1\" \/>\n<meta property=\"og:locale\" content=\"fr_FR\" \/>\n<meta property=\"og:type\" content=\"article\" \/>\n<meta property=\"og:title\" content=\"Arval: voici comment nous facilitons la mobilit\u00e9 - link2fleet\" \/>\n<meta property=\"og:description\" content=\"La mobilit\u00e9 de l&rsquo;avenir sera simple, transparente et intelligente. La mobilit\u00e9 sera multimodale et adapt\u00e9e de mani\u00e8re optimale aux besoins et aux circonstances. Mais qu&rsquo;est-ce\u2026\" \/>\n<meta property=\"og:url\" content=\"https:\/\/www.link2fleet.com\/fr\/arval-voici-comment-nous-facilitons-la-mobilite\/\" \/>\n<meta property=\"og:site_name\" content=\"link2fleet\" \/>\n<meta property=\"article:published_time\" content=\"2021-03-22T09:43:15+00:00\" \/>\n<meta property=\"article:modified_time\" content=\"2024-04-17T14:50:07+00:00\" \/>\n<meta property=\"og:image\" content=\"https:\/\/static.link2fleet.com\/wp-content\/uploads\/2024\/03\/arval-new-mobility-services.jpg\" \/>\n\t<meta property=\"og:image:width\" content=\"1920\" \/>\n\t<meta property=\"og:image:height\" content=\"1280\" \/>\n\t<meta property=\"og:image:type\" content=\"image\/jpeg\" \/>\n<meta name=\"author\" content=\"Damien Malvetti\" \/>\n<meta name=\"twitter:card\" content=\"summary_large_image\" \/>\n<meta name=\"twitter:description\" content=\"La mobilit\u00e9 de l&rsquo;avenir sera simple, transparente et intelligente. La mobilit\u00e9 sera multimodale et adapt\u00e9e de mani\u00e8re optimale aux besoins et aux circonstances. Mais qu&rsquo;est-ce\u2026\" \/>\n<meta name=\"twitter:label1\" content=\"\u00c9crit par\" \/>\n\t<meta name=\"twitter:data1\" content=\"Damien Malvetti\" \/>\n\t<meta name=\"twitter:label2\" content=\"Dur\u00e9e de lecture estim\u00e9e\" \/>\n\t<meta name=\"twitter:data2\" content=\"3 minutes\" \/>\n<script type=\"application\/ld+json\" class=\"yoast-schema-graph\">{\"@context\":\"https:\\\/\\\/schema.org\",\"@graph\":[{\"@type\":\"Article\",\"@id\":\"https:\\\/\\\/www.link2fleet.com\\\/fr\\\/arval-voici-comment-nous-facilitons-la-mobilite\\\/#article\",\"isPartOf\":{\"@id\":\"https:\\\/\\\/www.link2fleet.com\\\/fr\\\/arval-voici-comment-nous-facilitons-la-mobilite\\\/\"},\"author\":{\"name\":\"Damien Malvetti\",\"@id\":\"https:\\\/\\\/www.link2fleet.com\\\/fr\\\/#\\\/schema\\\/person\\\/027cd46113c78036b3809c9a054049da\"},\"headline\":\"Arval: voici comment nous facilitons la mobilit\u00e9\",\"datePublished\":\"2021-03-22T09:43:15+00:00\",\"dateModified\":\"2024-04-17T14:50:07+00:00\",\"mainEntityOfPage\":{\"@id\":\"https:\\\/\\\/www.link2fleet.com\\\/fr\\\/arval-voici-comment-nous-facilitons-la-mobilite\\\/\"},\"wordCount\":654,\"publisher\":{\"@id\":\"https:\\\/\\\/www.link2fleet.com\\\/fr\\\/#organization\"},\"image\":{\"@id\":\"https:\\\/\\\/www.link2fleet.com\\\/fr\\\/arval-voici-comment-nous-facilitons-la-mobilite\\\/#primaryimage\"},\"thumbnailUrl\":\"https:\\\/\\\/static.link2fleet.com\\\/wp-content\\\/uploads\\\/2024\\\/03\\\/arval-new-mobility-services.jpg\",\"articleSection\":[\"Gestion de flotte\",\"Location long-terme\"],\"inLanguage\":\"fr-FR\"},{\"@type\":\"WebPage\",\"@id\":\"https:\\\/\\\/www.link2fleet.com\\\/fr\\\/arval-voici-comment-nous-facilitons-la-mobilite\\\/\",\"url\":\"https:\\\/\\\/www.link2fleet.com\\\/fr\\\/arval-voici-comment-nous-facilitons-la-mobilite\\\/\",\"name\":\"Arval: voici comment nous facilitons la mobilit\u00e9 - link2fleet\",\"isPartOf\":{\"@id\":\"https:\\\/\\\/www.link2fleet.com\\\/fr\\\/#website\"},\"primaryImageOfPage\":{\"@id\":\"https:\\\/\\\/www.link2fleet.com\\\/fr\\\/arval-voici-comment-nous-facilitons-la-mobilite\\\/#primaryimage\"},\"image\":{\"@id\":\"https:\\\/\\\/www.link2fleet.com\\\/fr\\\/arval-voici-comment-nous-facilitons-la-mobilite\\\/#primaryimage\"},\"thumbnailUrl\":\"https:\\\/\\\/static.link2fleet.com\\\/wp-content\\\/uploads\\\/2024\\\/03\\\/arval-new-mobility-services.jpg\",\"datePublished\":\"2021-03-22T09:43:15+00:00\",\"dateModified\":\"2024-04-17T14:50:07+00:00\",\"breadcrumb\":{\"@id\":\"https:\\\/\\\/www.link2fleet.com\\\/fr\\\/arval-voici-comment-nous-facilitons-la-mobilite\\\/#breadcrumb\"},\"inLanguage\":\"fr-FR\",\"potentialAction\":[{\"@type\":\"ReadAction\",\"target\":[\"https:\\\/\\\/www.link2fleet.com\\\/fr\\\/arval-voici-comment-nous-facilitons-la-mobilite\\\/\"]}]},{\"@type\":\"ImageObject\",\"inLanguage\":\"fr-FR\",\"@id\":\"https:\\\/\\\/www.link2fleet.com\\\/fr\\\/arval-voici-comment-nous-facilitons-la-mobilite\\\/#primaryimage\",\"url\":\"https:\\\/\\\/static.link2fleet.com\\\/wp-content\\\/uploads\\\/2024\\\/03\\\/arval-new-mobility-services.jpg\",\"contentUrl\":\"https:\\\/\\\/static.link2fleet.com\\\/wp-content\\\/uploads\\\/2024\\\/03\\\/arval-new-mobility-services.jpg\",\"width\":1920,\"height\":1280},{\"@type\":\"BreadcrumbList\",\"@id\":\"https:\\\/\\\/www.link2fleet.com\\\/fr\\\/arval-voici-comment-nous-facilitons-la-mobilite\\\/#breadcrumb\",\"itemListElement\":[{\"@type\":\"ListItem\",\"position\":1,\"name\":\"Home\",\"item\":\"https:\\\/\\\/www.link2fleet.com\\\/fr\\\/\"},{\"@type\":\"ListItem\",\"position\":2,\"name\":\"Arval: voici comment nous facilitons la mobilit\u00e9\"}]},{\"@type\":\"WebSite\",\"@id\":\"https:\\\/\\\/www.link2fleet.com\\\/fr\\\/#website\",\"url\":\"https:\\\/\\\/www.link2fleet.com\\\/fr\\\/\",\"name\":\"Link2fleet\",\"description\":\"\",\"publisher\":{\"@id\":\"https:\\\/\\\/www.link2fleet.com\\\/fr\\\/#organization\"},\"potentialAction\":[{\"@type\":\"SearchAction\",\"target\":{\"@type\":\"EntryPoint\",\"urlTemplate\":\"https:\\\/\\\/www.link2fleet.com\\\/fr\\\/?s={search_term_string}\"},\"query-input\":{\"@type\":\"PropertyValueSpecification\",\"valueRequired\":true,\"valueName\":\"search_term_string\"}}],\"inLanguage\":\"fr-FR\"},{\"@type\":\"Organization\",\"@id\":\"https:\\\/\\\/www.link2fleet.com\\\/fr\\\/#organization\",\"name\":\"Link2fleet\",\"url\":\"https:\\\/\\\/www.link2fleet.com\\\/fr\\\/\",\"logo\":{\"@type\":\"ImageObject\",\"inLanguage\":\"fr-FR\",\"@id\":\"https:\\\/\\\/www.link2fleet.com\\\/fr\\\/#\\\/schema\\\/logo\\\/image\\\/\",\"url\":\"https:\\\/\\\/static.link2fleet.com\\\/wp-content\\\/uploads\\\/2024\\\/03\\\/share-image.jpg\",\"contentUrl\":\"https:\\\/\\\/static.link2fleet.com\\\/wp-content\\\/uploads\\\/2024\\\/03\\\/share-image.jpg\",\"width\":1200,\"height\":630,\"caption\":\"Link2fleet\"},\"image\":{\"@id\":\"https:\\\/\\\/www.link2fleet.com\\\/fr\\\/#\\\/schema\\\/logo\\\/image\\\/\"},\"sameAs\":[\"https:\\\/\\\/www.linkedin.com\\\/company\\\/link2fleet-belgium\",\"https:\\\/\\\/www.youtube.com\\\/user\\\/MMMBMBE\"]},{\"@type\":\"Person\",\"@id\":\"https:\\\/\\\/www.link2fleet.com\\\/fr\\\/#\\\/schema\\\/person\\\/027cd46113c78036b3809c9a054049da\",\"name\":\"Damien Malvetti\",\"image\":{\"@type\":\"ImageObject\",\"inLanguage\":\"fr-FR\",\"@id\":\"https:\\\/\\\/secure.gravatar.com\\\/avatar\\\/dd8cc03b49466c735f753ac37f8caa371af16dfed347456ed61f02883255eebb?s=96&d=mm&r=g\",\"url\":\"https:\\\/\\\/secure.gravatar.com\\\/avatar\\\/dd8cc03b49466c735f753ac37f8caa371af16dfed347456ed61f02883255eebb?s=96&d=mm&r=g\",\"contentUrl\":\"https:\\\/\\\/secure.gravatar.com\\\/avatar\\\/dd8cc03b49466c735f753ac37f8caa371af16dfed347456ed61f02883255eebb?s=96&d=mm&r=g\",\"caption\":\"Damien Malvetti\"},\"description\":\"Damien Malvetti is opgeleid als journalist en gepassioneerd door wagens, technologie en mobiliteit. Hij is verantwoordelijk voor de redactionele inhoud van link2fleet en beschikt over een uitgebreide kennis van de fleet-sector en elektrische mobiliteit.\",\"sameAs\":[\"https:\\\/\\\/www.linkedin.com\\\/in\\\/damien-malvetti-56601142\\\/\"]}]}<\/script>\n<!-- \/ Yoast SEO plugin. -->","yoast_head_json":{"title":"Arval: voici comment nous facilitons la mobilit\u00e9 - link2fleet","description":"La mobilit\u00e9 de l&rsquo;avenir sera simple, transparente et intelligente. La mobilit\u00e9 sera multimodale et adapt\u00e9e de mani\u00e8re optimale aux besoins et aux circonstances. Mais qu&rsquo;est-ce\u2026","robots":{"index":"index","follow":"follow","max-snippet":"max-snippet:-1","max-image-preview":"max-image-preview:large","max-video-preview":"max-video-preview:-1"},"og_locale":"fr_FR","og_type":"article","og_title":"Arval: voici comment nous facilitons la mobilit\u00e9 - link2fleet","og_description":"La mobilit\u00e9 de l&rsquo;avenir sera simple, transparente et intelligente. La mobilit\u00e9 sera multimodale et adapt\u00e9e de mani\u00e8re optimale aux besoins et aux circonstances. Mais qu&rsquo;est-ce\u2026","og_url":"https:\/\/www.link2fleet.com\/fr\/arval-voici-comment-nous-facilitons-la-mobilite\/","og_site_name":"link2fleet","article_published_time":"2021-03-22T09:43:15+00:00","article_modified_time":"2024-04-17T14:50:07+00:00","og_image":[{"width":1920,"height":1280,"url":"https:\/\/static.link2fleet.com\/wp-content\/uploads\/2024\/03\/arval-new-mobility-services.jpg","type":"image\/jpeg"}],"author":"Damien Malvetti","twitter_card":"summary_large_image","twitter_description":"La mobilit\u00e9 de l&rsquo;avenir sera simple, transparente et intelligente. La mobilit\u00e9 sera multimodale et adapt\u00e9e de mani\u00e8re optimale aux besoins et aux circonstances. Mais qu&rsquo;est-ce\u2026","twitter_misc":{"\u00c9crit par":"Damien Malvetti","Dur\u00e9e de lecture estim\u00e9e":"3 minutes"},"schema":{"@context":"https:\/\/schema.org","@graph":[{"@type":"Article","@id":"https:\/\/www.link2fleet.com\/fr\/arval-voici-comment-nous-facilitons-la-mobilite\/#article","isPartOf":{"@id":"https:\/\/www.link2fleet.com\/fr\/arval-voici-comment-nous-facilitons-la-mobilite\/"},"author":{"name":"Damien Malvetti","@id":"https:\/\/www.link2fleet.com\/fr\/#\/schema\/person\/027cd46113c78036b3809c9a054049da"},"headline":"Arval: voici comment nous facilitons la mobilit\u00e9","datePublished":"2021-03-22T09:43:15+00:00","dateModified":"2024-04-17T14:50:07+00:00","mainEntityOfPage":{"@id":"https:\/\/www.link2fleet.com\/fr\/arval-voici-comment-nous-facilitons-la-mobilite\/"},"wordCount":654,"publisher":{"@id":"https:\/\/www.link2fleet.com\/fr\/#organization"},"image":{"@id":"https:\/\/www.link2fleet.com\/fr\/arval-voici-comment-nous-facilitons-la-mobilite\/#primaryimage"},"thumbnailUrl":"https:\/\/static.link2fleet.com\/wp-content\/uploads\/2024\/03\/arval-new-mobility-services.jpg","articleSection":["Gestion de flotte","Location long-terme"],"inLanguage":"fr-FR"},{"@type":"WebPage","@id":"https:\/\/www.link2fleet.com\/fr\/arval-voici-comment-nous-facilitons-la-mobilite\/","url":"https:\/\/www.link2fleet.com\/fr\/arval-voici-comment-nous-facilitons-la-mobilite\/","name":"Arval: voici comment nous facilitons la mobilit\u00e9 - link2fleet","isPartOf":{"@id":"https:\/\/www.link2fleet.com\/fr\/#website"},"primaryImageOfPage":{"@id":"https:\/\/www.link2fleet.com\/fr\/arval-voici-comment-nous-facilitons-la-mobilite\/#primaryimage"},"image":{"@id":"https:\/\/www.link2fleet.com\/fr\/arval-voici-comment-nous-facilitons-la-mobilite\/#primaryimage"},"thumbnailUrl":"https:\/\/static.link2fleet.com\/wp-content\/uploads\/2024\/03\/arval-new-mobility-services.jpg","datePublished":"2021-03-22T09:43:15+00:00","dateModified":"2024-04-17T14:50:07+00:00","breadcrumb":{"@id":"https:\/\/www.link2fleet.com\/fr\/arval-voici-comment-nous-facilitons-la-mobilite\/#breadcrumb"},"inLanguage":"fr-FR","potentialAction":[{"@type":"ReadAction","target":["https:\/\/www.link2fleet.com\/fr\/arval-voici-comment-nous-facilitons-la-mobilite\/"]}]},{"@type":"ImageObject","inLanguage":"fr-FR","@id":"https:\/\/www.link2fleet.com\/fr\/arval-voici-comment-nous-facilitons-la-mobilite\/#primaryimage","url":"https:\/\/static.link2fleet.com\/wp-content\/uploads\/2024\/03\/arval-new-mobility-services.jpg","contentUrl":"https:\/\/static.link2fleet.com\/wp-content\/uploads\/2024\/03\/arval-new-mobility-services.jpg","width":1920,"height":1280},{"@type":"BreadcrumbList","@id":"https:\/\/www.link2fleet.com\/fr\/arval-voici-comment-nous-facilitons-la-mobilite\/#breadcrumb","itemListElement":[{"@type":"ListItem","position":1,"name":"Home","item":"https:\/\/www.link2fleet.com\/fr\/"},{"@type":"ListItem","position":2,"name":"Arval: voici comment nous facilitons la mobilit\u00e9"}]},{"@type":"WebSite","@id":"https:\/\/www.link2fleet.com\/fr\/#website","url":"https:\/\/www.link2fleet.com\/fr\/","name":"Link2fleet","description":"","publisher":{"@id":"https:\/\/www.link2fleet.com\/fr\/#organization"},"potentialAction":[{"@type":"SearchAction","target":{"@type":"EntryPoint","urlTemplate":"https:\/\/www.link2fleet.com\/fr\/?s={search_term_string}"},"query-input":{"@type":"PropertyValueSpecification","valueRequired":true,"valueName":"search_term_string"}}],"inLanguage":"fr-FR"},{"@type":"Organization","@id":"https:\/\/www.link2fleet.com\/fr\/#organization","name":"Link2fleet","url":"https:\/\/www.link2fleet.com\/fr\/","logo":{"@type":"ImageObject","inLanguage":"fr-FR","@id":"https:\/\/www.link2fleet.com\/fr\/#\/schema\/logo\/image\/","url":"https:\/\/static.link2fleet.com\/wp-content\/uploads\/2024\/03\/share-image.jpg","contentUrl":"https:\/\/static.link2fleet.com\/wp-content\/uploads\/2024\/03\/share-image.jpg","width":1200,"height":630,"caption":"Link2fleet"},"image":{"@id":"https:\/\/www.link2fleet.com\/fr\/#\/schema\/logo\/image\/"},"sameAs":["https:\/\/www.linkedin.com\/company\/link2fleet-belgium","https:\/\/www.youtube.com\/user\/MMMBMBE"]},{"@type":"Person","@id":"https:\/\/www.link2fleet.com\/fr\/#\/schema\/person\/027cd46113c78036b3809c9a054049da","name":"Damien Malvetti","image":{"@type":"ImageObject","inLanguage":"fr-FR","@id":"https:\/\/secure.gravatar.com\/avatar\/dd8cc03b49466c735f753ac37f8caa371af16dfed347456ed61f02883255eebb?s=96&d=mm&r=g","url":"https:\/\/secure.gravatar.com\/avatar\/dd8cc03b49466c735f753ac37f8caa371af16dfed347456ed61f02883255eebb?s=96&d=mm&r=g","contentUrl":"https:\/\/secure.gravatar.com\/avatar\/dd8cc03b49466c735f753ac37f8caa371af16dfed347456ed61f02883255eebb?s=96&d=mm&r=g","caption":"Damien Malvetti"},"description":"Damien Malvetti is opgeleid als journalist en gepassioneerd door wagens, technologie en mobiliteit. Hij is verantwoordelijk voor de redactionele inhoud van link2fleet en beschikt over een uitgebreide kennis van de fleet-sector en elektrische mobiliteit.","sameAs":["https:\/\/www.linkedin.com\/in\/damien-malvetti-56601142\/"]}]}},"_links":{"self":[{"href":"https:\/\/www.link2fleet.com\/fr\/wp-json\/wp\/v2\/posts\/4036","targetHints":{"allow":["GET"]}}],"collection":[{"href":"https:\/\/www.link2fleet.com\/fr\/wp-json\/wp\/v2\/posts"}],"about":[{"href":"https:\/\/www.link2fleet.com\/fr\/wp-json\/wp\/v2\/types\/post"}],"author":[{"embeddable":true,"href":"https:\/\/www.link2fleet.com\/fr\/wp-json\/wp\/v2\/users\/4"}],"replies":[{"embeddable":true,"href":"https:\/\/www.link2fleet.com\/fr\/wp-json\/wp\/v2\/comments?post=4036"}],"version-history":[{"count":0,"href":"https:\/\/www.link2fleet.com\/fr\/wp-json\/wp\/v2\/posts\/4036\/revisions"}],"wp:featuredmedia":[{"embeddable":true,"href":"https:\/\/www.link2fleet.com\/fr\/wp-json\/wp\/v2\/media\/4037"}],"wp:attachment":[{"href":"https:\/\/www.link2fleet.com\/fr\/wp-json\/wp\/v2\/media?parent=4036"}],"wp:term":[{"taxonomy":"category","embeddable":true,"href":"https:\/\/www.link2fleet.com\/fr\/wp-json\/wp\/v2\/categories?post=4036"},{"taxonomy":"post_tag","embeddable":true,"href":"https:\/\/www.link2fleet.com\/fr\/wp-json\/wp\/v2\/tags?post=4036"}],"curies":[{"name":"wp","href":"https:\/\/api.w.org\/{rel}","templated":true}]}}